{"id":418854,"date":"2026-03-27T12:46:36","date_gmt":"2026-03-27T19:46:36","guid":{"rendered":"https:\/\/seewhatgrows.org\/?p=418854"},"modified":"2026-04-21T11:48:22","modified_gmt":"2026-04-21T18:48:22","slug":"social-media-limits-for-teens","status":"publish","type":"post","link":"https:\/\/seewhatgrows.org\/us\/es\/social-media-limits-for-teens\/","title":{"rendered":"L\u00edmites en las redes sociales para adolescentes y preadolescentes"},"content":{"rendered":"<h1 class=\"wp-block-heading has-text-align-center\"><strong>L\u00edmites en las redes sociales para adolescentes y preadolescentes<\/strong><\/h1>\n\n\n\n<figure class=\"wp-block-image size-full\"><img loading=\"lazy\" decoding=\"async\" width=\"1400\" height=\"808\" src=\"https:\/\/seewhatgrows.org\/us\/wp-content\/uploads\/2026\/03\/Social-Media-Limits-for-Teens.jpg\" alt=\"Social Media Limits for Teens and Preteens\" class=\"wp-image-418856\" srcset=\"https:\/\/seewhatgrows.org\/us\/wp-content\/uploads\/2026\/03\/Social-Media-Limits-for-Teens.jpg 1400w, https:\/\/seewhatgrows.org\/us\/wp-content\/uploads\/2026\/03\/Social-Media-Limits-for-Teens-300x173.jpg 300w, https:\/\/seewhatgrows.org\/us\/wp-content\/uploads\/2026\/03\/Social-Media-Limits-for-Teens-1024x591.jpg 1024w, https:\/\/seewhatgrows.org\/us\/wp-content\/uploads\/2026\/03\/Social-Media-Limits-for-Teens-768x443.jpg 768w, https:\/\/seewhatgrows.org\/us\/wp-content\/uploads\/2026\/03\/Social-Media-Limits-for-Teens-1080x623.jpg 1080w, https:\/\/seewhatgrows.org\/us\/wp-content\/uploads\/2026\/03\/Social-Media-Limits-for-Teens-1280x739.jpg 1280w, https:\/\/seewhatgrows.org\/us\/wp-content\/uploads\/2026\/03\/Social-Media-Limits-for-Teens-980x566.jpg 980w, https:\/\/seewhatgrows.org\/us\/wp-content\/uploads\/2026\/03\/Social-Media-Limits-for-Teens-480x277.jpg 480w\" sizes=\"auto, (max-width: 1400px) 100vw, 1400px\" \/><\/figure>\n\n\n\n<p class=\"wp-block-paragraph\">Padres, educadores y el p\u00fablico en general en Canad\u00e1 han estado escuchando noticias desde el sur de la frontera de que las empresas de redes sociales m\u00e1s grandes del mundo han estado en juicio por promover conductas adictivas entre los usuarios adolescentes. Lo sorprendente es que los conglomerados est\u00e1n <a href=\"https:\/\/nationalpost.com\/news\/world\/meta-google-risk-big-tobacco-like-fallout-after-addiction-trial\">ser declarado responsable de hecho<\/a>. Al cierre de marzo de 2026, Meta Platforms Inc. (Facebook, Instagram y WhatsApp) y Google (YouTube) de Alphabet Inc. perdieron demandas civiles en California y Nuevo M\u00e9xico, y se les ha ordenado pagar millones de d\u00f3lares en da\u00f1os relacionados con la salud mental de los j\u00f3venes. Estas derrotas est\u00e1n sentando precedentes que los padres de ni\u00f1os afectados en otros estados de EE. UU. (y potencialmente en provincias canadienses) sin duda seguir\u00e1n.<\/p>\n\n\n\n<p class=\"wp-block-paragraph\">Si bien nuestra Fundaci\u00f3n hizo referencia a la historia en evoluci\u00f3n en un art\u00edculo titulado \u201c<a href=\"https:\/\/seewhatgrows.org\/us\/es\/time-to-take-a-break-from-social-media-children\/\">\u00bfEs hora de que su hijo se tome un descanso de las redes sociales?<\/a>\u201c, los acontecimientos actuales hacen que valga la pena hacer un seguimiento. \u00bfPor qu\u00e9? En el pasado, es posible que su hijo no haya prestado atenci\u00f3n a las s\u00faplicas para que dejara o limitara el uso de las redes sociales, ya que probablemente sinti\u00f3 que proven\u00edan de un lugar de juicio. Sin embargo, las noticias recientes brindan a los padres la oportunidad de involucrarlo o volver a involucrarlo en la misma conversaci\u00f3n, sin que parezca otra conferencia de padres. Una charla casual\u00a0<em>\u201c\u00bfEscuchaste las noticias sobre YouTube e Instagram?\u201d<\/em>\u00a0puede contribuir en gran medida a captar su inter\u00e9s y ayuda a confirmar que <em>adicci\u00f3n a las redes sociales<\/em> no es solo una manifestaci\u00f3n de sobreprotecci\u00f3n parental. <\/p>\n\n\n\n<p class=\"wp-block-paragraph\">La noticia tambi\u00e9n replantea el uso poco saludable como un comportamiento dise\u00f1ado en parte por los creadores de la aplicaci\u00f3n, en lugar de ser \u00fanicamente el resultado de un mal control de los impulsos. Al eliminar la culpa (de ellos) de la ecuaci\u00f3n, hay un punto de referencia externo v\u00e1lido que se puede utilizar para iniciar una discusi\u00f3n natural con <a href=\"https:\/\/www.psychologytoday.com\/ca\/blog\/rethinking-mental-health\/202209\/why-teens-are-stubbornly-defensive\">a la defensiva de forma natural<\/a> juventud. Dicho de forma sencilla, nunca ha habido un mejor momento para que los padres hablen con sus hijos sobre las redes sociales.<\/p>\n\n\n\n<p class=\"wp-block-paragraph\">Como alguien que lleg\u00f3 aqu\u00ed tras buscar informaci\u00f3n sobre c\u00f3mo establecer l\u00edmites en las redes sociales para adolescentes y preadolescentes, est\u00e1s listo para conectar con tu hijo. Juntos, pueden construir una estrategia que proteja su bienestar y, al mismo tiempo, reconozca que, cuando se usan de manera responsable, las redes sociales tienen ventajas. <a href=\"https:\/\/seewhatgrows.org\/us\/es\/time-to-take-a-break-from-social-media-children\/\">Beneficios comprobados<\/a> incluya oportunidades para establecer relaciones y comunidad, adem\u00e1s de la exploraci\u00f3n de identidad. A continuaci\u00f3n, se presenta una descripci\u00f3n general de los l\u00edmites y estrategias que son eficaces pero completamente razonables desde la perspectiva de las mentes y personalidades en desarrollo.<\/p>\n\n\n\n<h2 class=\"wp-block-heading\"><strong>6 l\u00edmites y estrategias de redes sociales para su preadolescente o adolescente joven <\/strong><\/h2>\n\n\n\n<!--more-->\n\n\n\n<hr class=\"wp-block-separator has-alpha-channel-opacity\"\/>\n\n\n\n<h3 class=\"wp-block-heading\"><strong>1. Establecer l\u00edmites de tiempo diarios<\/strong><\/h3>\n\n\n\n<p class=\"wp-block-paragraph\">A menos que haya confirmaci\u00f3n cl\u00ednica de que luchan contra un comportamiento compulsivo, honestamente no es muy razonable pedir que un ni\u00f1o se mantenga completamente alejado de las redes sociales en esta era moderna. Tanto para los preadolescentes como para los adolescentes, ciertas plataformas se han convertido en herramientas principales para comunicarse y conectarse con sus pares. Adem\u00e1s, algunas redes pueden aprovecharse para investigar contenido valioso relacionado con la tarea escolar, pasatiempos, actividades e intereses. Dicho esto, es perfectamente razonable establecer un l\u00edmite de tiempo en cuanto a cu\u00e1nto pueden pasar en las redes sociales, y en los dispositivos m\u00f3viles en general.<\/p>\n\n\n\n<p class=\"wp-block-paragraph\">Establezca un l\u00edmite razonable, como de 1 a 2 horas de uso recreativo durante los d\u00edas de semana, el cual puede extenderse a de 2 a 4 horas al d\u00eda los fines de semana. Es una buena idea utilizar las herramientas integradas de tiempo frente a la pantalla (disponibles en tel\u00e9fonos inteligentes y tabletas), no necesariamente para hacerlas cumplir (lo que puede sentirse como un juicio), sino para promover la conciencia. Instrucciones sobre c\u00f3mo establecer estos l\u00edmites en productos de Apple <a href=\"https:\/\/support.apple.com\/en-ca\/guide\/iphone\/iphb0c7313c9\/ios\">se puede encontrar aqu\u00ed<\/a>, e instrucciones para productos Google Android <a href=\"https:\/\/support.google.com\/android\/answer\/9346420?hl=en\">se puede encontrar aqu\u00ed<\/a>.<\/p>\n\n\n\n<h3 class=\"wp-block-heading\"><strong>2. Protege su sue\u00f1o<\/strong><\/h3>\n\n\n\n<p class=\"wp-block-paragraph\">Las redes sociales y el sue\u00f1o hacen una mala combinaci\u00f3n.<\/p>\n\n\n\n<p class=\"wp-block-paragraph\">Health Canada <a href=\"https:\/\/www.canada.ca\/en\/public-health\/services\/publications\/healthy-living\/canadian-children-getting-enough-sleep-infographic.html\">sugiere<\/a> que los preadolescentes de 10 a 13 a\u00f1os necesitan entre 9 y 11 horas de sue\u00f1o por noche, mientras que los adolescentes de entre 14 y 17 a\u00f1os necesitan de 8 a 10 horas de sue\u00f1o por noche para un funcionamiento f\u00edsico, cognitivo y emocional \u00f3ptimo. Por esta raz\u00f3n, se debe establecer una regla firme que confirme que los dispositivos m\u00f3viles (y por lo tanto el uso de las redes sociales) permanezcan fuera del dormitorio durante la noche. Esto ayuda a garantizar que su hijo no caiga en la tentaci\u00f3n de revisar sus perfiles antes de dormir, durante los despertares nocturnos o a primera hora de la ma\u00f1ana, todo lo cual puede ser problem\u00e1tico para su bienestar.<\/p>\n\n\n\n<p class=\"wp-block-paragraph\"> Los dispositivos deben cargarse fuera de la habitaci\u00f3n en un \u00e1rea com\u00fan del hogar, como la cocina, la sala de estar, la oficina en casa o el pasillo. Adem\u00e1s, establezca una regla de no usar el tel\u00e9fono ni las redes sociales 60 minutos antes de dormir. <a href=\"https:\/\/health.clevelandclinic.org\/put-the-phone-away-3-reasons-why-looking-at-it-before-bed-is-a-bad-habit#:~:text=It%20keeps%20your%20mind%20engaged,throw%20off%20your%20circadian%20rhythm.\">La investigaci\u00f3n confirma<\/a> que usar las redes sociales dentro de la hora previa a acostarse altera gravemente el sue\u00f1o al estimular el cerebro, restringir la producci\u00f3n de melatonina mediante la luz azul y aumentar la ansiedad. Es mucho mejor relajarse con una actividad tranquiliza, como leer un buen libro.<\/p>\n\n\n\n<h3 class=\"wp-block-heading\"><strong>3. Establecer zonas libres de tel\u00e9fonos<\/strong><\/h3>\n\n\n\n<figure class=\"wp-block-image size-full\"><img loading=\"lazy\" decoding=\"async\" width=\"1400\" height=\"779\" src=\"https:\/\/seewhatgrows.org\/us\/wp-content\/uploads\/2026\/03\/Social-Media-Limits-for-Teens-Outdoors.jpg\" alt=\"Social Media Limits for Teens and Preteens\" class=\"wp-image-418858\" srcset=\"https:\/\/seewhatgrows.org\/us\/wp-content\/uploads\/2026\/03\/Social-Media-Limits-for-Teens-Outdoors.jpg 1400w, https:\/\/seewhatgrows.org\/us\/wp-content\/uploads\/2026\/03\/Social-Media-Limits-for-Teens-Outdoors-300x167.jpg 300w, https:\/\/seewhatgrows.org\/us\/wp-content\/uploads\/2026\/03\/Social-Media-Limits-for-Teens-Outdoors-1024x570.jpg 1024w, https:\/\/seewhatgrows.org\/us\/wp-content\/uploads\/2026\/03\/Social-Media-Limits-for-Teens-Outdoors-768x427.jpg 768w, https:\/\/seewhatgrows.org\/us\/wp-content\/uploads\/2026\/03\/Social-Media-Limits-for-Teens-Outdoors-1080x601.jpg 1080w, https:\/\/seewhatgrows.org\/us\/wp-content\/uploads\/2026\/03\/Social-Media-Limits-for-Teens-Outdoors-1280x712.jpg 1280w, https:\/\/seewhatgrows.org\/us\/wp-content\/uploads\/2026\/03\/Social-Media-Limits-for-Teens-Outdoors-980x545.jpg 980w, https:\/\/seewhatgrows.org\/us\/wp-content\/uploads\/2026\/03\/Social-Media-Limits-for-Teens-Outdoors-480x267.jpg 480w\" sizes=\"auto, (max-width: 1400px) 100vw, 1400px\" \/><\/figure>\n\n\n\n<p class=\"wp-block-paragraph\">Acuerden espacios y horarios en los que el uso de las redes sociales no deba interrumpir la vida real. Es l\u00f3gico establecer periodos bloqueados para cuando su hijo est\u00e9 haciendo la tarea (que no requiera colaboraci\u00f3n en l\u00ednea), quehaceres y otras responsabilidades. Sin embargo, les recomendamos encarecidamente que tambi\u00e9n identifiquen las actividades divertidas: momentos y lugares en los que su hogar disfrute de actividades saludables en conjunto. Ejemplos de periodos de desconexi\u00f3n ideales incluyen los siguientes:<\/p>\n\n\n\n<ul class=\"wp-block-list\">\n<li>Durante actividades al aire libre como paseos en bicicleta, caminatas y d\u00edas de playa.<\/li>\n\n\n\n<li>Durante las comidas familiares y al sentarnos juntos en el caf\u00e9 local.<\/li>\n\n\n\n<li>Durante las maratones de pel\u00edculas familiares y las noches de juegos.<\/li>\n\n\n\n<li>Durante las vacaciones familiares (al menos hasta volver al hotel).<\/li>\n<\/ul>\n\n\n\n<p class=\"wp-block-paragraph\">\u00bfQu\u00e9 pasa si su hijo quiere documentar digitalmente actividades de creaci\u00f3n de recuerdos con fotos y videos? Esto est\u00e1 perfectamente bien, y se fomenta, si sus dispositivos se usan para capturar los momentos especiales, en lugar de compartirlos en las redes sociales hasta m\u00e1s tarde, durante su tiempo asignado para uso recreativo (seg\u00fan la primera secci\u00f3n anterior).<\/p>\n\n\n\n<h3 class=\"wp-block-heading\"><strong>4. Eliminar contenido poco saludable<\/strong><\/h3>\n\n\n\n<p class=\"wp-block-paragraph\">No se trata solo del tiempo que tu hijo pasa en las redes sociales, sino del contenido que consume. De hecho, el contenido es generalmente la ra\u00edz del da\u00f1o de las redes sociales.<\/p>\n\n\n\n<p class=\"wp-block-paragraph\">Ciertos tipos de contenido pueden tener un impacto negativo en los sentimientos y las emociones de un adolescente, lo cual puede repercutir en su comportamiento y extenderse a otros aspectos de su vida. El consumo de contenido en las redes sociales que provoca angustia, ansiedad o tristeza (conocido como *doomscrolling*) es un gran problema. Por esta raz\u00f3n, anime a su hijo a dejar de seguir y bloquear perfiles y cuentas que publiquen contenido sobre eventos sociopol\u00edticos, as\u00ed como diversas crisis de las que se informa en todo el mundo. Si bien no es necesario que vivan ajenos a los acontecimientos mundiales, este tipo de contenido se consume mejor (cuando la edad es adecuada) junto con los padres, y nunca por su cuenta a trav\u00e9s de las fuentes de las redes sociales. Adem\u00e1s de eliminar la exposici\u00f3n a contenido abiertamente negativo, los l\u00edmites deben incluir el bloqueo y la acci\u00f3n de dejar de seguir cuentas que desencadenen comparaciones poco saludables relacionadas con la imagen corporal y el estatus social, y cualquier cosa que le cause a su hijo ansiedad o estr\u00e9s. Una conversaci\u00f3n saludable con ellos sobre qu\u00e9 los hace sentir de esta manera permitir\u00e1 identificar juntos el contenido que se debe evitar. <\/p>\n\n\n\n<p class=\"wp-block-paragraph\">De ahora en adelante, el consumo de contenido debe centrarse en cosas que su hijo encuentre inspiradoras y verdaderamente entretenidas o interesantes. Considere buscar <a href=\"https:\/\/seewhatgrows.org\/us\/es\/my-child-wants-to-be-an-influencer\/\">l\u00edderes de opini\u00f3n de la misma edad y apropiados para su edad<\/a> en las redes sociales que promueven un estilo de vida saludable para que sigan y se suscriban.<\/p>\n\n\n\n<h3 class=\"wp-block-heading\"><strong>5. Empoderamiento en lugar de vigilancia<\/strong><\/h3>\n\n\n\n<figure class=\"wp-block-image size-full\"><img loading=\"lazy\" decoding=\"async\" width=\"1400\" height=\"887\" src=\"https:\/\/seewhatgrows.org\/us\/wp-content\/uploads\/2026\/03\/Social-Media-Limits-for-Teens-Preteens.jpg\" alt=\"Social Media Limits for Teens and Preteens\" class=\"wp-image-418859\" srcset=\"https:\/\/seewhatgrows.org\/us\/wp-content\/uploads\/2026\/03\/Social-Media-Limits-for-Teens-Preteens.jpg 1400w, https:\/\/seewhatgrows.org\/us\/wp-content\/uploads\/2026\/03\/Social-Media-Limits-for-Teens-Preteens-300x190.jpg 300w, https:\/\/seewhatgrows.org\/us\/wp-content\/uploads\/2026\/03\/Social-Media-Limits-for-Teens-Preteens-1024x649.jpg 1024w, https:\/\/seewhatgrows.org\/us\/wp-content\/uploads\/2026\/03\/Social-Media-Limits-for-Teens-Preteens-768x487.jpg 768w, https:\/\/seewhatgrows.org\/us\/wp-content\/uploads\/2026\/03\/Social-Media-Limits-for-Teens-Preteens-1080x684.jpg 1080w, https:\/\/seewhatgrows.org\/us\/wp-content\/uploads\/2026\/03\/Social-Media-Limits-for-Teens-Preteens-1280x811.jpg 1280w, https:\/\/seewhatgrows.org\/us\/wp-content\/uploads\/2026\/03\/Social-Media-Limits-for-Teens-Preteens-980x621.jpg 980w, https:\/\/seewhatgrows.org\/us\/wp-content\/uploads\/2026\/03\/Social-Media-Limits-for-Teens-Preteens-480x304.jpg 480w\" sizes=\"auto, (max-width: 1400px) 100vw, 1400px\" \/><\/figure>\n\n\n\n<p class=\"wp-block-paragraph\">A menos que exista un problema de seguridad verificable, limite la cantidad de supervisi\u00f3n que hace de los perfiles de redes sociales de su adolescente. Equilibrar la seguridad con la privacidad es fundamental, ya que una supervisi\u00f3n intensa puede obstaculizar la necesidad de autonom\u00eda y confianza en el desarrollo de su hijo. Si bien la supervisi\u00f3n es necesaria para los preadolescentes y adolescentes m\u00e1s j\u00f3venes, una vigilancia excesiva en realidad puede ser contraproducente y generar secretismo digital, donde crean cuentas secretas y participan en comunicaciones en esas cuentas. Cambie el enfoque de una supervisi\u00f3n controladora y restrictiva a la comunicaci\u00f3n abierta y al fomento de la alfabetizaci\u00f3n digital, permitiendo gradualmente mayor autonom\u00eda a medida que su hijo demuestre responsabilidad.<\/p>\n\n\n\n<h3 class=\"wp-block-heading\"><strong>6. Padre, c\u00farate a ti mismo<\/strong><\/h3>\n\n\n\n<figure class=\"wp-block-image size-full\"><img loading=\"lazy\" decoding=\"async\" width=\"1400\" height=\"777\" src=\"https:\/\/seewhatgrows.org\/us\/wp-content\/uploads\/2026\/03\/Social-Media-Limits-for-Teens-Kids.jpg\" alt=\"Social Media Limits for Teens\" class=\"wp-image-418880\" srcset=\"https:\/\/seewhatgrows.org\/us\/wp-content\/uploads\/2026\/03\/Social-Media-Limits-for-Teens-Kids.jpg 1400w, https:\/\/seewhatgrows.org\/us\/wp-content\/uploads\/2026\/03\/Social-Media-Limits-for-Teens-Kids-300x167.jpg 300w, https:\/\/seewhatgrows.org\/us\/wp-content\/uploads\/2026\/03\/Social-Media-Limits-for-Teens-Kids-1024x568.jpg 1024w, https:\/\/seewhatgrows.org\/us\/wp-content\/uploads\/2026\/03\/Social-Media-Limits-for-Teens-Kids-768x426.jpg 768w, https:\/\/seewhatgrows.org\/us\/wp-content\/uploads\/2026\/03\/Social-Media-Limits-for-Teens-Kids-1080x599.jpg 1080w, https:\/\/seewhatgrows.org\/us\/wp-content\/uploads\/2026\/03\/Social-Media-Limits-for-Teens-Kids-1280x710.jpg 1280w, https:\/\/seewhatgrows.org\/us\/wp-content\/uploads\/2026\/03\/Social-Media-Limits-for-Teens-Kids-980x544.jpg 980w, https:\/\/seewhatgrows.org\/us\/wp-content\/uploads\/2026\/03\/Social-Media-Limits-for-Teens-Kids-480x266.jpg 480w\" sizes=\"auto, (max-width: 1400px) 100vw, 1400px\" \/><\/figure>\n\n\n\n<p class=\"wp-block-paragraph\">Los padres frecuentemente sermonean a los hijos sobre las redes sociales mientras luchan con su propio uso, creando una din\u00e1mica compleja que dificulta que un ni\u00f1o tome en serio la preocupaci\u00f3n de los padres. Esto es particularmente cierto en el caso de los adolescentes, quienes lo ver\u00e1n como una forma de hipocres\u00eda, lo que puede interrumpir la comunicaci\u00f3n familiar y conducir a un comportamiento rebelde. Les recomendamos encarecidamente que hagan un inventario del tiempo que pasan en las redes sociales, asuman la responsabilidad de un comportamiento potencialmente poco saludable y participen en algunos de los mismos l\u00edmites que se le establecen a su hijo. Ellos apreciar\u00e1n que est\u00e9n haciendo un esfuerzo. Adem\u00e1s, les ayudar\u00e1 a formar un v\u00ednculo m\u00e1s estrecho al unirse en un frente com\u00fan para adoptar una postura en contra de las \u201cGrandes Tecnol\u00f3gicas\u201d. Tambi\u00e9n se convierten <a href=\"https:\/\/www.psychologytoday.com\/ca\/blog\/the-joy-choice\/202308\/is-an-accountability-partnership-setting-you-up-to-succeed-or-fail\">compa\u00f1eros de responsabilidad<\/a> en el proceso, lo que adem\u00e1s hace que tu preadolescente o adolescente se sienta como un miembro valioso y colaborador del hogar.<\/p>\n\n\n\n<hr class=\"wp-block-separator has-alpha-channel-opacity\"\/>\n\n\n\n<p class=\"wp-block-paragraph\"><\/p>\n\n\n\n<p class=\"wp-block-paragraph\">Esperamos que todo lo anterior ayude a los padres a trabajar junto con sus hijos para ser m\u00e1s conscientes y encontrar un equilibrio saludable entre las actividades digitales y la vida real. Mientras tanto, tenga en cuenta que la fundaci\u00f3n Plant a Seed &amp; See What Grows inspira y promueve una vida y un aprendizaje saludables para los ni\u00f1os en todo Canad\u00e1. \u00a1Puede ayudarnos a apoyar a la pr\u00f3xima generaci\u00f3n comprometiendo su apoyo tambi\u00e9n! Ver m\u00e1s en\u00a0<a href=\"https:\/\/seewhatgrows.org\/us\/es\/get-involved\/\">c\u00f3mo puedes involucrarte<\/a>.<\/p>","protected":false},"excerpt":{"rendered":"<p>Social Media Limits for Teens and Preteens Parents, educators, and the general Canadian public have been hearing news from south of the border that the world&#8217;s largest social media companies have been on trial for promoting addictive behavior among adolescent users. What&#8217;s surprising, is that the conglomerates are actually being found liable. Closing out March [&hellip;]<\/p>\n","protected":false},"author":3,"featured_media":418856,"comment_status":"closed","ping_status":"closed","sticky":false,"template":"","format":"standard","meta":{"footnotes":""},"categories":[3],"tags":[946,945],"class_list":["post-418854","post","type-post","status-publish","format-standard","has-post-thumbnail","hentry","category-blogs","tag-social-media-boundaries-for-teens","tag-social-media-limits-for-teens"],"yoast_head":"<!-- This site is optimized with the Yoast SEO plugin v28.4 - https:\/\/yoast.com\/product\/yoast-seo-wordpress\/ -->\n<title>Social Media Limits for Teens and Preteens<\/title>\n<meta name=\"description\" content=\"6 social media boundaries and strategies for your preteen or young teenager that they will actually find reasonable.\" \/>\n<meta name=\"robots\" content=\"index, follow, max-snippet:-1, max-image-preview:large, max-video-preview:-1\" \/>\n<link rel=\"canonical\" href=\"https:\/\/seewhatgrows.org\/us\/es\/social-media-limits-for-teens\/\" \/>\n<meta property=\"og:locale\" content=\"es_MX\" \/>\n<meta property=\"og:type\" content=\"article\" \/>\n<meta property=\"og:title\" content=\"Social Media Limits for Teens and Preteens\" \/>\n<meta property=\"og:description\" content=\"6 social media boundaries and strategies for your preteen or young teenager that they will actually find reasonable.\" \/>\n<meta property=\"og:url\" content=\"https:\/\/seewhatgrows.org\/us\/es\/social-media-limits-for-teens\/\" \/>\n<meta property=\"og:site_name\" content=\"Connecting Communities to the Land\" \/>\n<meta property=\"article:published_time\" content=\"2026-03-27T19:46:36+00:00\" \/>\n<meta property=\"article:modified_time\" content=\"2026-04-21T18:48:22+00:00\" \/>\n<meta property=\"og:image\" content=\"https:\/\/seewhatgrows.org\/us\/wp-content\/uploads\/2026\/03\/Social-Media-Limits-for-Teens.jpg\" \/>\n\t<meta property=\"og:image:width\" content=\"1400\" \/>\n\t<meta property=\"og:image:height\" content=\"808\" \/>\n\t<meta property=\"og:image:type\" content=\"image\/jpeg\" \/>\n<meta name=\"author\" content=\"Dennis Charland\" \/>\n<meta name=\"twitter:label1\" content=\"Escrito por\" \/>\n\t<meta name=\"twitter:data1\" content=\"Dennis Charland\" \/>\n\t<meta name=\"twitter:label2\" content=\"Tiempo de lectura\" \/>\n\t<meta name=\"twitter:data2\" content=\"8 minutos\" \/>\n<script type=\"application\/ld+json\" class=\"yoast-schema-graph\">{\"@context\":\"https:\\\/\\\/schema.org\",\"@graph\":[{\"@type\":\"Article\",\"@id\":\"https:\\\/\\\/seewhatgrows.org\\\/us\\\/social-media-limits-for-teens\\\/#article\",\"isPartOf\":{\"@id\":\"https:\\\/\\\/seewhatgrows.org\\\/us\\\/social-media-limits-for-teens\\\/\"},\"author\":{\"name\":\"Dennis Charland\",\"@id\":\"https:\\\/\\\/seewhatgrows.org\\\/us\\\/#\\\/schema\\\/person\\\/2941b91ddd9a26badc98aadef946056c\"},\"headline\":\"Social Media Limits for Teens and Preteens\",\"datePublished\":\"2026-03-27T19:46:36+00:00\",\"dateModified\":\"2026-04-21T18:48:22+00:00\",\"mainEntityOfPage\":{\"@id\":\"https:\\\/\\\/seewhatgrows.org\\\/us\\\/social-media-limits-for-teens\\\/\"},\"wordCount\":1493,\"publisher\":{\"@id\":\"https:\\\/\\\/seewhatgrows.org\\\/us\\\/#organization\"},\"image\":{\"@id\":\"https:\\\/\\\/seewhatgrows.org\\\/us\\\/social-media-limits-for-teens\\\/#primaryimage\"},\"thumbnailUrl\":\"https:\\\/\\\/seewhatgrows.org\\\/us\\\/wp-content\\\/uploads\\\/2026\\\/03\\\/Social-Media-Limits-for-Teens.jpg\",\"keywords\":[\"Social Media Boundaries for Teens\",\"Social Media Limits for Teens\"],\"articleSection\":[\"Blogs\"],\"inLanguage\":\"es\"},{\"@type\":\"WebPage\",\"@id\":\"https:\\\/\\\/seewhatgrows.org\\\/us\\\/social-media-limits-for-teens\\\/\",\"url\":\"https:\\\/\\\/seewhatgrows.org\\\/us\\\/social-media-limits-for-teens\\\/\",\"name\":\"Social Media Limits for Teens and Preteens\",\"isPartOf\":{\"@id\":\"https:\\\/\\\/seewhatgrows.org\\\/us\\\/#website\"},\"primaryImageOfPage\":{\"@id\":\"https:\\\/\\\/seewhatgrows.org\\\/us\\\/social-media-limits-for-teens\\\/#primaryimage\"},\"image\":{\"@id\":\"https:\\\/\\\/seewhatgrows.org\\\/us\\\/social-media-limits-for-teens\\\/#primaryimage\"},\"thumbnailUrl\":\"https:\\\/\\\/seewhatgrows.org\\\/us\\\/wp-content\\\/uploads\\\/2026\\\/03\\\/Social-Media-Limits-for-Teens.jpg\",\"datePublished\":\"2026-03-27T19:46:36+00:00\",\"dateModified\":\"2026-04-21T18:48:22+00:00\",\"description\":\"6 social media boundaries and strategies for your preteen or young teenager that they will actually find reasonable.\",\"breadcrumb\":{\"@id\":\"https:\\\/\\\/seewhatgrows.org\\\/us\\\/social-media-limits-for-teens\\\/#breadcrumb\"},\"inLanguage\":\"es\",\"potentialAction\":[{\"@type\":\"ReadAction\",\"target\":[\"https:\\\/\\\/seewhatgrows.org\\\/us\\\/social-media-limits-for-teens\\\/\"]}]},{\"@type\":\"ImageObject\",\"inLanguage\":\"es\",\"@id\":\"https:\\\/\\\/seewhatgrows.org\\\/us\\\/social-media-limits-for-teens\\\/#primaryimage\",\"url\":\"https:\\\/\\\/seewhatgrows.org\\\/us\\\/wp-content\\\/uploads\\\/2026\\\/03\\\/Social-Media-Limits-for-Teens.jpg\",\"contentUrl\":\"https:\\\/\\\/seewhatgrows.org\\\/us\\\/wp-content\\\/uploads\\\/2026\\\/03\\\/Social-Media-Limits-for-Teens.jpg\",\"width\":1400,\"height\":808,\"caption\":\"Social Media Limits for Teens and Preteens\"},{\"@type\":\"BreadcrumbList\",\"@id\":\"https:\\\/\\\/seewhatgrows.org\\\/us\\\/social-media-limits-for-teens\\\/#breadcrumb\",\"itemListElement\":[{\"@type\":\"ListItem\",\"position\":1,\"name\":\"Home\",\"item\":\"https:\\\/\\\/seewhatgrows.org\\\/us\\\/\"},{\"@type\":\"ListItem\",\"position\":2,\"name\":\"Social Media Limits for Teens and Preteens\"}]},{\"@type\":\"WebSite\",\"@id\":\"https:\\\/\\\/seewhatgrows.org\\\/us\\\/#website\",\"url\":\"https:\\\/\\\/seewhatgrows.org\\\/us\\\/\",\"name\":\"Connecting Communities to the Land\",\"description\":\"Growing healthier communities, one seed at a time with Plant a Seed &amp; See What Grows Foundation\",\"publisher\":{\"@id\":\"https:\\\/\\\/seewhatgrows.org\\\/us\\\/#organization\"},\"potentialAction\":[{\"@type\":\"SearchAction\",\"target\":{\"@type\":\"EntryPoint\",\"urlTemplate\":\"https:\\\/\\\/seewhatgrows.org\\\/us\\\/?s={search_term_string}\"},\"query-input\":{\"@type\":\"PropertyValueSpecification\",\"valueRequired\":true,\"valueName\":\"search_term_string\"}}],\"inLanguage\":\"es\"},{\"@type\":\"Organization\",\"@id\":\"https:\\\/\\\/seewhatgrows.org\\\/us\\\/#organization\",\"name\":\"Connecting Communities to the Land\",\"url\":\"https:\\\/\\\/seewhatgrows.org\\\/us\\\/\",\"logo\":{\"@type\":\"ImageObject\",\"inLanguage\":\"es\",\"@id\":\"https:\\\/\\\/seewhatgrows.org\\\/us\\\/#\\\/schema\\\/logo\\\/image\\\/\",\"url\":\"https:\\\/\\\/seewhatgrows.org\\\/us\\\/wp-content\\\/uploads\\\/2026\\\/06\\\/Plant-a-Seed-Logo.png\",\"contentUrl\":\"https:\\\/\\\/seewhatgrows.org\\\/us\\\/wp-content\\\/uploads\\\/2026\\\/06\\\/Plant-a-Seed-Logo.png\",\"width\":600,\"height\":600,\"caption\":\"Connecting Communities to the Land\"},\"image\":{\"@id\":\"https:\\\/\\\/seewhatgrows.org\\\/us\\\/#\\\/schema\\\/logo\\\/image\\\/\"}},{\"@type\":\"Person\",\"@id\":\"https:\\\/\\\/seewhatgrows.org\\\/us\\\/#\\\/schema\\\/person\\\/2941b91ddd9a26badc98aadef946056c\",\"name\":\"Dennis Charland\",\"url\":\"https:\\\/\\\/seewhatgrows.org\\\/us\\\/es\\\/author\\\/dennis\\\/\"}]}<\/script>\n<!-- \/ Yoast SEO plugin. -->","yoast_head_json":{"title":"L\u00edmites en las redes sociales para adolescentes y preadolescentes","description":"6 social media boundaries and strategies for your preteen or young teenager that they will actually find reasonable.","robots":{"index":"index","follow":"follow","max-snippet":"max-snippet:-1","max-image-preview":"max-image-preview:large","max-video-preview":"max-video-preview:-1"},"canonical":"https:\/\/seewhatgrows.org\/us\/es\/social-media-limits-for-teens\/","og_locale":"es_MX","og_type":"article","og_title":"Social Media Limits for Teens and Preteens","og_description":"6 social media boundaries and strategies for your preteen or young teenager that they will actually find reasonable.","og_url":"https:\/\/seewhatgrows.org\/us\/es\/social-media-limits-for-teens\/","og_site_name":"Connecting Communities to the Land","article_published_time":"2026-03-27T19:46:36+00:00","article_modified_time":"2026-04-21T18:48:22+00:00","og_image":[{"width":1400,"height":808,"url":"https:\/\/seewhatgrows.org\/us\/wp-content\/uploads\/2026\/03\/Social-Media-Limits-for-Teens.jpg","type":"image\/jpeg"}],"author":"Dennis Charland","twitter_misc":{"Escrito por":"Dennis Charland","Tiempo de lectura":"8 minutos"},"schema":{"@context":"https:\/\/schema.org","@graph":[{"@type":"Article","@id":"https:\/\/seewhatgrows.org\/us\/social-media-limits-for-teens\/#article","isPartOf":{"@id":"https:\/\/seewhatgrows.org\/us\/social-media-limits-for-teens\/"},"author":{"name":"Dennis Charland","@id":"https:\/\/seewhatgrows.org\/us\/#\/schema\/person\/2941b91ddd9a26badc98aadef946056c"},"headline":"Social Media Limits for Teens and Preteens","datePublished":"2026-03-27T19:46:36+00:00","dateModified":"2026-04-21T18:48:22+00:00","mainEntityOfPage":{"@id":"https:\/\/seewhatgrows.org\/us\/social-media-limits-for-teens\/"},"wordCount":1493,"publisher":{"@id":"https:\/\/seewhatgrows.org\/us\/#organization"},"image":{"@id":"https:\/\/seewhatgrows.org\/us\/social-media-limits-for-teens\/#primaryimage"},"thumbnailUrl":"https:\/\/seewhatgrows.org\/us\/wp-content\/uploads\/2026\/03\/Social-Media-Limits-for-Teens.jpg","keywords":["Social Media Boundaries for Teens","Social Media Limits for Teens"],"articleSection":["Blogs"],"inLanguage":"es"},{"@type":"WebPage","@id":"https:\/\/seewhatgrows.org\/us\/social-media-limits-for-teens\/","url":"https:\/\/seewhatgrows.org\/us\/social-media-limits-for-teens\/","name":"L\u00edmites en las redes sociales para adolescentes y preadolescentes","isPartOf":{"@id":"https:\/\/seewhatgrows.org\/us\/#website"},"primaryImageOfPage":{"@id":"https:\/\/seewhatgrows.org\/us\/social-media-limits-for-teens\/#primaryimage"},"image":{"@id":"https:\/\/seewhatgrows.org\/us\/social-media-limits-for-teens\/#primaryimage"},"thumbnailUrl":"https:\/\/seewhatgrows.org\/us\/wp-content\/uploads\/2026\/03\/Social-Media-Limits-for-Teens.jpg","datePublished":"2026-03-27T19:46:36+00:00","dateModified":"2026-04-21T18:48:22+00:00","description":"6 social media boundaries and strategies for your preteen or young teenager that they will actually find reasonable.","breadcrumb":{"@id":"https:\/\/seewhatgrows.org\/us\/social-media-limits-for-teens\/#breadcrumb"},"inLanguage":"es","potentialAction":[{"@type":"ReadAction","target":["https:\/\/seewhatgrows.org\/us\/social-media-limits-for-teens\/"]}]},{"@type":"ImageObject","inLanguage":"es","@id":"https:\/\/seewhatgrows.org\/us\/social-media-limits-for-teens\/#primaryimage","url":"https:\/\/seewhatgrows.org\/us\/wp-content\/uploads\/2026\/03\/Social-Media-Limits-for-Teens.jpg","contentUrl":"https:\/\/seewhatgrows.org\/us\/wp-content\/uploads\/2026\/03\/Social-Media-Limits-for-Teens.jpg","width":1400,"height":808,"caption":"Social Media Limits for Teens and Preteens"},{"@type":"BreadcrumbList","@id":"https:\/\/seewhatgrows.org\/us\/social-media-limits-for-teens\/#breadcrumb","itemListElement":[{"@type":"ListItem","position":1,"name":"Home","item":"https:\/\/seewhatgrows.org\/us\/"},{"@type":"ListItem","position":2,"name":"Social Media Limits for Teens and Preteens"}]},{"@type":"WebSite","@id":"https:\/\/seewhatgrows.org\/us\/#website","url":"https:\/\/seewhatgrows.org\/us\/","name":"Conectando a las comunidades con la tierra","description":"Cultivando comunidades m\u00e1s saludables, una semilla a la vez con la Fundaci\u00f3n Plant a Seed &amp; See What Grows","publisher":{"@id":"https:\/\/seewhatgrows.org\/us\/#organization"},"potentialAction":[{"@type":"SearchAction","target":{"@type":"EntryPoint","urlTemplate":"https:\/\/seewhatgrows.org\/us\/?s={search_term_string}"},"query-input":{"@type":"PropertyValueSpecification","valueRequired":true,"valueName":"search_term_string"}}],"inLanguage":"es"},{"@type":"Organization","@id":"https:\/\/seewhatgrows.org\/us\/#organization","name":"Conectando a las comunidades con la tierra","url":"https:\/\/seewhatgrows.org\/us\/","logo":{"@type":"ImageObject","inLanguage":"es","@id":"https:\/\/seewhatgrows.org\/us\/#\/schema\/logo\/image\/","url":"https:\/\/seewhatgrows.org\/us\/wp-content\/uploads\/2026\/06\/Plant-a-Seed-Logo.png","contentUrl":"https:\/\/seewhatgrows.org\/us\/wp-content\/uploads\/2026\/06\/Plant-a-Seed-Logo.png","width":600,"height":600,"caption":"Connecting Communities to the Land"},"image":{"@id":"https:\/\/seewhatgrows.org\/us\/#\/schema\/logo\/image\/"}},{"@type":"Person","@id":"https:\/\/seewhatgrows.org\/us\/#\/schema\/person\/2941b91ddd9a26badc98aadef946056c","name":"Dennis Charland","url":"https:\/\/seewhatgrows.org\/us\/es\/author\/dennis\/"}]}},"_links":{"self":[{"href":"https:\/\/seewhatgrows.org\/us\/es\/wp-json\/wp\/v2\/posts\/418854","targetHints":{"allow":["GET"]}}],"collection":[{"href":"https:\/\/seewhatgrows.org\/us\/es\/wp-json\/wp\/v2\/posts"}],"about":[{"href":"https:\/\/seewhatgrows.org\/us\/es\/wp-json\/wp\/v2\/types\/post"}],"author":[{"embeddable":true,"href":"https:\/\/seewhatgrows.org\/us\/es\/wp-json\/wp\/v2\/users\/3"}],"replies":[{"embeddable":true,"href":"https:\/\/seewhatgrows.org\/us\/es\/wp-json\/wp\/v2\/comments?post=418854"}],"version-history":[{"count":0,"href":"https:\/\/seewhatgrows.org\/us\/es\/wp-json\/wp\/v2\/posts\/418854\/revisions"}],"wp:featuredmedia":[{"embeddable":true,"href":"https:\/\/seewhatgrows.org\/us\/es\/wp-json\/wp\/v2\/media\/418856"}],"wp:attachment":[{"href":"https:\/\/seewhatgrows.org\/us\/es\/wp-json\/wp\/v2\/media?parent=418854"}],"wp:term":[{"taxonomy":"category","embeddable":true,"href":"https:\/\/seewhatgrows.org\/us\/es\/wp-json\/wp\/v2\/categories?post=418854"},{"taxonomy":"post_tag","embeddable":true,"href":"https:\/\/seewhatgrows.org\/us\/es\/wp-json\/wp\/v2\/tags?post=418854"}],"curies":[{"name":"\u00a1Buen juego!","href":"https:\/\/api.w.org\/{rel}","templated":true}]}}