{"id":416259,"date":"2026-02-22T10:16:12","date_gmt":"2026-02-22T18:16:12","guid":{"rendered":"https:\/\/seewhatgrows.org\/?p=416259"},"modified":"2026-02-27T11:09:08","modified_gmt":"2026-02-27T19:09:08","slug":"time-to-take-a-break-from-social-media-children","status":"publish","type":"post","link":"https:\/\/seewhatgrows.org\/us\/es\/time-to-take-a-break-from-social-media-children\/","title":{"rendered":"\u00bfEs hora de que su hijo se tome un descanso de las redes sociales?"},"content":{"rendered":"<h1 class=\"wp-block-heading has-text-align-center\"><br \/><strong>\u00bfEs hora de que su hijo se tome un descanso de las redes sociales?<\/strong><\/h1>\n\n\n\n<figure class=\"wp-block-image size-full\"><img loading=\"lazy\" decoding=\"async\" width=\"1400\" height=\"829\" src=\"https:\/\/seewhatgrows.org\/us\/wp-content\/uploads\/2026\/02\/Is-it-Time-for-Your-Child-to-Take-a-Break-from-Social-Media.jpg\" alt=\"Is it Time for Your Child to Take a Break from Social Media\" class=\"wp-image-416263\" srcset=\"https:\/\/seewhatgrows.org\/us\/wp-content\/uploads\/2026\/02\/Is-it-Time-for-Your-Child-to-Take-a-Break-from-Social-Media.jpg 1400w, https:\/\/seewhatgrows.org\/us\/wp-content\/uploads\/2026\/02\/Is-it-Time-for-Your-Child-to-Take-a-Break-from-Social-Media-300x178.jpg 300w, https:\/\/seewhatgrows.org\/us\/wp-content\/uploads\/2026\/02\/Is-it-Time-for-Your-Child-to-Take-a-Break-from-Social-Media-1024x606.jpg 1024w, https:\/\/seewhatgrows.org\/us\/wp-content\/uploads\/2026\/02\/Is-it-Time-for-Your-Child-to-Take-a-Break-from-Social-Media-768x455.jpg 768w, https:\/\/seewhatgrows.org\/us\/wp-content\/uploads\/2026\/02\/Is-it-Time-for-Your-Child-to-Take-a-Break-from-Social-Media-1080x640.jpg 1080w, https:\/\/seewhatgrows.org\/us\/wp-content\/uploads\/2026\/02\/Is-it-Time-for-Your-Child-to-Take-a-Break-from-Social-Media-1280x758.jpg 1280w, https:\/\/seewhatgrows.org\/us\/wp-content\/uploads\/2026\/02\/Is-it-Time-for-Your-Child-to-Take-a-Break-from-Social-Media-980x580.jpg 980w, https:\/\/seewhatgrows.org\/us\/wp-content\/uploads\/2026\/02\/Is-it-Time-for-Your-Child-to-Take-a-Break-from-Social-Media-480x284.jpg 480w\" sizes=\"auto, (max-width: 1400px) 100vw, 1400px\" \/><\/figure>\n\n\n\n<p class=\"wp-block-paragraph\">Padres en todo Canad\u00e1 comparten una preocupaci\u00f3n que ni siquiera exist\u00eda hace 15 a\u00f1os. Colectivamente se preguntan: \u00bfmi hijo pasa tanto tiempo en las redes sociales que se est\u00e1 volviendo poco saludable? Ciertamente se ha convertido en un tema muy comentado \u00faltimamente, con uno de los conglomerados m\u00e1s grandes del mundo en juicio <a href=\"https:\/\/www.cbc.ca\/news\/business\/mark-zuckerberg-testify-landmark-social-media-addiction-trial-9.7095144\">por supuestamente dise\u00f1ar<\/a> aplicaciones de redes sociales para fomentar conductas adictivas en los adolescentes. Muchos padres canadienses se sienten abrumados, ansiosos e impotentes con respecto al uso que hacen sus hijos (particularmente los adolescentes j\u00f3venes) de plataformas como Instagram, TikTok, Snapchat y YouTube.\u00a0<\/p>\n\n\n\n<p class=\"wp-block-paragraph\">Como padre o madre, usted experimenta sus propias inquietudes, al notar que su hijo o hija podr\u00eda estar formando un h\u00e1bito que requiere ponerle freno al uso. Pero al mismo tiempo, reconoce3 que las redes sociales pueden haber tenido un impacto positivo en ellos, permiti\u00e9ndole a su hijo hacer conexiones sociales que quiz\u00e1s le costaba trabajo lograr en entornos tradicionales (en la escuela). Tambi\u00e9n es posible que les haya permitido mantener amistades con compa\u00f1eros de escuelas anteriores, reuniones comunitarias y aquellos que conocieron durante las vacaciones. Adem\u00e1s, puede haber creado un espacio para la autoexpresi\u00f3n, la exploraci\u00f3n de la identidad y la participaci\u00f3n en actividades de aprendizaje creativas impulsadas por sus intereses. Como resultado, usted duda en intervenir porque no quiere quitarle los beneficios positivos que su hijo obtiene de las redes sociales.<\/p>\n\n\n\n<p class=\"wp-block-paragraph\">Para ayudarte a determinar si tu hijo o hija est\u00e1 pasando demasiado tiempo en Instagram, TikTok, Snapchat o YouTube, hemos recopilado una lista de se\u00f1ales de un uso poco saludable de las redes sociales entre los menores, junto con una recomendaci\u00f3n para un camino m\u00e1s saludable a seguir.<\/p>\n\n\n\n<h2 class=\"wp-block-heading\"><strong>10 se\u00f1ales de que es hora de que su hijo se tome un descanso de las redes sociales (y qu\u00e9 m\u00e1s necesitan saber los padres)<\/strong><\/h2>\n\n\n\n<!--more-->\n\n\n\n<hr class=\"wp-block-separator has-alpha-channel-opacity\"\/>\n\n\n\n<ul class=\"wp-block-list\">\n<li><strong>Se ponen irritables, inquietos o ansiosos cuando no pueden conectarse y revisar sus perfiles<\/strong><\/li>\n<\/ul>\n\n\n\n<ul class=\"wp-block-list\">\n<li><strong>Se sienten inquietos cuando no hay acceso a internet, o cuando una de sus redes sociales no funciona (o funciona m\u00e1s lento de lo habitual).<\/strong><\/li>\n<\/ul>\n\n\n\n<ul class=\"wp-block-list\">\n<li><strong>Usan su tel\u00e9fono para acceder a las redes sociales cuando no es seguro o apropiado, como cuando andan en bicicleta o hacen tareas como cortar el c\u00e9sped.<\/strong><\/li>\n<\/ul>\n\n\n\n<ul class=\"wp-block-list\">\n<li><strong>Prefieren comunicarse con amigos y familiares a trav\u00e9s de las redes sociales en lugar de cara a cara.<\/strong><\/li>\n<\/ul>\n\n\n\n<ul class=\"wp-block-list\">\n<li><strong>Sienten la necesidad de compartir cosas cotidianas todo el tiempo en las redes sociales.<\/strong><\/li>\n<\/ul>\n\n\n\n<ul class=\"wp-block-list\">\n<li><strong>Piensan que la vida de los dem\u00e1s es mejor que la suya, bas\u00e1ndose en lo que vemos de influencers de edades similares en las redes sociales.<\/strong><\/li>\n<\/ul>\n\n\n\n<ul class=\"wp-block-list\">\n<li><strong>Han intentado controlar o reducir el consumo sin \u00e9xito.<\/strong><\/li>\n<\/ul>\n\n\n\n<ul class=\"wp-block-list\">\n<li><strong>Entran a las redes sociales como un medio para lidiar con los sentimientos negativos y escapar de ellos.<\/strong><\/li>\n<\/ul>\n\n\n\n<ul class=\"wp-block-list\">\n<li><strong>No han sido sinceros contigo acerca de estar en las redes sociales despu\u00e9s de que se les dijera que tomaran un descanso.<\/strong><\/li>\n<\/ul>\n\n\n\n<ul class=\"wp-block-list\">\n<li><strong>Expresan sentimientos de tristeza o depresi\u00f3n cuando no reciben interacci\u00f3n (me gusta, comentarios o compartidos) en las redes sociales.<\/strong><\/li>\n<\/ul>\n\n\n\n<p class=\"wp-block-paragraph\">Si dos o m\u00e1s de estos signos de comportamiento de un uso poco saludable de las redes sociales son evidentes en su hijo o hija, sin duda es hora de que tome un descanso prolongado. Los estudios sugieren que un descanso de abstinencia total de una semana puede corregir significativamente el comportamiento, tras lo cual se recomiendan descansos diarios regulares, como durante las comidas o de 1 a 2 horas antes de dormir. Es posible que se requieran per\u00edodos m\u00e1s largos de \u201cdesintoxicaci\u00f3n digital\u201d de 30 d\u00edas para romper h\u00e1bitos m\u00e1s preocupantes.<\/p>\n\n\n\n<p class=\"wp-block-paragraph\">Tambi\u00e9n es importante se\u00f1alar que alrededor de <strong>20% de ni\u00f1os y j\u00f3venes canadienses<\/strong> est\u00e1n afectados por un problema de salud mental diagnosticado que puede estar relacionado con el uso poco saludable de las redes sociales. <a href=\"https:\/\/www.canada.ca\/en\/public-health\/services\/publications\/science-research-data\/mental-health-problematic-social-media-use-canadian-adolescents.html\">La investigaci\u00f3n confirma<\/a> que si su hijo presenta alguno de los siguientes signos, es momento de tomar un descanso para reevaluar el uso de las redes sociales mientras trabaja en estos asuntos con su terapeuta familiar:&nbsp;<\/p>\n\n\n\n<h3 class=\"wp-block-heading\"><strong>Una alternativa natural a las redes sociales<\/strong><\/h3>\n\n\n\n<figure class=\"wp-block-image size-full\"><img loading=\"lazy\" decoding=\"async\" width=\"1400\" height=\"780\" src=\"https:\/\/seewhatgrows.org\/us\/wp-content\/uploads\/2026\/02\/Is-it-Time-for-Your-Child-to-Take-a-Break-from-Social-Media-Activities.jpg\" alt=\"Is it Time for Your Child to Take a Break from Social Media\" class=\"wp-image-416264\" srcset=\"https:\/\/seewhatgrows.org\/us\/wp-content\/uploads\/2026\/02\/Is-it-Time-for-Your-Child-to-Take-a-Break-from-Social-Media-Activities.jpg 1400w, https:\/\/seewhatgrows.org\/us\/wp-content\/uploads\/2026\/02\/Is-it-Time-for-Your-Child-to-Take-a-Break-from-Social-Media-Activities-300x167.jpg 300w, https:\/\/seewhatgrows.org\/us\/wp-content\/uploads\/2026\/02\/Is-it-Time-for-Your-Child-to-Take-a-Break-from-Social-Media-Activities-1024x571.jpg 1024w, https:\/\/seewhatgrows.org\/us\/wp-content\/uploads\/2026\/02\/Is-it-Time-for-Your-Child-to-Take-a-Break-from-Social-Media-Activities-768x428.jpg 768w, https:\/\/seewhatgrows.org\/us\/wp-content\/uploads\/2026\/02\/Is-it-Time-for-Your-Child-to-Take-a-Break-from-Social-Media-Activities-1080x602.jpg 1080w, https:\/\/seewhatgrows.org\/us\/wp-content\/uploads\/2026\/02\/Is-it-Time-for-Your-Child-to-Take-a-Break-from-Social-Media-Activities-1280x713.jpg 1280w, https:\/\/seewhatgrows.org\/us\/wp-content\/uploads\/2026\/02\/Is-it-Time-for-Your-Child-to-Take-a-Break-from-Social-Media-Activities-980x546.jpg 980w, https:\/\/seewhatgrows.org\/us\/wp-content\/uploads\/2026\/02\/Is-it-Time-for-Your-Child-to-Take-a-Break-from-Social-Media-Activities-480x267.jpg 480w\" sizes=\"auto, (max-width: 1400px) 100vw, 1400px\" \/><\/figure>\n\n\n\n<p class=\"wp-block-paragraph\">Al tomar un descanso de las redes sociales (y nuevamente al regresar a su uso), deber\u00e1 ser proactivo al proporcionarle a su hijo actividades alternativas que le ofrezcan un nivel similar de participaci\u00f3n que el que le han brindado las pantallas digitales. Para esto, le pedimos que recurra a la ciencia de lo que hizo que se interesaran tanto en las redes sociales en primer lugar.<\/p>\n\n\n\n<p class=\"wp-block-paragraph\">Las redes sociales funcionan como una \u201cm\u00e1quina de dopamina\u201d para los ni\u00f1os, utilizando recompensas variables como \u201cme gusta\u201d, comentarios y compartidos para activar intensas se\u00f1ales de placer en el cerebro. Esta estimulaci\u00f3n constante puede crear un ciclo que genera adormecimiento, desensibilizando potencialmente a los cerebros j\u00f3venes ante las recompensas del mundo real, provocando emociones negativas cuando no est\u00e1n \"conectados\" (como se indic\u00f3 anteriormente) y reduciendo la atenci\u00f3n en otras actividades que antes disfrutaban. La buena noticia es que <strong>\u00a1La NATURALEZA tambi\u00e9n es una m\u00e1quina de dopamina!<\/strong> <\/p>\n\n\n\n<p class=\"wp-block-paragraph\">Las actividades en la naturaleza aumentan la dopamina en los adolescentes al involucrarlos en experiencias gratificantes, tangibles y relajantes que estimulan la producci\u00f3n natural de neurotransmisores, actuando como un contrapeso directo a los \u201cgolpes\u201d compulsivos de gratificaci\u00f3n instant\u00e1nea de las redes sociales. <\/p>\n\n\n\n<p class=\"wp-block-paragraph\">Pasar tiempo al aire libre reduce la hormona del estr\u00e9s, el cortisol, disminuye la ansiedad y reemplaza el \u201cbucle\u201d adictivo de las notificaciones digitales con recompensas neuronales m\u00e1s sanas y sostenibles. Actividades inmersivas en la naturaleza que combinan <strong>esfuerzo f\u00edsico y<\/strong> <strong>exposici\u00f3n a la luz solar<\/strong> son las m\u00e1s eficaces para aumentar significativamente los niveles de dopamina. Integre actividades familiares como andar en bicicleta, escalar, hacer senderismo, remar o jugar al pickleball en la rutina semanal de su hijo. Tambi\u00e9n d\u00e9 <strong>jardiner\u00eda<\/strong> un intento. La combinaci\u00f3n de actividad f\u00edsica, la interacci\u00f3n sensorial con la naturaleza y la sensaci\u00f3n de logro al cuidar plantas o cosechar productos desencadena la liberaci\u00f3n de dopamina.<\/p>\n\n\n\n<p class=\"wp-block-paragraph\">Adem\u00e1s, cuando est\u00e9n listos para volver a las redes sociales de manera saludable, pueden integrar su participaci\u00f3n en actividades al aire libre altamente atractivas en las redes sociales, generando un impacto positivo en sus pares en el proceso. Ver m\u00e1s en el <a href=\"https:\/\/seewhatgrows.org\/us\/es\/my-child-wants-to-be-an-influencer\/\">la influencia positiva que los ni\u00f1os pueden tener en los dem\u00e1s<\/a> al promover la vida al aire libre en las redes sociales.<\/p>\n\n\n\n<hr class=\"wp-block-separator has-alpha-channel-opacity\"\/>\n\n\n\n<p class=\"wp-block-paragraph\">Esperamos que todo lo anterior ayude a los padres a trabajar junto con sus hijos para ser m\u00e1s conscientes y encontrar un equilibrio saludable entre las actividades digitales y las actividades al aire libre.<\/p>\n\n\n\n<figure class=\"wp-block-image size-full\"><img loading=\"lazy\" decoding=\"async\" width=\"1400\" height=\"826\" src=\"https:\/\/seewhatgrows.org\/us\/wp-content\/uploads\/2026\/02\/Child-Take-a-Break-from-Social-Media.jpg\" alt=\"Is it Time for Your Child to Take a Break from Social Media\" class=\"wp-image-416266\" srcset=\"https:\/\/seewhatgrows.org\/us\/wp-content\/uploads\/2026\/02\/Child-Take-a-Break-from-Social-Media.jpg 1400w, https:\/\/seewhatgrows.org\/us\/wp-content\/uploads\/2026\/02\/Child-Take-a-Break-from-Social-Media-300x177.jpg 300w, https:\/\/seewhatgrows.org\/us\/wp-content\/uploads\/2026\/02\/Child-Take-a-Break-from-Social-Media-1024x604.jpg 1024w, https:\/\/seewhatgrows.org\/us\/wp-content\/uploads\/2026\/02\/Child-Take-a-Break-from-Social-Media-768x453.jpg 768w, https:\/\/seewhatgrows.org\/us\/wp-content\/uploads\/2026\/02\/Child-Take-a-Break-from-Social-Media-1080x637.jpg 1080w, https:\/\/seewhatgrows.org\/us\/wp-content\/uploads\/2026\/02\/Child-Take-a-Break-from-Social-Media-1280x755.jpg 1280w, https:\/\/seewhatgrows.org\/us\/wp-content\/uploads\/2026\/02\/Child-Take-a-Break-from-Social-Media-980x578.jpg 980w, https:\/\/seewhatgrows.org\/us\/wp-content\/uploads\/2026\/02\/Child-Take-a-Break-from-Social-Media-480x283.jpg 480w\" sizes=\"auto, (max-width: 1400px) 100vw, 1400px\" \/><\/figure>","protected":false},"excerpt":{"rendered":"<p>Is it Time for Your Child to Take a Break from Social Media? Parents across Canada share a concern that didn\u2019t even exist 15 years ago. They collectively wonder &#8211; does my child spend so much time on social media that it\u2019s becoming unhealthy? It has certainly become a hot topic of late, with one [&hellip;]<\/p>\n","protected":false},"author":3,"featured_media":416263,"comment_status":"closed","ping_status":"closed","sticky":false,"template":"","format":"standard","meta":{"footnotes":""},"categories":[3],"tags":[942,941,940],"class_list":["post-416259","post","type-post","status-publish","format-standard","has-post-thumbnail","hentry","category-blogs","tag-social-media-addiction-in-children","tag-social-media-addiction-in-kids","tag-time-to-take-a-break-from-social-media"],"yoast_head":"<!-- This site is optimized with the Yoast SEO plugin v28.4 - https:\/\/yoast.com\/product\/yoast-seo-wordpress\/ -->\n<title>Is it Time for Your Child to Take a Break from Social Media?<\/title>\n<meta name=\"description\" content=\"10 signs that it\u2019s time for your child to take a break from social media, and what else parents need to know.\" \/>\n<meta name=\"robots\" content=\"index, follow, max-snippet:-1, max-image-preview:large, max-video-preview:-1\" \/>\n<link rel=\"canonical\" href=\"https:\/\/seewhatgrows.org\/us\/es\/time-to-take-a-break-from-social-media-children\/\" \/>\n<meta property=\"og:locale\" content=\"es_MX\" \/>\n<meta property=\"og:type\" content=\"article\" \/>\n<meta property=\"og:title\" content=\"Is it Time for Your Child to Take a Break from Social Media?\" \/>\n<meta property=\"og:description\" content=\"10 signs that it\u2019s time for your child to take a break from social media, and what else parents need to know.\" \/>\n<meta property=\"og:url\" content=\"https:\/\/seewhatgrows.org\/us\/es\/time-to-take-a-break-from-social-media-children\/\" \/>\n<meta property=\"og:site_name\" content=\"Connecting Communities to the Land\" \/>\n<meta property=\"article:published_time\" content=\"2026-02-22T18:16:12+00:00\" \/>\n<meta property=\"article:modified_time\" content=\"2026-02-27T19:09:08+00:00\" \/>\n<meta property=\"og:image\" content=\"https:\/\/seewhatgrows.org\/us\/wp-content\/uploads\/2026\/02\/Is-it-Time-for-Your-Child-to-Take-a-Break-from-Social-Media.jpg\" \/>\n\t<meta property=\"og:image:width\" content=\"1400\" \/>\n\t<meta property=\"og:image:height\" content=\"829\" \/>\n\t<meta property=\"og:image:type\" content=\"image\/jpeg\" \/>\n<meta name=\"author\" content=\"Dennis Charland\" \/>\n<meta name=\"twitter:label1\" content=\"Escrito por\" \/>\n\t<meta name=\"twitter:data1\" content=\"Dennis Charland\" \/>\n\t<meta name=\"twitter:label2\" content=\"Tiempo de lectura\" \/>\n\t<meta name=\"twitter:data2\" content=\"6 minutos\" \/>\n<script type=\"application\/ld+json\" class=\"yoast-schema-graph\">{\"@context\":\"https:\\\/\\\/schema.org\",\"@graph\":[{\"@type\":\"Article\",\"@id\":\"https:\\\/\\\/seewhatgrows.org\\\/us\\\/time-to-take-a-break-from-social-media-children\\\/#article\",\"isPartOf\":{\"@id\":\"https:\\\/\\\/seewhatgrows.org\\\/us\\\/time-to-take-a-break-from-social-media-children\\\/\"},\"author\":{\"name\":\"Dennis Charland\",\"@id\":\"https:\\\/\\\/seewhatgrows.org\\\/us\\\/#\\\/schema\\\/person\\\/2941b91ddd9a26badc98aadef946056c\"},\"headline\":\"Is it Time for Your Child to Take a Break from Social Media?\",\"datePublished\":\"2026-02-22T18:16:12+00:00\",\"dateModified\":\"2026-02-27T19:09:08+00:00\",\"mainEntityOfPage\":{\"@id\":\"https:\\\/\\\/seewhatgrows.org\\\/us\\\/time-to-take-a-break-from-social-media-children\\\/\"},\"wordCount\":983,\"publisher\":{\"@id\":\"https:\\\/\\\/seewhatgrows.org\\\/us\\\/#organization\"},\"image\":{\"@id\":\"https:\\\/\\\/seewhatgrows.org\\\/us\\\/time-to-take-a-break-from-social-media-children\\\/#primaryimage\"},\"thumbnailUrl\":\"https:\\\/\\\/seewhatgrows.org\\\/us\\\/wp-content\\\/uploads\\\/2026\\\/02\\\/Is-it-Time-for-Your-Child-to-Take-a-Break-from-Social-Media.jpg\",\"keywords\":[\"Social Media Addiction in Children\",\"Social Media Addiction in Kids\",\"Time to Take a Break from Social Media\"],\"articleSection\":[\"Blogs\"],\"inLanguage\":\"es\"},{\"@type\":\"WebPage\",\"@id\":\"https:\\\/\\\/seewhatgrows.org\\\/us\\\/time-to-take-a-break-from-social-media-children\\\/\",\"url\":\"https:\\\/\\\/seewhatgrows.org\\\/us\\\/time-to-take-a-break-from-social-media-children\\\/\",\"name\":\"Is it Time for Your Child to Take a Break from Social Media?\",\"isPartOf\":{\"@id\":\"https:\\\/\\\/seewhatgrows.org\\\/us\\\/#website\"},\"primaryImageOfPage\":{\"@id\":\"https:\\\/\\\/seewhatgrows.org\\\/us\\\/time-to-take-a-break-from-social-media-children\\\/#primaryimage\"},\"image\":{\"@id\":\"https:\\\/\\\/seewhatgrows.org\\\/us\\\/time-to-take-a-break-from-social-media-children\\\/#primaryimage\"},\"thumbnailUrl\":\"https:\\\/\\\/seewhatgrows.org\\\/us\\\/wp-content\\\/uploads\\\/2026\\\/02\\\/Is-it-Time-for-Your-Child-to-Take-a-Break-from-Social-Media.jpg\",\"datePublished\":\"2026-02-22T18:16:12+00:00\",\"dateModified\":\"2026-02-27T19:09:08+00:00\",\"description\":\"10 signs that it\u2019s time for your child to take a break from social media, and what else parents need to know.\",\"breadcrumb\":{\"@id\":\"https:\\\/\\\/seewhatgrows.org\\\/us\\\/time-to-take-a-break-from-social-media-children\\\/#breadcrumb\"},\"inLanguage\":\"es\",\"potentialAction\":[{\"@type\":\"ReadAction\",\"target\":[\"https:\\\/\\\/seewhatgrows.org\\\/us\\\/time-to-take-a-break-from-social-media-children\\\/\"]}]},{\"@type\":\"ImageObject\",\"inLanguage\":\"es\",\"@id\":\"https:\\\/\\\/seewhatgrows.org\\\/us\\\/time-to-take-a-break-from-social-media-children\\\/#primaryimage\",\"url\":\"https:\\\/\\\/seewhatgrows.org\\\/us\\\/wp-content\\\/uploads\\\/2026\\\/02\\\/Is-it-Time-for-Your-Child-to-Take-a-Break-from-Social-Media.jpg\",\"contentUrl\":\"https:\\\/\\\/seewhatgrows.org\\\/us\\\/wp-content\\\/uploads\\\/2026\\\/02\\\/Is-it-Time-for-Your-Child-to-Take-a-Break-from-Social-Media.jpg\",\"width\":1400,\"height\":829,\"caption\":\"Is it Time for Your Child to Take a Break from Social Media\"},{\"@type\":\"BreadcrumbList\",\"@id\":\"https:\\\/\\\/seewhatgrows.org\\\/us\\\/time-to-take-a-break-from-social-media-children\\\/#breadcrumb\",\"itemListElement\":[{\"@type\":\"ListItem\",\"position\":1,\"name\":\"Home\",\"item\":\"https:\\\/\\\/seewhatgrows.org\\\/us\\\/\"},{\"@type\":\"ListItem\",\"position\":2,\"name\":\"Is it Time for Your Child to Take a Break from Social Media?\"}]},{\"@type\":\"WebSite\",\"@id\":\"https:\\\/\\\/seewhatgrows.org\\\/us\\\/#website\",\"url\":\"https:\\\/\\\/seewhatgrows.org\\\/us\\\/\",\"name\":\"Connecting Communities to the Land\",\"description\":\"Growing healthier communities, one seed at a time with Plant a Seed &amp; See What Grows Foundation\",\"publisher\":{\"@id\":\"https:\\\/\\\/seewhatgrows.org\\\/us\\\/#organization\"},\"potentialAction\":[{\"@type\":\"SearchAction\",\"target\":{\"@type\":\"EntryPoint\",\"urlTemplate\":\"https:\\\/\\\/seewhatgrows.org\\\/us\\\/?s={search_term_string}\"},\"query-input\":{\"@type\":\"PropertyValueSpecification\",\"valueRequired\":true,\"valueName\":\"search_term_string\"}}],\"inLanguage\":\"es\"},{\"@type\":\"Organization\",\"@id\":\"https:\\\/\\\/seewhatgrows.org\\\/us\\\/#organization\",\"name\":\"Connecting Communities to the Land\",\"url\":\"https:\\\/\\\/seewhatgrows.org\\\/us\\\/\",\"logo\":{\"@type\":\"ImageObject\",\"inLanguage\":\"es\",\"@id\":\"https:\\\/\\\/seewhatgrows.org\\\/us\\\/#\\\/schema\\\/logo\\\/image\\\/\",\"url\":\"https:\\\/\\\/seewhatgrows.org\\\/us\\\/wp-content\\\/uploads\\\/2026\\\/06\\\/Plant-a-Seed-Logo.png\",\"contentUrl\":\"https:\\\/\\\/seewhatgrows.org\\\/us\\\/wp-content\\\/uploads\\\/2026\\\/06\\\/Plant-a-Seed-Logo.png\",\"width\":600,\"height\":600,\"caption\":\"Connecting Communities to the Land\"},\"image\":{\"@id\":\"https:\\\/\\\/seewhatgrows.org\\\/us\\\/#\\\/schema\\\/logo\\\/image\\\/\"}},{\"@type\":\"Person\",\"@id\":\"https:\\\/\\\/seewhatgrows.org\\\/us\\\/#\\\/schema\\\/person\\\/2941b91ddd9a26badc98aadef946056c\",\"name\":\"Dennis Charland\",\"url\":\"https:\\\/\\\/seewhatgrows.org\\\/us\\\/es\\\/author\\\/dennis\\\/\"}]}<\/script>\n<!-- \/ Yoast SEO plugin. -->","yoast_head_json":{"title":"\u00bfEs hora de que su hijo se tome un descanso de las redes sociales?","description":"10 signs that it\u2019s time for your child to take a break from social media, and what else parents need to know.","robots":{"index":"index","follow":"follow","max-snippet":"max-snippet:-1","max-image-preview":"max-image-preview:large","max-video-preview":"max-video-preview:-1"},"canonical":"https:\/\/seewhatgrows.org\/us\/es\/time-to-take-a-break-from-social-media-children\/","og_locale":"es_MX","og_type":"article","og_title":"Is it Time for Your Child to Take a Break from Social Media?","og_description":"10 signs that it\u2019s time for your child to take a break from social media, and what else parents need to know.","og_url":"https:\/\/seewhatgrows.org\/us\/es\/time-to-take-a-break-from-social-media-children\/","og_site_name":"Connecting Communities to the Land","article_published_time":"2026-02-22T18:16:12+00:00","article_modified_time":"2026-02-27T19:09:08+00:00","og_image":[{"width":1400,"height":829,"url":"https:\/\/seewhatgrows.org\/us\/wp-content\/uploads\/2026\/02\/Is-it-Time-for-Your-Child-to-Take-a-Break-from-Social-Media.jpg","type":"image\/jpeg"}],"author":"Dennis Charland","twitter_misc":{"Escrito por":"Dennis Charland","Tiempo de lectura":"6 minutos"},"schema":{"@context":"https:\/\/schema.org","@graph":[{"@type":"Article","@id":"https:\/\/seewhatgrows.org\/us\/time-to-take-a-break-from-social-media-children\/#article","isPartOf":{"@id":"https:\/\/seewhatgrows.org\/us\/time-to-take-a-break-from-social-media-children\/"},"author":{"name":"Dennis Charland","@id":"https:\/\/seewhatgrows.org\/us\/#\/schema\/person\/2941b91ddd9a26badc98aadef946056c"},"headline":"Is it Time for Your Child to Take a Break from Social Media?","datePublished":"2026-02-22T18:16:12+00:00","dateModified":"2026-02-27T19:09:08+00:00","mainEntityOfPage":{"@id":"https:\/\/seewhatgrows.org\/us\/time-to-take-a-break-from-social-media-children\/"},"wordCount":983,"publisher":{"@id":"https:\/\/seewhatgrows.org\/us\/#organization"},"image":{"@id":"https:\/\/seewhatgrows.org\/us\/time-to-take-a-break-from-social-media-children\/#primaryimage"},"thumbnailUrl":"https:\/\/seewhatgrows.org\/us\/wp-content\/uploads\/2026\/02\/Is-it-Time-for-Your-Child-to-Take-a-Break-from-Social-Media.jpg","keywords":["Social Media Addiction in Children","Social Media Addiction in Kids","Time to Take a Break from Social Media"],"articleSection":["Blogs"],"inLanguage":"es"},{"@type":"WebPage","@id":"https:\/\/seewhatgrows.org\/us\/time-to-take-a-break-from-social-media-children\/","url":"https:\/\/seewhatgrows.org\/us\/time-to-take-a-break-from-social-media-children\/","name":"\u00bfEs hora de que su hijo se tome un descanso de las redes sociales?","isPartOf":{"@id":"https:\/\/seewhatgrows.org\/us\/#website"},"primaryImageOfPage":{"@id":"https:\/\/seewhatgrows.org\/us\/time-to-take-a-break-from-social-media-children\/#primaryimage"},"image":{"@id":"https:\/\/seewhatgrows.org\/us\/time-to-take-a-break-from-social-media-children\/#primaryimage"},"thumbnailUrl":"https:\/\/seewhatgrows.org\/us\/wp-content\/uploads\/2026\/02\/Is-it-Time-for-Your-Child-to-Take-a-Break-from-Social-Media.jpg","datePublished":"2026-02-22T18:16:12+00:00","dateModified":"2026-02-27T19:09:08+00:00","description":"10 signs that it\u2019s time for your child to take a break from social media, and what else parents need to know.","breadcrumb":{"@id":"https:\/\/seewhatgrows.org\/us\/time-to-take-a-break-from-social-media-children\/#breadcrumb"},"inLanguage":"es","potentialAction":[{"@type":"ReadAction","target":["https:\/\/seewhatgrows.org\/us\/time-to-take-a-break-from-social-media-children\/"]}]},{"@type":"ImageObject","inLanguage":"es","@id":"https:\/\/seewhatgrows.org\/us\/time-to-take-a-break-from-social-media-children\/#primaryimage","url":"https:\/\/seewhatgrows.org\/us\/wp-content\/uploads\/2026\/02\/Is-it-Time-for-Your-Child-to-Take-a-Break-from-Social-Media.jpg","contentUrl":"https:\/\/seewhatgrows.org\/us\/wp-content\/uploads\/2026\/02\/Is-it-Time-for-Your-Child-to-Take-a-Break-from-Social-Media.jpg","width":1400,"height":829,"caption":"Is it Time for Your Child to Take a Break from Social Media"},{"@type":"BreadcrumbList","@id":"https:\/\/seewhatgrows.org\/us\/time-to-take-a-break-from-social-media-children\/#breadcrumb","itemListElement":[{"@type":"ListItem","position":1,"name":"Home","item":"https:\/\/seewhatgrows.org\/us\/"},{"@type":"ListItem","position":2,"name":"Is it Time for Your Child to Take a Break from Social Media?"}]},{"@type":"WebSite","@id":"https:\/\/seewhatgrows.org\/us\/#website","url":"https:\/\/seewhatgrows.org\/us\/","name":"Conectando a las comunidades con la tierra","description":"Cultivando comunidades m\u00e1s saludables, una semilla a la vez con la Fundaci\u00f3n Plant a Seed &amp; See What Grows","publisher":{"@id":"https:\/\/seewhatgrows.org\/us\/#organization"},"potentialAction":[{"@type":"SearchAction","target":{"@type":"EntryPoint","urlTemplate":"https:\/\/seewhatgrows.org\/us\/?s={search_term_string}"},"query-input":{"@type":"PropertyValueSpecification","valueRequired":true,"valueName":"search_term_string"}}],"inLanguage":"es"},{"@type":"Organization","@id":"https:\/\/seewhatgrows.org\/us\/#organization","name":"Conectando a las comunidades con la tierra","url":"https:\/\/seewhatgrows.org\/us\/","logo":{"@type":"ImageObject","inLanguage":"es","@id":"https:\/\/seewhatgrows.org\/us\/#\/schema\/logo\/image\/","url":"https:\/\/seewhatgrows.org\/us\/wp-content\/uploads\/2026\/06\/Plant-a-Seed-Logo.png","contentUrl":"https:\/\/seewhatgrows.org\/us\/wp-content\/uploads\/2026\/06\/Plant-a-Seed-Logo.png","width":600,"height":600,"caption":"Connecting Communities to the Land"},"image":{"@id":"https:\/\/seewhatgrows.org\/us\/#\/schema\/logo\/image\/"}},{"@type":"Person","@id":"https:\/\/seewhatgrows.org\/us\/#\/schema\/person\/2941b91ddd9a26badc98aadef946056c","name":"Dennis Charland","url":"https:\/\/seewhatgrows.org\/us\/es\/author\/dennis\/"}]}},"_links":{"self":[{"href":"https:\/\/seewhatgrows.org\/us\/es\/wp-json\/wp\/v2\/posts\/416259","targetHints":{"allow":["GET"]}}],"collection":[{"href":"https:\/\/seewhatgrows.org\/us\/es\/wp-json\/wp\/v2\/posts"}],"about":[{"href":"https:\/\/seewhatgrows.org\/us\/es\/wp-json\/wp\/v2\/types\/post"}],"author":[{"embeddable":true,"href":"https:\/\/seewhatgrows.org\/us\/es\/wp-json\/wp\/v2\/users\/3"}],"replies":[{"embeddable":true,"href":"https:\/\/seewhatgrows.org\/us\/es\/wp-json\/wp\/v2\/comments?post=416259"}],"version-history":[{"count":0,"href":"https:\/\/seewhatgrows.org\/us\/es\/wp-json\/wp\/v2\/posts\/416259\/revisions"}],"wp:featuredmedia":[{"embeddable":true,"href":"https:\/\/seewhatgrows.org\/us\/es\/wp-json\/wp\/v2\/media\/416263"}],"wp:attachment":[{"href":"https:\/\/seewhatgrows.org\/us\/es\/wp-json\/wp\/v2\/media?parent=416259"}],"wp:term":[{"taxonomy":"category","embeddable":true,"href":"https:\/\/seewhatgrows.org\/us\/es\/wp-json\/wp\/v2\/categories?post=416259"},{"taxonomy":"post_tag","embeddable":true,"href":"https:\/\/seewhatgrows.org\/us\/es\/wp-json\/wp\/v2\/tags?post=416259"}],"curies":[{"name":"\u00a1Buen juego!","href":"https:\/\/api.w.org\/{rel}","templated":true}]}}