{"id":400960,"date":"2025-05-21T11:48:24","date_gmt":"2025-05-21T18:48:24","guid":{"rendered":"https:\/\/seewhatgrows.org\/?p=400960"},"modified":"2025-05-21T11:48:30","modified_gmt":"2025-05-21T18:48:30","slug":"how-to-boost-the-self-esteem-of-a-child-with-disabilities","status":"publish","type":"post","link":"https:\/\/seewhatgrows.org\/us\/es\/how-to-boost-the-self-esteem-of-a-child-with-disabilities\/","title":{"rendered":"C\u00f3mo mejorar la autoestima de un ni\u00f1o con discapacidades"},"content":{"rendered":"<h1 class=\"wp-block-heading\"><strong>C\u00f3mo aumentar la autoestima de un ni\u00f1o con discapacidades en estas vacaciones de verano<\/strong><\/h1>\n\n\n\n<figure class=\"wp-block-image aligncenter size-full\"><img loading=\"lazy\" decoding=\"async\" width=\"1200\" height=\"797\" src=\"https:\/\/seewhatgrows.org\/us\/wp-content\/uploads\/2025\/05\/How-to-Boost-the-Self-Esteem-of-a-Child-with-Disabilities.jpg\" alt=\"How to Boost the Self Esteem of a Child with Disabilities\" class=\"wp-image-400962\" srcset=\"https:\/\/seewhatgrows.org\/us\/wp-content\/uploads\/2025\/05\/How-to-Boost-the-Self-Esteem-of-a-Child-with-Disabilities.jpg 1200w, https:\/\/seewhatgrows.org\/us\/wp-content\/uploads\/2025\/05\/How-to-Boost-the-Self-Esteem-of-a-Child-with-Disabilities-300x199.jpg 300w, https:\/\/seewhatgrows.org\/us\/wp-content\/uploads\/2025\/05\/How-to-Boost-the-Self-Esteem-of-a-Child-with-Disabilities-1024x680.jpg 1024w, https:\/\/seewhatgrows.org\/us\/wp-content\/uploads\/2025\/05\/How-to-Boost-the-Self-Esteem-of-a-Child-with-Disabilities-768x510.jpg 768w, https:\/\/seewhatgrows.org\/us\/wp-content\/uploads\/2025\/05\/How-to-Boost-the-Self-Esteem-of-a-Child-with-Disabilities-1080x717.jpg 1080w, https:\/\/seewhatgrows.org\/us\/wp-content\/uploads\/2025\/05\/How-to-Boost-the-Self-Esteem-of-a-Child-with-Disabilities-980x651.jpg 980w, https:\/\/seewhatgrows.org\/us\/wp-content\/uploads\/2025\/05\/How-to-Boost-the-Self-Esteem-of-a-Child-with-Disabilities-480x319.jpg 480w\" sizes=\"auto, (max-width: 1200px) 100vw, 1200px\" \/><\/figure>\n\n\n\n<p class=\"wp-block-paragraph\">\u00bfTe acuerdas de las vacaciones de verano de nuestra juventud? Por supuesto que s\u00ed, porque no solo esas siestas escolares eran lo m\u00e1s destacado de nuestra experiencia adolescente, sino que brindaban la oportunidad de reinventarnos. Pod\u00edas dejar un curso en junio y regresar como una versi\u00f3n \u201cnueva y mejorada\u201d de ti mismo en ese primer d\u00eda de un nuevo curso en septiembre. Cuando esos dos meses y medio (que parecen toda una vida cuando se es joven) se aprovechan bien, los ni\u00f1os experimentan un mayor bienestar f\u00edsico y mental, desarrollo de habilidades sociales e independencia. El descanso de las presiones acad\u00e9micas y del c\u00edrculo social permite el descanso, la exploraci\u00f3n de intereses y la oportunidad de desarrollar resiliencia y valiosas habilidades para la vida. Todo esto conduce a <strong>autoestima mejorada<\/strong> que en \u00faltima instancia est\u00e1 en el coraz\u00f3n de cualquier deseo de reinvenci\u00f3n. <\/p>\n\n\n\n<p class=\"wp-block-paragraph\">Si bien la autoestima de cualquier ni\u00f1o puede beneficiarse de unas vacaciones de verano planificadas minuciosamente por los padres, aquellos que viven con una discapacidad necesitan la intervenci\u00f3n de los padres a\u00fan m\u00e1s. Numerosos estudios indican que los ni\u00f1os con discapacidades (f\u00edsicas o de aprendizaje) experimentan una autoestima m\u00e1s baja en comparaci\u00f3n con sus pares que no presentan los mismos desaf\u00edos. Factores como las dificultades acad\u00e9micas, las etiquetas, el aislamiento social y los estigmas asociados con tener una discapacidad contribuyen a una menor autoestima entre este segmento de la poblaci\u00f3n adolescente. Entonces, \u00bfc\u00f3mo puede usted, como padre de un hijo que vive con una discapacidad, aprovechar al m\u00e1ximo sus pr\u00f3ximas vacaciones de verano para hacer que se sienta bien consigo mismo mientras rompe las percepciones mal concebidas que tienen algunos de sus compa\u00f1eros? Siguiendo los tres poderosos pasos que hemos establecido a continuaci\u00f3n.<\/p>\n\n\n\n<p class=\"wp-block-paragraph\"><br \/><\/p>\n\n\n\n<h2 class=\"wp-block-heading\"><strong>3 pasos para convertir tus vacaciones de verano en un generador de confianza duradera para un ni\u00f1o cuya autoestima se ve afectada por una discapacidad<\/strong> <\/h2>\n\n\n\n<!--more-->\n\n\n\n<hr class=\"wp-block-separator has-alpha-channel-opacity\"\/>\n\n\n\n<h3 class=\"wp-block-heading\"><strong>Paso 1: Viajar, viajar, viajar<\/strong><\/h3>\n\n\n\n<p class=\"wp-block-paragraph\">Viaja tan seguido y tan lejos como sea posible con tu hijo este verano. Puede ser en avi\u00f3n, tren, autom\u00f3vil o alguna combinaci\u00f3n, siempre y cuando te alejes de casa cada vez que se presente la oportunidad. \u00bfNo puedes irte por dos semanas o m\u00e1s? Incluso un viaje corto cada fin de semana durante el verano puede marcar una gran diferencia. <\/p>\n\n\n\n<p class=\"wp-block-paragraph\">Los investigadores confirman que las experiencias de viaje pueden tener un impacto positivo en la autoestima y la confianza de un adolescente. Esto ocurre a trav\u00e9s de lo siguiente:<\/p>\n\n\n\n<p class=\"wp-block-paragraph\"><strong>Superaci\u00f3n de los desaf\u00edos asociados con los viajes:<\/strong> Viajar con una discapacidad implica enfrentar situaciones y desaf\u00edos desconocidos. Sabemos que esto puede sacarle de su zona de confort (como padre o madre), pero cuando su hijo vea que usted aborda cada desaf\u00edo con una calma calculada, adoptar\u00e1 la misma respuesta emocional y el mismo comportamiento. Al navegar con \u00e9xito por nuevos entornos y culturas mientras maneja eventos inesperados asociados con los viajes, la confianza y el sentido de competencia de su hijo mejorar\u00e1n.<\/p>\n\n\n\n<p class=\"wp-block-paragraph\"><strong>Mayor autoconciencia e independencia:<\/strong> Viajar expondr\u00e1 a su hijo a nuevas experiencias y perspectivas. Esto lo impulsar\u00e1 a ser m\u00e1s consciente de s\u00ed mismo e independiente, siempre y cuando afloje el paso como \u201cmicrom\u00e1nager\u201d y le permita tomar decisiones, seguir instrucciones o pedir ayuda cuando sea razonable que lo haga. \u00a1Esto potenciar\u00e1 su sentido de autosuficiencia!<\/p>\n\n\n\n<p class=\"wp-block-paragraph\"><strong>Habilidades sociales mejoradas:<\/strong> Los viajes expondr\u00e1n a sus hijos a nuevas personas (y culturas) que, hasta donde ellos saben, no conocen (cuando no es visible) y\/o tienen una opini\u00f3n u otra sobre su discapacidad. Las interacciones con estas nuevas personas fomentar\u00e1n sus habilidades sociales y su capacidad para establecer relaciones.<\/p>\n\n\n\n<p class=\"wp-block-paragraph\"><strong>Mayor adaptabilidad:<\/strong> Viajar aumenta la exposici\u00f3n a territorios desconocidos y diferencias culturales. Navegar a trav\u00e9s de estos puede ayudar a su hijo a desarrollar su adaptabilidad y resiliencia a medida que se adapta a circunstancias cambiantes y adopta nuevas experiencias. Nuevamente, esto requerir\u00e1 que usted les permita (cuando sea razonable) tomar medidas y tomar decisiones por s\u00ed mismos, o al menos brindarles un suave empuj\u00f3n para que lo hagan. <\/p>\n\n\n\n<p class=\"wp-block-paragraph\"><strong>Mayor deseo de explorar y aprender m\u00e1s:<\/strong> Viajar a territorio desconocido despertar\u00e1 la curiosidad en su hijo, quien probablemente est\u00e9 acostumbrado a una rutina bastante est\u00e1ndar en el entorno del hogar. Esta curiosidad encender\u00e1 el deseo de aprender m\u00e1s sobre nuevos \u201cmundos\u201d y los motivar\u00e1 a participar en futuras actividades de aprendizaje cuando se presenten oportunidades. Esto tambi\u00e9n es un catalizador para impulsar la autoestima.<\/p>\n\n\n\n<p class=\"wp-block-paragraph\"><strong>V\u00ednculos familiares m\u00e1s fuertes:<\/strong> Todo lo anterior no solo crear\u00e1 recuerdos duraderos para su hogar, sino que fomentar\u00e1 un sentido rec\u00edproco de seguridad y confianza entre usted y su hijo. Adem\u00e1s, los propios hermanos de su hijo (seg\u00fan corresponda) se mostrar\u00e1n radiantes de orgullo al ver a su hermano o hermana hacer cosas que no hab\u00edan tenido la oportunidad de presenciar antes. Al final, los lazos familiares se fortalecer\u00e1n y eso es un impulso de confianza para todos.<\/p>\n\n\n\n<h3 class=\"wp-block-heading\"><strong>Paso 2: Ingrese a la aventura al aire libre adaptativa<\/strong><\/h3>\n\n\n\n<p class=\"wp-block-paragraph\">\u00a1Ah, con que pensabas que viajar por s\u00ed solo era suficiente para lograr el objetivo? \u00a1Qu\u00e9 tierno, pero no! \u00a1Es hora de subir de nivel eligiendo destinos que le brinden a tu incre\u00edble hijo (y a ti) oportunidades para vivir una aventura que les cambie la vida! Una vez m\u00e1s, les pedimos que tanto t\u00fa como tu hijo salgan de su zona de confort y prueben cosas nuevas, al aire libre. El <strong>Escuela de Medio Ambiente de Yale<\/strong> <a href=\"https:\/\/e360.yale.edu\/features\/ecopsychology-how-immersion-in-nature-benefits-your-health#:~:text=These%20studies%20have%20shown%20that,and%20lifted%20mood%20among%20patients.\">Informes<\/a> que participar en actividades al aire libre puede influir positivamente en la autoestima de los ni\u00f1os con discapacidad. \u00a1Esto ser\u00e1 necesario para lo que viene!<\/p>\n\n\n\n<p class=\"wp-block-paragraph\">Por todo Canad\u00e1, Norteam\u00e9rica y el mundo, existen programas de aventura al aire libre que incluyen, o est\u00e1n espec\u00edficamente orientados a, brindar a los ni\u00f1os que viven con discapacidades acceso a actividades que quiz\u00e1s nunca habr\u00edan imaginado posibles. Ejemplos de esto est\u00e1n en todas partes a donde los hogares canadienses viajan durante las vacaciones de verano. Por ejemplo, una organizaci\u00f3n incre\u00edble en Haw\u00e1i conocida como <a href=\"https:\/\/www.accessurf.org\/\">AccessSurf<\/a> logra que ni\u00f1os con diversas discapacidades f\u00edsicas (sin importar cu\u00e1n \u201cgraves\u201d sean) se sientan c\u00f3modos en el oc\u00e9ano. Y si crees que se trata solo de flotar en el agua con peces coloridos, pi\u00e9nsalo de nuevo, \u00a1ya que la organizaci\u00f3n realmente les ense\u00f1a a surfear (incluidos aquellos que est\u00e1n en silla de ruedas)! Mientras tanto, varios <strong>parques de aventura con tirolesa<\/strong> <a href=\"https:\/\/www.wildplay.com\/niagara-falls\">como WildPlay<\/a> con operaciones en BC y Ontario ofrecen a los ni\u00f1os con discapacidades acceso a equipos adaptativos que les permiten deslizarse a lo largo de recorridos totalmente accesibles o modificados. Otro popular est\u00e1 dirigido por <a href=\"https:\/\/tead.on.ca\/\">Centro de Equinoterapia TEAD<\/a>\u00a0en Ontario. TEAD ofrece a los ni\u00f1os con discapacidades programas de equitaci\u00f3n terap\u00e9utica con un enfoque en mejorar las habilidades f\u00edsicas y cognitivas, el crecimiento social y emocional, y una mayor autoestima.<\/p>\n\n\n\n<p class=\"wp-block-paragraph\">Investiga un poco sobre los destinos al aire libre a los que viajes este verano para encontrar programas de aventuras al aire libre adaptados. \u00a1Tu hijo saldr\u00e1 de las vacaciones de verano convertido en una estrella de los deportes extremos con una autoestima tan alta que necesitar\u00e1 un paraca\u00eddas!<\/p>\n\n\n\n<h3 class=\"wp-block-heading\"><strong>Paso 3: Haga que su hijo documente sus experiencias y las comparta<\/strong><\/h3>\n\n\n\n<p class=\"wp-block-paragraph\">Pon a tu hijo a cargo de catalogar y documentar todas sus aventuras de viajes al aire libre este pr\u00f3ximo verano. An\u00edmalo a <strong>diario<\/strong> sobre sus experiencias (escritas y\/o grabaci\u00f3n de voz) y tienen <strong>fotos<\/strong> y <strong>videos<\/strong> tomadas en el camino. Esto no solo servir\u00e1 como recordatorio de las cosas incre\u00edbles que han hecho durante el verano a medida que avanza el nuevo a\u00f1o escolar, sino que tambi\u00e9n pueden <strong>compartir sus aventuras y sus nuevas habilidades<\/strong> con amigos y compa\u00f1eros actuales y nuevos. Los ni\u00f1os con la edad adecuada tambi\u00e9n pueden compartir experiencias en sus respectivas redes sociales. Esto demostrar\u00e1 a sus compa\u00f1eros que son capaces de hacer cosas incre\u00edbles. Hacerlo no solo refuerza su confianza, sino que es un <a href=\"https:\/\/seewhatgrows.org\/us\/es\/how-kids-can-inspire-other-kids\/\">m\u00e9todo comprobado para inspirar a otros ni\u00f1os<\/a> que luchan con problemas de autoestima similares.<\/p>\n\n\n\n<hr class=\"wp-block-separator has-alpha-channel-opacity\"\/>\n\n\n\n<p class=\"wp-block-paragraph\"><\/p>\n\n\n\n<p class=\"wp-block-paragraph\">Esperamos que todo lo anterior haya sido \u00fatil, y aseg\u00farese de compartir las experiencias de verano de su hijo o hija con la Fundaci\u00f3n Plant a Seed &amp; See What Grows <a href=\"https:\/\/www.facebook.com\/SeeWhatGrows\">en nuestro Facebook<\/a>. Mientras tanto, tenga en cuenta que la fundaci\u00f3n Plant a Seed &amp; See What Grows inspira y promueve la vida saludable y el aprendizaje para los ni\u00f1os en todo Canad\u00e1. \u00a1Puede ayudarnos a ayudar a la pr\u00f3xima generaci\u00f3n ofreciendo su apoyo tambi\u00e9n! Vea m\u00e1s en\u00a0<a href=\"https:\/\/seewhatgrows.org\/us\/es\/get-involved\/\">c\u00f3mo puedes involucrarte<\/a>.<\/p>\n\n\n\n<p class=\"wp-block-paragraph\"><\/p>","protected":false},"excerpt":{"rendered":"<p>How to Boost the Self Esteem of a Child with Disabilities this Summer Vacation Remember summer vacations from our youth? Of course you do, because not only were those school siestas the highlight of our adolescent experience, they provided the opportunity to reinvent ourselves. You could leave a grade in June and return as a [&hellip;]<\/p>\n","protected":false},"author":3,"featured_media":400962,"comment_status":"closed","ping_status":"closed","sticky":false,"template":"","format":"standard","meta":{"footnotes":""},"categories":[3],"tags":[489,909],"class_list":["post-400960","post","type-post","status-publish","format-standard","has-post-thumbnail","hentry","category-blogs","tag-children-with-disabilities","tag-how-to-boost-the-self-esteem-of-a-child"],"yoast_head":"<!-- This site is optimized with the Yoast SEO plugin v28.4 - https:\/\/yoast.com\/product\/yoast-seo-wordpress\/ -->\n<title>Boost the Self Esteem of a Child with a Disability this Summer<\/title>\n<meta name=\"description\" content=\"3 steps to turning your family summer vacation into a lasting confidence-builder for a child whose self esteem is challenged by a disability.\" \/>\n<meta name=\"robots\" content=\"index, follow, max-snippet:-1, max-image-preview:large, max-video-preview:-1\" \/>\n<link rel=\"canonical\" href=\"https:\/\/seewhatgrows.org\/us\/es\/how-to-boost-the-self-esteem-of-a-child-with-disabilities\/\" \/>\n<meta property=\"og:locale\" content=\"es_MX\" \/>\n<meta property=\"og:type\" content=\"article\" \/>\n<meta property=\"og:title\" content=\"Boost the Self Esteem of a Child with a Disability this Summer\" \/>\n<meta property=\"og:description\" content=\"3 steps to turning your family summer vacation into a lasting confidence-builder for a child whose self esteem is challenged by a disability.\" \/>\n<meta property=\"og:url\" content=\"https:\/\/seewhatgrows.org\/us\/es\/how-to-boost-the-self-esteem-of-a-child-with-disabilities\/\" \/>\n<meta property=\"og:site_name\" content=\"Connecting Communities to the Land\" \/>\n<meta property=\"article:published_time\" content=\"2025-05-21T18:48:24+00:00\" \/>\n<meta property=\"article:modified_time\" content=\"2025-05-21T18:48:30+00:00\" \/>\n<meta property=\"og:image\" content=\"https:\/\/seewhatgrows.org\/us\/wp-content\/uploads\/2025\/05\/How-to-Boost-the-Self-Esteem-of-a-Child-with-Disabilities.jpg\" \/>\n\t<meta property=\"og:image:width\" content=\"1200\" \/>\n\t<meta property=\"og:image:height\" content=\"797\" \/>\n\t<meta property=\"og:image:type\" content=\"image\/jpeg\" \/>\n<meta name=\"author\" content=\"Dennis Charland\" \/>\n<meta name=\"twitter:label1\" content=\"Escrito por\" \/>\n\t<meta name=\"twitter:data1\" content=\"Dennis Charland\" \/>\n\t<meta name=\"twitter:label2\" content=\"Tiempo de lectura\" \/>\n\t<meta name=\"twitter:data2\" content=\"7 minutos\" \/>\n<script type=\"application\/ld+json\" class=\"yoast-schema-graph\">{\"@context\":\"https:\\\/\\\/schema.org\",\"@graph\":[{\"@type\":\"Article\",\"@id\":\"https:\\\/\\\/seewhatgrows.org\\\/us\\\/how-to-boost-the-self-esteem-of-a-child-with-disabilities\\\/#article\",\"isPartOf\":{\"@id\":\"https:\\\/\\\/seewhatgrows.org\\\/us\\\/how-to-boost-the-self-esteem-of-a-child-with-disabilities\\\/\"},\"author\":{\"name\":\"Dennis Charland\",\"@id\":\"https:\\\/\\\/seewhatgrows.org\\\/us\\\/#\\\/schema\\\/person\\\/2941b91ddd9a26badc98aadef946056c\"},\"headline\":\"How to Boost the Self Esteem of a Child with Disabilities\",\"datePublished\":\"2025-05-21T18:48:24+00:00\",\"dateModified\":\"2025-05-21T18:48:30+00:00\",\"mainEntityOfPage\":{\"@id\":\"https:\\\/\\\/seewhatgrows.org\\\/us\\\/how-to-boost-the-self-esteem-of-a-child-with-disabilities\\\/\"},\"wordCount\":1313,\"publisher\":{\"@id\":\"https:\\\/\\\/seewhatgrows.org\\\/us\\\/#organization\"},\"image\":{\"@id\":\"https:\\\/\\\/seewhatgrows.org\\\/us\\\/how-to-boost-the-self-esteem-of-a-child-with-disabilities\\\/#primaryimage\"},\"thumbnailUrl\":\"https:\\\/\\\/seewhatgrows.org\\\/us\\\/wp-content\\\/uploads\\\/2025\\\/05\\\/How-to-Boost-the-Self-Esteem-of-a-Child-with-Disabilities.jpg\",\"keywords\":[\"Children with Disabilities\",\"How to Boost the Self Esteem of a Child\"],\"articleSection\":[\"Blogs\"],\"inLanguage\":\"es\"},{\"@type\":\"WebPage\",\"@id\":\"https:\\\/\\\/seewhatgrows.org\\\/us\\\/how-to-boost-the-self-esteem-of-a-child-with-disabilities\\\/\",\"url\":\"https:\\\/\\\/seewhatgrows.org\\\/us\\\/how-to-boost-the-self-esteem-of-a-child-with-disabilities\\\/\",\"name\":\"Boost the Self Esteem of a Child with a Disability this Summer\",\"isPartOf\":{\"@id\":\"https:\\\/\\\/seewhatgrows.org\\\/us\\\/#website\"},\"primaryImageOfPage\":{\"@id\":\"https:\\\/\\\/seewhatgrows.org\\\/us\\\/how-to-boost-the-self-esteem-of-a-child-with-disabilities\\\/#primaryimage\"},\"image\":{\"@id\":\"https:\\\/\\\/seewhatgrows.org\\\/us\\\/how-to-boost-the-self-esteem-of-a-child-with-disabilities\\\/#primaryimage\"},\"thumbnailUrl\":\"https:\\\/\\\/seewhatgrows.org\\\/us\\\/wp-content\\\/uploads\\\/2025\\\/05\\\/How-to-Boost-the-Self-Esteem-of-a-Child-with-Disabilities.jpg\",\"datePublished\":\"2025-05-21T18:48:24+00:00\",\"dateModified\":\"2025-05-21T18:48:30+00:00\",\"description\":\"3 steps to turning your family summer vacation into a lasting confidence-builder for a child whose self esteem is challenged by a disability.\",\"breadcrumb\":{\"@id\":\"https:\\\/\\\/seewhatgrows.org\\\/us\\\/how-to-boost-the-self-esteem-of-a-child-with-disabilities\\\/#breadcrumb\"},\"inLanguage\":\"es\",\"potentialAction\":[{\"@type\":\"ReadAction\",\"target\":[\"https:\\\/\\\/seewhatgrows.org\\\/us\\\/how-to-boost-the-self-esteem-of-a-child-with-disabilities\\\/\"]}]},{\"@type\":\"ImageObject\",\"inLanguage\":\"es\",\"@id\":\"https:\\\/\\\/seewhatgrows.org\\\/us\\\/how-to-boost-the-self-esteem-of-a-child-with-disabilities\\\/#primaryimage\",\"url\":\"https:\\\/\\\/seewhatgrows.org\\\/us\\\/wp-content\\\/uploads\\\/2025\\\/05\\\/How-to-Boost-the-Self-Esteem-of-a-Child-with-Disabilities.jpg\",\"contentUrl\":\"https:\\\/\\\/seewhatgrows.org\\\/us\\\/wp-content\\\/uploads\\\/2025\\\/05\\\/How-to-Boost-the-Self-Esteem-of-a-Child-with-Disabilities.jpg\",\"width\":1200,\"height\":797,\"caption\":\"How to Boost the Self Esteem of a Child with Disabilities\"},{\"@type\":\"BreadcrumbList\",\"@id\":\"https:\\\/\\\/seewhatgrows.org\\\/us\\\/how-to-boost-the-self-esteem-of-a-child-with-disabilities\\\/#breadcrumb\",\"itemListElement\":[{\"@type\":\"ListItem\",\"position\":1,\"name\":\"Home\",\"item\":\"https:\\\/\\\/seewhatgrows.org\\\/us\\\/\"},{\"@type\":\"ListItem\",\"position\":2,\"name\":\"How to Boost the Self Esteem of a Child with Disabilities\"}]},{\"@type\":\"WebSite\",\"@id\":\"https:\\\/\\\/seewhatgrows.org\\\/us\\\/#website\",\"url\":\"https:\\\/\\\/seewhatgrows.org\\\/us\\\/\",\"name\":\"Connecting Communities to the Land\",\"description\":\"Growing healthier communities, one seed at a time with Plant a Seed &amp; See What Grows Foundation\",\"publisher\":{\"@id\":\"https:\\\/\\\/seewhatgrows.org\\\/us\\\/#organization\"},\"potentialAction\":[{\"@type\":\"SearchAction\",\"target\":{\"@type\":\"EntryPoint\",\"urlTemplate\":\"https:\\\/\\\/seewhatgrows.org\\\/us\\\/?s={search_term_string}\"},\"query-input\":{\"@type\":\"PropertyValueSpecification\",\"valueRequired\":true,\"valueName\":\"search_term_string\"}}],\"inLanguage\":\"es\"},{\"@type\":\"Organization\",\"@id\":\"https:\\\/\\\/seewhatgrows.org\\\/us\\\/#organization\",\"name\":\"Connecting Communities to the Land\",\"url\":\"https:\\\/\\\/seewhatgrows.org\\\/us\\\/\",\"logo\":{\"@type\":\"ImageObject\",\"inLanguage\":\"es\",\"@id\":\"https:\\\/\\\/seewhatgrows.org\\\/us\\\/#\\\/schema\\\/logo\\\/image\\\/\",\"url\":\"https:\\\/\\\/seewhatgrows.org\\\/us\\\/wp-content\\\/uploads\\\/2026\\\/06\\\/Plant-a-Seed-Logo.png\",\"contentUrl\":\"https:\\\/\\\/seewhatgrows.org\\\/us\\\/wp-content\\\/uploads\\\/2026\\\/06\\\/Plant-a-Seed-Logo.png\",\"width\":600,\"height\":600,\"caption\":\"Connecting Communities to the Land\"},\"image\":{\"@id\":\"https:\\\/\\\/seewhatgrows.org\\\/us\\\/#\\\/schema\\\/logo\\\/image\\\/\"}},{\"@type\":\"Person\",\"@id\":\"https:\\\/\\\/seewhatgrows.org\\\/us\\\/#\\\/schema\\\/person\\\/2941b91ddd9a26badc98aadef946056c\",\"name\":\"Dennis Charland\",\"url\":\"https:\\\/\\\/seewhatgrows.org\\\/us\\\/es\\\/author\\\/dennis\\\/\"}]}<\/script>\n<!-- \/ Yoast SEO plugin. -->","yoast_head_json":{"title":"Boost the Self Esteem of a Child with a Disability this Summer","description":"3 steps to turning your family summer vacation into a lasting confidence-builder for a child whose self esteem is challenged by a disability.","robots":{"index":"index","follow":"follow","max-snippet":"max-snippet:-1","max-image-preview":"max-image-preview:large","max-video-preview":"max-video-preview:-1"},"canonical":"https:\/\/seewhatgrows.org\/us\/es\/how-to-boost-the-self-esteem-of-a-child-with-disabilities\/","og_locale":"es_MX","og_type":"article","og_title":"Boost the Self Esteem of a Child with a Disability this Summer","og_description":"3 steps to turning your family summer vacation into a lasting confidence-builder for a child whose self esteem is challenged by a disability.","og_url":"https:\/\/seewhatgrows.org\/us\/es\/how-to-boost-the-self-esteem-of-a-child-with-disabilities\/","og_site_name":"Connecting Communities to the Land","article_published_time":"2025-05-21T18:48:24+00:00","article_modified_time":"2025-05-21T18:48:30+00:00","og_image":[{"width":1200,"height":797,"url":"https:\/\/seewhatgrows.org\/us\/wp-content\/uploads\/2025\/05\/How-to-Boost-the-Self-Esteem-of-a-Child-with-Disabilities.jpg","type":"image\/jpeg"}],"author":"Dennis Charland","twitter_misc":{"Escrito por":"Dennis Charland","Tiempo de lectura":"7 minutos"},"schema":{"@context":"https:\/\/schema.org","@graph":[{"@type":"Article","@id":"https:\/\/seewhatgrows.org\/us\/how-to-boost-the-self-esteem-of-a-child-with-disabilities\/#article","isPartOf":{"@id":"https:\/\/seewhatgrows.org\/us\/how-to-boost-the-self-esteem-of-a-child-with-disabilities\/"},"author":{"name":"Dennis Charland","@id":"https:\/\/seewhatgrows.org\/us\/#\/schema\/person\/2941b91ddd9a26badc98aadef946056c"},"headline":"How to Boost the Self Esteem of a Child with Disabilities","datePublished":"2025-05-21T18:48:24+00:00","dateModified":"2025-05-21T18:48:30+00:00","mainEntityOfPage":{"@id":"https:\/\/seewhatgrows.org\/us\/how-to-boost-the-self-esteem-of-a-child-with-disabilities\/"},"wordCount":1313,"publisher":{"@id":"https:\/\/seewhatgrows.org\/us\/#organization"},"image":{"@id":"https:\/\/seewhatgrows.org\/us\/how-to-boost-the-self-esteem-of-a-child-with-disabilities\/#primaryimage"},"thumbnailUrl":"https:\/\/seewhatgrows.org\/us\/wp-content\/uploads\/2025\/05\/How-to-Boost-the-Self-Esteem-of-a-Child-with-Disabilities.jpg","keywords":["Children with Disabilities","How to Boost the Self Esteem of a Child"],"articleSection":["Blogs"],"inLanguage":"es"},{"@type":"WebPage","@id":"https:\/\/seewhatgrows.org\/us\/how-to-boost-the-self-esteem-of-a-child-with-disabilities\/","url":"https:\/\/seewhatgrows.org\/us\/how-to-boost-the-self-esteem-of-a-child-with-disabilities\/","name":"Boost the Self Esteem of a Child with a Disability this Summer","isPartOf":{"@id":"https:\/\/seewhatgrows.org\/us\/#website"},"primaryImageOfPage":{"@id":"https:\/\/seewhatgrows.org\/us\/how-to-boost-the-self-esteem-of-a-child-with-disabilities\/#primaryimage"},"image":{"@id":"https:\/\/seewhatgrows.org\/us\/how-to-boost-the-self-esteem-of-a-child-with-disabilities\/#primaryimage"},"thumbnailUrl":"https:\/\/seewhatgrows.org\/us\/wp-content\/uploads\/2025\/05\/How-to-Boost-the-Self-Esteem-of-a-Child-with-Disabilities.jpg","datePublished":"2025-05-21T18:48:24+00:00","dateModified":"2025-05-21T18:48:30+00:00","description":"3 steps to turning your family summer vacation into a lasting confidence-builder for a child whose self esteem is challenged by a disability.","breadcrumb":{"@id":"https:\/\/seewhatgrows.org\/us\/how-to-boost-the-self-esteem-of-a-child-with-disabilities\/#breadcrumb"},"inLanguage":"es","potentialAction":[{"@type":"ReadAction","target":["https:\/\/seewhatgrows.org\/us\/how-to-boost-the-self-esteem-of-a-child-with-disabilities\/"]}]},{"@type":"ImageObject","inLanguage":"es","@id":"https:\/\/seewhatgrows.org\/us\/how-to-boost-the-self-esteem-of-a-child-with-disabilities\/#primaryimage","url":"https:\/\/seewhatgrows.org\/us\/wp-content\/uploads\/2025\/05\/How-to-Boost-the-Self-Esteem-of-a-Child-with-Disabilities.jpg","contentUrl":"https:\/\/seewhatgrows.org\/us\/wp-content\/uploads\/2025\/05\/How-to-Boost-the-Self-Esteem-of-a-Child-with-Disabilities.jpg","width":1200,"height":797,"caption":"How to Boost the Self Esteem of a Child with Disabilities"},{"@type":"BreadcrumbList","@id":"https:\/\/seewhatgrows.org\/us\/how-to-boost-the-self-esteem-of-a-child-with-disabilities\/#breadcrumb","itemListElement":[{"@type":"ListItem","position":1,"name":"Home","item":"https:\/\/seewhatgrows.org\/us\/"},{"@type":"ListItem","position":2,"name":"How to Boost the Self Esteem of a Child with Disabilities"}]},{"@type":"WebSite","@id":"https:\/\/seewhatgrows.org\/us\/#website","url":"https:\/\/seewhatgrows.org\/us\/","name":"Conectando a las comunidades con la tierra","description":"Cultivando comunidades m\u00e1s saludables, una semilla a la vez con la Fundaci\u00f3n Plant a Seed &amp; See What Grows","publisher":{"@id":"https:\/\/seewhatgrows.org\/us\/#organization"},"potentialAction":[{"@type":"SearchAction","target":{"@type":"EntryPoint","urlTemplate":"https:\/\/seewhatgrows.org\/us\/?s={search_term_string}"},"query-input":{"@type":"PropertyValueSpecification","valueRequired":true,"valueName":"search_term_string"}}],"inLanguage":"es"},{"@type":"Organization","@id":"https:\/\/seewhatgrows.org\/us\/#organization","name":"Conectando a las comunidades con la tierra","url":"https:\/\/seewhatgrows.org\/us\/","logo":{"@type":"ImageObject","inLanguage":"es","@id":"https:\/\/seewhatgrows.org\/us\/#\/schema\/logo\/image\/","url":"https:\/\/seewhatgrows.org\/us\/wp-content\/uploads\/2026\/06\/Plant-a-Seed-Logo.png","contentUrl":"https:\/\/seewhatgrows.org\/us\/wp-content\/uploads\/2026\/06\/Plant-a-Seed-Logo.png","width":600,"height":600,"caption":"Connecting Communities to the Land"},"image":{"@id":"https:\/\/seewhatgrows.org\/us\/#\/schema\/logo\/image\/"}},{"@type":"Person","@id":"https:\/\/seewhatgrows.org\/us\/#\/schema\/person\/2941b91ddd9a26badc98aadef946056c","name":"Dennis Charland","url":"https:\/\/seewhatgrows.org\/us\/es\/author\/dennis\/"}]}},"_links":{"self":[{"href":"https:\/\/seewhatgrows.org\/us\/es\/wp-json\/wp\/v2\/posts\/400960","targetHints":{"allow":["GET"]}}],"collection":[{"href":"https:\/\/seewhatgrows.org\/us\/es\/wp-json\/wp\/v2\/posts"}],"about":[{"href":"https:\/\/seewhatgrows.org\/us\/es\/wp-json\/wp\/v2\/types\/post"}],"author":[{"embeddable":true,"href":"https:\/\/seewhatgrows.org\/us\/es\/wp-json\/wp\/v2\/users\/3"}],"replies":[{"embeddable":true,"href":"https:\/\/seewhatgrows.org\/us\/es\/wp-json\/wp\/v2\/comments?post=400960"}],"version-history":[{"count":0,"href":"https:\/\/seewhatgrows.org\/us\/es\/wp-json\/wp\/v2\/posts\/400960\/revisions"}],"wp:featuredmedia":[{"embeddable":true,"href":"https:\/\/seewhatgrows.org\/us\/es\/wp-json\/wp\/v2\/media\/400962"}],"wp:attachment":[{"href":"https:\/\/seewhatgrows.org\/us\/es\/wp-json\/wp\/v2\/media?parent=400960"}],"wp:term":[{"taxonomy":"category","embeddable":true,"href":"https:\/\/seewhatgrows.org\/us\/es\/wp-json\/wp\/v2\/categories?post=400960"},{"taxonomy":"post_tag","embeddable":true,"href":"https:\/\/seewhatgrows.org\/us\/es\/wp-json\/wp\/v2\/tags?post=400960"}],"curies":[{"name":"\u00a1Buen juego!","href":"https:\/\/api.w.org\/{rel}","templated":true}]}}