{"id":390082,"date":"2024-08-12T10:36:14","date_gmt":"2024-08-12T17:36:14","guid":{"rendered":"https:\/\/seewhatgrows.org\/?p=390082"},"modified":"2024-08-12T12:08:23","modified_gmt":"2024-08-12T19:08:23","slug":"give-kids-a-voice","status":"publish","type":"post","link":"https:\/\/seewhatgrows.org\/us\/es\/give-kids-a-voice\/","title":{"rendered":"Dale voz a los ni\u00f1os"},"content":{"rendered":"<h1 class=\"wp-block-heading has-text-align-center\"><strong>Dale voz a los ni\u00f1os empoder\u00e1ndoliros para ser escuchados<\/strong><\/h1>\n\n\n\n<figure class=\"wp-block-image aligncenter size-full\"><img loading=\"lazy\" decoding=\"async\" width=\"1200\" height=\"788\" src=\"https:\/\/seewhatgrows.org\/us\/wp-content\/uploads\/2024\/08\/Give-Kids-a-Voice.jpg\" alt=\"Give Kids a Voice\" class=\"wp-image-390084\" srcset=\"https:\/\/seewhatgrows.org\/us\/wp-content\/uploads\/2024\/08\/Give-Kids-a-Voice.jpg 1200w, https:\/\/seewhatgrows.org\/us\/wp-content\/uploads\/2024\/08\/Give-Kids-a-Voice-300x197.jpg 300w, https:\/\/seewhatgrows.org\/us\/wp-content\/uploads\/2024\/08\/Give-Kids-a-Voice-1024x672.jpg 1024w, https:\/\/seewhatgrows.org\/us\/wp-content\/uploads\/2024\/08\/Give-Kids-a-Voice-768x504.jpg 768w, https:\/\/seewhatgrows.org\/us\/wp-content\/uploads\/2024\/08\/Give-Kids-a-Voice-1080x709.jpg 1080w, https:\/\/seewhatgrows.org\/us\/wp-content\/uploads\/2024\/08\/Give-Kids-a-Voice-980x644.jpg 980w, https:\/\/seewhatgrows.org\/us\/wp-content\/uploads\/2024\/08\/Give-Kids-a-Voice-480x315.jpg 480w\" sizes=\"auto, (max-width: 1200px) 100vw, 1200px\" \/><\/figure>\n\n\n\n<p class=\"wp-block-paragraph\">Los ni\u00f1os tienen muchas cosas importantes que decir. Si bien es posible que no posean el vocabulario m\u00e1s profundo, la forma sencilla en que suelen expresar las cosas (a veces sin filtro) suele ser m\u00e1s perspicaz que la de figuras como Plat\u00f3n y S\u00f3crates, y mucho m\u00e1s que nosotros, los adultos de hoy en d\u00eda. Tienen el poder de la inocencia y la capacidad de ver las cosas como deber\u00edan ser, incorruptas por las experiencias que adquirimos a medida que envejecemos. Sin embargo, un n\u00famero excesivo de los valiosos j\u00f3venes de nuestra naci\u00f3n no dicen lo que piensan por miedo a no ser tomados en serio, por la preocupaci\u00f3n sobre lo que otros puedan pensar, o lo peor: por no ser escuchados en absoluto.<\/p>\n\n\n\n<p class=\"wp-block-paragraph\">Como alguien que reconoce el tremendo valor que los ni\u00f1os aportan a la narrativa de los problemas locales, nacionales y globales, deseas empoderar a tus hijos y\/o estudiantes con una voz que no solo sea escuchada, sino que ayude a iniciar un cambio. \u00a1Por favor, lee a continuaci\u00f3n para hacer que esa magia suceda!<\/p>\n\n\n\n<h2 class=\"wp-block-heading\"><strong>3 maneras en que padres y educadores pueden crear un entorno que incentive a los j\u00f3venes a hablar sobre los temas que les importan<\/strong><\/h2>\n\n\n\n<!--more-->\n\n\n\n<hr class=\"wp-block-separator has-alpha-channel-opacity\"\/>\n\n\n\n<h3 class=\"wp-block-heading\"><strong>I. Empoderarlos con una plataforma digital<\/strong><\/h3>\n\n\n\n<p class=\"wp-block-paragraph\">Sabemos que muchos padres y educadores batallan con el nivel de involucramiento que los ni\u00f1os deben tener en las redes sociales. Hubo un tiempo en que muchos recomendaban la abstinencia total de los adolescentes en las redes sociales. Sin embargo, la proliferaci\u00f3n de los medios en l\u00ednea y la inteligencia artificial no va a desaparecer, y si la generaci\u00f3n joven de hoy quiere que su mensaje sea escuchado, debe ocurrir en una proporci\u00f3n significativa en las plataformas digitales. <\/p>\n\n\n\n<p class=\"wp-block-paragraph\">Se alienta a los padres y educadores (con la supervisi\u00f3n de los padres) a crear perfiles digitales con el \u00fanico prop\u00f3sito e intenci\u00f3n de empoderar al ni\u00f1o<strong>\/s <\/strong>con una plataforma para ser escuchados sobre un tema o asunto que les apasiona. La plataforma, ya sea en YouTube o Instagram (etc.) <strong>no debe configurarse como una cuenta personal <\/strong>sino como un canal para visibilizar su causa. Si ser\u00e1n mostrados o escuchados (m\u00e1s sobre esto a continuaci\u00f3n) quedar\u00e1 a discreci\u00f3n del o de los padres y del ni\u00f1o, siempre y cuando se cumplan los requisitos de edad m\u00ednima.<\/p>\n\n\n\n<p class=\"wp-block-paragraph\">Es a trav\u00e9s de este tipo de plataformas que los superni\u00f1os como<strong> Jaylen Arnold<\/strong> (<a href=\"https:\/\/seewhatgrows.org\/us\/es\/teach-kids-to-be-more-inclusive\/\">ver historia<\/a>) y <strong>Samirah Horton<\/strong> (ver m\u00e1s abajo) han podido superar las adversidades y conectarse con otros ni\u00f1os de todo el mundo que enfrentan las mismas situaciones.<\/p>\n\n\n\n<figure class=\"wp-block-embed is-type-video is-provider-youtube wp-block-embed-youtube wp-embed-aspect-16-9 wp-has-aspect-ratio\"><div class=\"wp-block-embed__wrapper\">\n<iframe loading=\"lazy\" title=\"Valiente joven DJ: \u00a1Haci\u00e9ndole frente a los abusadores!\" width=\"800\" height=\"450\" src=\"https:\/\/www.youtube.com\/embed\/WqvFJ-qV7Pw?feature=oembed\" frameborder=\"0\" allow=\"accelerometer; autoplay; clipboard-write; encrypted-media; gyroscope; picture-in-picture; web-share\" referrerpolicy=\"strict-origin-when-cross-origin\" allowfullscreen><\/iframe>\n<\/div><\/figure>\n\n\n\n<figure class=\"wp-block-embed is-type-video is-provider-youtube wp-block-embed-youtube wp-embed-aspect-16-9 wp-has-aspect-ratio\"><div class=\"wp-block-embed__wrapper\">\nhttps:\/\/youtu.be\/g_NyYmLcF6s?si=C5QKmjMNnnXvaUmt\n<\/div><\/figure>\n\n\n\n<h3 class=\"wp-block-heading\"><strong>II. Empoderarlos para canalizar su voz a trav\u00e9s de medios creativos<\/strong><\/h3>\n\n\n\n<p class=\"wp-block-paragraph\">Ciertamente no todos los ni\u00f1os se sienten c\u00f3modos hablando en voz alta para que todos los escuchen. Caramba, tenemos a algunos adultos en el equipo de nuestra propia Fundaci\u00f3n que preferir\u00edan caminar sobre un lecho de gusanos retorcidos antes que hablar frente a un auditorio. Hablar en p\u00fablico no es para todos, y un ni\u00f1o nunca debe sentir que debe abstenerse de ser escuchado por miedo a hablar en p\u00fablico. Algunos prefieren comunicar sus pensamientos y visiones a trav\u00e9s de medios creativos como <strong>arte<\/strong> (dibujar, pintar, esculpir, crear artesan\u00edas), <strong>escritura<\/strong> (poes\u00eda, cuentos cortos), <strong>m\u00fasica<\/strong>, <strong>drama<\/strong>, <strong>baila<\/strong>, y m\u00e1s. <\/p>\n\n\n\n<p class=\"wp-block-paragraph\">Se convoca a los padres y educadores a empoderar a los ni\u00f1os permiti\u00e9ndoles expresar sus ideas de la manera creativa con la que se sientan m\u00e1s c\u00f3modos. Esto animar\u00e1 a un mayor n\u00famero de ni\u00f1os a \u201calzar la voz\u201d, llegar\u00e1 a un p\u00fablico m\u00e1s amplio y ayudar\u00e1 a construir una narrativa m\u00e1s integral sobre un tema determinado (es decir, el acoso escolar, el cambio clim\u00e1tico, etc.). Preg\u00fantele a su hijo o hijos c\u00f3mo prefieren expresarse y d\u00e9jelos volar. Se quedar\u00e1n gratamente sorprendidos por lo que entregar\u00e1n.<\/p>\n\n\n\n<h3 class=\"wp-block-heading\"><strong>III. Mu\u00e9strales que las acciones hablan m\u00e1s que las palabras<\/strong><\/h3>\n\n\n\n<p class=\"wp-block-paragraph\">Otro obst\u00e1culo que bloquea su misi\u00f3n de dar voz a los ni\u00f1os es la inactividad. Con esto nos referimos a que, si sus metas expresadas (es decir, detener el acoso escolar o acabar con el calentamiento global, etc.) no van seguidas de acciones tangibles, no se les alentar\u00e1 a volver a alzar la voz contra un problema. No pensar\u00e1n que usted (padre, madre o educador) los est\u00e1 escuchando realmente. Mu\u00e9streles que su mensaje ser\u00e1 escuchado, incluso si se avecina una lucha cuesta arriba o una batalla para hacer realidad su misi\u00f3n. El viaje puede ser muy gratificante en s\u00ed mismo y les ense\u00f1ar\u00e1 a mantenerse resilientes ante la adversidad.<\/p>\n\n\n\n<p class=\"wp-block-paragraph\">La acci\u00f3n en la que necesitar\u00e1n ayuda puede presentarse en forma de actividades de recaudaci\u00f3n de fondos o el acto de tocar puertas para conseguir firmas para peticiones que se presentar\u00e1n a las juntas escolares y\/o concejos municipales. Puede implicar llamar a los medios locales para que cubran la iniciativa de un ni\u00f1o, o acompa\u00f1arlos sobre el terreno, ya sea para hacer una limpieza semanal de la playa o plantar un jard\u00edn comunitario.<\/p>\n\n\n\n<p class=\"wp-block-paragraph\">Al tomar su \u201cvoz\u201d y traducirla en acci\u00f3n real, fomentar\u00e1s la confianza de que sus palabras (habladas o de otro modo) importan de manera palpable.<\/p>\n\n\n\n<hr class=\"wp-block-separator has-alpha-channel-opacity\"\/>\n\n\n\n<p class=\"wp-block-paragraph\"><\/p>\n\n\n\n<p class=\"wp-block-paragraph\">La Fundaci\u00f3n Plant a Seed &amp; See What Grows trabaja incansablemente para inspirar y promover la salud y el bienestar hol\u00edsticos para los ni\u00f1os en todo Canad\u00e1. \u00a1Ay\u00fadanos a ayudar a la siguiente generaci\u00f3n comprometiendo tu apoyo tambi\u00e9n! Ver m\u00e1s en&nbsp;<a href=\"https:\/\/seewhatgrows.org\/us\/es\/get-involved\/\">c\u00f3mo puedes involucrarte<\/a>.<a href=\"https:\/\/www.youtube.com\/playlist?list=PL0j4Y5FzdqV6rEPj05at3cKrY3IgvuJdx\"><\/a><\/p>","protected":false},"excerpt":{"rendered":"<p>Give Kids a Voice by Empowering Them to be Heard Children have many important things to say. While they may not have the deepest of vocabularies, the simple way they often put things (sometimes bluntly so) is often more insightful than the likes of Plato and Socrates, much less us modern day grown-ups. They have [&hellip;]<\/p>\n","protected":false},"author":3,"featured_media":390084,"comment_status":"closed","ping_status":"closed","sticky":false,"template":"","format":"standard","meta":{"footnotes":""},"categories":[3],"tags":[876],"class_list":["post-390082","post","type-post","status-publish","format-standard","has-post-thumbnail","hentry","category-blogs","tag-give-kids-a-voice"],"yoast_head":"<!-- This site is optimized with the Yoast SEO plugin v28.4 - https:\/\/yoast.com\/product\/yoast-seo-wordpress\/ -->\n<title>Give Kids a Voice by Empowering Them to be Heard<\/title>\n<meta name=\"description\" content=\"3 powerful ways parents and educators can create an environment that will encourage youth to speak up about issues they care about.\" \/>\n<meta name=\"robots\" content=\"index, follow, max-snippet:-1, max-image-preview:large, max-video-preview:-1\" \/>\n<link rel=\"canonical\" href=\"https:\/\/seewhatgrows.org\/us\/es\/give-kids-a-voice\/\" \/>\n<meta property=\"og:locale\" content=\"es_MX\" \/>\n<meta property=\"og:type\" content=\"article\" \/>\n<meta property=\"og:title\" content=\"Give Kids a Voice by Empowering Them to be Heard\" \/>\n<meta property=\"og:description\" content=\"3 powerful ways parents and educators can create an environment that will encourage youth to speak up about issues they care about.\" \/>\n<meta property=\"og:url\" content=\"https:\/\/seewhatgrows.org\/us\/es\/give-kids-a-voice\/\" \/>\n<meta property=\"og:site_name\" content=\"Connecting Communities to the Land\" \/>\n<meta property=\"article:published_time\" content=\"2024-08-12T17:36:14+00:00\" \/>\n<meta property=\"article:modified_time\" content=\"2024-08-12T19:08:23+00:00\" \/>\n<meta property=\"og:image\" content=\"https:\/\/seewhatgrows.org\/us\/wp-content\/uploads\/2024\/08\/Give-Kids-a-Voice.jpg\" \/>\n\t<meta property=\"og:image:width\" content=\"1200\" \/>\n\t<meta property=\"og:image:height\" content=\"788\" \/>\n\t<meta property=\"og:image:type\" content=\"image\/jpeg\" \/>\n<meta name=\"author\" content=\"Dennis Charland\" \/>\n<meta name=\"twitter:label1\" content=\"Escrito por\" \/>\n\t<meta name=\"twitter:data1\" content=\"Dennis Charland\" \/>\n\t<meta name=\"twitter:label2\" content=\"Tiempo de lectura\" \/>\n\t<meta name=\"twitter:data2\" content=\"4 minutos\" \/>\n<script type=\"application\/ld+json\" class=\"yoast-schema-graph\">{\"@context\":\"https:\\\/\\\/schema.org\",\"@graph\":[{\"@type\":\"Article\",\"@id\":\"https:\\\/\\\/seewhatgrows.org\\\/us\\\/give-kids-a-voice\\\/#article\",\"isPartOf\":{\"@id\":\"https:\\\/\\\/seewhatgrows.org\\\/us\\\/give-kids-a-voice\\\/\"},\"author\":{\"name\":\"Dennis Charland\",\"@id\":\"https:\\\/\\\/seewhatgrows.org\\\/us\\\/#\\\/schema\\\/person\\\/2941b91ddd9a26badc98aadef946056c\"},\"headline\":\"Give Kids a Voice\",\"datePublished\":\"2024-08-12T17:36:14+00:00\",\"dateModified\":\"2024-08-12T19:08:23+00:00\",\"mainEntityOfPage\":{\"@id\":\"https:\\\/\\\/seewhatgrows.org\\\/us\\\/give-kids-a-voice\\\/\"},\"wordCount\":845,\"publisher\":{\"@id\":\"https:\\\/\\\/seewhatgrows.org\\\/us\\\/#organization\"},\"image\":{\"@id\":\"https:\\\/\\\/seewhatgrows.org\\\/us\\\/give-kids-a-voice\\\/#primaryimage\"},\"thumbnailUrl\":\"https:\\\/\\\/seewhatgrows.org\\\/us\\\/wp-content\\\/uploads\\\/2024\\\/08\\\/Give-Kids-a-Voice.jpg\",\"keywords\":[\"Give Kids a Voice\"],\"articleSection\":[\"Blogs\"],\"inLanguage\":\"es\"},{\"@type\":\"WebPage\",\"@id\":\"https:\\\/\\\/seewhatgrows.org\\\/us\\\/give-kids-a-voice\\\/\",\"url\":\"https:\\\/\\\/seewhatgrows.org\\\/us\\\/give-kids-a-voice\\\/\",\"name\":\"Give Kids a Voice by Empowering Them to be Heard\",\"isPartOf\":{\"@id\":\"https:\\\/\\\/seewhatgrows.org\\\/us\\\/#website\"},\"primaryImageOfPage\":{\"@id\":\"https:\\\/\\\/seewhatgrows.org\\\/us\\\/give-kids-a-voice\\\/#primaryimage\"},\"image\":{\"@id\":\"https:\\\/\\\/seewhatgrows.org\\\/us\\\/give-kids-a-voice\\\/#primaryimage\"},\"thumbnailUrl\":\"https:\\\/\\\/seewhatgrows.org\\\/us\\\/wp-content\\\/uploads\\\/2024\\\/08\\\/Give-Kids-a-Voice.jpg\",\"datePublished\":\"2024-08-12T17:36:14+00:00\",\"dateModified\":\"2024-08-12T19:08:23+00:00\",\"description\":\"3 powerful ways parents and educators can create an environment that will encourage youth to speak up about issues they care about.\",\"breadcrumb\":{\"@id\":\"https:\\\/\\\/seewhatgrows.org\\\/us\\\/give-kids-a-voice\\\/#breadcrumb\"},\"inLanguage\":\"es\",\"potentialAction\":[{\"@type\":\"ReadAction\",\"target\":[\"https:\\\/\\\/seewhatgrows.org\\\/us\\\/give-kids-a-voice\\\/\"]}]},{\"@type\":\"ImageObject\",\"inLanguage\":\"es\",\"@id\":\"https:\\\/\\\/seewhatgrows.org\\\/us\\\/give-kids-a-voice\\\/#primaryimage\",\"url\":\"https:\\\/\\\/seewhatgrows.org\\\/us\\\/wp-content\\\/uploads\\\/2024\\\/08\\\/Give-Kids-a-Voice.jpg\",\"contentUrl\":\"https:\\\/\\\/seewhatgrows.org\\\/us\\\/wp-content\\\/uploads\\\/2024\\\/08\\\/Give-Kids-a-Voice.jpg\",\"width\":1200,\"height\":788,\"caption\":\"Give Kids a Voice\"},{\"@type\":\"BreadcrumbList\",\"@id\":\"https:\\\/\\\/seewhatgrows.org\\\/us\\\/give-kids-a-voice\\\/#breadcrumb\",\"itemListElement\":[{\"@type\":\"ListItem\",\"position\":1,\"name\":\"Home\",\"item\":\"https:\\\/\\\/seewhatgrows.org\\\/us\\\/\"},{\"@type\":\"ListItem\",\"position\":2,\"name\":\"Give Kids a Voice\"}]},{\"@type\":\"WebSite\",\"@id\":\"https:\\\/\\\/seewhatgrows.org\\\/us\\\/#website\",\"url\":\"https:\\\/\\\/seewhatgrows.org\\\/us\\\/\",\"name\":\"Connecting Communities to the Land\",\"description\":\"Growing healthier communities, one seed at a time with Plant a Seed &amp; See What Grows Foundation\",\"publisher\":{\"@id\":\"https:\\\/\\\/seewhatgrows.org\\\/us\\\/#organization\"},\"potentialAction\":[{\"@type\":\"SearchAction\",\"target\":{\"@type\":\"EntryPoint\",\"urlTemplate\":\"https:\\\/\\\/seewhatgrows.org\\\/us\\\/?s={search_term_string}\"},\"query-input\":{\"@type\":\"PropertyValueSpecification\",\"valueRequired\":true,\"valueName\":\"search_term_string\"}}],\"inLanguage\":\"es\"},{\"@type\":\"Organization\",\"@id\":\"https:\\\/\\\/seewhatgrows.org\\\/us\\\/#organization\",\"name\":\"Connecting Communities to the Land\",\"url\":\"https:\\\/\\\/seewhatgrows.org\\\/us\\\/\",\"logo\":{\"@type\":\"ImageObject\",\"inLanguage\":\"es\",\"@id\":\"https:\\\/\\\/seewhatgrows.org\\\/us\\\/#\\\/schema\\\/logo\\\/image\\\/\",\"url\":\"https:\\\/\\\/seewhatgrows.org\\\/us\\\/wp-content\\\/uploads\\\/2026\\\/06\\\/Plant-a-Seed-Logo.png\",\"contentUrl\":\"https:\\\/\\\/seewhatgrows.org\\\/us\\\/wp-content\\\/uploads\\\/2026\\\/06\\\/Plant-a-Seed-Logo.png\",\"width\":600,\"height\":600,\"caption\":\"Connecting Communities to the Land\"},\"image\":{\"@id\":\"https:\\\/\\\/seewhatgrows.org\\\/us\\\/#\\\/schema\\\/logo\\\/image\\\/\"}},{\"@type\":\"Person\",\"@id\":\"https:\\\/\\\/seewhatgrows.org\\\/us\\\/#\\\/schema\\\/person\\\/2941b91ddd9a26badc98aadef946056c\",\"name\":\"Dennis Charland\",\"url\":\"https:\\\/\\\/seewhatgrows.org\\\/us\\\/es\\\/author\\\/dennis\\\/\"}]}<\/script>\n<!-- \/ Yoast SEO plugin. -->","yoast_head_json":{"title":"Dale voz a los ni\u00f1os empoder\u00e1ndoliros para ser escuchados","description":"3 powerful ways parents and educators can create an environment that will encourage youth to speak up about issues they care about.","robots":{"index":"index","follow":"follow","max-snippet":"max-snippet:-1","max-image-preview":"max-image-preview:large","max-video-preview":"max-video-preview:-1"},"canonical":"https:\/\/seewhatgrows.org\/us\/es\/give-kids-a-voice\/","og_locale":"es_MX","og_type":"article","og_title":"Give Kids a Voice by Empowering Them to be Heard","og_description":"3 powerful ways parents and educators can create an environment that will encourage youth to speak up about issues they care about.","og_url":"https:\/\/seewhatgrows.org\/us\/es\/give-kids-a-voice\/","og_site_name":"Connecting Communities to the Land","article_published_time":"2024-08-12T17:36:14+00:00","article_modified_time":"2024-08-12T19:08:23+00:00","og_image":[{"width":1200,"height":788,"url":"https:\/\/seewhatgrows.org\/us\/wp-content\/uploads\/2024\/08\/Give-Kids-a-Voice.jpg","type":"image\/jpeg"}],"author":"Dennis Charland","twitter_misc":{"Escrito por":"Dennis Charland","Tiempo de lectura":"4 minutos"},"schema":{"@context":"https:\/\/schema.org","@graph":[{"@type":"Article","@id":"https:\/\/seewhatgrows.org\/us\/give-kids-a-voice\/#article","isPartOf":{"@id":"https:\/\/seewhatgrows.org\/us\/give-kids-a-voice\/"},"author":{"name":"Dennis Charland","@id":"https:\/\/seewhatgrows.org\/us\/#\/schema\/person\/2941b91ddd9a26badc98aadef946056c"},"headline":"Give Kids a Voice","datePublished":"2024-08-12T17:36:14+00:00","dateModified":"2024-08-12T19:08:23+00:00","mainEntityOfPage":{"@id":"https:\/\/seewhatgrows.org\/us\/give-kids-a-voice\/"},"wordCount":845,"publisher":{"@id":"https:\/\/seewhatgrows.org\/us\/#organization"},"image":{"@id":"https:\/\/seewhatgrows.org\/us\/give-kids-a-voice\/#primaryimage"},"thumbnailUrl":"https:\/\/seewhatgrows.org\/us\/wp-content\/uploads\/2024\/08\/Give-Kids-a-Voice.jpg","keywords":["Give Kids a Voice"],"articleSection":["Blogs"],"inLanguage":"es"},{"@type":"WebPage","@id":"https:\/\/seewhatgrows.org\/us\/give-kids-a-voice\/","url":"https:\/\/seewhatgrows.org\/us\/give-kids-a-voice\/","name":"Dale voz a los ni\u00f1os empoder\u00e1ndoliros para ser escuchados","isPartOf":{"@id":"https:\/\/seewhatgrows.org\/us\/#website"},"primaryImageOfPage":{"@id":"https:\/\/seewhatgrows.org\/us\/give-kids-a-voice\/#primaryimage"},"image":{"@id":"https:\/\/seewhatgrows.org\/us\/give-kids-a-voice\/#primaryimage"},"thumbnailUrl":"https:\/\/seewhatgrows.org\/us\/wp-content\/uploads\/2024\/08\/Give-Kids-a-Voice.jpg","datePublished":"2024-08-12T17:36:14+00:00","dateModified":"2024-08-12T19:08:23+00:00","description":"3 powerful ways parents and educators can create an environment that will encourage youth to speak up about issues they care about.","breadcrumb":{"@id":"https:\/\/seewhatgrows.org\/us\/give-kids-a-voice\/#breadcrumb"},"inLanguage":"es","potentialAction":[{"@type":"ReadAction","target":["https:\/\/seewhatgrows.org\/us\/give-kids-a-voice\/"]}]},{"@type":"ImageObject","inLanguage":"es","@id":"https:\/\/seewhatgrows.org\/us\/give-kids-a-voice\/#primaryimage","url":"https:\/\/seewhatgrows.org\/us\/wp-content\/uploads\/2024\/08\/Give-Kids-a-Voice.jpg","contentUrl":"https:\/\/seewhatgrows.org\/us\/wp-content\/uploads\/2024\/08\/Give-Kids-a-Voice.jpg","width":1200,"height":788,"caption":"Give Kids a Voice"},{"@type":"BreadcrumbList","@id":"https:\/\/seewhatgrows.org\/us\/give-kids-a-voice\/#breadcrumb","itemListElement":[{"@type":"ListItem","position":1,"name":"Home","item":"https:\/\/seewhatgrows.org\/us\/"},{"@type":"ListItem","position":2,"name":"Give Kids a Voice"}]},{"@type":"WebSite","@id":"https:\/\/seewhatgrows.org\/us\/#website","url":"https:\/\/seewhatgrows.org\/us\/","name":"Conectando a las comunidades con la tierra","description":"Cultivando comunidades m\u00e1s saludables, una semilla a la vez con la Fundaci\u00f3n Plant a Seed &amp; See What Grows","publisher":{"@id":"https:\/\/seewhatgrows.org\/us\/#organization"},"potentialAction":[{"@type":"SearchAction","target":{"@type":"EntryPoint","urlTemplate":"https:\/\/seewhatgrows.org\/us\/?s={search_term_string}"},"query-input":{"@type":"PropertyValueSpecification","valueRequired":true,"valueName":"search_term_string"}}],"inLanguage":"es"},{"@type":"Organization","@id":"https:\/\/seewhatgrows.org\/us\/#organization","name":"Conectando a las comunidades con la tierra","url":"https:\/\/seewhatgrows.org\/us\/","logo":{"@type":"ImageObject","inLanguage":"es","@id":"https:\/\/seewhatgrows.org\/us\/#\/schema\/logo\/image\/","url":"https:\/\/seewhatgrows.org\/us\/wp-content\/uploads\/2026\/06\/Plant-a-Seed-Logo.png","contentUrl":"https:\/\/seewhatgrows.org\/us\/wp-content\/uploads\/2026\/06\/Plant-a-Seed-Logo.png","width":600,"height":600,"caption":"Connecting Communities to the Land"},"image":{"@id":"https:\/\/seewhatgrows.org\/us\/#\/schema\/logo\/image\/"}},{"@type":"Person","@id":"https:\/\/seewhatgrows.org\/us\/#\/schema\/person\/2941b91ddd9a26badc98aadef946056c","name":"Dennis Charland","url":"https:\/\/seewhatgrows.org\/us\/es\/author\/dennis\/"}]}},"_links":{"self":[{"href":"https:\/\/seewhatgrows.org\/us\/es\/wp-json\/wp\/v2\/posts\/390082","targetHints":{"allow":["GET"]}}],"collection":[{"href":"https:\/\/seewhatgrows.org\/us\/es\/wp-json\/wp\/v2\/posts"}],"about":[{"href":"https:\/\/seewhatgrows.org\/us\/es\/wp-json\/wp\/v2\/types\/post"}],"author":[{"embeddable":true,"href":"https:\/\/seewhatgrows.org\/us\/es\/wp-json\/wp\/v2\/users\/3"}],"replies":[{"embeddable":true,"href":"https:\/\/seewhatgrows.org\/us\/es\/wp-json\/wp\/v2\/comments?post=390082"}],"version-history":[{"count":0,"href":"https:\/\/seewhatgrows.org\/us\/es\/wp-json\/wp\/v2\/posts\/390082\/revisions"}],"wp:featuredmedia":[{"embeddable":true,"href":"https:\/\/seewhatgrows.org\/us\/es\/wp-json\/wp\/v2\/media\/390084"}],"wp:attachment":[{"href":"https:\/\/seewhatgrows.org\/us\/es\/wp-json\/wp\/v2\/media?parent=390082"}],"wp:term":[{"taxonomy":"category","embeddable":true,"href":"https:\/\/seewhatgrows.org\/us\/es\/wp-json\/wp\/v2\/categories?post=390082"},{"taxonomy":"post_tag","embeddable":true,"href":"https:\/\/seewhatgrows.org\/us\/es\/wp-json\/wp\/v2\/tags?post=390082"}],"curies":[{"name":"\u00a1Buen juego!","href":"https:\/\/api.w.org\/{rel}","templated":true}]}}