{"id":382727,"date":"2024-05-19T10:10:25","date_gmt":"2024-05-19T17:10:25","guid":{"rendered":"https:\/\/seewhatgrows.org\/?p=382727"},"modified":"2024-05-19T10:10:26","modified_gmt":"2024-05-19T17:10:26","slug":"teaching-kids-to-rethink-before-reacting","status":"publish","type":"post","link":"https:\/\/seewhatgrows.org\/us\/es\/teaching-kids-to-rethink-before-reacting\/","title":{"rendered":"Ense\u00f1ar a los ni\u00f1os a reflexionar antes de reaccionar"},"content":{"rendered":"<h1 class=\"wp-block-heading has-text-align-center\"><strong>Ense\u00f1ar a los ni\u00f1os a reflexionar antes de reaccionar<\/strong><\/h1>\n\n\n\n<figure class=\"wp-block-image aligncenter size-full\"><img loading=\"lazy\" decoding=\"async\" width=\"1200\" height=\"633\" src=\"https:\/\/seewhatgrows.org\/us\/wp-content\/uploads\/2024\/05\/Teaching-Kids-to-Rethink-Before-Reacting-and-Acting-Negatively.jpg\" alt=\"Teaching Kids to Rethink Before Reacting and Acting Negatively\" class=\"wp-image-382734\" srcset=\"https:\/\/seewhatgrows.org\/us\/wp-content\/uploads\/2024\/05\/Teaching-Kids-to-Rethink-Before-Reacting-and-Acting-Negatively.jpg 1200w, https:\/\/seewhatgrows.org\/us\/wp-content\/uploads\/2024\/05\/Teaching-Kids-to-Rethink-Before-Reacting-and-Acting-Negatively-300x158.jpg 300w, https:\/\/seewhatgrows.org\/us\/wp-content\/uploads\/2024\/05\/Teaching-Kids-to-Rethink-Before-Reacting-and-Acting-Negatively-1024x540.jpg 1024w, https:\/\/seewhatgrows.org\/us\/wp-content\/uploads\/2024\/05\/Teaching-Kids-to-Rethink-Before-Reacting-and-Acting-Negatively-768x405.jpg 768w, https:\/\/seewhatgrows.org\/us\/wp-content\/uploads\/2024\/05\/Teaching-Kids-to-Rethink-Before-Reacting-and-Acting-Negatively-1080x570.jpg 1080w, https:\/\/seewhatgrows.org\/us\/wp-content\/uploads\/2024\/05\/Teaching-Kids-to-Rethink-Before-Reacting-and-Acting-Negatively-980x517.jpg 980w, https:\/\/seewhatgrows.org\/us\/wp-content\/uploads\/2024\/05\/Teaching-Kids-to-Rethink-Before-Reacting-and-Acting-Negatively-480x253.jpg 480w\" sizes=\"auto, (max-width: 1200px) 100vw, 1200px\" \/><\/figure>\n\n\n\n<p class=\"wp-block-paragraph\">Los ni\u00f1os est\u00e1n bendecidos con tantos rasgos incre\u00edbles que <a href=\"https:\/\/seewhatgrows.org\/us\/es\/how-kids-can-change-the-world\/\">puede ayudarles a cambiar el mundo<\/a> para bien. Estos incluyen (entre otros) un sentido de asombro, optimismo, creatividad y una imaginaci\u00f3n desatada que no conoce l\u00edmites. Nos superan a los adultos en much\u00edsimas categor\u00edas. Sin embargo, les falta una cosa importante que nosotros s\u00ed tenemos: l\u00f3bulos frontales completamente desarrollados. El l\u00f3bulo frontal es responsable de las funciones cognitivas superiores como\u00a0<strong>respuestas emocionales a situaciones \/ interacciones y control de impulsos<\/strong>. Como el l\u00f3bulo frontal es la \u00faltima parte del cerebro en desarrollarse, los adolescentes tienen mayor dificultad con las tareas mentales que implican pensar con claridad, la toma de decisiones y el control de los impulsos. Mientras tanto, la parte impulsiva del cerebro est\u00e1 casi completamente desarrollada en la adolescencia. El resultado es un c\u00f3ctel cognitivo que generalmente es responsable de lo que los adultos llaman \u201cportarse mal\u201d o \"desmandarse\". Como sabe, esto puede manifestarse en palabras y acciones da\u00f1inas e hirientes hacia los dem\u00e1s.<\/p>\n\n\n\n<p class=\"wp-block-paragraph\">Si bien algunos padres, maestros y otros miembros del club de los l\u00f3bulos frontales atribuyen la conducta impulsiva a que \u201clos ni\u00f1os son ni\u00f1os\u201d, se pueden tomar medidas para mitigar la impetuosidad de manera preventiva (en lugar de punitiva). \u00a1Contin\u00fae leyendo para saber m\u00e1s!<\/p>\n\n\n\n<h2 class=\"wp-block-heading\"><strong>C\u00f3mo ayudar a sus hijos a recapacitar antes de reaccionar impulsivamente y usar palabras y acciones de forma negativa<\/strong><\/h2>\n\n\n\n<!--more-->\n\n\n\n<hr class=\"wp-block-separator has-alpha-channel-opacity\"\/>\n\n\n\n<p class=\"wp-block-paragraph\"><\/p>\n\n\n\n<h3 class=\"wp-block-heading\"><strong>Aplicando eficazmente la regla de oro<\/strong><\/h3>\n\n\n\n<p class=\"wp-block-paragraph\">Hay variaciones en la forma en que se pronuncian las palabras, pero la esencia de <em>\u201cTrata a los dem\u00e1s como te gustar\u00eda que te trataran a ti\u201d <\/em>(tambi\u00e9n conocida como la Regla de Oro) sigue siendo tan cierta hoy como cuando sali\u00f3 a la luz por primera vez hace m\u00e1s de un milenio. Es la base de cualquier estrategia para alentar a los ni\u00f1os a reconsiderar cualquier cosa que est\u00e9n a punto de hacer y que pueda afectar a otros (familiares, amigos, compa\u00f1eros de clase). Para garantizar que se emplee la Regla de Oro cuando los ni\u00f1os se enfrentan a un desaf\u00edo, p\u00eddales que consideren lo siguiente antes de actuar de cualquier manera:<\/p>\n\n\n\n<p class=\"wp-block-paragraph\"><strong>S\u00e9 observador<\/strong> \u2013 P\u00eddales que est\u00e9n conscientes de las situaciones relacionadas con las personas con las que interact\u00faan. Por ejemplo, pueden notar que un compa\u00f1ero de clase se desanima al participar en una actividad o al practicar un deporte junto a ellos en la clase de educaci\u00f3n f\u00edsica o en un juego extracurricular. Dicha observaci\u00f3n conduce al siguiente nivel en la aplicaci\u00f3n de la regla de oro.<\/p>\n\n\n\n<p class=\"wp-block-paragraph\"><strong>S\u00e9 emp\u00e1tico<\/strong> \u2013 Una vez que se ha identificado la lucha de un hermano, amigo o compa\u00f1ero de clase (etc.), p\u00eddale a su hijo que se imagine en esa misma posici\u00f3n. P\u00eddase que considere cu\u00e1nto significar\u00eda para \u00e9l o ella que un compa\u00f1ero le ofreciera apoyo, en lugar de unirse a otros que puedan re\u00edrse o burlarse. Esto har\u00e1 que replantee una respuesta y encuentre una m\u00e1s positiva y emp\u00e1tica.<\/p>\n\n\n\n<p class=\"wp-block-paragraph\"><strong>S\u00e9 flexible<\/strong> \u2013 Recu\u00e9rdele a su hijo que todos somos diferentes y que reaccionaremos de manera distinta ante su llamado a la acci\u00f3n emp\u00e1tico. A lo que su hijo responder\u00eda bien podr\u00eda no ser lo mismo que su compa\u00f1ero desear\u00eda que se hiciera por \u00e9l. Su hijo debe aprender a considerar un curso de acci\u00f3n o reacci\u00f3n que los dem\u00e1s aprecien m\u00e1s. Esto incluye desarrollar una comprensi\u00f3n de diversas capacidades, culturas y etnias. Esto puede ser un desaf\u00edo de entender para los ni\u00f1os m\u00e1s peque\u00f1os, pero la participaci\u00f3n en programas (<a href=\"https:\/\/seewhatgrows.org\/us\/es\/how-to-make-your-community-school-garden-even-more-inclusive\/\">como los huertos escolares<\/a>que fomentan un entorno de accesibilidad y diversidad sentar\u00e1n las bases para un mayor aprecio y compasi\u00f3n hacia los dem\u00e1s.<\/p>\n\n\n\n<h3 class=\"wp-block-heading\"><strong>Recursos digitales<\/strong><\/h3>\n\n\n\n<figure class=\"wp-block-embed aligncenter is-type-video is-provider-youtube wp-block-embed-youtube wp-embed-aspect-16-9 wp-has-aspect-ratio\"><div class=\"wp-block-embed__wrapper\">\n<iframe loading=\"lazy\" title=\"La aplicaci\u00f3n que te hace replantearte las cosas\" width=\"800\" height=\"450\" src=\"https:\/\/www.youtube.com\/embed\/LQDuDIDykaE?feature=oembed\" frameborder=\"0\" allow=\"accelerometer; autoplay; clipboard-write; encrypted-media; gyroscope; picture-in-picture; web-share\" referrerpolicy=\"strict-origin-when-cross-origin\" allowfullscreen><\/iframe>\n<\/div><\/figure>\n\n\n\n<p class=\"wp-block-paragraph\">Los ni\u00f1os de hoy en d\u00eda tienen que lidiar con consecuencias totalmente nuevas para sus actos. Pr\u00e1cticamente todo llega a internet, lo que hoy en d\u00eda, por desgracia, incluye palabras hirientes e im\u00e1genes o videos acompa\u00f1antes sobre otros. Esto no solo lastima a las partes afectadas, sino que a la larga da\u00f1a a quienes iniciaron y participaron en el ciberacoso. Cuando se trata de ni\u00f1os, ambos bandos son v\u00edctimas de una cultura que se ha fomentado en el mundo actual.<\/p>\n\n\n\n<p class=\"wp-block-paragraph\">Para parafrasear una cita de Erica Albright en The Social Network:\u00a0<strong>Internet no est\u00e1 escrito con l\u00e1piz, est\u00e1 escrito con tinta<\/strong>\u2018. Para ayudar a los j\u00f3venes a aceptar esto, <strong>se debe formar un comportamiento habitual<\/strong> que los obliga a repensar cualquier cosa que compartan en las redes sociales. Es importante combatir el fuego con fuego, o en este caso, el software con software. En <a href=\"https:\/\/seewhatgrows.org\/us\/es\/kids-corner\/\">El rinc\u00f3n de nuestros ni\u00f1os<\/a> recentemente publicamos un video que destaca un incre\u00edble invento digital de Trisha Prabhu. Como indica el video de arriba, Trisha cre\u00f3 el <strong>Aplicaci\u00f3n ReThink<\/strong> (para <a href=\"https:\/\/apps.apple.com\/us\/app\/rethink-stop-cyberbullying\/id1035161775\">Apple<\/a> y <a href=\"https:\/\/play.google.com\/store\/apps\/details?id=com.rethink.app.rethinkkeyboard&amp;hl=en_CA&amp;gl=US&amp;pli=1\">Google<\/a>para alentar literalmente a los j\u00f3venes a reconsiderar los textos y publicaciones potencialmente da\u00f1inos que hacen en las redes sociales. Lo hace reconociendo palabras clave \u201cnegativas\u201d en un texto o publicaci\u00f3n, e inicia una alerta del tipo \u201c\u00bfest\u00e1s seguro?\u201d dirigida al usuario, antes de publicar el contenido. En \u00faltima instancia, la intenci\u00f3n de la aplicaci\u00f3n (u otras similares) es iniciar un cambio de comportamiento beneficial que se convierta en una etiqueta permanente que los ni\u00f1os puedan llevar hasta la adultez.<\/p>\n\n\n\n<hr class=\"wp-block-separator has-alpha-channel-opacity\"\/>\n\n\n\n<p class=\"wp-block-paragraph\">La Fundaci\u00f3n Plant a Seed &amp; See What Grows trabaja incansablemente para inspirar y promover una vida y un aprendizaje saludables para los ni\u00f1os en todo Canad\u00e1. \u00a1Ay\u00fadanos a ayudar a la pr\u00f3xima generaci\u00f3n comprometiendo tambi\u00e9n tu apoyo! Ver m\u00e1s en\u00a0<a href=\"https:\/\/seewhatgrows.org\/us\/es\/get-involved\/\">c\u00f3mo puedes involucrarte<\/a>.<\/p>\n\n\n\n<figure class=\"wp-block-image size-large\"><img loading=\"lazy\" decoding=\"async\" width=\"1024\" height=\"509\" src=\"https:\/\/seewhatgrows.org\/us\/wp-content\/uploads\/2024\/05\/Teaching-Kids-to-Rethink-Before-Reacting-1024x509.jpg\" alt=\"Teaching-Kids-to-Rethink-Before-Reacting\" class=\"wp-image-382735\" srcset=\"https:\/\/seewhatgrows.org\/us\/wp-content\/uploads\/2024\/05\/Teaching-Kids-to-Rethink-Before-Reacting-1024x509.jpg 1024w, https:\/\/seewhatgrows.org\/us\/wp-content\/uploads\/2024\/05\/Teaching-Kids-to-Rethink-Before-Reacting-300x149.jpg 300w, https:\/\/seewhatgrows.org\/us\/wp-content\/uploads\/2024\/05\/Teaching-Kids-to-Rethink-Before-Reacting-768x381.jpg 768w, https:\/\/seewhatgrows.org\/us\/wp-content\/uploads\/2024\/05\/Teaching-Kids-to-Rethink-Before-Reacting-1080x536.jpg 1080w, https:\/\/seewhatgrows.org\/us\/wp-content\/uploads\/2024\/05\/Teaching-Kids-to-Rethink-Before-Reacting-980x487.jpg 980w, https:\/\/seewhatgrows.org\/us\/wp-content\/uploads\/2024\/05\/Teaching-Kids-to-Rethink-Before-Reacting-480x238.jpg 480w, https:\/\/seewhatgrows.org\/us\/wp-content\/uploads\/2024\/05\/Teaching-Kids-to-Rethink-Before-Reacting.jpg 1200w\" sizes=\"auto, (max-width: 1024px) 100vw, 1024px\" \/><\/figure>\n\n\n\n<p class=\"wp-block-paragraph\"><a href=\"https:\/\/www.youtube.com\/playlist?list=PL0j4Y5FzdqV6rEPj05at3cKrY3IgvuJdx\"><\/a><a href=\"https:\/\/www.youtube.com\/playlist?list=PL0j4Y5FzdqV6rEPj05at3cKrY3IgvuJdx\"><\/a><\/p>","protected":false},"excerpt":{"rendered":"<p>Teaching Kids to Rethink Before Reacting Kids are blessed with so many incredible traits that can help them change the world for the better. These include (but are not exclusive to) a sense of wonder, optimism, creativity, and an untethered imagination that knows no limits. They have us grownups beat in so many categories. However, [&hellip;]<\/p>\n","protected":false},"author":3,"featured_media":382734,"comment_status":"closed","ping_status":"closed","sticky":false,"template":"","format":"standard","meta":{"footnotes":""},"categories":[3],"tags":[827,826],"class_list":["post-382727","post","type-post","status-publish","format-standard","has-post-thumbnail","hentry","category-blogs","tag-how-to-rethink","tag-teaching-kids-to-rethink"],"yoast_head":"<!-- This site is optimized with the Yoast SEO plugin v28.4 - https:\/\/yoast.com\/product\/yoast-seo-wordpress\/ -->\n<title>Teaching Kids to Rethink Before Reacting and Acting Negatively<\/title>\n<meta name=\"description\" content=\"How to help your kids rethink before they react and use words and actions in a negative way, from Plant a Seed and See What Grows.\" \/>\n<meta name=\"robots\" content=\"index, follow, max-snippet:-1, max-image-preview:large, max-video-preview:-1\" \/>\n<link rel=\"canonical\" href=\"https:\/\/seewhatgrows.org\/us\/es\/teaching-kids-to-rethink-before-reacting\/\" \/>\n<meta property=\"og:locale\" content=\"es_MX\" \/>\n<meta property=\"og:type\" content=\"article\" \/>\n<meta property=\"og:title\" content=\"Teaching Kids to Rethink Before Reacting and Acting Negatively\" \/>\n<meta property=\"og:description\" content=\"How to help your kids rethink before they react and use words and actions in a negative way, from Plant a Seed and See What Grows.\" \/>\n<meta property=\"og:url\" content=\"https:\/\/seewhatgrows.org\/us\/es\/teaching-kids-to-rethink-before-reacting\/\" \/>\n<meta property=\"og:site_name\" content=\"Connecting Communities to the Land\" \/>\n<meta property=\"article:published_time\" content=\"2024-05-19T17:10:25+00:00\" \/>\n<meta property=\"article:modified_time\" content=\"2024-05-19T17:10:26+00:00\" \/>\n<meta property=\"og:image\" content=\"https:\/\/seewhatgrows.org\/us\/wp-content\/uploads\/2024\/05\/Teaching-Kids-to-Rethink-Before-Reacting-and-Acting-Negatively.jpg\" \/>\n\t<meta property=\"og:image:width\" content=\"1200\" \/>\n\t<meta property=\"og:image:height\" content=\"633\" \/>\n\t<meta property=\"og:image:type\" content=\"image\/jpeg\" \/>\n<meta name=\"author\" content=\"Dennis Charland\" \/>\n<meta name=\"twitter:label1\" content=\"Escrito por\" \/>\n\t<meta name=\"twitter:data1\" content=\"Dennis Charland\" \/>\n\t<meta name=\"twitter:label2\" content=\"Tiempo de lectura\" \/>\n\t<meta name=\"twitter:data2\" content=\"5 minutos\" \/>\n<script type=\"application\/ld+json\" class=\"yoast-schema-graph\">{\"@context\":\"https:\\\/\\\/schema.org\",\"@graph\":[{\"@type\":\"Article\",\"@id\":\"https:\\\/\\\/seewhatgrows.org\\\/us\\\/teaching-kids-to-rethink-before-reacting\\\/#article\",\"isPartOf\":{\"@id\":\"https:\\\/\\\/seewhatgrows.org\\\/us\\\/teaching-kids-to-rethink-before-reacting\\\/\"},\"author\":{\"name\":\"Dennis Charland\",\"@id\":\"https:\\\/\\\/seewhatgrows.org\\\/us\\\/#\\\/schema\\\/person\\\/2941b91ddd9a26badc98aadef946056c\"},\"headline\":\"Teaching Kids to Rethink Before Reacting\",\"datePublished\":\"2024-05-19T17:10:25+00:00\",\"dateModified\":\"2024-05-19T17:10:26+00:00\",\"mainEntityOfPage\":{\"@id\":\"https:\\\/\\\/seewhatgrows.org\\\/us\\\/teaching-kids-to-rethink-before-reacting\\\/\"},\"wordCount\":860,\"publisher\":{\"@id\":\"https:\\\/\\\/seewhatgrows.org\\\/us\\\/#organization\"},\"image\":{\"@id\":\"https:\\\/\\\/seewhatgrows.org\\\/us\\\/teaching-kids-to-rethink-before-reacting\\\/#primaryimage\"},\"thumbnailUrl\":\"https:\\\/\\\/seewhatgrows.org\\\/us\\\/wp-content\\\/uploads\\\/2024\\\/05\\\/Teaching-Kids-to-Rethink-Before-Reacting-and-Acting-Negatively.jpg\",\"keywords\":[\"How to Rethink\",\"Teaching Kids to Rethink\"],\"articleSection\":[\"Blogs\"],\"inLanguage\":\"es\"},{\"@type\":\"WebPage\",\"@id\":\"https:\\\/\\\/seewhatgrows.org\\\/us\\\/teaching-kids-to-rethink-before-reacting\\\/\",\"url\":\"https:\\\/\\\/seewhatgrows.org\\\/us\\\/teaching-kids-to-rethink-before-reacting\\\/\",\"name\":\"Teaching Kids to Rethink Before Reacting and Acting Negatively\",\"isPartOf\":{\"@id\":\"https:\\\/\\\/seewhatgrows.org\\\/us\\\/#website\"},\"primaryImageOfPage\":{\"@id\":\"https:\\\/\\\/seewhatgrows.org\\\/us\\\/teaching-kids-to-rethink-before-reacting\\\/#primaryimage\"},\"image\":{\"@id\":\"https:\\\/\\\/seewhatgrows.org\\\/us\\\/teaching-kids-to-rethink-before-reacting\\\/#primaryimage\"},\"thumbnailUrl\":\"https:\\\/\\\/seewhatgrows.org\\\/us\\\/wp-content\\\/uploads\\\/2024\\\/05\\\/Teaching-Kids-to-Rethink-Before-Reacting-and-Acting-Negatively.jpg\",\"datePublished\":\"2024-05-19T17:10:25+00:00\",\"dateModified\":\"2024-05-19T17:10:26+00:00\",\"description\":\"How to help your kids rethink before they react and use words and actions in a negative way, from Plant a Seed and See What Grows.\",\"breadcrumb\":{\"@id\":\"https:\\\/\\\/seewhatgrows.org\\\/us\\\/teaching-kids-to-rethink-before-reacting\\\/#breadcrumb\"},\"inLanguage\":\"es\",\"potentialAction\":[{\"@type\":\"ReadAction\",\"target\":[\"https:\\\/\\\/seewhatgrows.org\\\/us\\\/teaching-kids-to-rethink-before-reacting\\\/\"]}]},{\"@type\":\"ImageObject\",\"inLanguage\":\"es\",\"@id\":\"https:\\\/\\\/seewhatgrows.org\\\/us\\\/teaching-kids-to-rethink-before-reacting\\\/#primaryimage\",\"url\":\"https:\\\/\\\/seewhatgrows.org\\\/us\\\/wp-content\\\/uploads\\\/2024\\\/05\\\/Teaching-Kids-to-Rethink-Before-Reacting-and-Acting-Negatively.jpg\",\"contentUrl\":\"https:\\\/\\\/seewhatgrows.org\\\/us\\\/wp-content\\\/uploads\\\/2024\\\/05\\\/Teaching-Kids-to-Rethink-Before-Reacting-and-Acting-Negatively.jpg\",\"width\":1200,\"height\":633,\"caption\":\"Teaching Kids to Rethink Before Reacting and Acting Negatively\"},{\"@type\":\"BreadcrumbList\",\"@id\":\"https:\\\/\\\/seewhatgrows.org\\\/us\\\/teaching-kids-to-rethink-before-reacting\\\/#breadcrumb\",\"itemListElement\":[{\"@type\":\"ListItem\",\"position\":1,\"name\":\"Home\",\"item\":\"https:\\\/\\\/seewhatgrows.org\\\/us\\\/\"},{\"@type\":\"ListItem\",\"position\":2,\"name\":\"Teaching Kids to Rethink Before Reacting\"}]},{\"@type\":\"WebSite\",\"@id\":\"https:\\\/\\\/seewhatgrows.org\\\/us\\\/#website\",\"url\":\"https:\\\/\\\/seewhatgrows.org\\\/us\\\/\",\"name\":\"Connecting Communities to the Land\",\"description\":\"Growing healthier communities, one seed at a time with Plant a Seed &amp; See What Grows Foundation\",\"publisher\":{\"@id\":\"https:\\\/\\\/seewhatgrows.org\\\/us\\\/#organization\"},\"potentialAction\":[{\"@type\":\"SearchAction\",\"target\":{\"@type\":\"EntryPoint\",\"urlTemplate\":\"https:\\\/\\\/seewhatgrows.org\\\/us\\\/?s={search_term_string}\"},\"query-input\":{\"@type\":\"PropertyValueSpecification\",\"valueRequired\":true,\"valueName\":\"search_term_string\"}}],\"inLanguage\":\"es\"},{\"@type\":\"Organization\",\"@id\":\"https:\\\/\\\/seewhatgrows.org\\\/us\\\/#organization\",\"name\":\"Connecting Communities to the Land\",\"url\":\"https:\\\/\\\/seewhatgrows.org\\\/us\\\/\",\"logo\":{\"@type\":\"ImageObject\",\"inLanguage\":\"es\",\"@id\":\"https:\\\/\\\/seewhatgrows.org\\\/us\\\/#\\\/schema\\\/logo\\\/image\\\/\",\"url\":\"https:\\\/\\\/seewhatgrows.org\\\/us\\\/wp-content\\\/uploads\\\/2026\\\/06\\\/Plant-a-Seed-Logo.png\",\"contentUrl\":\"https:\\\/\\\/seewhatgrows.org\\\/us\\\/wp-content\\\/uploads\\\/2026\\\/06\\\/Plant-a-Seed-Logo.png\",\"width\":600,\"height\":600,\"caption\":\"Connecting Communities to the Land\"},\"image\":{\"@id\":\"https:\\\/\\\/seewhatgrows.org\\\/us\\\/#\\\/schema\\\/logo\\\/image\\\/\"}},{\"@type\":\"Person\",\"@id\":\"https:\\\/\\\/seewhatgrows.org\\\/us\\\/#\\\/schema\\\/person\\\/2941b91ddd9a26badc98aadef946056c\",\"name\":\"Dennis Charland\",\"url\":\"https:\\\/\\\/seewhatgrows.org\\\/us\\\/es\\\/author\\\/dennis\\\/\"}]}<\/script>\n<!-- \/ Yoast SEO plugin. -->","yoast_head_json":{"title":"Teaching Kids to Rethink Before Reacting and Acting Negatively","description":"How to help your kids rethink before they react and use words and actions in a negative way, from Plant a Seed and See What Grows.","robots":{"index":"index","follow":"follow","max-snippet":"max-snippet:-1","max-image-preview":"max-image-preview:large","max-video-preview":"max-video-preview:-1"},"canonical":"https:\/\/seewhatgrows.org\/us\/es\/teaching-kids-to-rethink-before-reacting\/","og_locale":"es_MX","og_type":"article","og_title":"Teaching Kids to Rethink Before Reacting and Acting Negatively","og_description":"How to help your kids rethink before they react and use words and actions in a negative way, from Plant a Seed and See What Grows.","og_url":"https:\/\/seewhatgrows.org\/us\/es\/teaching-kids-to-rethink-before-reacting\/","og_site_name":"Connecting Communities to the Land","article_published_time":"2024-05-19T17:10:25+00:00","article_modified_time":"2024-05-19T17:10:26+00:00","og_image":[{"width":1200,"height":633,"url":"https:\/\/seewhatgrows.org\/us\/wp-content\/uploads\/2024\/05\/Teaching-Kids-to-Rethink-Before-Reacting-and-Acting-Negatively.jpg","type":"image\/jpeg"}],"author":"Dennis Charland","twitter_misc":{"Escrito por":"Dennis Charland","Tiempo de lectura":"5 minutos"},"schema":{"@context":"https:\/\/schema.org","@graph":[{"@type":"Article","@id":"https:\/\/seewhatgrows.org\/us\/teaching-kids-to-rethink-before-reacting\/#article","isPartOf":{"@id":"https:\/\/seewhatgrows.org\/us\/teaching-kids-to-rethink-before-reacting\/"},"author":{"name":"Dennis Charland","@id":"https:\/\/seewhatgrows.org\/us\/#\/schema\/person\/2941b91ddd9a26badc98aadef946056c"},"headline":"Teaching Kids to Rethink Before Reacting","datePublished":"2024-05-19T17:10:25+00:00","dateModified":"2024-05-19T17:10:26+00:00","mainEntityOfPage":{"@id":"https:\/\/seewhatgrows.org\/us\/teaching-kids-to-rethink-before-reacting\/"},"wordCount":860,"publisher":{"@id":"https:\/\/seewhatgrows.org\/us\/#organization"},"image":{"@id":"https:\/\/seewhatgrows.org\/us\/teaching-kids-to-rethink-before-reacting\/#primaryimage"},"thumbnailUrl":"https:\/\/seewhatgrows.org\/us\/wp-content\/uploads\/2024\/05\/Teaching-Kids-to-Rethink-Before-Reacting-and-Acting-Negatively.jpg","keywords":["How to Rethink","Teaching Kids to Rethink"],"articleSection":["Blogs"],"inLanguage":"es"},{"@type":"WebPage","@id":"https:\/\/seewhatgrows.org\/us\/teaching-kids-to-rethink-before-reacting\/","url":"https:\/\/seewhatgrows.org\/us\/teaching-kids-to-rethink-before-reacting\/","name":"Teaching Kids to Rethink Before Reacting and Acting Negatively","isPartOf":{"@id":"https:\/\/seewhatgrows.org\/us\/#website"},"primaryImageOfPage":{"@id":"https:\/\/seewhatgrows.org\/us\/teaching-kids-to-rethink-before-reacting\/#primaryimage"},"image":{"@id":"https:\/\/seewhatgrows.org\/us\/teaching-kids-to-rethink-before-reacting\/#primaryimage"},"thumbnailUrl":"https:\/\/seewhatgrows.org\/us\/wp-content\/uploads\/2024\/05\/Teaching-Kids-to-Rethink-Before-Reacting-and-Acting-Negatively.jpg","datePublished":"2024-05-19T17:10:25+00:00","dateModified":"2024-05-19T17:10:26+00:00","description":"How to help your kids rethink before they react and use words and actions in a negative way, from Plant a Seed and See What Grows.","breadcrumb":{"@id":"https:\/\/seewhatgrows.org\/us\/teaching-kids-to-rethink-before-reacting\/#breadcrumb"},"inLanguage":"es","potentialAction":[{"@type":"ReadAction","target":["https:\/\/seewhatgrows.org\/us\/teaching-kids-to-rethink-before-reacting\/"]}]},{"@type":"ImageObject","inLanguage":"es","@id":"https:\/\/seewhatgrows.org\/us\/teaching-kids-to-rethink-before-reacting\/#primaryimage","url":"https:\/\/seewhatgrows.org\/us\/wp-content\/uploads\/2024\/05\/Teaching-Kids-to-Rethink-Before-Reacting-and-Acting-Negatively.jpg","contentUrl":"https:\/\/seewhatgrows.org\/us\/wp-content\/uploads\/2024\/05\/Teaching-Kids-to-Rethink-Before-Reacting-and-Acting-Negatively.jpg","width":1200,"height":633,"caption":"Teaching Kids to Rethink Before Reacting and Acting Negatively"},{"@type":"BreadcrumbList","@id":"https:\/\/seewhatgrows.org\/us\/teaching-kids-to-rethink-before-reacting\/#breadcrumb","itemListElement":[{"@type":"ListItem","position":1,"name":"Home","item":"https:\/\/seewhatgrows.org\/us\/"},{"@type":"ListItem","position":2,"name":"Teaching Kids to Rethink Before Reacting"}]},{"@type":"WebSite","@id":"https:\/\/seewhatgrows.org\/us\/#website","url":"https:\/\/seewhatgrows.org\/us\/","name":"Conectando a las comunidades con la tierra","description":"Cultivando comunidades m\u00e1s saludables, una semilla a la vez con la Fundaci\u00f3n Plant a Seed &amp; See What Grows","publisher":{"@id":"https:\/\/seewhatgrows.org\/us\/#organization"},"potentialAction":[{"@type":"SearchAction","target":{"@type":"EntryPoint","urlTemplate":"https:\/\/seewhatgrows.org\/us\/?s={search_term_string}"},"query-input":{"@type":"PropertyValueSpecification","valueRequired":true,"valueName":"search_term_string"}}],"inLanguage":"es"},{"@type":"Organization","@id":"https:\/\/seewhatgrows.org\/us\/#organization","name":"Conectando a las comunidades con la tierra","url":"https:\/\/seewhatgrows.org\/us\/","logo":{"@type":"ImageObject","inLanguage":"es","@id":"https:\/\/seewhatgrows.org\/us\/#\/schema\/logo\/image\/","url":"https:\/\/seewhatgrows.org\/us\/wp-content\/uploads\/2026\/06\/Plant-a-Seed-Logo.png","contentUrl":"https:\/\/seewhatgrows.org\/us\/wp-content\/uploads\/2026\/06\/Plant-a-Seed-Logo.png","width":600,"height":600,"caption":"Connecting Communities to the Land"},"image":{"@id":"https:\/\/seewhatgrows.org\/us\/#\/schema\/logo\/image\/"}},{"@type":"Person","@id":"https:\/\/seewhatgrows.org\/us\/#\/schema\/person\/2941b91ddd9a26badc98aadef946056c","name":"Dennis Charland","url":"https:\/\/seewhatgrows.org\/us\/es\/author\/dennis\/"}]}},"_links":{"self":[{"href":"https:\/\/seewhatgrows.org\/us\/es\/wp-json\/wp\/v2\/posts\/382727","targetHints":{"allow":["GET"]}}],"collection":[{"href":"https:\/\/seewhatgrows.org\/us\/es\/wp-json\/wp\/v2\/posts"}],"about":[{"href":"https:\/\/seewhatgrows.org\/us\/es\/wp-json\/wp\/v2\/types\/post"}],"author":[{"embeddable":true,"href":"https:\/\/seewhatgrows.org\/us\/es\/wp-json\/wp\/v2\/users\/3"}],"replies":[{"embeddable":true,"href":"https:\/\/seewhatgrows.org\/us\/es\/wp-json\/wp\/v2\/comments?post=382727"}],"version-history":[{"count":0,"href":"https:\/\/seewhatgrows.org\/us\/es\/wp-json\/wp\/v2\/posts\/382727\/revisions"}],"wp:featuredmedia":[{"embeddable":true,"href":"https:\/\/seewhatgrows.org\/us\/es\/wp-json\/wp\/v2\/media\/382734"}],"wp:attachment":[{"href":"https:\/\/seewhatgrows.org\/us\/es\/wp-json\/wp\/v2\/media?parent=382727"}],"wp:term":[{"taxonomy":"category","embeddable":true,"href":"https:\/\/seewhatgrows.org\/us\/es\/wp-json\/wp\/v2\/categories?post=382727"},{"taxonomy":"post_tag","embeddable":true,"href":"https:\/\/seewhatgrows.org\/us\/es\/wp-json\/wp\/v2\/tags?post=382727"}],"curies":[{"name":"\u00a1Buen juego!","href":"https:\/\/api.w.org\/{rel}","templated":true}]}}