{"id":368429,"date":"2023-09-26T10:37:21","date_gmt":"2023-09-26T17:37:21","guid":{"rendered":"https:\/\/seewhatgrows.org\/?p=368429"},"modified":"2023-09-26T10:37:52","modified_gmt":"2023-09-26T17:37:52","slug":"when-can-kids-start-gardening","status":"publish","type":"post","link":"https:\/\/seewhatgrows.org\/us\/es\/when-can-kids-start-gardening\/","title":{"rendered":"\u00bfCu\u00e1ndo pueden empezar los ni\u00f1os a la jardiner\u00eda?"},"content":{"rendered":"<h1 class=\"wp-block-heading has-text-align-center\"><strong>\u00bfCu\u00e1ndo pueden empezar los ni\u00f1os a la jardiner\u00eda?<\/strong>?<\/h1>\n\n\n\n<figure class=\"wp-block-image aligncenter size-large\"><img loading=\"lazy\" decoding=\"async\" width=\"1024\" height=\"531\" src=\"https:\/\/seewhatgrows.org\/us\/wp-content\/uploads\/2023\/09\/When-Can-Children-and-Kids-Start-Gardening--1024x531.jpg\" alt=\"When Can Children and Kids Start Gardening\" class=\"wp-image-368432\" srcset=\"https:\/\/seewhatgrows.org\/us\/wp-content\/uploads\/2023\/09\/When-Can-Children-and-Kids-Start-Gardening--1024x531.jpg 1024w, https:\/\/seewhatgrows.org\/us\/wp-content\/uploads\/2023\/09\/When-Can-Children-and-Kids-Start-Gardening--300x156.jpg 300w, https:\/\/seewhatgrows.org\/us\/wp-content\/uploads\/2023\/09\/When-Can-Children-and-Kids-Start-Gardening--768x398.jpg 768w, https:\/\/seewhatgrows.org\/us\/wp-content\/uploads\/2023\/09\/When-Can-Children-and-Kids-Start-Gardening--1080x560.jpg 1080w, https:\/\/seewhatgrows.org\/us\/wp-content\/uploads\/2023\/09\/When-Can-Children-and-Kids-Start-Gardening--980x508.jpg 980w, https:\/\/seewhatgrows.org\/us\/wp-content\/uploads\/2023\/09\/When-Can-Children-and-Kids-Start-Gardening--480x249.jpg 480w, https:\/\/seewhatgrows.org\/us\/wp-content\/uploads\/2023\/09\/When-Can-Children-and-Kids-Start-Gardening-.jpg 1200w\" sizes=\"auto, (max-width: 1024px) 100vw, 1024px\" \/><\/figure>\n\n\n\n<p class=\"wp-block-paragraph\">Perm\u00edtenos llevarte a un peque\u00f1o ejercicio. \u00a1Ser\u00e1 breve, lo prometemos! Abre tu barra de b\u00fasqueda de Google (o BING si lo prefieres) y comienza a escribir <em>\u201ccu\u00e1ndo pueden empezar los ni\u00f1os a\u2026\u201d <\/em>y descubrir\u00e1s que el autocompletado del buscador muestra una variedad de preguntas que los padres, tutores y educadores le hacen al \u00e9ter digital de manera habitual. Aqu\u00ed, perm\u00edtenos hacerlo por ti (sabemos que est\u00e1s ocupado):<\/p>\n\n\n\n<figure class=\"wp-block-image aligncenter size-full is-resized\"><img loading=\"lazy\" decoding=\"async\" src=\"https:\/\/seewhatgrows.org\/us\/wp-content\/uploads\/2023\/09\/When-Can-Kids-Start-Gardening.png\" alt=\"When Can Kids Start Gardening\" class=\"wp-image-368430\" style=\"width:1088px;height:474px\" width=\"1088\" height=\"474\" srcset=\"https:\/\/seewhatgrows.org\/us\/wp-content\/uploads\/2023\/09\/When-Can-Kids-Start-Gardening.png 1200w, https:\/\/seewhatgrows.org\/us\/wp-content\/uploads\/2023\/09\/When-Can-Kids-Start-Gardening-300x131.png 300w, https:\/\/seewhatgrows.org\/us\/wp-content\/uploads\/2023\/09\/When-Can-Kids-Start-Gardening-1024x446.png 1024w, https:\/\/seewhatgrows.org\/us\/wp-content\/uploads\/2023\/09\/When-Can-Kids-Start-Gardening-768x335.png 768w, https:\/\/seewhatgrows.org\/us\/wp-content\/uploads\/2023\/09\/When-Can-Kids-Start-Gardening-1080x471.png 1080w, https:\/\/seewhatgrows.org\/us\/wp-content\/uploads\/2023\/09\/When-Can-Kids-Start-Gardening-980x427.png 980w, https:\/\/seewhatgrows.org\/us\/wp-content\/uploads\/2023\/09\/When-Can-Kids-Start-Gardening-480x209.png 480w\" sizes=\"auto, (max-width: 1088px) 100vw, 1088px\" \/><\/figure>\n\n\n\n<p class=\"wp-block-paragraph\">Entre las expresiones de b\u00fasqueda m\u00e1s comunes en Canad\u00e1, hay seis que son muy dicientes. Estas incluyen las siguientes:<\/p>\n\n\n\n<ul class=\"wp-block-list\">\n<li>\u00bfA qu\u00e9 edad pueden empezar los ni\u00f1os el preescolar?<\/li>\n\n\n\n<li>\u00bfA qu\u00e9 edad pueden empezar los ni\u00f1os el jard\u00edn de infantes?<\/li>\n\n\n\n<li>\u00bfA qu\u00e9 edad pueden empezar los ni\u00f1os la escuela?<\/li>\n\n\n\n<li>\u00bfA qu\u00e9 edad pueden empezar a trabajar los ni\u00f1os?<\/li>\n\n\n\n<li>\u00bfA qu\u00e9 edad pueden empezar los ni\u00f1os a levantar pesas?<\/li>\n\n\n\n<li>\u00bfCu\u00e1ndo pueden empezar los ni\u00f1os a tomar vitaminas?<\/li>\n<\/ul>\n\n\n\n<p class=\"wp-block-paragraph\">Esta media docena de t\u00e9rminos com\u00fanmente buscados nos dicen que los padres, tutores y educadores se preguntan cu\u00e1ndo pueden empezar a promover el desarrollo cognitivo, social, f\u00edsico y nutricional de sus hijos. Esto nos lleva al punto del tema de hoy (s\u00ed, ya vamos a eso), que trata sobre cu\u00e1ndo los ni\u00f1os pueden empezar a hacer jardiner\u00eda. Nuestra respuesta es simple: \u00a1hoy! A continuaci\u00f3n, se presenta un desglose de por qu\u00e9 es tan importante bas\u00e1ndose en <em>tu<\/em> b\u00fasqueda propia de respuestas.<\/p>\n\n\n\n<h2 class=\"wp-block-heading\"><strong>3 razones por las que tus hijos peque\u00f1os deber\u00edan empezar a involucrarse en la jardiner\u00eda hoy mismo<\/strong><\/h2>\n\n\n\n<!--more-->\n\n\n\n<hr class=\"wp-block-separator has-alpha-channel-opacity\"\/>\n\n\n\n<h3 class=\"wp-block-heading\"><strong>Les da una ventaja para la escuela<\/strong><\/h3>\n\n\n\n<p class=\"wp-block-paragraph\">Aquellos de ustedes que buscan informaci\u00f3n sobre cu\u00e1ndo sus hijos peque\u00f1os pueden comenzar el preescolar y el jard\u00edn de infantes se alegrar\u00e1n de saber que la jardiner\u00eda es una educaci\u00f3n. Desde una edad muy temprana, la jardiner\u00eda les ense\u00f1a no solo sobre la sostenibilidad y el proceso de la semilla a la mesa, sino que profundiza en conceptos de ciencia, geolog\u00eda, matem\u00e1ticas (medici\u00f3n del agua y distribuci\u00f3n de semillas, etc.) y m\u00e1s. De hecho, <a href=\"https:\/\/amshq.org\/Blog\/2022-07-25-The-Benefits-of-Gardening-with-Preschoolers#:~:text=Studies%20show%20that%20gardening%20increases,)%2C%20and%20the%20scientific%20method.\" target=\"_blank\" rel=\"noreferrer noopener nofollow\">la investigaci\u00f3n muestra<\/a> esa jardiner\u00eda <strong>mejora los puntajes de ex\u00e1menes estandarizados<\/strong> para el ingreso y la progresi\u00f3n escolar, lo que se relaciona directamente con las preguntas sobre cu\u00e1ndo los ni\u00f1os pueden comenzar el jard\u00edn infantil y el k\u00ednder. Incluso si son paquetes de alegr\u00eda tambaleantes y \u201ccompletamente nuevos\u201d, es importante llevarlos al jard\u00edn para que experimenten las vistas y los sonidos, especialmente el color. A los 3 meses, los beb\u00e9s comienzan a ver el color en todo su esplendor. Exponerlos a <strong>colores primarios brillantes<\/strong> de rojo (tomates maduros y fresas), amarillo (girasoles) y azul (el cielo de arriba) es sumamente importante para su desarrollo desde las primeras etapas en adelante.<\/p>\n\n\n\n<h3 class=\"wp-block-heading\"><strong>Les da una ventaja inicial para sus futuras carreras<\/strong><\/h3>\n\n\n\n<p class=\"wp-block-paragraph\">\u00bfNos estamos adelantando? Despu\u00e9s de todo, solo habl\u00e1bamos del ingreso al jard\u00edn de infancia. Bueno, siendo justos, ahora estamos abordando la expresi\u00f3n m\u00e1s buscada sobre cu\u00e1ndo los ni\u00f1os pueden empezar a trabajar. Una vez m\u00e1s, descubrimos que la jardiner\u00eda les dar\u00e1 una ventaja sobre sus compa\u00f1eros que no han tenido la oportunidad de experimentar el trabajo en un jard\u00edn trasero, comunitario o escolar. Ya sea haciendo jardiner\u00eda con la familia, miembros de la comunidad o con compa\u00f1eros de clase, los ni\u00f1os aprenden habilidades y conceptos valiosos que se trasladar\u00e1n a sus futuras carreras con gran \u00e9xito. Estos incluyen el desarrollo de la responsabilidad personal, la planificaci\u00f3n de proyectos y la gesti\u00f3n del tiempo, adem\u00e1s de la comunicaci\u00f3n interpersonal y la capacidad de trabajar con otros, tanto siguiendo <em>y<\/em> capacidad de liderazgo.<\/p>\n\n\n\n<h3 class=\"wp-block-heading\"><strong>Les da una ventaja f\u00edsica<\/strong> <strong>Tambi\u00e9n<\/strong><\/h3>\n\n\n\n<p class=\"wp-block-paragraph\">\u00bfQu\u00e9 pasa con quienes buscan informaci\u00f3n sobre cu\u00e1ndo los ni\u00f1os pueden empezar a hacer ejercicio y tomar vitaminas? No es dif\u00edcil trazar una l\u00ednea directa entre la participaci\u00f3n temprana en la jardiner\u00eda y el desarrollo temprano de la salud y el bienestar f\u00edsico. Por un lado, una <a href=\"https:\/\/www.eatright.org\/food\/planning\/food-security-and-sustainability\/kids-in-the-garden-nutritious-and-fun#:~:text=An%20expanding%20body%20of%20research,resourceful%20and%20gain%20self%2Dconfidence.\">amplio cuerpo de investigaci\u00f3n muestra<\/a> que cuando los ni\u00f1os ayudan a cultivar frutas y verduras, es m\u00e1s probable que consuman m\u00e1s productos agr\u00edcolas y prueben diferentes variedades. Esto les aporta la mayor parte (si no todas) de las vitaminas que el ni\u00f1o promedio necesita. Y en cuanto al \u201cejercicio\u201d, la actividad de la jardiner\u00eda y todos los movimientos f\u00edsicos derivados de agacharse, levantar y cargar objetos (con la postura adecuada, por supuesto), junto con cavar, rastrillar, azadonear y m\u00e1s, har\u00e1n que sus hijos le hagan la competencia al grupo de CrossFit de la esquina. <\/p>\n\n\n\n<hr class=\"wp-block-separator has-alpha-channel-opacity\"\/>\n\n\n\n<p class=\"wp-block-paragraph\"><\/p>\n\n\n\n<p class=\"wp-block-paragraph\">\u00bfCu\u00e1ndo pueden empezar los ni\u00f1os a hacer jardiner\u00eda? Si quieres darles una ventaja saludable en la vida, debes involucrarlos en cuanto termines de leer esto.<\/p>\n\n\n\n<p class=\"wp-block-paragraph\">\u00bfEh... qu\u00e9 est\u00e1s esperando!?<\/p>","protected":false},"excerpt":{"rendered":"<p>When Can Kids Start Gardening? Allow us to take you on a little exercise. It&#8217;ll be brief, we promise! Open up your Google (or BING if you prefer) search bar and start typing in &#8220;when can kids start&#8230;&#8221; and you&#8217;ll discover the search engine autocomplete a variety of questions that parents, guardians, and educators ask [&hellip;]<\/p>\n","protected":false},"author":3,"featured_media":368432,"comment_status":"closed","ping_status":"closed","sticky":false,"template":"","format":"standard","meta":{"footnotes":""},"categories":[3],"tags":[807],"class_list":["post-368429","post","type-post","status-publish","format-standard","has-post-thumbnail","hentry","category-blogs","tag-when-can-kids-start-gardening"],"yoast_head":"<!-- This site is optimized with the Yoast SEO plugin v28.4 - https:\/\/yoast.com\/product\/yoast-seo-wordpress\/ -->\n<title>When Can Kids Start Gardening?<\/title>\n<meta name=\"description\" content=\"3 reasons why your young children should start getting involved in gardening today, from Canada&#039;s Plant a Seed and See What Grows Foundation.\" \/>\n<meta name=\"robots\" content=\"index, follow, max-snippet:-1, max-image-preview:large, max-video-preview:-1\" \/>\n<link rel=\"canonical\" href=\"https:\/\/seewhatgrows.org\/us\/es\/when-can-kids-start-gardening\/\" \/>\n<meta property=\"og:locale\" content=\"es_MX\" \/>\n<meta property=\"og:type\" content=\"article\" \/>\n<meta property=\"og:title\" content=\"When Can Kids Start Gardening?\" \/>\n<meta property=\"og:description\" content=\"3 reasons why your young children should start getting involved in gardening today, from Canada&#039;s Plant a Seed and See What Grows Foundation.\" \/>\n<meta property=\"og:url\" content=\"https:\/\/seewhatgrows.org\/us\/es\/when-can-kids-start-gardening\/\" \/>\n<meta property=\"og:site_name\" content=\"Connecting Communities to the Land\" \/>\n<meta property=\"article:published_time\" content=\"2023-09-26T17:37:21+00:00\" \/>\n<meta property=\"article:modified_time\" content=\"2023-09-26T17:37:52+00:00\" \/>\n<meta property=\"og:image\" content=\"https:\/\/seewhatgrows.org\/us\/wp-content\/uploads\/2023\/09\/When-Can-Children-and-Kids-Start-Gardening-.jpg\" \/>\n\t<meta property=\"og:image:width\" content=\"1200\" \/>\n\t<meta property=\"og:image:height\" content=\"622\" \/>\n\t<meta property=\"og:image:type\" content=\"image\/jpeg\" \/>\n<meta name=\"author\" content=\"Dennis Charland\" \/>\n<meta name=\"twitter:label1\" content=\"Escrito por\" \/>\n\t<meta name=\"twitter:data1\" content=\"Dennis Charland\" \/>\n\t<meta name=\"twitter:label2\" content=\"Tiempo de lectura\" \/>\n\t<meta name=\"twitter:data2\" content=\"4 minutos\" \/>\n<script type=\"application\/ld+json\" class=\"yoast-schema-graph\">{\"@context\":\"https:\\\/\\\/schema.org\",\"@graph\":[{\"@type\":\"Article\",\"@id\":\"https:\\\/\\\/seewhatgrows.org\\\/us\\\/when-can-kids-start-gardening\\\/#article\",\"isPartOf\":{\"@id\":\"https:\\\/\\\/seewhatgrows.org\\\/us\\\/when-can-kids-start-gardening\\\/\"},\"author\":{\"name\":\"Dennis Charland\",\"@id\":\"https:\\\/\\\/seewhatgrows.org\\\/us\\\/#\\\/schema\\\/person\\\/2941b91ddd9a26badc98aadef946056c\"},\"headline\":\"When Can Kids Start Gardening?\",\"datePublished\":\"2023-09-26T17:37:21+00:00\",\"dateModified\":\"2023-09-26T17:37:52+00:00\",\"mainEntityOfPage\":{\"@id\":\"https:\\\/\\\/seewhatgrows.org\\\/us\\\/when-can-kids-start-gardening\\\/\"},\"wordCount\":684,\"publisher\":{\"@id\":\"https:\\\/\\\/seewhatgrows.org\\\/us\\\/#organization\"},\"image\":{\"@id\":\"https:\\\/\\\/seewhatgrows.org\\\/us\\\/when-can-kids-start-gardening\\\/#primaryimage\"},\"thumbnailUrl\":\"https:\\\/\\\/seewhatgrows.org\\\/us\\\/wp-content\\\/uploads\\\/2023\\\/09\\\/When-Can-Children-and-Kids-Start-Gardening-.jpg\",\"keywords\":[\"When Can Kids Start Gardening\"],\"articleSection\":[\"Blogs\"],\"inLanguage\":\"es\"},{\"@type\":\"WebPage\",\"@id\":\"https:\\\/\\\/seewhatgrows.org\\\/us\\\/when-can-kids-start-gardening\\\/\",\"url\":\"https:\\\/\\\/seewhatgrows.org\\\/us\\\/when-can-kids-start-gardening\\\/\",\"name\":\"When Can Kids Start Gardening?\",\"isPartOf\":{\"@id\":\"https:\\\/\\\/seewhatgrows.org\\\/us\\\/#website\"},\"primaryImageOfPage\":{\"@id\":\"https:\\\/\\\/seewhatgrows.org\\\/us\\\/when-can-kids-start-gardening\\\/#primaryimage\"},\"image\":{\"@id\":\"https:\\\/\\\/seewhatgrows.org\\\/us\\\/when-can-kids-start-gardening\\\/#primaryimage\"},\"thumbnailUrl\":\"https:\\\/\\\/seewhatgrows.org\\\/us\\\/wp-content\\\/uploads\\\/2023\\\/09\\\/When-Can-Children-and-Kids-Start-Gardening-.jpg\",\"datePublished\":\"2023-09-26T17:37:21+00:00\",\"dateModified\":\"2023-09-26T17:37:52+00:00\",\"description\":\"3 reasons why your young children should start getting involved in gardening today, from Canada's Plant a Seed and See What Grows Foundation.\",\"breadcrumb\":{\"@id\":\"https:\\\/\\\/seewhatgrows.org\\\/us\\\/when-can-kids-start-gardening\\\/#breadcrumb\"},\"inLanguage\":\"es\",\"potentialAction\":[{\"@type\":\"ReadAction\",\"target\":[\"https:\\\/\\\/seewhatgrows.org\\\/us\\\/when-can-kids-start-gardening\\\/\"]}]},{\"@type\":\"ImageObject\",\"inLanguage\":\"es\",\"@id\":\"https:\\\/\\\/seewhatgrows.org\\\/us\\\/when-can-kids-start-gardening\\\/#primaryimage\",\"url\":\"https:\\\/\\\/seewhatgrows.org\\\/us\\\/wp-content\\\/uploads\\\/2023\\\/09\\\/When-Can-Children-and-Kids-Start-Gardening-.jpg\",\"contentUrl\":\"https:\\\/\\\/seewhatgrows.org\\\/us\\\/wp-content\\\/uploads\\\/2023\\\/09\\\/When-Can-Children-and-Kids-Start-Gardening-.jpg\",\"width\":1200,\"height\":622,\"caption\":\"When Can Children and Kids Start Gardening\"},{\"@type\":\"BreadcrumbList\",\"@id\":\"https:\\\/\\\/seewhatgrows.org\\\/us\\\/when-can-kids-start-gardening\\\/#breadcrumb\",\"itemListElement\":[{\"@type\":\"ListItem\",\"position\":1,\"name\":\"Home\",\"item\":\"https:\\\/\\\/seewhatgrows.org\\\/us\\\/\"},{\"@type\":\"ListItem\",\"position\":2,\"name\":\"When Can Kids Start Gardening?\"}]},{\"@type\":\"WebSite\",\"@id\":\"https:\\\/\\\/seewhatgrows.org\\\/us\\\/#website\",\"url\":\"https:\\\/\\\/seewhatgrows.org\\\/us\\\/\",\"name\":\"Connecting Communities to the Land\",\"description\":\"Growing healthier communities, one seed at a time with Plant a Seed &amp; See What Grows Foundation\",\"publisher\":{\"@id\":\"https:\\\/\\\/seewhatgrows.org\\\/us\\\/#organization\"},\"potentialAction\":[{\"@type\":\"SearchAction\",\"target\":{\"@type\":\"EntryPoint\",\"urlTemplate\":\"https:\\\/\\\/seewhatgrows.org\\\/us\\\/?s={search_term_string}\"},\"query-input\":{\"@type\":\"PropertyValueSpecification\",\"valueRequired\":true,\"valueName\":\"search_term_string\"}}],\"inLanguage\":\"es\"},{\"@type\":\"Organization\",\"@id\":\"https:\\\/\\\/seewhatgrows.org\\\/us\\\/#organization\",\"name\":\"Connecting Communities to the Land\",\"url\":\"https:\\\/\\\/seewhatgrows.org\\\/us\\\/\",\"logo\":{\"@type\":\"ImageObject\",\"inLanguage\":\"es\",\"@id\":\"https:\\\/\\\/seewhatgrows.org\\\/us\\\/#\\\/schema\\\/logo\\\/image\\\/\",\"url\":\"https:\\\/\\\/seewhatgrows.org\\\/us\\\/wp-content\\\/uploads\\\/2026\\\/06\\\/Plant-a-Seed-Logo.png\",\"contentUrl\":\"https:\\\/\\\/seewhatgrows.org\\\/us\\\/wp-content\\\/uploads\\\/2026\\\/06\\\/Plant-a-Seed-Logo.png\",\"width\":600,\"height\":600,\"caption\":\"Connecting Communities to the Land\"},\"image\":{\"@id\":\"https:\\\/\\\/seewhatgrows.org\\\/us\\\/#\\\/schema\\\/logo\\\/image\\\/\"}},{\"@type\":\"Person\",\"@id\":\"https:\\\/\\\/seewhatgrows.org\\\/us\\\/#\\\/schema\\\/person\\\/2941b91ddd9a26badc98aadef946056c\",\"name\":\"Dennis Charland\",\"url\":\"https:\\\/\\\/seewhatgrows.org\\\/us\\\/es\\\/author\\\/dennis\\\/\"}]}<\/script>\n<!-- \/ Yoast SEO plugin. -->","yoast_head_json":{"title":"\u00bfCu\u00e1ndo pueden empezar los ni\u00f1os a la jardiner\u00eda?","description":"3 reasons why your young children should start getting involved in gardening today, from Canada's Plant a Seed and See What Grows Foundation.","robots":{"index":"index","follow":"follow","max-snippet":"max-snippet:-1","max-image-preview":"max-image-preview:large","max-video-preview":"max-video-preview:-1"},"canonical":"https:\/\/seewhatgrows.org\/us\/es\/when-can-kids-start-gardening\/","og_locale":"es_MX","og_type":"article","og_title":"When Can Kids Start Gardening?","og_description":"3 reasons why your young children should start getting involved in gardening today, from Canada's Plant a Seed and See What Grows Foundation.","og_url":"https:\/\/seewhatgrows.org\/us\/es\/when-can-kids-start-gardening\/","og_site_name":"Connecting Communities to the Land","article_published_time":"2023-09-26T17:37:21+00:00","article_modified_time":"2023-09-26T17:37:52+00:00","og_image":[{"width":1200,"height":622,"url":"https:\/\/seewhatgrows.org\/us\/wp-content\/uploads\/2023\/09\/When-Can-Children-and-Kids-Start-Gardening-.jpg","type":"image\/jpeg"}],"author":"Dennis Charland","twitter_misc":{"Escrito por":"Dennis Charland","Tiempo de lectura":"4 minutos"},"schema":{"@context":"https:\/\/schema.org","@graph":[{"@type":"Article","@id":"https:\/\/seewhatgrows.org\/us\/when-can-kids-start-gardening\/#article","isPartOf":{"@id":"https:\/\/seewhatgrows.org\/us\/when-can-kids-start-gardening\/"},"author":{"name":"Dennis Charland","@id":"https:\/\/seewhatgrows.org\/us\/#\/schema\/person\/2941b91ddd9a26badc98aadef946056c"},"headline":"When Can Kids Start Gardening?","datePublished":"2023-09-26T17:37:21+00:00","dateModified":"2023-09-26T17:37:52+00:00","mainEntityOfPage":{"@id":"https:\/\/seewhatgrows.org\/us\/when-can-kids-start-gardening\/"},"wordCount":684,"publisher":{"@id":"https:\/\/seewhatgrows.org\/us\/#organization"},"image":{"@id":"https:\/\/seewhatgrows.org\/us\/when-can-kids-start-gardening\/#primaryimage"},"thumbnailUrl":"https:\/\/seewhatgrows.org\/us\/wp-content\/uploads\/2023\/09\/When-Can-Children-and-Kids-Start-Gardening-.jpg","keywords":["When Can Kids Start Gardening"],"articleSection":["Blogs"],"inLanguage":"es"},{"@type":"WebPage","@id":"https:\/\/seewhatgrows.org\/us\/when-can-kids-start-gardening\/","url":"https:\/\/seewhatgrows.org\/us\/when-can-kids-start-gardening\/","name":"\u00bfCu\u00e1ndo pueden empezar los ni\u00f1os a la jardiner\u00eda?","isPartOf":{"@id":"https:\/\/seewhatgrows.org\/us\/#website"},"primaryImageOfPage":{"@id":"https:\/\/seewhatgrows.org\/us\/when-can-kids-start-gardening\/#primaryimage"},"image":{"@id":"https:\/\/seewhatgrows.org\/us\/when-can-kids-start-gardening\/#primaryimage"},"thumbnailUrl":"https:\/\/seewhatgrows.org\/us\/wp-content\/uploads\/2023\/09\/When-Can-Children-and-Kids-Start-Gardening-.jpg","datePublished":"2023-09-26T17:37:21+00:00","dateModified":"2023-09-26T17:37:52+00:00","description":"3 reasons why your young children should start getting involved in gardening today, from Canada's Plant a Seed and See What Grows Foundation.","breadcrumb":{"@id":"https:\/\/seewhatgrows.org\/us\/when-can-kids-start-gardening\/#breadcrumb"},"inLanguage":"es","potentialAction":[{"@type":"ReadAction","target":["https:\/\/seewhatgrows.org\/us\/when-can-kids-start-gardening\/"]}]},{"@type":"ImageObject","inLanguage":"es","@id":"https:\/\/seewhatgrows.org\/us\/when-can-kids-start-gardening\/#primaryimage","url":"https:\/\/seewhatgrows.org\/us\/wp-content\/uploads\/2023\/09\/When-Can-Children-and-Kids-Start-Gardening-.jpg","contentUrl":"https:\/\/seewhatgrows.org\/us\/wp-content\/uploads\/2023\/09\/When-Can-Children-and-Kids-Start-Gardening-.jpg","width":1200,"height":622,"caption":"When Can Children and Kids Start Gardening"},{"@type":"BreadcrumbList","@id":"https:\/\/seewhatgrows.org\/us\/when-can-kids-start-gardening\/#breadcrumb","itemListElement":[{"@type":"ListItem","position":1,"name":"Home","item":"https:\/\/seewhatgrows.org\/us\/"},{"@type":"ListItem","position":2,"name":"When Can Kids Start Gardening?"}]},{"@type":"WebSite","@id":"https:\/\/seewhatgrows.org\/us\/#website","url":"https:\/\/seewhatgrows.org\/us\/","name":"Conectando a las comunidades con la tierra","description":"Cultivando comunidades m\u00e1s saludables, una semilla a la vez con la Fundaci\u00f3n Plant a Seed &amp; See What Grows","publisher":{"@id":"https:\/\/seewhatgrows.org\/us\/#organization"},"potentialAction":[{"@type":"SearchAction","target":{"@type":"EntryPoint","urlTemplate":"https:\/\/seewhatgrows.org\/us\/?s={search_term_string}"},"query-input":{"@type":"PropertyValueSpecification","valueRequired":true,"valueName":"search_term_string"}}],"inLanguage":"es"},{"@type":"Organization","@id":"https:\/\/seewhatgrows.org\/us\/#organization","name":"Conectando a las comunidades con la tierra","url":"https:\/\/seewhatgrows.org\/us\/","logo":{"@type":"ImageObject","inLanguage":"es","@id":"https:\/\/seewhatgrows.org\/us\/#\/schema\/logo\/image\/","url":"https:\/\/seewhatgrows.org\/us\/wp-content\/uploads\/2026\/06\/Plant-a-Seed-Logo.png","contentUrl":"https:\/\/seewhatgrows.org\/us\/wp-content\/uploads\/2026\/06\/Plant-a-Seed-Logo.png","width":600,"height":600,"caption":"Connecting Communities to the Land"},"image":{"@id":"https:\/\/seewhatgrows.org\/us\/#\/schema\/logo\/image\/"}},{"@type":"Person","@id":"https:\/\/seewhatgrows.org\/us\/#\/schema\/person\/2941b91ddd9a26badc98aadef946056c","name":"Dennis Charland","url":"https:\/\/seewhatgrows.org\/us\/es\/author\/dennis\/"}]}},"_links":{"self":[{"href":"https:\/\/seewhatgrows.org\/us\/es\/wp-json\/wp\/v2\/posts\/368429","targetHints":{"allow":["GET"]}}],"collection":[{"href":"https:\/\/seewhatgrows.org\/us\/es\/wp-json\/wp\/v2\/posts"}],"about":[{"href":"https:\/\/seewhatgrows.org\/us\/es\/wp-json\/wp\/v2\/types\/post"}],"author":[{"embeddable":true,"href":"https:\/\/seewhatgrows.org\/us\/es\/wp-json\/wp\/v2\/users\/3"}],"replies":[{"embeddable":true,"href":"https:\/\/seewhatgrows.org\/us\/es\/wp-json\/wp\/v2\/comments?post=368429"}],"version-history":[{"count":0,"href":"https:\/\/seewhatgrows.org\/us\/es\/wp-json\/wp\/v2\/posts\/368429\/revisions"}],"wp:featuredmedia":[{"embeddable":true,"href":"https:\/\/seewhatgrows.org\/us\/es\/wp-json\/wp\/v2\/media\/368432"}],"wp:attachment":[{"href":"https:\/\/seewhatgrows.org\/us\/es\/wp-json\/wp\/v2\/media?parent=368429"}],"wp:term":[{"taxonomy":"category","embeddable":true,"href":"https:\/\/seewhatgrows.org\/us\/es\/wp-json\/wp\/v2\/categories?post=368429"},{"taxonomy":"post_tag","embeddable":true,"href":"https:\/\/seewhatgrows.org\/us\/es\/wp-json\/wp\/v2\/tags?post=368429"}],"curies":[{"name":"\u00a1Buen juego!","href":"https:\/\/api.w.org\/{rel}","templated":true}]}}