{"id":365367,"date":"2023-04-08T08:35:13","date_gmt":"2023-04-08T15:35:13","guid":{"rendered":"https:\/\/seewhatgrows.org\/?p=365367"},"modified":"2023-04-13T18:23:28","modified_gmt":"2023-04-14T01:23:28","slug":"celebrating-earth-day-2023-live-stream-event","status":"publish","type":"post","link":"https:\/\/seewhatgrows.org\/us\/es\/celebrating-earth-day-2023-live-stream-event\/","title":{"rendered":"Celebraci\u00f3n del D\u00eda de la Tierra 2023 | Evento en vivo"},"content":{"rendered":"<h1 class=\"wp-block-heading\"><strong>Celebraci\u00f3n del D\u00eda de la Tierra 2023 | Evento en vivo<\/strong>s<\/h1>\n\n\n\n<figure class=\"wp-block-image size-full\"><img loading=\"lazy\" decoding=\"async\" width=\"943\" height=\"566\" src=\"https:\/\/seewhatgrows.org\/us\/wp-content\/uploads\/2023\/04\/earthday_2023_instagram-promo.jpg\" alt=\"\" class=\"wp-image-365448\" srcset=\"https:\/\/seewhatgrows.org\/us\/wp-content\/uploads\/2023\/04\/earthday_2023_instagram-promo.jpg 943w, https:\/\/seewhatgrows.org\/us\/wp-content\/uploads\/2023\/04\/earthday_2023_instagram-promo-300x180.jpg 300w, https:\/\/seewhatgrows.org\/us\/wp-content\/uploads\/2023\/04\/earthday_2023_instagram-promo-768x461.jpg 768w, https:\/\/seewhatgrows.org\/us\/wp-content\/uploads\/2023\/04\/earthday_2023_instagram-promo-480x288.jpg 480w\" sizes=\"auto, (max-width: 943px) 100vw, 943px\" \/><\/figure>\n\n\n\n<p class=\"wp-block-paragraph\">\u00bfTe unir\u00e1s a nosotros y a los m\u00e1s de mil millones de ciudadanos globales en la conmemoraci\u00f3n de este evento especial?<\/p>\n\n\n\n<p class=\"wp-block-paragraph\">En anticipaci\u00f3n al D\u00eda de la Tierra 2023, la Fundaci\u00f3n Plant a Seed &amp; See What Grows se enorgullece en traer de vuelta (por demanda popular) un evento de cuentacuentos y demostraci\u00f3n de siembra en transmisi\u00f3n en vivo para estudiantes desde kindergarten hasta tercer grado. En los \u00faltimos dos a\u00f1os, este evento que ya es anual ha acumulado decenas de miles de vistas en l\u00ednea desde todo Canad\u00e1. Con el llamado a mitigar el impacto del cambio clim\u00e1tico y proteger la salud de nuestro planeta en su punto m\u00e1s alto, esperamos que el entusiasmo por la transmisi\u00f3n en vivo de este a\u00f1o sea a\u00fan mayor. \u00bfEst\u00e1 su sal\u00f3n de clases o hogar listo para reservar 30 minutos para invertir en nuestro planeta y en las futuras generaciones a trav\u00e9s de la hora del cuento? \u00a1Eso pens\u00e1bamos! Aqu\u00ed tiene todo lo que necesita saber sobre la lectura de este a\u00f1o presentada por <em>Qu\u00e9 hacer con lo que cultivaste<\/em> libro escrito por el fundador de nuestra organizaci\u00f3n ben\u00e9fica, Roland Gahler.&nbsp;<\/p>\n\n\n\n<div class=\"wp-block-group is-layout-constrained wp-block-group-is-layout-constrained\">\n<div class=\"wp-block-media-text is-stacked-on-mobile\" style=\"grid-template-columns:43% auto\"><figure class=\"wp-block-media-text__media\"><img loading=\"lazy\" decoding=\"async\" width=\"524\" height=\"523\" src=\"https:\/\/seewhatgrows.org\/us\/wp-content\/uploads\/2023\/04\/WTD-English.png\" alt=\"\" class=\"wp-image-365441 size-full\" srcset=\"https:\/\/seewhatgrows.org\/us\/wp-content\/uploads\/2023\/04\/WTD-English.png 524w, https:\/\/seewhatgrows.org\/us\/wp-content\/uploads\/2023\/04\/WTD-English-300x300.png 300w, https:\/\/seewhatgrows.org\/us\/wp-content\/uploads\/2023\/04\/WTD-English-150x150.png 150w, https:\/\/seewhatgrows.org\/us\/wp-content\/uploads\/2023\/04\/WTD-English-480x479.png 480w\" sizes=\"auto, (max-width: 524px) 100vw, 524px\" \/><\/figure><div class=\"wp-block-media-text__content\">\n<p class=\"wp-block-paragraph\"><\/p>\n\n\n\n<figure class=\"wp-block-image size-full is-resized\"><img loading=\"lazy\" decoding=\"async\" src=\"https:\/\/seewhatgrows.org\/us\/wp-content\/uploads\/2023\/04\/HardCvr-WhatYouGrew-HREZ-2-1.jpg\" alt=\"\" class=\"wp-image-365443\" width=\"361\" height=\"384\" srcset=\"https:\/\/seewhatgrows.org\/us\/wp-content\/uploads\/2023\/04\/HardCvr-WhatYouGrew-HREZ-2-1.jpg 415w, https:\/\/seewhatgrows.org\/us\/wp-content\/uploads\/2023\/04\/HardCvr-WhatYouGrew-HREZ-2-1-282x300.jpg 282w\" sizes=\"auto, (max-width: 361px) 100vw, 361px\" \/><\/figure>\n<\/div><\/div>\n\n\n\n<p class=\"wp-block-paragraph\">Leerle a su hijo peque\u00f1o sobre c\u00f3mo cultivar sus propios alimentos mejora la alfabetizaci\u00f3n, el vocabulario y despierta su inter\u00e9s con la promesa de comida deliciosa que pueden preparar con los miembros de su familia.<\/p>\n\n\n\n<p class=\"wp-block-paragraph\"><\/p>\n<\/div>\n\n\n\n<h2 class=\"wp-block-heading\"><strong>\u00a1Acompa\u00f1anos en los eventos especiales en transmisi\u00f3n en vivo para ni\u00f1os por el D\u00eda de la Tierra 2023!<\/strong><\/h2>\n\n\n\n<!--more-->\n\n\n\n<hr class=\"wp-block-separator has-alpha-channel-opacity\"\/>\n\n\n\n<h3 class=\"wp-block-heading\"><strong>\u00bfQui\u00e9nes est\u00e1n involucrados?<\/strong><\/h3>\n\n\n\n<p class=\"wp-block-paragraph\">Nos enorgullece recibir nuevamente a dos de los expertos en jardiner\u00eda m\u00e1s celebrados de Canad\u00e1, <strong>Mark Cullen<\/strong> y <strong>Brian Minter<\/strong> para las horas de cuentos en ingl\u00e9s y ninguna otra <strong>Yves Gagnon<\/strong>, para la narraci\u00f3n en franc\u00e9s. Cada uno dirigir\u00e1 lecturas y actividades de seguimiento para nuestros j\u00f3venes espectadores y participantes.<\/p>\n\n\n\n<p class=\"wp-block-paragraph\"><strong>Mark Cullen, CM<\/strong><\/p>\n\n\n\n<figure class=\"wp-block-image aligncenter size-full is-style-rounded\"><img loading=\"lazy\" decoding=\"async\" width=\"412\" height=\"400\" src=\"https:\/\/seewhatgrows.org\/us\/wp-content\/uploads\/2021\/04\/unnamed-2.png\" alt=\"Earth Day 2022\" class=\"wp-image-31925\" srcset=\"https:\/\/seewhatgrows.org\/us\/wp-content\/uploads\/2021\/04\/unnamed-2.png 412w, https:\/\/seewhatgrows.org\/us\/wp-content\/uploads\/2021\/04\/unnamed-2-300x291.png 300w, https:\/\/seewhatgrows.org\/us\/wp-content\/uploads\/2021\/04\/unnamed-2-50x50.png 50w, https:\/\/seewhatgrows.org\/us\/wp-content\/uploads\/2021\/04\/unnamed-2-24x24.png 24w, https:\/\/seewhatgrows.org\/us\/wp-content\/uploads\/2021\/04\/unnamed-2-36x36.png 36w, https:\/\/seewhatgrows.org\/us\/wp-content\/uploads\/2021\/04\/unnamed-2-48x48.png 48w\" sizes=\"auto, (max-width: 412px) 100vw, 412px\" \/><\/figure>\n\n\n\n<p class=\"wp-block-paragraph\">Mark Cullen es un reconocido jardinero, autor y locutor que ostenta el <strong>Orden de Canad\u00e1<\/strong>, distinci\u00f3n que recibi\u00f3 por sus contribuciones a la promoci\u00f3n y el desarrollo de la educaci\u00f3n hort\u00edcola en Canad\u00e1 y por su capacidad para explicar c\u00f3mo los canadienses pueden proteger el medio ambiente. Actualmente es cofundador y presidente voluntario de la junta directiva de Trees for Life. Cullen tambi\u00e9n es voluntario, portavoz y consultor de numerosas organizaciones, entre ellas la Fundaci\u00f3n Agr\u00edcola SHARE, el Festival de Flores y Jardines Canada Blooms, el Tributo Viviente Autopista de los H\u00e9roes (Highway of Heroes Living Tribute), United Way y Home Hardware Canada.&nbsp;<\/p>\n\n\n\n<p class=\"wp-block-paragraph\">La hora del cuento de Mark ser\u00e1 seguida por una demostraci\u00f3n de plantaci\u00f3n para ni\u00f1os y estudiantes, y una sesi\u00f3n interactiva de preguntas y respuestas. Para acceder al evento (GRATUITO) del 19 de abril con Mark Cullen, puede <a href=\"https:\/\/u4010126.ct.sendgrid.net\/ls\/click?upn=xUwGl1FGuXBLVzZcUg3UiMgT-2BEqNO3BH77rBz9fH9hFXxhx4efqgi77KYROauU-2FTIVUoY9YpbOYTKVjETcHugGLSdDFzCugKw4ZVCbT-2Bc6Fr6y16lm2ipNXNxM1RMMEB1__Q_I-2BXlUsPfrnJydjcnE-2BgVz8EUF5LCla9piY3ECNhr-2BKTY-2BpuDwfKDdb5xNDSwbziMnYrKFxNAXnTftPXRBOw7OYMqtrvFDMN40lBUzTiIXWNGd5cknz7vkTu6j1umWMbQAjikUvk0FPU59jS-2FXxRmlOEf-2Fvaq4EsfFV-2B6EVbtEsMwe6Wum7wpV7FiKItxQhxP7nOY7TsfppYp8T9Pd4GhaniS2B2xxfBU-2BnEku9v0FHsW8oma0smRyq78saAcYfMbia4Ar9QOoT1BOvZDjeywD9yJNJlKn6IxV1VVLKPm9Kdh1GYBWB7a5ou7q42uv-2BqWAXofQyaB4RlHLCRLTroxRWfQjUPGRk-2F7zWCN3OmWkMlhw4Pyr5IhjBKS7-2BV5fZ4n-2B1xSjyZSouhP1syDDv9PRWcLn24YXloWHB7STqIPFht5EMzAirfmiHpo5KltVG0MkTWdPZ2CaSIkCYwURDBYgZ-2B7XUa6TRtKvr29lkuMsKLlA-2FHzIM0C2IXPJQaey-2BAu9r83qGFlIFItBdQwEqshBA-2FbgaRDabZo7E08BIBT2B-2Fjku1LdI150r7xdqc9Lkv-2BiM825DMX3OVp8PLZHTo-2BXOpBaSxJXK1D-2B-2FVEzdLWQQJOAeGO6z6MWrsjIB-2BdqhXb0P7kqTrZWirb8y-2BKQU6tC-2FFJjO-2BLei5wiJn-2FAremLmhB2Wv5kwfa-2BofAYP6R6Jn6ijXuyZ92px74xvUmRG5Q-2FFNaJsyic5lf8Rp43sYkRHpAiLJ6tOkLgWD4t44e7z7i68qSe-2Bx2qCG-2FKRRR1FGzy09FX3i1z-2BWj1gzpw6Z6AImvtWFJe-2F1J3LuMr8HIciXZPTxCH8zWuROxkncNMHOPr-2F4DRVAOiecLtqDiim2EK71EqbQlOHwmfw0R4V3ZKsvhNWUNswPJVPVgvxjggw0ZcFLw8z-2FVLQMZij2KYXWSvqJUBJjweyENzDhSroY1B26JoE2fX84SMqiHHaNLbFP2FA-3D-3D\">haga clic aqu\u00ed para obtener el enlace de Zoom<\/a> y puedes unirte a nosotros en vivo ingresando a Plant a Seed  <a href=\"https:\/\/www.youtube.com\/channel\/UC5VI9EcWxknZCDypTjHuRtw\" target=\"_blank\" rel=\"noreferrer noopener\">YouTube<\/a> canal el mi\u00e9rcoles 19 de abril de 2023 a las 10:00 \u2013 10:30 a. m. hora del Este.<\/p>\n\n\n\n<figure class=\"wp-block-image size-large\"><img loading=\"lazy\" decoding=\"async\" width=\"1024\" height=\"538\" src=\"https:\/\/seewhatgrows.org\/us\/wp-content\/uploads\/2023\/04\/PAS_EarthDay-Graphics_Facebook_Mark-1024x538.jpg\" alt=\"\" class=\"wp-image-365444\" srcset=\"https:\/\/seewhatgrows.org\/us\/wp-content\/uploads\/2023\/04\/PAS_EarthDay-Graphics_Facebook_Mark-1024x538.jpg 1024w, https:\/\/seewhatgrows.org\/us\/wp-content\/uploads\/2023\/04\/PAS_EarthDay-Graphics_Facebook_Mark-300x158.jpg 300w, https:\/\/seewhatgrows.org\/us\/wp-content\/uploads\/2023\/04\/PAS_EarthDay-Graphics_Facebook_Mark-768x403.jpg 768w, https:\/\/seewhatgrows.org\/us\/wp-content\/uploads\/2023\/04\/PAS_EarthDay-Graphics_Facebook_Mark-1536x807.jpg 1536w, https:\/\/seewhatgrows.org\/us\/wp-content\/uploads\/2023\/04\/PAS_EarthDay-Graphics_Facebook_Mark-1080x567.jpg 1080w, https:\/\/seewhatgrows.org\/us\/wp-content\/uploads\/2023\/04\/PAS_EarthDay-Graphics_Facebook_Mark-1280x672.jpg 1280w, https:\/\/seewhatgrows.org\/us\/wp-content\/uploads\/2023\/04\/PAS_EarthDay-Graphics_Facebook_Mark-980x515.jpg 980w, https:\/\/seewhatgrows.org\/us\/wp-content\/uploads\/2023\/04\/PAS_EarthDay-Graphics_Facebook_Mark-480x252.jpg 480w, https:\/\/seewhatgrows.org\/us\/wp-content\/uploads\/2023\/04\/PAS_EarthDay-Graphics_Facebook_Mark.jpg 1601w\" sizes=\"auto, (max-width: 1024px) 100vw, 1024px\" \/><\/figure>\n\n\n\n<p class=\"wp-block-paragraph\">Ver m\u00e1s sobre Mark Cullen <a href=\"http:\/\/markcullen.com\/markandbens-bio\/\">aqu\u00ed<\/a>.<\/p>\n\n\n\n<p class=\"wp-block-paragraph\"><strong>Brian Minter<\/strong><\/p>\n\n\n\n<figure class=\"wp-block-image aligncenter size-full is-style-rounded\"><img loading=\"lazy\" decoding=\"async\" width=\"412\" height=\"400\" src=\"https:\/\/seewhatgrows.org\/us\/wp-content\/uploads\/2022\/03\/B-Minter.jpeg\" alt=\"\" class=\"wp-image-32777\" srcset=\"https:\/\/seewhatgrows.org\/us\/wp-content\/uploads\/2022\/03\/B-Minter.jpeg 412w, https:\/\/seewhatgrows.org\/us\/wp-content\/uploads\/2022\/03\/B-Minter-300x291.jpeg 300w, https:\/\/seewhatgrows.org\/us\/wp-content\/uploads\/2022\/03\/B-Minter-24x24.jpeg 24w, https:\/\/seewhatgrows.org\/us\/wp-content\/uploads\/2022\/03\/B-Minter-36x36.jpeg 36w, https:\/\/seewhatgrows.org\/us\/wp-content\/uploads\/2022\/03\/B-Minter-48x48.jpeg 48w, https:\/\/seewhatgrows.org\/us\/wp-content\/uploads\/2022\/03\/B-Minter-50x50.jpeg 50w\" sizes=\"auto, (max-width: 412px) 100vw, 412px\" \/><\/figure>\n\n\n\n<p class=\"wp-block-paragraph\">Brian Minter es un <strong>Maestro jardinero<\/strong> que tambi\u00e9n ostenta el <strong>Orden de Canad\u00e1<\/strong> junto con un <strong>Doctorado Honoris Causa en Tecnolog\u00eda<\/strong> entre otras distinciones. A lo largo de las d\u00e9cadas, Minter ha presentado muchos programas sobre jardiner\u00eda y es columnista y autor del \u00e9xito de ventas canadiense \u2018Brian Minter\u2019s New Gardening Guide \u2013 Fresh Approaches for Canadian Gardeners\u2019. Su impresionante trayectoria en la promoci\u00f3n de la jardiner\u00eda y la comunicaci\u00f3n sobre jardines ante el p\u00fablico le ha valido a Minter su ingreso al <strong>Sal\u00f3n de la Fama de la Asociaci\u00f3n de Escritores de Jardiner\u00eda<\/strong>.&nbsp;<\/p>\n\n\n\n<p class=\"wp-block-paragraph\">Brian continuar\u00e1 su lectura con una demostraci\u00f3n de siembra y una sesi\u00f3n de preguntas y respuestas. Para acceder al evento (GRATUITO) del martes 18 de abril con Brian Minter, puede <a href=\"https:\/\/u4010126.ct.sendgrid.net\/ls\/click?upn=xUwGl1FGuXBLVzZcUg3UiMgT-2BEqNO3BH77rBz9fH9hFXxhx4efqgi77KYROauU-2FTIVUoY9YpbOYTKVjETcHugGLSdDFzCugKw4ZVCbT-2Bc6Fr6y16lm2ipNXNxM1RMMEBmn-__I-2BXlUsPfrnJydjcnE-2BgVz8EUF5LCla9piY3ECNhr-2BKTY-2BpuDwfKDdb5xNDSwbziMnYrKFxNAXnTftPXRBOw7OYMqtrvFDMN40lBUzTiIXWNGd5cknz7vkTu6j1umWMbQAjikUvk0FPU59jS-2FXxRmlOEf-2Fvaq4EsfFV-2B6EVbtEsMwe6Wum7wpV7FiKItxQhxP7nOY7TsfppYp8T9Pd4GhaniS2B2xxfBU-2BnEku9v0FHsW8oma0smRyq78saAcYfMbia4Ar9QOoT1BOvZDjeywD9yJNJlKn6IxV1VVLKPm9Kdh1GYBWB7a5ou7q42uv-2BqWAXofQyaB4RlHLCRLTroxRWfQjUPGRk-2F7zWCN3OmWkMlhw4Pyr5IhjBKS7-2BV5fZ4n-2B1xSjyZSouhP1syDDv9PRWcLn24YXloWHB7STqIPFht5EMzAirfmiHpo5KltVG0MkTWdPZ2CaSIkCYwURDBYgZ-2B7XUa6TRtKvr29lkuMsKLlA-2FHzIM0C2IXPJQaey-2BAu9r83qGFlIFItBdQwEqshBA-2FbgaRDabZo7E08BIBT2B-2Fjku1LdI150r7xdqc9Lkv-2BiM825DMX3OVp8PLZHTo-2BXOpBaSxJXK1D-2B-2FVEzdLWQQJOAeGO6z6MWrsjIB-2BdqhXb0P7kqTrZWirb8y-2BKQU6tC-2FFJjO-2BLei5wiJn-2FAremLmhB2Wv5kwfa-2BofAYP6R6Jn6ijXuyZ92px74xvUmRG5Q-2FFNaJsyic5lf8Rp43sYkRHpAiLJ6tOkLgWD4t44e7z7i68qSe-2Bx2qCG-2FKRRR1FGzy09FX3i1z-2BWj1gzpw6Z6AIlut-2BmwOsfbE9Kt74-2FLvoqEYUGdOKq8f76cNjZ1g9k2gFlIOCdOjTbFQCtO7mMUUNEBoLC1NnN8OWlsF-2F-2BYOFkpwsiY761B-2FLj4SSQ4bBECzpyWAHiAKqM3nmuUS8BYJLZJZX1blInCDl79iJAnbnjzytLojCTpA1Y87H-2FYqy39tQ-3D-3D\" target=\"_blank\" rel=\"noreferrer noopener\">haga clic aqu\u00ed para obtener el enlace de Zoom<\/a> y acomp\u00e1\u00f1enos en vivo visitando Plant a Seed <a href=\"https:\/\/u4010126.ct.sendgrid.net\/ls\/click?upn=xUwGl1FGuXBLVzZcUg3UiN17rhL-2BHr9Qt13TKkp35FC3kF4V8wRbB9p5A0SCQd-2B5wiq3X40-2B-2FO-2FKHY8g1HH8wbwjVkrf9wt9yTvQCuRXjOA-3DB6k3_I-2BXlUsPfrnJydjcnE-2BgVz8EUF5LCla9piY3ECNhr-2BKTY-2BpuDwfKDdb5xNDSwbziMnYrKFxNAXnTftPXRBOw7OYMqtrvFDMN40lBUzTiIXWNGd5cknz7vkTu6j1umWMbQAjikUvk0FPU59jS-2FXxRmlOEf-2Fvaq4EsfFV-2B6EVbtEsMwe6Wum7wpV7FiKItxQhxP7nOY7TsfppYp8T9Pd4GhaniS2B2xxfBU-2BnEku9v0FHsW8oma0smRyq78saAcYfMbia4Ar9QOoT1BOvZDjeywD9yJNJlKn6IxV1VVLKPm9Kdh1GYBWB7a5ou7q42uv-2BqWAXofQyaB4RlHLCRLTroxRWfQjUPGRk-2F7zWCN3OmWkMlhw4Pyr5IhjBKS7-2BV5fZ4n-2B1xSjyZSouhP1syDDv9PRWcLn24YXloWHB7STqIPFht5EMzAirfmiHpo5KltVG0MkTWdPZ2CaSIkCYwURDBYgZ-2B7XUa6TRtKvr29lkuMsKLlA-2FHzIM0C2IXPJQaey-2BAu9r83qGFlIFItBdQwEqshBA-2FbgaRDabZo7E08BIBT2B-2Fjku1LdI150r7xdqc9Lkv-2BiM825DMX3OVp8PLZHTo-2BXOpBaSxJXK1D-2B-2FVEzdLWQQJOAeGO6z6MWrsjIB-2BdqhXb0P7kqTrZWirb8y-2BKQU6tC-2FFJjO-2BLei5wiJn-2FAremLmhB2Wv5kwfa-2BofAYP6R6Jn6ijXuyZ92px74xvUmRG5Q-2FFNaJsyic5lf8Rp43sYkRHpAiLJ6tOkLgWD4t44e7z7i68qSe-2Bx2qCG-2FKRRR1FGzy09FX3i1z-2BWj1gzpw6Z6AInf46WyOnWl2uDOiWbukIwIlrwna-2BgQFp7qCDeF430FYLducscRtYO49KbyM8VSEY7mV0fqyx1GeCHXLYSlIvyOZFAdgxz3W4wsOgmeKJ7x-2BZAtsnfepzR8s38hY2XFfqHI1ETYFjOF-2FBZMXWdxSm-2Bqrp9JZg9S1B-2BzC0xNaqoFRw-3D-3D\" target=\"_blank\" rel=\"noreferrer noopener\">YouTube<\/a> canal el 18 de abril de 2023 de 9:30 a 10:00 a. m. hora del Pac\u00edfico.<\/p>\n\n\n\n<figure class=\"wp-block-image size-large\"><img loading=\"lazy\" decoding=\"async\" width=\"1024\" height=\"538\" src=\"https:\/\/seewhatgrows.org\/us\/wp-content\/uploads\/2023\/04\/PAS_EarthDay-Graphics_Facebook_Brian-1024x538.jpg\" alt=\"\" class=\"wp-image-365445\" srcset=\"https:\/\/seewhatgrows.org\/us\/wp-content\/uploads\/2023\/04\/PAS_EarthDay-Graphics_Facebook_Brian-1024x538.jpg 1024w, https:\/\/seewhatgrows.org\/us\/wp-content\/uploads\/2023\/04\/PAS_EarthDay-Graphics_Facebook_Brian-300x158.jpg 300w, https:\/\/seewhatgrows.org\/us\/wp-content\/uploads\/2023\/04\/PAS_EarthDay-Graphics_Facebook_Brian-768x403.jpg 768w, https:\/\/seewhatgrows.org\/us\/wp-content\/uploads\/2023\/04\/PAS_EarthDay-Graphics_Facebook_Brian-1536x807.jpg 1536w, https:\/\/seewhatgrows.org\/us\/wp-content\/uploads\/2023\/04\/PAS_EarthDay-Graphics_Facebook_Brian-1080x567.jpg 1080w, https:\/\/seewhatgrows.org\/us\/wp-content\/uploads\/2023\/04\/PAS_EarthDay-Graphics_Facebook_Brian-1280x672.jpg 1280w, https:\/\/seewhatgrows.org\/us\/wp-content\/uploads\/2023\/04\/PAS_EarthDay-Graphics_Facebook_Brian-980x515.jpg 980w, https:\/\/seewhatgrows.org\/us\/wp-content\/uploads\/2023\/04\/PAS_EarthDay-Graphics_Facebook_Brian-480x252.jpg 480w, https:\/\/seewhatgrows.org\/us\/wp-content\/uploads\/2023\/04\/PAS_EarthDay-Graphics_Facebook_Brian.jpg 1601w\" sizes=\"auto, (max-width: 1024px) 100vw, 1024px\" \/><\/figure>\n\n\n\n<p class=\"wp-block-paragraph\">M\u00e1s informaci\u00f3n sobre el legado en constante crecimiento de Minter <a href=\"https:\/\/mintergardening.com\/about\/brian-minter\/\">aqu\u00ed<\/a>.<\/p>\n\n\n\n<p class=\"wp-block-paragraph\"><strong>Yves Gagnon<\/strong><\/p>\n\n\n\n<figure class=\"wp-block-image aligncenter size-full is-style-rounded\"><img loading=\"lazy\" decoding=\"async\" width=\"412\" height=\"400\" src=\"https:\/\/seewhatgrows.org\/us\/wp-content\/uploads\/2022\/03\/earth-day-2022-events.png\" alt=\"\" class=\"wp-image-32778\" srcset=\"https:\/\/seewhatgrows.org\/us\/wp-content\/uploads\/2022\/03\/earth-day-2022-events.png 412w, https:\/\/seewhatgrows.org\/us\/wp-content\/uploads\/2022\/03\/earth-day-2022-events-300x291.png 300w, https:\/\/seewhatgrows.org\/us\/wp-content\/uploads\/2022\/03\/earth-day-2022-events-24x24.png 24w, https:\/\/seewhatgrows.org\/us\/wp-content\/uploads\/2022\/03\/earth-day-2022-events-36x36.png 36w, https:\/\/seewhatgrows.org\/us\/wp-content\/uploads\/2022\/03\/earth-day-2022-events-48x48.png 48w, https:\/\/seewhatgrows.org\/us\/wp-content\/uploads\/2022\/03\/earth-day-2022-events-50x50.png 50w\" sizes=\"auto, (max-width: 412px) 100vw, 412px\" \/><\/figure>\n\n\n\n<p class=\"wp-block-paragraph\">Durante m\u00e1s de cuatro d\u00e9cadas, Yves Gagnon ha desarrollado apasionadamente los Jardines del Grand-Portage en Saint-Didace, Quebec, donde produce semillas de hortalizas. Pionero en el campo de la gen\u00e9tica constructiva, mejora varias l\u00edneas de plantas patrimoniales mediante una selecci\u00f3n meticulosa y cuidadosa. Comparte su experiencia y su pasi\u00f3n por el mundo vegetal y la ecolog\u00eda siendo autor de varios libros sobre jardiner\u00eda ecol\u00f3gica y cultivo.&nbsp;<\/p>\n\n\n\n<figure class=\"wp-block-image size-large\"><img loading=\"lazy\" decoding=\"async\" width=\"1024\" height=\"538\" src=\"https:\/\/seewhatgrows.org\/us\/wp-content\/uploads\/2023\/04\/PAS_EarthDay-Graphics_Facebook_Yves-1024x538.jpg\" alt=\"\" class=\"wp-image-365446\" srcset=\"https:\/\/seewhatgrows.org\/us\/wp-content\/uploads\/2023\/04\/PAS_EarthDay-Graphics_Facebook_Yves-1024x538.jpg 1024w, https:\/\/seewhatgrows.org\/us\/wp-content\/uploads\/2023\/04\/PAS_EarthDay-Graphics_Facebook_Yves-300x158.jpg 300w, https:\/\/seewhatgrows.org\/us\/wp-content\/uploads\/2023\/04\/PAS_EarthDay-Graphics_Facebook_Yves-768x403.jpg 768w, https:\/\/seewhatgrows.org\/us\/wp-content\/uploads\/2023\/04\/PAS_EarthDay-Graphics_Facebook_Yves-1536x807.jpg 1536w, https:\/\/seewhatgrows.org\/us\/wp-content\/uploads\/2023\/04\/PAS_EarthDay-Graphics_Facebook_Yves-1080x567.jpg 1080w, https:\/\/seewhatgrows.org\/us\/wp-content\/uploads\/2023\/04\/PAS_EarthDay-Graphics_Facebook_Yves-1280x672.jpg 1280w, https:\/\/seewhatgrows.org\/us\/wp-content\/uploads\/2023\/04\/PAS_EarthDay-Graphics_Facebook_Yves-980x515.jpg 980w, https:\/\/seewhatgrows.org\/us\/wp-content\/uploads\/2023\/04\/PAS_EarthDay-Graphics_Facebook_Yves-480x252.jpg 480w, https:\/\/seewhatgrows.org\/us\/wp-content\/uploads\/2023\/04\/PAS_EarthDay-Graphics_Facebook_Yves.jpg 1601w\" sizes=\"auto, (max-width: 1024px) 100vw, 1024px\" \/><\/figure>\n\n\n\n<p class=\"wp-block-paragraph\">Ver m\u00e1s sobre el trabajo de Gagnon <a href=\"https:\/\/jardinsdugrandportage.com\/publications\/\">aqu\u00ed<\/a>.&nbsp;<\/p>\n\n\n\n<p class=\"wp-block-paragraph\">Al igual que los eventos de Mark y Brian, Yves acompa\u00f1ar\u00e1 su lectura con una demostraci\u00f3n de plantaci\u00f3n el jueves 20 de abril de 2:00 a 2:30 p. m., hora del Este. Para acceder a la narraci\u00f3n de Zoom (GRATUITA) <a href=\"https:\/\/u4010126.ct.sendgrid.net\/ls\/click?upn=xUwGl1FGuXBLVzZcUg3UiKprTF4awuykQaIFxRAkuccaBVXTKsFju-2FPvIbYM9WQg8-2FWaEqPoXYMU-2FIV3snPT5dL76yZR4wVyz1BdTO-2BLyPk-3DDvIG_D5MCgRHhw21ljjC8F0zgItIEZ6nEkBP5p4osGidmcua-2FljDtE-2BQM18fwid2PE7O-2BHzDXe-2BACgVGs4IT9uM4zqUmMSgEqklzqXhIipQs0YjxMbj5WFmBKBNIT6mrGBTCVnMQUDTQgEhRGVq9NwylB9Xri6erJUOum-2FYwZYIObr157e-2B4KKFNlxx7-2Fqrid4aEPM3TxjDARlB7NeB8WV-2B67u-2FrrkdU3b4zNHXQD0r-2FGp87BbciQ4hYeXNfEZ3dte4NYBklKd1d9gDkCfzg86mUuw-2Bh6mNU4-2FvdMX46sCGsmp0TIxZynGXjz-2Fu9Yui-2FD11RhRiFEpT0NN3vFaDvCEEChWVE2TtAG-2BheepXU9R4RoFEgkJQfqhYwzCbnA3jwSu4M4Yf8HrVRBMoQcQZkrPfgY-2F-2FWXBeqq6KruYbdBz3KO4Qx2DAdsGejVqLH893OXR7rnLete6zKKsn3h-2FuAW-2Fcabd59ISoJ24vL1IPVH-2FQwqSu1vMy6ZWUaONzacwIQH-2B5QMxgjvIb9s-2BQcMN2YVr0Zdf5XIZkeSQ3oJirRs8EL0LxAYATS7UxEW85MaPd2nI-2FXf-2BcVOAXAYMpKRQ7HH2PnlsTcfvthDGVTUp5OdNA0nWnJb6kn8nTDfuHUWzUlg8-2BCM\">haga clic aqu\u00ed<\/a> y acomp\u00e1\u00f1enos en vivo ingresando a Plant a Seed's <a href=\"https:\/\/www.youtube.com\/channel\/UC5VI9EcWxknZCDypTjHuRtw\" target=\"_blank\" rel=\"noreferrer noopener\">YouTube<\/a> canal.<\/p>\n\n\n\n<p class=\"wp-block-paragraph\">\u00bfNo puedes asistir en vivo a la actividad de lectura y jardiner\u00eda de Mark, Brian o Yves? No te preocupes, se guardar\u00e1 y estar\u00e1 disponible para ti en la Fundaci\u00f3n <a href=\"https:\/\/www.youtube.com\/channel\/UC5VI9EcWxknZCDypTjHuRtw\" target=\"_blank\" rel=\"noreferrer noopener\">YouTube<\/a> canal el lun. 24 de abr. de 2023! <\/p>\n\n\n\n<p class=\"has-text-align-center wp-block-paragraph\"><strong>~<\/strong><\/p>\n\n\n\n<p class=\"wp-block-paragraph\">\u00bfEst\u00e1s listo para #InvestInOurPlanet haciendo que tus hijos o alumnos participen en estos eventos en vivo, divertidos, atractivos y educativos, para celebrar el D\u00eda de la Tierra 2023? \u00a1Genial! \u00a1Esperamos contar con tu participaci\u00f3n!&nbsp;<\/p>\n\n\n\n<p class=\"wp-block-paragraph\"><\/p>\n\n\n\n<hr class=\"wp-block-separator has-css-opacity\"\/>\n\n\n\n<p class=\"wp-block-paragraph\"><\/p>\n\n\n\n<h3 class=\"has-text-align-center wp-block-heading\"><strong><em>~ Feliz D\u00eda de la Tierra 2023 ~<\/em><\/strong><\/h3>","protected":false},"excerpt":{"rendered":"<p>Celebrating Earth Day 2023 | Live Stream Events Will you join us and the other 1 billion+ global citizens in honoring this special event? In anticipation of the Earth Day 2023 the Plant a Seed &amp; See What Grows Foundation is proud to bring back (by popular demand) a live-stream storytelling and planting demonstration event [&hellip;]<\/p>\n","protected":false},"author":3,"featured_media":32779,"comment_status":"closed","ping_status":"closed","sticky":false,"template":"","format":"standard","meta":{"footnotes":""},"categories":[3],"tags":[785],"class_list":["post-365367","post","type-post","status-publish","format-standard","has-post-thumbnail","hentry","category-blogs","tag-earth-day-2023"],"yoast_head":"<!-- This site is optimized with the Yoast SEO plugin v28.4 - https:\/\/yoast.com\/product\/yoast-seo-wordpress\/ -->\n<title>Celebrating Earth Day 2023 | Live Stream Event<\/title>\n<meta name=\"description\" content=\"Join us on April 18-22 for a special live-stream Earth Day 2023 event that teaches kids about gardening and sustainable food production.\" \/>\n<meta name=\"robots\" content=\"index, follow, max-snippet:-1, max-image-preview:large, max-video-preview:-1\" \/>\n<link rel=\"canonical\" href=\"https:\/\/seewhatgrows.org\/us\/es\/celebrating-earth-day-2023-live-stream-event\/\" \/>\n<meta property=\"og:locale\" content=\"es_MX\" \/>\n<meta property=\"og:type\" content=\"article\" \/>\n<meta property=\"og:title\" content=\"Celebrating Earth Day 2023 | Live Stream Event\" \/>\n<meta property=\"og:description\" content=\"Join us on April 18-22 for a special live-stream Earth Day 2023 event that teaches kids about gardening and sustainable food production.\" \/>\n<meta property=\"og:url\" content=\"https:\/\/seewhatgrows.org\/us\/es\/celebrating-earth-day-2023-live-stream-event\/\" \/>\n<meta property=\"og:site_name\" content=\"Connecting Communities to the Land\" \/>\n<meta property=\"article:published_time\" content=\"2023-04-08T15:35:13+00:00\" \/>\n<meta property=\"article:modified_time\" content=\"2023-04-14T01:23:28+00:00\" \/>\n<meta property=\"og:image\" content=\"https:\/\/seewhatgrows.org\/us\/wp-content\/uploads\/2022\/03\/Earth-Day-2022-Events-Canada.png\" \/>\n\t<meta property=\"og:image:width\" content=\"1444\" \/>\n\t<meta property=\"og:image:height\" content=\"908\" \/>\n\t<meta property=\"og:image:type\" content=\"image\/png\" \/>\n<meta name=\"author\" content=\"Dennis Charland\" \/>\n<meta name=\"twitter:label1\" content=\"Escrito por\" \/>\n\t<meta name=\"twitter:data1\" content=\"Dennis Charland\" \/>\n\t<meta name=\"twitter:label2\" content=\"Tiempo de lectura\" \/>\n\t<meta name=\"twitter:data2\" content=\"6 minutos\" \/>\n<script type=\"application\/ld+json\" class=\"yoast-schema-graph\">{\"@context\":\"https:\\\/\\\/schema.org\",\"@graph\":[{\"@type\":\"Article\",\"@id\":\"https:\\\/\\\/seewhatgrows.org\\\/us\\\/celebrating-earth-day-2023-live-stream-event\\\/#article\",\"isPartOf\":{\"@id\":\"https:\\\/\\\/seewhatgrows.org\\\/us\\\/celebrating-earth-day-2023-live-stream-event\\\/\"},\"author\":{\"name\":\"Dennis Charland\",\"@id\":\"https:\\\/\\\/seewhatgrows.org\\\/us\\\/#\\\/schema\\\/person\\\/2941b91ddd9a26badc98aadef946056c\"},\"headline\":\"Celebrating Earth Day 2023 | Live Stream Event\",\"datePublished\":\"2023-04-08T15:35:13+00:00\",\"dateModified\":\"2023-04-14T01:23:28+00:00\",\"mainEntityOfPage\":{\"@id\":\"https:\\\/\\\/seewhatgrows.org\\\/us\\\/celebrating-earth-day-2023-live-stream-event\\\/\"},\"wordCount\":750,\"publisher\":{\"@id\":\"https:\\\/\\\/seewhatgrows.org\\\/us\\\/#organization\"},\"image\":{\"@id\":\"https:\\\/\\\/seewhatgrows.org\\\/us\\\/celebrating-earth-day-2023-live-stream-event\\\/#primaryimage\"},\"thumbnailUrl\":\"https:\\\/\\\/seewhatgrows.org\\\/us\\\/wp-content\\\/uploads\\\/2022\\\/03\\\/Earth-Day-2022-Events-Canada.png\",\"keywords\":[\"Earth Day 2023\"],\"articleSection\":[\"Blogs\"],\"inLanguage\":\"es\"},{\"@type\":\"WebPage\",\"@id\":\"https:\\\/\\\/seewhatgrows.org\\\/us\\\/celebrating-earth-day-2023-live-stream-event\\\/\",\"url\":\"https:\\\/\\\/seewhatgrows.org\\\/us\\\/celebrating-earth-day-2023-live-stream-event\\\/\",\"name\":\"Celebrating Earth Day 2023 | Live Stream Event\",\"isPartOf\":{\"@id\":\"https:\\\/\\\/seewhatgrows.org\\\/us\\\/#website\"},\"primaryImageOfPage\":{\"@id\":\"https:\\\/\\\/seewhatgrows.org\\\/us\\\/celebrating-earth-day-2023-live-stream-event\\\/#primaryimage\"},\"image\":{\"@id\":\"https:\\\/\\\/seewhatgrows.org\\\/us\\\/celebrating-earth-day-2023-live-stream-event\\\/#primaryimage\"},\"thumbnailUrl\":\"https:\\\/\\\/seewhatgrows.org\\\/us\\\/wp-content\\\/uploads\\\/2022\\\/03\\\/Earth-Day-2022-Events-Canada.png\",\"datePublished\":\"2023-04-08T15:35:13+00:00\",\"dateModified\":\"2023-04-14T01:23:28+00:00\",\"description\":\"Join us on April 18-22 for a special live-stream Earth Day 2023 event that teaches kids about gardening and sustainable food production.\",\"breadcrumb\":{\"@id\":\"https:\\\/\\\/seewhatgrows.org\\\/us\\\/celebrating-earth-day-2023-live-stream-event\\\/#breadcrumb\"},\"inLanguage\":\"es\",\"potentialAction\":[{\"@type\":\"ReadAction\",\"target\":[\"https:\\\/\\\/seewhatgrows.org\\\/us\\\/celebrating-earth-day-2023-live-stream-event\\\/\"]}]},{\"@type\":\"ImageObject\",\"inLanguage\":\"es\",\"@id\":\"https:\\\/\\\/seewhatgrows.org\\\/us\\\/celebrating-earth-day-2023-live-stream-event\\\/#primaryimage\",\"url\":\"https:\\\/\\\/seewhatgrows.org\\\/us\\\/wp-content\\\/uploads\\\/2022\\\/03\\\/Earth-Day-2022-Events-Canada.png\",\"contentUrl\":\"https:\\\/\\\/seewhatgrows.org\\\/us\\\/wp-content\\\/uploads\\\/2022\\\/03\\\/Earth-Day-2022-Events-Canada.png\",\"width\":1444,\"height\":908,\"caption\":\"Earth Day 2023 Events Canada\"},{\"@type\":\"BreadcrumbList\",\"@id\":\"https:\\\/\\\/seewhatgrows.org\\\/us\\\/celebrating-earth-day-2023-live-stream-event\\\/#breadcrumb\",\"itemListElement\":[{\"@type\":\"ListItem\",\"position\":1,\"name\":\"Home\",\"item\":\"https:\\\/\\\/seewhatgrows.org\\\/us\\\/\"},{\"@type\":\"ListItem\",\"position\":2,\"name\":\"Celebrating Earth Day 2023 | Live Stream Event\"}]},{\"@type\":\"WebSite\",\"@id\":\"https:\\\/\\\/seewhatgrows.org\\\/us\\\/#website\",\"url\":\"https:\\\/\\\/seewhatgrows.org\\\/us\\\/\",\"name\":\"Connecting Communities to the Land\",\"description\":\"Growing healthier communities, one seed at a time with Plant a Seed &amp; See What Grows Foundation\",\"publisher\":{\"@id\":\"https:\\\/\\\/seewhatgrows.org\\\/us\\\/#organization\"},\"potentialAction\":[{\"@type\":\"SearchAction\",\"target\":{\"@type\":\"EntryPoint\",\"urlTemplate\":\"https:\\\/\\\/seewhatgrows.org\\\/us\\\/?s={search_term_string}\"},\"query-input\":{\"@type\":\"PropertyValueSpecification\",\"valueRequired\":true,\"valueName\":\"search_term_string\"}}],\"inLanguage\":\"es\"},{\"@type\":\"Organization\",\"@id\":\"https:\\\/\\\/seewhatgrows.org\\\/us\\\/#organization\",\"name\":\"Connecting Communities to the Land\",\"url\":\"https:\\\/\\\/seewhatgrows.org\\\/us\\\/\",\"logo\":{\"@type\":\"ImageObject\",\"inLanguage\":\"es\",\"@id\":\"https:\\\/\\\/seewhatgrows.org\\\/us\\\/#\\\/schema\\\/logo\\\/image\\\/\",\"url\":\"https:\\\/\\\/seewhatgrows.org\\\/us\\\/wp-content\\\/uploads\\\/2026\\\/06\\\/Plant-a-Seed-Logo.png\",\"contentUrl\":\"https:\\\/\\\/seewhatgrows.org\\\/us\\\/wp-content\\\/uploads\\\/2026\\\/06\\\/Plant-a-Seed-Logo.png\",\"width\":600,\"height\":600,\"caption\":\"Connecting Communities to the Land\"},\"image\":{\"@id\":\"https:\\\/\\\/seewhatgrows.org\\\/us\\\/#\\\/schema\\\/logo\\\/image\\\/\"}},{\"@type\":\"Person\",\"@id\":\"https:\\\/\\\/seewhatgrows.org\\\/us\\\/#\\\/schema\\\/person\\\/2941b91ddd9a26badc98aadef946056c\",\"name\":\"Dennis Charland\",\"url\":\"https:\\\/\\\/seewhatgrows.org\\\/us\\\/es\\\/author\\\/dennis\\\/\"}]}<\/script>\n<!-- \/ Yoast SEO plugin. -->","yoast_head_json":{"title":"Celebraci\u00f3n del D\u00eda de la Tierra 2023 | Evento en vivo","description":"Join us on April 18-22 for a special live-stream Earth Day 2023 event that teaches kids about gardening and sustainable food production.","robots":{"index":"index","follow":"follow","max-snippet":"max-snippet:-1","max-image-preview":"max-image-preview:large","max-video-preview":"max-video-preview:-1"},"canonical":"https:\/\/seewhatgrows.org\/us\/es\/celebrating-earth-day-2023-live-stream-event\/","og_locale":"es_MX","og_type":"article","og_title":"Celebrating Earth Day 2023 | Live Stream Event","og_description":"Join us on April 18-22 for a special live-stream Earth Day 2023 event that teaches kids about gardening and sustainable food production.","og_url":"https:\/\/seewhatgrows.org\/us\/es\/celebrating-earth-day-2023-live-stream-event\/","og_site_name":"Connecting Communities to the Land","article_published_time":"2023-04-08T15:35:13+00:00","article_modified_time":"2023-04-14T01:23:28+00:00","og_image":[{"width":1444,"height":908,"url":"https:\/\/seewhatgrows.org\/us\/wp-content\/uploads\/2022\/03\/Earth-Day-2022-Events-Canada.png","type":"image\/png"}],"author":"Dennis Charland","twitter_misc":{"Escrito por":"Dennis Charland","Tiempo de lectura":"6 minutos"},"schema":{"@context":"https:\/\/schema.org","@graph":[{"@type":"Article","@id":"https:\/\/seewhatgrows.org\/us\/celebrating-earth-day-2023-live-stream-event\/#article","isPartOf":{"@id":"https:\/\/seewhatgrows.org\/us\/celebrating-earth-day-2023-live-stream-event\/"},"author":{"name":"Dennis Charland","@id":"https:\/\/seewhatgrows.org\/us\/#\/schema\/person\/2941b91ddd9a26badc98aadef946056c"},"headline":"Celebrating Earth Day 2023 | Live Stream Event","datePublished":"2023-04-08T15:35:13+00:00","dateModified":"2023-04-14T01:23:28+00:00","mainEntityOfPage":{"@id":"https:\/\/seewhatgrows.org\/us\/celebrating-earth-day-2023-live-stream-event\/"},"wordCount":750,"publisher":{"@id":"https:\/\/seewhatgrows.org\/us\/#organization"},"image":{"@id":"https:\/\/seewhatgrows.org\/us\/celebrating-earth-day-2023-live-stream-event\/#primaryimage"},"thumbnailUrl":"https:\/\/seewhatgrows.org\/us\/wp-content\/uploads\/2022\/03\/Earth-Day-2022-Events-Canada.png","keywords":["Earth Day 2023"],"articleSection":["Blogs"],"inLanguage":"es"},{"@type":"WebPage","@id":"https:\/\/seewhatgrows.org\/us\/celebrating-earth-day-2023-live-stream-event\/","url":"https:\/\/seewhatgrows.org\/us\/celebrating-earth-day-2023-live-stream-event\/","name":"Celebraci\u00f3n del D\u00eda de la Tierra 2023 | Evento en vivo","isPartOf":{"@id":"https:\/\/seewhatgrows.org\/us\/#website"},"primaryImageOfPage":{"@id":"https:\/\/seewhatgrows.org\/us\/celebrating-earth-day-2023-live-stream-event\/#primaryimage"},"image":{"@id":"https:\/\/seewhatgrows.org\/us\/celebrating-earth-day-2023-live-stream-event\/#primaryimage"},"thumbnailUrl":"https:\/\/seewhatgrows.org\/us\/wp-content\/uploads\/2022\/03\/Earth-Day-2022-Events-Canada.png","datePublished":"2023-04-08T15:35:13+00:00","dateModified":"2023-04-14T01:23:28+00:00","description":"Join us on April 18-22 for a special live-stream Earth Day 2023 event that teaches kids about gardening and sustainable food production.","breadcrumb":{"@id":"https:\/\/seewhatgrows.org\/us\/celebrating-earth-day-2023-live-stream-event\/#breadcrumb"},"inLanguage":"es","potentialAction":[{"@type":"ReadAction","target":["https:\/\/seewhatgrows.org\/us\/celebrating-earth-day-2023-live-stream-event\/"]}]},{"@type":"ImageObject","inLanguage":"es","@id":"https:\/\/seewhatgrows.org\/us\/celebrating-earth-day-2023-live-stream-event\/#primaryimage","url":"https:\/\/seewhatgrows.org\/us\/wp-content\/uploads\/2022\/03\/Earth-Day-2022-Events-Canada.png","contentUrl":"https:\/\/seewhatgrows.org\/us\/wp-content\/uploads\/2022\/03\/Earth-Day-2022-Events-Canada.png","width":1444,"height":908,"caption":"Earth Day 2023 Events Canada"},{"@type":"BreadcrumbList","@id":"https:\/\/seewhatgrows.org\/us\/celebrating-earth-day-2023-live-stream-event\/#breadcrumb","itemListElement":[{"@type":"ListItem","position":1,"name":"Home","item":"https:\/\/seewhatgrows.org\/us\/"},{"@type":"ListItem","position":2,"name":"Celebrating Earth Day 2023 | Live Stream Event"}]},{"@type":"WebSite","@id":"https:\/\/seewhatgrows.org\/us\/#website","url":"https:\/\/seewhatgrows.org\/us\/","name":"Conectando a las comunidades con la tierra","description":"Cultivando comunidades m\u00e1s saludables, una semilla a la vez con la Fundaci\u00f3n Plant a Seed &amp; See What Grows","publisher":{"@id":"https:\/\/seewhatgrows.org\/us\/#organization"},"potentialAction":[{"@type":"SearchAction","target":{"@type":"EntryPoint","urlTemplate":"https:\/\/seewhatgrows.org\/us\/?s={search_term_string}"},"query-input":{"@type":"PropertyValueSpecification","valueRequired":true,"valueName":"search_term_string"}}],"inLanguage":"es"},{"@type":"Organization","@id":"https:\/\/seewhatgrows.org\/us\/#organization","name":"Conectando a las comunidades con la tierra","url":"https:\/\/seewhatgrows.org\/us\/","logo":{"@type":"ImageObject","inLanguage":"es","@id":"https:\/\/seewhatgrows.org\/us\/#\/schema\/logo\/image\/","url":"https:\/\/seewhatgrows.org\/us\/wp-content\/uploads\/2026\/06\/Plant-a-Seed-Logo.png","contentUrl":"https:\/\/seewhatgrows.org\/us\/wp-content\/uploads\/2026\/06\/Plant-a-Seed-Logo.png","width":600,"height":600,"caption":"Connecting Communities to the Land"},"image":{"@id":"https:\/\/seewhatgrows.org\/us\/#\/schema\/logo\/image\/"}},{"@type":"Person","@id":"https:\/\/seewhatgrows.org\/us\/#\/schema\/person\/2941b91ddd9a26badc98aadef946056c","name":"Dennis Charland","url":"https:\/\/seewhatgrows.org\/us\/es\/author\/dennis\/"}]}},"_links":{"self":[{"href":"https:\/\/seewhatgrows.org\/us\/es\/wp-json\/wp\/v2\/posts\/365367","targetHints":{"allow":["GET"]}}],"collection":[{"href":"https:\/\/seewhatgrows.org\/us\/es\/wp-json\/wp\/v2\/posts"}],"about":[{"href":"https:\/\/seewhatgrows.org\/us\/es\/wp-json\/wp\/v2\/types\/post"}],"author":[{"embeddable":true,"href":"https:\/\/seewhatgrows.org\/us\/es\/wp-json\/wp\/v2\/users\/3"}],"replies":[{"embeddable":true,"href":"https:\/\/seewhatgrows.org\/us\/es\/wp-json\/wp\/v2\/comments?post=365367"}],"version-history":[{"count":0,"href":"https:\/\/seewhatgrows.org\/us\/es\/wp-json\/wp\/v2\/posts\/365367\/revisions"}],"wp:featuredmedia":[{"embeddable":true,"href":"https:\/\/seewhatgrows.org\/us\/es\/wp-json\/wp\/v2\/media\/32779"}],"wp:attachment":[{"href":"https:\/\/seewhatgrows.org\/us\/es\/wp-json\/wp\/v2\/media?parent=365367"}],"wp:term":[{"taxonomy":"category","embeddable":true,"href":"https:\/\/seewhatgrows.org\/us\/es\/wp-json\/wp\/v2\/categories?post=365367"},{"taxonomy":"post_tag","embeddable":true,"href":"https:\/\/seewhatgrows.org\/us\/es\/wp-json\/wp\/v2\/tags?post=365367"}],"curies":[{"name":"\u00a1Buen juego!","href":"https:\/\/api.w.org\/{rel}","templated":true}]}}