{"id":32626,"date":"2021-09-21T12:11:04","date_gmt":"2021-09-21T19:11:04","guid":{"rendered":"https:\/\/seewhatgrows.org\/?p=32626"},"modified":"2021-09-21T12:11:08","modified_gmt":"2021-09-21T19:11:08","slug":"how-to-celebrate-world-habitat-day-with-your-kids","status":"publish","type":"post","link":"https:\/\/seewhatgrows.org\/us\/es\/how-to-celebrate-world-habitat-day-with-your-kids\/","title":{"rendered":"C\u00f3mo celebrar el D\u00eda Mundial del H\u00e1bitat con tus hijos"},"content":{"rendered":"<p class=\"wp-block-paragraph\">Las Naciones Unidas (ONU) instituyeron el D\u00eda Mundial del H\u00e1bitat en 1985, y desde entonces se celebra el primer lunes de octubre. La intenci\u00f3n de este D\u00eda Internacional de Reconocimiento es reflexionar sobre el estado de nuestros h\u00e1bitats (nuestros espacios de vivienda) y sobre el derecho b\u00e1sico de todos a una vivienda adecuada. Tambi\u00e9n sirve para recordarnos que tenemos la responsabilidad inherente de forjar un futuro sostenible para nuestras ciudades, pueblos y zonas rurales. Esto es tan cierto para Canad\u00e1 como para cualquier otro lugar del mundo, y la \u00fanica forma de ayudar a garantizar la protecci\u00f3n de los h\u00e1bitats de nuestro pa\u00eds es ense\u00f1ar a nuestros hijos a tomar las riendas para convertirse en miembros responsables de sus comunidades. En respuesta a esto, nuestra fundaci\u00f3n desea compartir algunas ideas sobre c\u00f3mo puede celebrar el D\u00eda Mundial del H\u00e1bitat con sus hijos y\/o estudiantes.\u00a0<\/p>\n\n\n\n<h2 class=\"wp-block-heading\"><strong>C\u00f3mo los maestros y los padres pueden reconocer el D\u00eda Mundial del H\u00e1bitat con sus hijos<\/strong><\/h2>\n\n\n\n<!--more-->\n\n\n\n<h3 class=\"wp-block-heading\"><strong>Planifique actividades basadas en el tema del a\u00f1o actual<\/strong><\/h3>\n\n\n\n<p class=\"wp-block-paragraph\">Hay un nuevo tema adjunto a cada D\u00eda Mundial del H\u00e1bitat. Visite el <a href=\"https:\/\/www.un.org\/en\/observances\/habitat-day\">P\u00e1gina de recursos de la ONU<\/a> con sus hijos para descubrir cu\u00e1l es el tema a medida que se acerca. Una vez que haya identificado el tema, puede dise\u00f1ar actividades en torno a \u00e9l.<\/p>\n\n\n\n<p class=\"wp-block-paragraph\">Por ejemplo, en 2021, el tema del D\u00eda Mundial del H\u00e1bitat es el siguiente:<\/p>\n\n\n\n<blockquote class=\"wp-block-quote is-layout-flow wp-block-quote-is-layout-flow\"><p><em>\u201cEl tema del D\u00eda Mundial del H\u00e1bitat de este a\u00f1o es <\/em><strong><em>Acelerando la acci\u00f3n urbana para un mundo libre de carbono<\/em><\/strong><em>. El tema reconoce que las ciudades son responsables de alrededor del 70 por ciento de las emisiones mundiales de di\u00f3xido de carbono, y que el transporte, los edificios, la energ\u00eda y la gesti\u00f3n de residuos representan la mayor parte de las emisiones urbanas de gases de efecto invernadero. Los eventos y actividades durante el D\u00eda Mundial del H\u00e1bitat explorar\u00e1n c\u00f3mo los gobiernos y organizaciones nacionales, regionales y locales, las comunidades, las instituciones acad\u00e9micas, el sector privado y todas las partes interesadas pertinentes pueden trabajar juntas para crear ciudades y pueblos sostenibles, neutros en carbono e inclusivos. (ONU)<\/em><\/p><\/blockquote>\n\n\n\n<p class=\"wp-block-paragraph\">No dejes que tus hijos se sientan abrumados por el llamado a la acci\u00f3n dirigido a gobiernos, organizaciones e instituciones, ya que incluso un solo sal\u00f3n de clases o un hogar puede marcar la diferencia.\u00a0<\/p>\n\n\n\n<p class=\"wp-block-paragraph\">\u00bfQu\u00e9 pueden hacer juntos para apoyar el tema de acelerar las medidas urbanas en pro de un entorno libre de carbono? Teniendo en cuenta que <strong>producci\u00f3n de alimentos<\/strong> es <a href=\"https:\/\/ourworldindata.org\/food-choice-vs-eating-local\">responsable de una cuarta parte<\/a> de las emisiones mundiales de gases de efecto invernadero, <strong>Tu patio trasero, tu comunidad y\/o el huerto de tu escuela son un excelente lugar para empezar<\/strong>. \u00bfNo tienes uno? Entonces ya encontraste la actividad que buscabas. Ver <a href=\"https:\/\/seewhatgrows.org\/us\/es\/start-school-garden-project-students\/\">Nuestra gu\u00eda para crear un huerto escolar<\/a> y <a href=\"https:\/\/seewhatgrows.org\/us\/es\/start-community-garden-neighborhood\/\">c\u00f3mo iniciar un huerto comunitario<\/a>. Por lo dem\u00e1s, el blog de nuestra Fundaci\u00f3n est\u00e1 repleto de contenido \u00fatil sobre c\u00f3mo iniciar, cuidar y mantener un huerto que pueda proporcionar alimentos a tu familia o comunidad durante a\u00f1os, si no generaciones, por venir.&nbsp;<\/p>\n\n\n\n<p class=\"wp-block-paragraph\"><a href=\"https:\/\/seewhatgrows.org\/us\/es\/blog\/\">Revisa los art\u00edculos con tus hijos<\/a> en busca de inspiraci\u00f3n. Incluso contamos con gu\u00edas que abordan directamente c\u00f3mo superar los retos de la urbanizaci\u00f3n, tales como <a href=\"https:\/\/seewhatgrows.org\/us\/es\/how-to-introduce-pollinators-into-an-urban-environment\/\">c\u00f3mo introducir polinizadores en un entorno urbano<\/a>. Adem\u00e1s, aseg\u00farate de <a href=\"https:\/\/seewhatgrows.org\/us\/es\/tag\/english-at-home-activities\/\">descarga estas divertidas gu\u00edas de actividades<\/a> eso les ense\u00f1ar\u00e1 a tus hijos sobre jardiner\u00eda.<\/p>\n\n\n\n<h3 class=\"wp-block-heading\"><strong>Siembra la semilla del cambio en los dem\u00e1s<\/strong><\/h3>\n\n\n\n<p class=\"wp-block-paragraph\">Como ya dijimos, incluso un solo sal\u00f3n de clases o un solo hogar puede marcar la diferencia. Sin embargo, haz que tu ejemplo brille con fuerza para que otros puedan ver lo que est\u00e1s haciendo y se inspiren a hacer lo mismo. Se necesita un efecto domin\u00f3 para crear h\u00e1bitats pr\u00f3speros en todo Canad\u00e1. \u00bfQu\u00e9 puedes hacer para que tu buen trabajo eche ra\u00edces y se extienda por tu propia ciudad, pueblo y, en \u00faltima instancia, por todo Canad\u00e1?<\/p>\n\n\n\n<p class=\"wp-block-paragraph\">Tu escuela y\/o los miembros de tu familia tendr\u00e1n perfiles en redes sociales que pueden servir como punto de partida. Con\u00e9ctate con organismos internacionales y nacionales que promuevan la creaci\u00f3n de h\u00e1bitats sostenibles, entre los que se incluyen (entre otros) los siguientes:<\/p>\n\n\n\n<ul class=\"wp-block-list\"><li>@seewhatgrows (<a href=\"https:\/\/www.facebook.com\/SeeWhatGrows\">Facebook<\/a>, <a href=\"https:\/\/twitter.com\/seewhatgrows\">Twitter<\/a>, y <a href=\"https:\/\/www.instagram.com\/seewhatgrows\/\">Instagram<\/a>)<\/li><li><a href=\"https:\/\/www.instagram.com\/unhabitat\/?hl=en\">@UNhabitat<\/a><\/li><li><a href=\"https:\/\/www.instagram.com\/unclimatechange\/\">@UNclimatechange<\/a><\/li><\/ul>\n\n\n\n<p class=\"wp-block-paragraph\">Una vez que est\u00e9n conectados, compartan las actividades e historias de sus hijos relacionadas con el ##WorldHabitatDay y etiqueten a los perfiles de redes sociales mencionados anteriormente, junto con amigos, familiares, compa\u00f1eros de trabajo, figuras destacadas de la comunidad y los medios de comunicaci\u00f3n; algunos de ellos compartir\u00e1n el buen trabajo que est\u00e1n realizando en su hogar o en su clase. Para obtener m\u00e1s informaci\u00f3n sobre c\u00f3mo dar a conocer sus proyectos de jardiner\u00eda, <a href=\"http:\/\/www.apple.com\">haga clic aqu\u00ed<\/a>.<\/p>\n\n\n\n<hr class=\"wp-block-separator\"\/>\n\n\n\n<p class=\"wp-block-paragraph\">Por \u00faltimo, queremos llamar su atenci\u00f3n sobre una de las formas m\u00e1s efectivas de crear un mundo sostenible en el que sus hijos puedan prosperar. Apoye el trabajo de la Fundaci\u00f3n \u00abPlanta una semilla y ve lo que crece\u00bb. Trabajamos sin descanso para fortalecer la conexi\u00f3n de la comunidad con la tierra a trav\u00e9s de <a href=\"https:\/\/seewhatgrows.org\/us\/es\/our-causes\/\">las causas<\/a> y las organizaciones a las que apoyamos. Obtenga m\u00e1s informaci\u00f3n sobre <a href=\"https:\/\/seewhatgrows.org\/us\/es\/get-involved\/\">c\u00f3mo puedes involucrarte<\/a>.<\/p>","protected":false},"excerpt":{"rendered":"<p>The United Nations (UN) introduced World Habitat Day back in 1985, and it has been celebrated on the first Monday of October ever since. The intent of this International Day of Recognition is to reflect on the state of our habitats (our living spaces), and on the basic right of all to adequate housing. It [&hellip;]<\/p>\n","protected":false},"author":3,"featured_media":32628,"comment_status":"closed","ping_status":"closed","sticky":false,"template":"","format":"standard","meta":{"footnotes":""},"categories":[1],"tags":[715],"class_list":["post-32626","post","type-post","status-publish","format-standard","has-post-thumbnail","hentry","category-uncategorized","tag-world-habitat-day"],"yoast_head":"<!-- This site is optimized with the Yoast SEO plugin v28.4 - https:\/\/yoast.com\/product\/yoast-seo-wordpress\/ -->\n<title>How to Celebrate World Habitat Day With Your Kids<\/title>\n<meta name=\"description\" content=\"How teachers, parents, and caregivers can recognize World Habitat Day with their children, courtesy of Plant a Seed and See What Grows.\" \/>\n<meta name=\"robots\" content=\"index, follow, max-snippet:-1, max-image-preview:large, max-video-preview:-1\" \/>\n<link rel=\"canonical\" href=\"https:\/\/seewhatgrows.org\/us\/es\/how-to-celebrate-world-habitat-day-with-your-kids\/\" \/>\n<meta property=\"og:locale\" content=\"es_MX\" \/>\n<meta property=\"og:type\" content=\"article\" \/>\n<meta property=\"og:title\" content=\"How to Celebrate World Habitat Day With Your Kids\" \/>\n<meta property=\"og:description\" content=\"How teachers, parents, and caregivers can recognize World Habitat Day with their children, courtesy of Plant a Seed and See What Grows.\" \/>\n<meta property=\"og:url\" content=\"https:\/\/seewhatgrows.org\/us\/es\/how-to-celebrate-world-habitat-day-with-your-kids\/\" \/>\n<meta property=\"og:site_name\" content=\"Connecting Communities to the Land\" \/>\n<meta property=\"article:published_time\" content=\"2021-09-21T19:11:04+00:00\" \/>\n<meta property=\"article:modified_time\" content=\"2021-09-21T19:11:08+00:00\" \/>\n<meta property=\"og:image\" content=\"https:\/\/seewhatgrows.org\/us\/wp-content\/uploads\/2021\/09\/How-to-Celebrate-World-Habitat-Day-.png\" \/>\n\t<meta property=\"og:image:width\" content=\"1861\" \/>\n\t<meta property=\"og:image:height\" content=\"1154\" \/>\n\t<meta property=\"og:image:type\" content=\"image\/png\" \/>\n<meta name=\"author\" content=\"Dennis Charland\" \/>\n<meta name=\"twitter:label1\" content=\"Escrito por\" \/>\n\t<meta name=\"twitter:data1\" content=\"Dennis Charland\" \/>\n\t<meta name=\"twitter:label2\" content=\"Tiempo de lectura\" \/>\n\t<meta name=\"twitter:data2\" content=\"4 minutos\" \/>\n<script type=\"application\/ld+json\" class=\"yoast-schema-graph\">{\"@context\":\"https:\\\/\\\/schema.org\",\"@graph\":[{\"@type\":\"Article\",\"@id\":\"https:\\\/\\\/seewhatgrows.org\\\/us\\\/how-to-celebrate-world-habitat-day-with-your-kids\\\/#article\",\"isPartOf\":{\"@id\":\"https:\\\/\\\/seewhatgrows.org\\\/us\\\/how-to-celebrate-world-habitat-day-with-your-kids\\\/\"},\"author\":{\"name\":\"Dennis Charland\",\"@id\":\"https:\\\/\\\/seewhatgrows.org\\\/us\\\/#\\\/schema\\\/person\\\/2941b91ddd9a26badc98aadef946056c\"},\"headline\":\"How to Celebrate World Habitat Day With Your Kids\",\"datePublished\":\"2021-09-21T19:11:04+00:00\",\"dateModified\":\"2021-09-21T19:11:08+00:00\",\"mainEntityOfPage\":{\"@id\":\"https:\\\/\\\/seewhatgrows.org\\\/us\\\/how-to-celebrate-world-habitat-day-with-your-kids\\\/\"},\"wordCount\":736,\"publisher\":{\"@id\":\"https:\\\/\\\/seewhatgrows.org\\\/us\\\/#organization\"},\"image\":{\"@id\":\"https:\\\/\\\/seewhatgrows.org\\\/us\\\/how-to-celebrate-world-habitat-day-with-your-kids\\\/#primaryimage\"},\"thumbnailUrl\":\"https:\\\/\\\/seewhatgrows.org\\\/us\\\/wp-content\\\/uploads\\\/2021\\\/09\\\/How-to-Celebrate-World-Habitat-Day-.png\",\"keywords\":[\"World Habitat Day\"],\"articleSection\":[\"Uncategorized\"],\"inLanguage\":\"es\"},{\"@type\":\"WebPage\",\"@id\":\"https:\\\/\\\/seewhatgrows.org\\\/us\\\/how-to-celebrate-world-habitat-day-with-your-kids\\\/\",\"url\":\"https:\\\/\\\/seewhatgrows.org\\\/us\\\/how-to-celebrate-world-habitat-day-with-your-kids\\\/\",\"name\":\"How to Celebrate World Habitat Day With Your Kids\",\"isPartOf\":{\"@id\":\"https:\\\/\\\/seewhatgrows.org\\\/us\\\/#website\"},\"primaryImageOfPage\":{\"@id\":\"https:\\\/\\\/seewhatgrows.org\\\/us\\\/how-to-celebrate-world-habitat-day-with-your-kids\\\/#primaryimage\"},\"image\":{\"@id\":\"https:\\\/\\\/seewhatgrows.org\\\/us\\\/how-to-celebrate-world-habitat-day-with-your-kids\\\/#primaryimage\"},\"thumbnailUrl\":\"https:\\\/\\\/seewhatgrows.org\\\/us\\\/wp-content\\\/uploads\\\/2021\\\/09\\\/How-to-Celebrate-World-Habitat-Day-.png\",\"datePublished\":\"2021-09-21T19:11:04+00:00\",\"dateModified\":\"2021-09-21T19:11:08+00:00\",\"description\":\"How teachers, parents, and caregivers can recognize World Habitat Day with their children, courtesy of Plant a Seed and See What Grows.\",\"breadcrumb\":{\"@id\":\"https:\\\/\\\/seewhatgrows.org\\\/us\\\/how-to-celebrate-world-habitat-day-with-your-kids\\\/#breadcrumb\"},\"inLanguage\":\"es\",\"potentialAction\":[{\"@type\":\"ReadAction\",\"target\":[\"https:\\\/\\\/seewhatgrows.org\\\/us\\\/how-to-celebrate-world-habitat-day-with-your-kids\\\/\"]}]},{\"@type\":\"ImageObject\",\"inLanguage\":\"es\",\"@id\":\"https:\\\/\\\/seewhatgrows.org\\\/us\\\/how-to-celebrate-world-habitat-day-with-your-kids\\\/#primaryimage\",\"url\":\"https:\\\/\\\/seewhatgrows.org\\\/us\\\/wp-content\\\/uploads\\\/2021\\\/09\\\/How-to-Celebrate-World-Habitat-Day-.png\",\"contentUrl\":\"https:\\\/\\\/seewhatgrows.org\\\/us\\\/wp-content\\\/uploads\\\/2021\\\/09\\\/How-to-Celebrate-World-Habitat-Day-.png\",\"width\":1861,\"height\":1154,\"caption\":\"How to Celebrate World Habitat Day\"},{\"@type\":\"BreadcrumbList\",\"@id\":\"https:\\\/\\\/seewhatgrows.org\\\/us\\\/how-to-celebrate-world-habitat-day-with-your-kids\\\/#breadcrumb\",\"itemListElement\":[{\"@type\":\"ListItem\",\"position\":1,\"name\":\"Home\",\"item\":\"https:\\\/\\\/seewhatgrows.org\\\/us\\\/\"},{\"@type\":\"ListItem\",\"position\":2,\"name\":\"How to Celebrate World Habitat Day With Your Kids\"}]},{\"@type\":\"WebSite\",\"@id\":\"https:\\\/\\\/seewhatgrows.org\\\/us\\\/#website\",\"url\":\"https:\\\/\\\/seewhatgrows.org\\\/us\\\/\",\"name\":\"Connecting Communities to the Land\",\"description\":\"Growing healthier communities, one seed at a time with Plant a Seed &amp; See What Grows Foundation\",\"publisher\":{\"@id\":\"https:\\\/\\\/seewhatgrows.org\\\/us\\\/#organization\"},\"potentialAction\":[{\"@type\":\"SearchAction\",\"target\":{\"@type\":\"EntryPoint\",\"urlTemplate\":\"https:\\\/\\\/seewhatgrows.org\\\/us\\\/?s={search_term_string}\"},\"query-input\":{\"@type\":\"PropertyValueSpecification\",\"valueRequired\":true,\"valueName\":\"search_term_string\"}}],\"inLanguage\":\"es\"},{\"@type\":\"Organization\",\"@id\":\"https:\\\/\\\/seewhatgrows.org\\\/us\\\/#organization\",\"name\":\"Connecting Communities to the Land\",\"url\":\"https:\\\/\\\/seewhatgrows.org\\\/us\\\/\",\"logo\":{\"@type\":\"ImageObject\",\"inLanguage\":\"es\",\"@id\":\"https:\\\/\\\/seewhatgrows.org\\\/us\\\/#\\\/schema\\\/logo\\\/image\\\/\",\"url\":\"https:\\\/\\\/seewhatgrows.org\\\/us\\\/wp-content\\\/uploads\\\/2026\\\/06\\\/Plant-a-Seed-Logo.png\",\"contentUrl\":\"https:\\\/\\\/seewhatgrows.org\\\/us\\\/wp-content\\\/uploads\\\/2026\\\/06\\\/Plant-a-Seed-Logo.png\",\"width\":600,\"height\":600,\"caption\":\"Connecting Communities to the Land\"},\"image\":{\"@id\":\"https:\\\/\\\/seewhatgrows.org\\\/us\\\/#\\\/schema\\\/logo\\\/image\\\/\"}},{\"@type\":\"Person\",\"@id\":\"https:\\\/\\\/seewhatgrows.org\\\/us\\\/#\\\/schema\\\/person\\\/2941b91ddd9a26badc98aadef946056c\",\"name\":\"Dennis Charland\",\"url\":\"https:\\\/\\\/seewhatgrows.org\\\/us\\\/es\\\/author\\\/dennis\\\/\"}]}<\/script>\n<!-- \/ Yoast SEO plugin. -->","yoast_head_json":{"title":"C\u00f3mo celebrar el D\u00eda Mundial del H\u00e1bitat con tus hijos","description":"How teachers, parents, and caregivers can recognize World Habitat Day with their children, courtesy of Plant a Seed and See What Grows.","robots":{"index":"index","follow":"follow","max-snippet":"max-snippet:-1","max-image-preview":"max-image-preview:large","max-video-preview":"max-video-preview:-1"},"canonical":"https:\/\/seewhatgrows.org\/us\/es\/how-to-celebrate-world-habitat-day-with-your-kids\/","og_locale":"es_MX","og_type":"article","og_title":"How to Celebrate World Habitat Day With Your Kids","og_description":"How teachers, parents, and caregivers can recognize World Habitat Day with their children, courtesy of Plant a Seed and See What Grows.","og_url":"https:\/\/seewhatgrows.org\/us\/es\/how-to-celebrate-world-habitat-day-with-your-kids\/","og_site_name":"Connecting Communities to the Land","article_published_time":"2021-09-21T19:11:04+00:00","article_modified_time":"2021-09-21T19:11:08+00:00","og_image":[{"width":1861,"height":1154,"url":"https:\/\/seewhatgrows.org\/us\/wp-content\/uploads\/2021\/09\/How-to-Celebrate-World-Habitat-Day-.png","type":"image\/png"}],"author":"Dennis Charland","twitter_misc":{"Escrito por":"Dennis Charland","Tiempo de lectura":"4 minutos"},"schema":{"@context":"https:\/\/schema.org","@graph":[{"@type":"Article","@id":"https:\/\/seewhatgrows.org\/us\/how-to-celebrate-world-habitat-day-with-your-kids\/#article","isPartOf":{"@id":"https:\/\/seewhatgrows.org\/us\/how-to-celebrate-world-habitat-day-with-your-kids\/"},"author":{"name":"Dennis Charland","@id":"https:\/\/seewhatgrows.org\/us\/#\/schema\/person\/2941b91ddd9a26badc98aadef946056c"},"headline":"How to Celebrate World Habitat Day With Your Kids","datePublished":"2021-09-21T19:11:04+00:00","dateModified":"2021-09-21T19:11:08+00:00","mainEntityOfPage":{"@id":"https:\/\/seewhatgrows.org\/us\/how-to-celebrate-world-habitat-day-with-your-kids\/"},"wordCount":736,"publisher":{"@id":"https:\/\/seewhatgrows.org\/us\/#organization"},"image":{"@id":"https:\/\/seewhatgrows.org\/us\/how-to-celebrate-world-habitat-day-with-your-kids\/#primaryimage"},"thumbnailUrl":"https:\/\/seewhatgrows.org\/us\/wp-content\/uploads\/2021\/09\/How-to-Celebrate-World-Habitat-Day-.png","keywords":["World Habitat Day"],"articleSection":["Uncategorized"],"inLanguage":"es"},{"@type":"WebPage","@id":"https:\/\/seewhatgrows.org\/us\/how-to-celebrate-world-habitat-day-with-your-kids\/","url":"https:\/\/seewhatgrows.org\/us\/how-to-celebrate-world-habitat-day-with-your-kids\/","name":"C\u00f3mo celebrar el D\u00eda Mundial del H\u00e1bitat con tus hijos","isPartOf":{"@id":"https:\/\/seewhatgrows.org\/us\/#website"},"primaryImageOfPage":{"@id":"https:\/\/seewhatgrows.org\/us\/how-to-celebrate-world-habitat-day-with-your-kids\/#primaryimage"},"image":{"@id":"https:\/\/seewhatgrows.org\/us\/how-to-celebrate-world-habitat-day-with-your-kids\/#primaryimage"},"thumbnailUrl":"https:\/\/seewhatgrows.org\/us\/wp-content\/uploads\/2021\/09\/How-to-Celebrate-World-Habitat-Day-.png","datePublished":"2021-09-21T19:11:04+00:00","dateModified":"2021-09-21T19:11:08+00:00","description":"How teachers, parents, and caregivers can recognize World Habitat Day with their children, courtesy of Plant a Seed and See What Grows.","breadcrumb":{"@id":"https:\/\/seewhatgrows.org\/us\/how-to-celebrate-world-habitat-day-with-your-kids\/#breadcrumb"},"inLanguage":"es","potentialAction":[{"@type":"ReadAction","target":["https:\/\/seewhatgrows.org\/us\/how-to-celebrate-world-habitat-day-with-your-kids\/"]}]},{"@type":"ImageObject","inLanguage":"es","@id":"https:\/\/seewhatgrows.org\/us\/how-to-celebrate-world-habitat-day-with-your-kids\/#primaryimage","url":"https:\/\/seewhatgrows.org\/us\/wp-content\/uploads\/2021\/09\/How-to-Celebrate-World-Habitat-Day-.png","contentUrl":"https:\/\/seewhatgrows.org\/us\/wp-content\/uploads\/2021\/09\/How-to-Celebrate-World-Habitat-Day-.png","width":1861,"height":1154,"caption":"How to Celebrate World Habitat Day"},{"@type":"BreadcrumbList","@id":"https:\/\/seewhatgrows.org\/us\/how-to-celebrate-world-habitat-day-with-your-kids\/#breadcrumb","itemListElement":[{"@type":"ListItem","position":1,"name":"Home","item":"https:\/\/seewhatgrows.org\/us\/"},{"@type":"ListItem","position":2,"name":"How to Celebrate World Habitat Day With Your Kids"}]},{"@type":"WebSite","@id":"https:\/\/seewhatgrows.org\/us\/#website","url":"https:\/\/seewhatgrows.org\/us\/","name":"Conectando a las comunidades con la tierra","description":"Cultivando comunidades m\u00e1s saludables, una semilla a la vez con la Fundaci\u00f3n Plant a Seed &amp; See What Grows","publisher":{"@id":"https:\/\/seewhatgrows.org\/us\/#organization"},"potentialAction":[{"@type":"SearchAction","target":{"@type":"EntryPoint","urlTemplate":"https:\/\/seewhatgrows.org\/us\/?s={search_term_string}"},"query-input":{"@type":"PropertyValueSpecification","valueRequired":true,"valueName":"search_term_string"}}],"inLanguage":"es"},{"@type":"Organization","@id":"https:\/\/seewhatgrows.org\/us\/#organization","name":"Conectando a las comunidades con la tierra","url":"https:\/\/seewhatgrows.org\/us\/","logo":{"@type":"ImageObject","inLanguage":"es","@id":"https:\/\/seewhatgrows.org\/us\/#\/schema\/logo\/image\/","url":"https:\/\/seewhatgrows.org\/us\/wp-content\/uploads\/2026\/06\/Plant-a-Seed-Logo.png","contentUrl":"https:\/\/seewhatgrows.org\/us\/wp-content\/uploads\/2026\/06\/Plant-a-Seed-Logo.png","width":600,"height":600,"caption":"Connecting Communities to the Land"},"image":{"@id":"https:\/\/seewhatgrows.org\/us\/#\/schema\/logo\/image\/"}},{"@type":"Person","@id":"https:\/\/seewhatgrows.org\/us\/#\/schema\/person\/2941b91ddd9a26badc98aadef946056c","name":"Dennis Charland","url":"https:\/\/seewhatgrows.org\/us\/es\/author\/dennis\/"}]}},"_links":{"self":[{"href":"https:\/\/seewhatgrows.org\/us\/es\/wp-json\/wp\/v2\/posts\/32626","targetHints":{"allow":["GET"]}}],"collection":[{"href":"https:\/\/seewhatgrows.org\/us\/es\/wp-json\/wp\/v2\/posts"}],"about":[{"href":"https:\/\/seewhatgrows.org\/us\/es\/wp-json\/wp\/v2\/types\/post"}],"author":[{"embeddable":true,"href":"https:\/\/seewhatgrows.org\/us\/es\/wp-json\/wp\/v2\/users\/3"}],"replies":[{"embeddable":true,"href":"https:\/\/seewhatgrows.org\/us\/es\/wp-json\/wp\/v2\/comments?post=32626"}],"version-history":[{"count":0,"href":"https:\/\/seewhatgrows.org\/us\/es\/wp-json\/wp\/v2\/posts\/32626\/revisions"}],"wp:featuredmedia":[{"embeddable":true,"href":"https:\/\/seewhatgrows.org\/us\/es\/wp-json\/wp\/v2\/media\/32628"}],"wp:attachment":[{"href":"https:\/\/seewhatgrows.org\/us\/es\/wp-json\/wp\/v2\/media?parent=32626"}],"wp:term":[{"taxonomy":"category","embeddable":true,"href":"https:\/\/seewhatgrows.org\/us\/es\/wp-json\/wp\/v2\/categories?post=32626"},{"taxonomy":"post_tag","embeddable":true,"href":"https:\/\/seewhatgrows.org\/us\/es\/wp-json\/wp\/v2\/tags?post=32626"}],"curies":[{"name":"\u00a1Buen juego!","href":"https:\/\/api.w.org\/{rel}","templated":true}]}}