{"id":32012,"date":"2021-06-11T11:38:15","date_gmt":"2021-06-11T18:38:15","guid":{"rendered":"http:\/\/seewhatgrows.flywheelsites.com\/?p=32012"},"modified":"2021-06-11T11:38:18","modified_gmt":"2021-06-11T18:38:18","slug":"celebrating-garden-days-canada-2021","status":"publish","type":"post","link":"https:\/\/seewhatgrows.org\/us\/es\/celebrating-garden-days-canada-2021\/","title":{"rendered":"Celebrando los D\u00edas del Jard\u00edn Canad\u00e1 2021"},"content":{"rendered":"<p class=\"wp-block-paragraph\"><strong>D\u00edas de jard\u00edn<\/strong> es un programa que fue lanzado y cuenta con el respaldo del <strong>Consejo Canadiense de Jardines<\/strong>. Cada mes de junio, los entusiastas de la jardiner\u00eda de todo el pa\u00eds se unen para celebrar la cultura de los jardines, reconociendo el papel fundamental que desempe\u00f1a la jardiner\u00eda en nuestras comunidades. Este programa es m\u00e1s que para horticultores, ya que ofrece actividades y promociones para todo tipo de aficionados, y da la bienvenida a familias, escuelas, empresas locales y visitantes para que participen.&nbsp;<\/p>\n\n\n\n<p class=\"wp-block-paragraph\">Este a\u00f1o, el evento se lleva a cabo del 12 al 20 de junio. Si bien ciertamente puedes celebrar la semana previa a tu propia manera especial, el Consejo Canadiense de Jardines <a href=\"https:\/\/gardenscanada.ca\/garden-days\/\">ha atribuido<\/a> un tema nuevo para cada d\u00eda del evento. Para inspirar a su hogar y\/o clase (etc.) a unirse a la diversi\u00f3n, hemos enumerado estos temas diarios a continuaci\u00f3n, junto con algunos consejos para hacerlos realidad.&nbsp;<\/p>\n\n\n\n<h2 class=\"wp-block-heading\"><strong>Temas de los D\u00edas del Jard\u00edn 2021 y las formas divertidas de celebrarlos con tus hijos<\/strong><\/h2>\n\n\n\n<!--more-->\n\n\n\n<h3 class=\"wp-block-heading\"><strong>12 de junio: Visitar un jard\u00edn<\/strong><\/h3>\n\n\n\n<p class=\"wp-block-paragraph\">\u00a1Este es un excelente punto de partida! Los hogares tienen una variedad de opciones, ya que los huertos comunitarios y las granjas urbanas tienen ra\u00edces establecidas en su vecindario o en los alrededores. Incluso puede haber uno de <strong>Planta una semilla y mira qu\u00e9 crece<\/strong> compatible <a href=\"https:\/\/seewhatgrows.org\/us\/es\/programs\/#gardens\">huertos escolares<\/a> cerca de ti.&nbsp;<\/p>\n\n\n\n<h3 class=\"wp-block-heading\"><strong>13 de junio: Comparte tu historia de jard\u00edn favorita<\/strong><\/h3>\n\n\n\n<p class=\"wp-block-paragraph\">Hagan que todos guarden sus pantallas digitales y re\u00fanan a la familia en c\u00edrculo para leer un cuento sobre jardiner\u00eda. \u00bfNo tienen uno? Pueden descargar una copia GRATUITA de Roland Gahler <strong>Planta una semilla y mira qu\u00e9 crece<\/strong> <a href=\"https:\/\/seewhatgrows.org\/us\/wp-content\/uploads\/plant_a_seed_and_see_what_grows.pdf\">aqu\u00ed<\/a>, y una copia GRATIS del seguimiento, <strong>Qu\u00e9 hacer con lo que cosechaste<\/strong> <a href=\"http:\/\/www.apple.com\">aqu\u00ed mismo<\/a>.<\/p>\n\n\n\n<h3 class=\"wp-block-heading\"><strong>14 de junio: Conozca m\u00e1s sobre el jard\u00edn<\/strong><\/h3>\n\n\n\n<p class=\"wp-block-paragraph\">T\u00f3mate un tiempo para buscar y hablar con un experto en jardiner\u00eda, como un representante de un centro de jardiner\u00eda local, un paisajista profesional o incluso el voluntario principal de tu jard\u00edn comunitario local. Tambi\u00e9n puedes convertir a tus hijos en miniexpertos haci\u00e9ndoles explorar <strong>De Michael y Meghan<\/strong> <a href=\"https:\/\/seewhatgrows.org\/us\/es\/kids-corner\/\">Rinc\u00f3n infantil<\/a> y completo <a href=\"https:\/\/seewhatgrows.org\/us\/es\/kids-corner\/\">estos cuadernos de trabajo llenos de diversi\u00f3n<\/a>.<\/p>\n\n\n\n<h3 class=\"wp-block-heading\"><strong>15 de junio: Haz amigos en el jard\u00edn<\/strong><\/h3>\n\n\n\n<p class=\"wp-block-paragraph\">Esto no se trata solo de conversar con otros visitantes y voluntarios en tu huerto comunitario local. Este tema en particular sugiere que puedes apoyar a un vecino ayudando a cuidar su jard\u00edn, o regal\u00e1ndole una planta, flores o semillas.&nbsp;<\/p>\n\n\n\n<h3 class=\"wp-block-heading\"><strong>16 de junio: Planta algo amarillo&nbsp;<\/strong><\/h3>\n\n\n\n<figure class=\"wp-block-image size-large\"><img loading=\"lazy\" decoding=\"async\" width=\"900\" height=\"535\" src=\"https:\/\/seewhatgrows.org\/us\/wp-content\/uploads\/2021\/06\/garden_days_canada_yellow.jpg\" alt=\"Celebrating Garden Days Canada 2021\" class=\"wp-image-32015\" srcset=\"https:\/\/seewhatgrows.org\/us\/wp-content\/uploads\/2021\/06\/garden_days_canada_yellow.jpg 900w, https:\/\/seewhatgrows.org\/us\/wp-content\/uploads\/2021\/06\/garden_days_canada_yellow-300x178.jpg 300w, https:\/\/seewhatgrows.org\/us\/wp-content\/uploads\/2021\/06\/garden_days_canada_yellow-768x457.jpg 768w, https:\/\/seewhatgrows.org\/us\/wp-content\/uploads\/2021\/06\/garden_days_canada_yellow-24x14.jpg 24w, https:\/\/seewhatgrows.org\/us\/wp-content\/uploads\/2021\/06\/garden_days_canada_yellow-36x21.jpg 36w, https:\/\/seewhatgrows.org\/us\/wp-content\/uploads\/2021\/06\/garden_days_canada_yellow-48x29.jpg 48w\" sizes=\"auto, (max-width: 900px) 100vw, 900px\" \/><\/figure>\n\n\n\n<p class=\"wp-block-paragraph\">El amarillo es el color internacional de la esperanza. La esperanza es lo que nos mantuvo a todos adelante durante el a\u00f1o pasado. Ahora que estamos viendo la luz brillante al final de un camino arduo, podemos celebrar el \u00e9xito que ha manifestado la esperanza. Planta algo amarillo en tu jard\u00edn en este d\u00eda especial. \u00bfNecesitas ideas? <strong>Narcisos<\/strong> son un deleite para la vista y para los polinizadores por igual. Tambi\u00e9n est\u00e1 el <strong>aquilegia canadense<\/strong>, que es originario de Canad\u00e1 (<a href=\"https:\/\/seewhatgrows.org\/us\/es\/how-to-promote-biological-diversity-in-your-food-garden\/\">importante para la biodiversidad<\/a>) y produce delicadas flores largas de color rojo y amarillo. En cuanto a las plantas productoras de alimentos con un tono amarillo, no te puedes equivocar con los girasoles, el ma\u00edz y los pimientos amarillos.<\/p>\n\n\n\n<h3 class=\"wp-block-heading\"><strong>17 de junio: Encuentra tu tranquilidad<\/strong><\/h3>\n\n\n\n<p class=\"wp-block-paragraph\">Este 17 de junio pasamos del amarillo a la relajaci\u00f3n. Este tema los anima a usted y a su familia a practicar yoga, meditar o hacer cualquier actividad que los ponga en un estado de relajaci\u00f3n. \u00bfQu\u00e9 mejor lugar para lograrlo que en el ambiente relajante de su propio jard\u00edn?<\/p>\n\n\n\n<h3 class=\"wp-block-heading\"><strong>18 de junio: Haz algo de ejercicio en el jard\u00edn<\/strong><\/h3>\n\n\n\n<p class=\"wp-block-paragraph\">Es hora de hacerle un bien a su cuerpo. Hacer ejercicio al aire libre aumenta los niveles de energ\u00eda, incluso para el holgaz\u00e1n (\u00bfpap\u00e1?) de la familia. \u00bfNo le entusiasman mucho las lagartijas y las abdominales? \u00bfQu\u00e9 tal un paseo en bicicleta? <a href=\"https:\/\/seewhatgrows.org\/us\/es\/outdoor-learning-experiences-you-can-enjoy-with-your-kids-while-riding-a-bike\/\">que incorpora experiencias de aprendizaje al aire libre atractivas<\/a>!&nbsp;<\/p>\n\n\n\n<h3 class=\"wp-block-heading\"><strong>19 de junio: Tomar algunas fotos<\/strong><\/h3>\n\n\n\n<p class=\"wp-block-paragraph\">Dales a tus hijos la oportunidad de convertirse en un futuro <a href=\"https:\/\/www.theguardian.com\/lifeandstyle\/gallery\/2019\/feb\/08\/international-garden-photographer-of-the-year-in-pictures\">Fot\u00f3grafo Internacional de Jardines del A\u00f1o<\/a> entusiasm\u00e1ndolos con la fotograf\u00eda de jardines. Ya sea que tu familia o clase tenga una c\u00e1mara r\u00e9flex digital de \u00faltima generaci\u00f3n, o que est\u00e9n armados con tel\u00e9fonos inteligentes, pueden capturar algunos momentos incre\u00edbles en el jard\u00edn. En lugar de solo compartirlos en Instagram, dir\u00edjanse al laboratorio fotogr\u00e1fico m\u00e1s cercano, impriman sus fotos favoritas, enm\u00e1rquenlas y cu\u00e9lguenlas en las paredes para disfrutarlas durante todo el a\u00f1o.<\/p>\n\n\n\n<h3 class=\"wp-block-heading\"><strong>20 de junio: Tiempo de calidad en familia<\/strong><\/h3>\n\n\n\n<p class=\"wp-block-paragraph\">El \u00faltimo d\u00eda de los D\u00edas del Jard\u00edn pide que pases un rato agradable con tu familia en el jard\u00edn. Si has hecho todo o algo de lo anterior, \u00a1misi\u00f3n cumplida!<\/p>\n\n\n\n<p class=\"wp-block-paragraph\"><strong>Comparte lo que est\u00e1s haciendo&nbsp;<\/strong><\/p>\n\n\n\n<p class=\"wp-block-paragraph\">Inspira a otras familias y escuelas en todo Canad\u00e1 a entusiasmarse con la jardiner\u00eda compartiendo tus experiencias en las redes sociales. Usa los hashtags <strong>#GardenTime<\/strong> y <strong>#LeTempsDuJardin<\/strong>, que est\u00e1n siendo utilizadas por la comunidad de jardiner\u00eda de todo el pa\u00eds este mes. Aseg\u00farate de etiquetar al <strong>Planta una semilla y mira qu\u00e9 crece<\/strong> Base tambi\u00e9n, en <a href=\"https:\/\/www.facebook.com\/pages\/Plant-A-Seed-Foundation\/264903080380435?hc_location=timeline\">Facebook<\/a>, <a href=\"https:\/\/twitter.com\/seewhatgrows\">Twitter<\/a>, y <a href=\"https:\/\/instagram.com\/seewhatgrows\/\">Instagram<\/a>.<\/p>\n\n\n\n<h3 class=\"has-text-align-center wp-block-heading\"><strong>\u00a1Felices d\u00edas de la jardiner\u00eda, Canad\u00e1!<\/strong><\/h3>","protected":false},"excerpt":{"rendered":"<p>Garden Days is a program that was launched and is supported by the Canadian Garden Council. Every June, green-thumbs across the country come together in celebration of garden culture, recognizing the vital role gardening plays within our communities. This program is for more than horticulturalists, as it provides activities and promotions for all sorts of [&hellip;]<\/p>\n","protected":false},"author":3,"featured_media":32020,"comment_status":"closed","ping_status":"closed","sticky":false,"template":"","format":"standard","meta":{"footnotes":""},"categories":[3],"tags":[],"class_list":["post-32012","post","type-post","status-publish","format-standard","has-post-thumbnail","hentry","category-blogs"],"yoast_head":"<!-- This site is optimized with the Yoast SEO plugin v28.4 - https:\/\/yoast.com\/product\/yoast-seo-wordpress\/ -->\n<title>Celebrating Garden Days Canada 2021<\/title>\n<meta name=\"description\" content=\"2021 Garden Days Canada themes and the fun ways to celebrate with your kids.\" \/>\n<meta name=\"robots\" content=\"index, follow, max-snippet:-1, max-image-preview:large, max-video-preview:-1\" \/>\n<link rel=\"canonical\" href=\"https:\/\/seewhatgrows.org\/us\/es\/celebrating-garden-days-canada-2021\/\" \/>\n<meta property=\"og:locale\" content=\"es_MX\" \/>\n<meta property=\"og:type\" content=\"article\" \/>\n<meta property=\"og:title\" content=\"Celebrating Garden Days Canada 2021\" \/>\n<meta property=\"og:description\" content=\"2021 Garden Days Canada themes and the fun ways to celebrate with your kids.\" \/>\n<meta property=\"og:url\" content=\"https:\/\/seewhatgrows.org\/us\/es\/celebrating-garden-days-canada-2021\/\" \/>\n<meta property=\"og:site_name\" content=\"Connecting Communities to the Land\" \/>\n<meta property=\"article:published_time\" content=\"2021-06-11T18:38:15+00:00\" \/>\n<meta property=\"article:modified_time\" content=\"2021-06-11T18:38:18+00:00\" \/>\n<meta property=\"og:image\" content=\"https:\/\/seewhatgrows.org\/us\/wp-content\/uploads\/2021\/06\/Garden-Days.jpg\" \/>\n\t<meta property=\"og:image:width\" content=\"1400\" \/>\n\t<meta property=\"og:image:height\" content=\"790\" \/>\n\t<meta property=\"og:image:type\" content=\"image\/jpeg\" \/>\n<meta name=\"author\" content=\"Dennis Charland\" \/>\n<meta name=\"twitter:label1\" content=\"Escrito por\" \/>\n\t<meta name=\"twitter:data1\" content=\"Dennis Charland\" \/>\n\t<meta name=\"twitter:label2\" content=\"Tiempo de lectura\" \/>\n\t<meta name=\"twitter:data2\" content=\"4 minutos\" \/>\n<script type=\"application\/ld+json\" class=\"yoast-schema-graph\">{\"@context\":\"https:\\\/\\\/schema.org\",\"@graph\":[{\"@type\":\"Article\",\"@id\":\"https:\\\/\\\/seewhatgrows.org\\\/us\\\/celebrating-garden-days-canada-2021\\\/#article\",\"isPartOf\":{\"@id\":\"https:\\\/\\\/seewhatgrows.org\\\/us\\\/celebrating-garden-days-canada-2021\\\/\"},\"author\":{\"name\":\"Dennis Charland\",\"@id\":\"https:\\\/\\\/seewhatgrows.org\\\/us\\\/#\\\/schema\\\/person\\\/2941b91ddd9a26badc98aadef946056c\"},\"headline\":\"Celebrating Garden Days Canada 2021\",\"datePublished\":\"2021-06-11T18:38:15+00:00\",\"dateModified\":\"2021-06-11T18:38:18+00:00\",\"mainEntityOfPage\":{\"@id\":\"https:\\\/\\\/seewhatgrows.org\\\/us\\\/celebrating-garden-days-canada-2021\\\/\"},\"wordCount\":774,\"publisher\":{\"@id\":\"https:\\\/\\\/seewhatgrows.org\\\/us\\\/#organization\"},\"image\":{\"@id\":\"https:\\\/\\\/seewhatgrows.org\\\/us\\\/celebrating-garden-days-canada-2021\\\/#primaryimage\"},\"thumbnailUrl\":\"https:\\\/\\\/seewhatgrows.org\\\/us\\\/wp-content\\\/uploads\\\/2021\\\/06\\\/Garden-Days.jpg\",\"articleSection\":[\"Blogs\"],\"inLanguage\":\"es\"},{\"@type\":\"WebPage\",\"@id\":\"https:\\\/\\\/seewhatgrows.org\\\/us\\\/celebrating-garden-days-canada-2021\\\/\",\"url\":\"https:\\\/\\\/seewhatgrows.org\\\/us\\\/celebrating-garden-days-canada-2021\\\/\",\"name\":\"Celebrating Garden Days Canada 2021\",\"isPartOf\":{\"@id\":\"https:\\\/\\\/seewhatgrows.org\\\/us\\\/#website\"},\"primaryImageOfPage\":{\"@id\":\"https:\\\/\\\/seewhatgrows.org\\\/us\\\/celebrating-garden-days-canada-2021\\\/#primaryimage\"},\"image\":{\"@id\":\"https:\\\/\\\/seewhatgrows.org\\\/us\\\/celebrating-garden-days-canada-2021\\\/#primaryimage\"},\"thumbnailUrl\":\"https:\\\/\\\/seewhatgrows.org\\\/us\\\/wp-content\\\/uploads\\\/2021\\\/06\\\/Garden-Days.jpg\",\"datePublished\":\"2021-06-11T18:38:15+00:00\",\"dateModified\":\"2021-06-11T18:38:18+00:00\",\"description\":\"2021 Garden Days Canada themes and the fun ways to celebrate with your kids.\",\"breadcrumb\":{\"@id\":\"https:\\\/\\\/seewhatgrows.org\\\/us\\\/celebrating-garden-days-canada-2021\\\/#breadcrumb\"},\"inLanguage\":\"es\",\"potentialAction\":[{\"@type\":\"ReadAction\",\"target\":[\"https:\\\/\\\/seewhatgrows.org\\\/us\\\/celebrating-garden-days-canada-2021\\\/\"]}]},{\"@type\":\"ImageObject\",\"inLanguage\":\"es\",\"@id\":\"https:\\\/\\\/seewhatgrows.org\\\/us\\\/celebrating-garden-days-canada-2021\\\/#primaryimage\",\"url\":\"https:\\\/\\\/seewhatgrows.org\\\/us\\\/wp-content\\\/uploads\\\/2021\\\/06\\\/Garden-Days.jpg\",\"contentUrl\":\"https:\\\/\\\/seewhatgrows.org\\\/us\\\/wp-content\\\/uploads\\\/2021\\\/06\\\/Garden-Days.jpg\",\"width\":1400,\"height\":790},{\"@type\":\"BreadcrumbList\",\"@id\":\"https:\\\/\\\/seewhatgrows.org\\\/us\\\/celebrating-garden-days-canada-2021\\\/#breadcrumb\",\"itemListElement\":[{\"@type\":\"ListItem\",\"position\":1,\"name\":\"Home\",\"item\":\"https:\\\/\\\/seewhatgrows.org\\\/us\\\/\"},{\"@type\":\"ListItem\",\"position\":2,\"name\":\"Celebrating Garden Days Canada 2021\"}]},{\"@type\":\"WebSite\",\"@id\":\"https:\\\/\\\/seewhatgrows.org\\\/us\\\/#website\",\"url\":\"https:\\\/\\\/seewhatgrows.org\\\/us\\\/\",\"name\":\"Connecting Communities to the Land\",\"description\":\"Growing healthier communities, one seed at a time with Plant a Seed &amp; See What Grows Foundation\",\"publisher\":{\"@id\":\"https:\\\/\\\/seewhatgrows.org\\\/us\\\/#organization\"},\"potentialAction\":[{\"@type\":\"SearchAction\",\"target\":{\"@type\":\"EntryPoint\",\"urlTemplate\":\"https:\\\/\\\/seewhatgrows.org\\\/us\\\/?s={search_term_string}\"},\"query-input\":{\"@type\":\"PropertyValueSpecification\",\"valueRequired\":true,\"valueName\":\"search_term_string\"}}],\"inLanguage\":\"es\"},{\"@type\":\"Organization\",\"@id\":\"https:\\\/\\\/seewhatgrows.org\\\/us\\\/#organization\",\"name\":\"Connecting Communities to the Land\",\"url\":\"https:\\\/\\\/seewhatgrows.org\\\/us\\\/\",\"logo\":{\"@type\":\"ImageObject\",\"inLanguage\":\"es\",\"@id\":\"https:\\\/\\\/seewhatgrows.org\\\/us\\\/#\\\/schema\\\/logo\\\/image\\\/\",\"url\":\"https:\\\/\\\/seewhatgrows.org\\\/us\\\/wp-content\\\/uploads\\\/2026\\\/06\\\/Plant-a-Seed-Logo.png\",\"contentUrl\":\"https:\\\/\\\/seewhatgrows.org\\\/us\\\/wp-content\\\/uploads\\\/2026\\\/06\\\/Plant-a-Seed-Logo.png\",\"width\":600,\"height\":600,\"caption\":\"Connecting Communities to the Land\"},\"image\":{\"@id\":\"https:\\\/\\\/seewhatgrows.org\\\/us\\\/#\\\/schema\\\/logo\\\/image\\\/\"}},{\"@type\":\"Person\",\"@id\":\"https:\\\/\\\/seewhatgrows.org\\\/us\\\/#\\\/schema\\\/person\\\/2941b91ddd9a26badc98aadef946056c\",\"name\":\"Dennis Charland\",\"url\":\"https:\\\/\\\/seewhatgrows.org\\\/us\\\/es\\\/author\\\/dennis\\\/\"}]}<\/script>\n<!-- \/ Yoast SEO plugin. -->","yoast_head_json":{"title":"Celebrando los D\u00edas del Jard\u00edn Canad\u00e1 2021","description":"2021 Garden Days Canada themes and the fun ways to celebrate with your kids.","robots":{"index":"index","follow":"follow","max-snippet":"max-snippet:-1","max-image-preview":"max-image-preview:large","max-video-preview":"max-video-preview:-1"},"canonical":"https:\/\/seewhatgrows.org\/us\/es\/celebrating-garden-days-canada-2021\/","og_locale":"es_MX","og_type":"article","og_title":"Celebrating Garden Days Canada 2021","og_description":"2021 Garden Days Canada themes and the fun ways to celebrate with your kids.","og_url":"https:\/\/seewhatgrows.org\/us\/es\/celebrating-garden-days-canada-2021\/","og_site_name":"Connecting Communities to the Land","article_published_time":"2021-06-11T18:38:15+00:00","article_modified_time":"2021-06-11T18:38:18+00:00","og_image":[{"width":1400,"height":790,"url":"https:\/\/seewhatgrows.org\/us\/wp-content\/uploads\/2021\/06\/Garden-Days.jpg","type":"image\/jpeg"}],"author":"Dennis Charland","twitter_misc":{"Escrito por":"Dennis Charland","Tiempo de lectura":"4 minutos"},"schema":{"@context":"https:\/\/schema.org","@graph":[{"@type":"Article","@id":"https:\/\/seewhatgrows.org\/us\/celebrating-garden-days-canada-2021\/#article","isPartOf":{"@id":"https:\/\/seewhatgrows.org\/us\/celebrating-garden-days-canada-2021\/"},"author":{"name":"Dennis Charland","@id":"https:\/\/seewhatgrows.org\/us\/#\/schema\/person\/2941b91ddd9a26badc98aadef946056c"},"headline":"Celebrating Garden Days Canada 2021","datePublished":"2021-06-11T18:38:15+00:00","dateModified":"2021-06-11T18:38:18+00:00","mainEntityOfPage":{"@id":"https:\/\/seewhatgrows.org\/us\/celebrating-garden-days-canada-2021\/"},"wordCount":774,"publisher":{"@id":"https:\/\/seewhatgrows.org\/us\/#organization"},"image":{"@id":"https:\/\/seewhatgrows.org\/us\/celebrating-garden-days-canada-2021\/#primaryimage"},"thumbnailUrl":"https:\/\/seewhatgrows.org\/us\/wp-content\/uploads\/2021\/06\/Garden-Days.jpg","articleSection":["Blogs"],"inLanguage":"es"},{"@type":"WebPage","@id":"https:\/\/seewhatgrows.org\/us\/celebrating-garden-days-canada-2021\/","url":"https:\/\/seewhatgrows.org\/us\/celebrating-garden-days-canada-2021\/","name":"Celebrando los D\u00edas del Jard\u00edn Canad\u00e1 2021","isPartOf":{"@id":"https:\/\/seewhatgrows.org\/us\/#website"},"primaryImageOfPage":{"@id":"https:\/\/seewhatgrows.org\/us\/celebrating-garden-days-canada-2021\/#primaryimage"},"image":{"@id":"https:\/\/seewhatgrows.org\/us\/celebrating-garden-days-canada-2021\/#primaryimage"},"thumbnailUrl":"https:\/\/seewhatgrows.org\/us\/wp-content\/uploads\/2021\/06\/Garden-Days.jpg","datePublished":"2021-06-11T18:38:15+00:00","dateModified":"2021-06-11T18:38:18+00:00","description":"2021 Garden Days Canada themes and the fun ways to celebrate with your kids.","breadcrumb":{"@id":"https:\/\/seewhatgrows.org\/us\/celebrating-garden-days-canada-2021\/#breadcrumb"},"inLanguage":"es","potentialAction":[{"@type":"ReadAction","target":["https:\/\/seewhatgrows.org\/us\/celebrating-garden-days-canada-2021\/"]}]},{"@type":"ImageObject","inLanguage":"es","@id":"https:\/\/seewhatgrows.org\/us\/celebrating-garden-days-canada-2021\/#primaryimage","url":"https:\/\/seewhatgrows.org\/us\/wp-content\/uploads\/2021\/06\/Garden-Days.jpg","contentUrl":"https:\/\/seewhatgrows.org\/us\/wp-content\/uploads\/2021\/06\/Garden-Days.jpg","width":1400,"height":790},{"@type":"BreadcrumbList","@id":"https:\/\/seewhatgrows.org\/us\/celebrating-garden-days-canada-2021\/#breadcrumb","itemListElement":[{"@type":"ListItem","position":1,"name":"Home","item":"https:\/\/seewhatgrows.org\/us\/"},{"@type":"ListItem","position":2,"name":"Celebrating Garden Days Canada 2021"}]},{"@type":"WebSite","@id":"https:\/\/seewhatgrows.org\/us\/#website","url":"https:\/\/seewhatgrows.org\/us\/","name":"Conectando a las comunidades con la tierra","description":"Cultivando comunidades m\u00e1s saludables, una semilla a la vez con la Fundaci\u00f3n Plant a Seed &amp; See What Grows","publisher":{"@id":"https:\/\/seewhatgrows.org\/us\/#organization"},"potentialAction":[{"@type":"SearchAction","target":{"@type":"EntryPoint","urlTemplate":"https:\/\/seewhatgrows.org\/us\/?s={search_term_string}"},"query-input":{"@type":"PropertyValueSpecification","valueRequired":true,"valueName":"search_term_string"}}],"inLanguage":"es"},{"@type":"Organization","@id":"https:\/\/seewhatgrows.org\/us\/#organization","name":"Conectando a las comunidades con la tierra","url":"https:\/\/seewhatgrows.org\/us\/","logo":{"@type":"ImageObject","inLanguage":"es","@id":"https:\/\/seewhatgrows.org\/us\/#\/schema\/logo\/image\/","url":"https:\/\/seewhatgrows.org\/us\/wp-content\/uploads\/2026\/06\/Plant-a-Seed-Logo.png","contentUrl":"https:\/\/seewhatgrows.org\/us\/wp-content\/uploads\/2026\/06\/Plant-a-Seed-Logo.png","width":600,"height":600,"caption":"Connecting Communities to the Land"},"image":{"@id":"https:\/\/seewhatgrows.org\/us\/#\/schema\/logo\/image\/"}},{"@type":"Person","@id":"https:\/\/seewhatgrows.org\/us\/#\/schema\/person\/2941b91ddd9a26badc98aadef946056c","name":"Dennis Charland","url":"https:\/\/seewhatgrows.org\/us\/es\/author\/dennis\/"}]}},"_links":{"self":[{"href":"https:\/\/seewhatgrows.org\/us\/es\/wp-json\/wp\/v2\/posts\/32012","targetHints":{"allow":["GET"]}}],"collection":[{"href":"https:\/\/seewhatgrows.org\/us\/es\/wp-json\/wp\/v2\/posts"}],"about":[{"href":"https:\/\/seewhatgrows.org\/us\/es\/wp-json\/wp\/v2\/types\/post"}],"author":[{"embeddable":true,"href":"https:\/\/seewhatgrows.org\/us\/es\/wp-json\/wp\/v2\/users\/3"}],"replies":[{"embeddable":true,"href":"https:\/\/seewhatgrows.org\/us\/es\/wp-json\/wp\/v2\/comments?post=32012"}],"version-history":[{"count":0,"href":"https:\/\/seewhatgrows.org\/us\/es\/wp-json\/wp\/v2\/posts\/32012\/revisions"}],"wp:featuredmedia":[{"embeddable":true,"href":"https:\/\/seewhatgrows.org\/us\/es\/wp-json\/wp\/v2\/media\/32020"}],"wp:attachment":[{"href":"https:\/\/seewhatgrows.org\/us\/es\/wp-json\/wp\/v2\/media?parent=32012"}],"wp:term":[{"taxonomy":"category","embeddable":true,"href":"https:\/\/seewhatgrows.org\/us\/es\/wp-json\/wp\/v2\/categories?post=32012"},{"taxonomy":"post_tag","embeddable":true,"href":"https:\/\/seewhatgrows.org\/us\/es\/wp-json\/wp\/v2\/tags?post=32012"}],"curies":[{"name":"\u00a1Buen juego!","href":"https:\/\/api.w.org\/{rel}","templated":true}]}}