{"id":31767,"date":"2021-02-17T14:01:14","date_gmt":"2021-02-17T22:01:14","guid":{"rendered":"http:\/\/seewhatgrows.flywheelsites.com\/?p=31767"},"modified":"2021-03-01T17:59:45","modified_gmt":"2021-03-02T01:59:45","slug":"breaking-the-link-between-discrimination-and-food-security-in-canada","status":"publish","type":"post","link":"https:\/\/seewhatgrows.org\/us\/es\/breaking-the-link-between-discrimination-and-food-security-in-canada\/","title":{"rendered":"Rompiendo el v\u00ednculo entre discriminaci\u00f3n y seguridad alimentaria en Canad\u00e1"},"content":{"rendered":"<p class=\"wp-block-paragraph\">La Organizaci\u00f3n de las Naciones Unidas (ONU) reconoci\u00f3 <strong>D\u00eda de la Cero Discriminaci\u00f3n<\/strong> cae el 1 de marzo de cada a\u00f1o, lo que lo convierte en el momento perfecto para retomar un tema que es muy importante para nuestra Fundaci\u00f3n:<strong>seguridad alimentaria<\/strong>. Los dos principios socioecon\u00f3micos est\u00e1n estrechamente vinculados en todo el mundo, y para Canad\u00e1 la conexi\u00f3n no es diferente.&nbsp;<\/p>\n\n\n\n<p class=\"wp-block-paragraph\">Reciente <strong>Encuesta sobre la Salud en Comunidades Canadienses (ESCC)<\/strong> un estudio revela que la inseguridad alimentaria en los hogares afecta hasta a <a href=\"https:\/\/seewhatgrows.org\/us\/es\/providing-an-answer-to-food-insecurity-in-canada-for-2020\/\">50% de hogares<\/a> en el norte <strong>comunidades de las Primeras Naciones<\/strong>. Sin embargo, esta no es una preocupaci\u00f3n exclusiva de los territorios del norte donde el acceso a los alimentos es m\u00e1s dif\u00edcil. <strong>Manitoba y Saskatchewan<\/strong>, los cuales tienen el <strong>l<\/strong>la mayor proporci\u00f3n de pueblos de las Primeras Naciones de todas las provincias, tienen un n\u00famero extremadamente alto de ni\u00f1os que sufren inseguridad alimentaria, con aproximadamente <a href=\"https:\/\/seewhatgrows.org\/us\/es\/providing-an-answer-to-food-insecurity-in-canada-for-2020\/\">20 y 22 por ciento<\/a> respectivamente. La naturaleza discriminatoria de la inseguridad alimentaria en Canad\u00e1 no se limita a una sola \u201cminor\u00eda\u201d. Por ejemplo, <strong>Comunidades afrodescendientes<\/strong> son <a href=\"https:\/\/www.broadbentinstitute.ca\/black_food_insecurity_in_canada\">3.5 veces m\u00e1s probable<\/a> de experimentar inseguridad alimentaria en comparaci\u00f3n con los canadienses blancos.<\/p>\n\n\n\n<p class=\"wp-block-paragraph\">Es innegable la conexi\u00f3n entre la inseguridad alimentaria y el estatus racial y cultural en nuestro pa\u00eds, como muestra la siguiente tabla de inseguridad alimentaria:<\/p>\n\n\n\n<figure class=\"wp-block-image size-large\"><img loading=\"lazy\" decoding=\"async\" width=\"1024\" height=\"529\" src=\"https:\/\/seewhatgrows.org\/us\/wp-content\/uploads\/2021\/02\/Discrimination-and-Food-Security-in-Canada-Stats-1024x529.png\" alt=\"\" class=\"wp-image-31769\" srcset=\"https:\/\/seewhatgrows.org\/us\/wp-content\/uploads\/2021\/02\/Discrimination-and-Food-Security-in-Canada-Stats-1024x529.png 1024w, https:\/\/seewhatgrows.org\/us\/wp-content\/uploads\/2021\/02\/Discrimination-and-Food-Security-in-Canada-Stats-300x155.png 300w, https:\/\/seewhatgrows.org\/us\/wp-content\/uploads\/2021\/02\/Discrimination-and-Food-Security-in-Canada-Stats-768x397.png 768w, https:\/\/seewhatgrows.org\/us\/wp-content\/uploads\/2021\/02\/Discrimination-and-Food-Security-in-Canada-Stats-1080x558.png 1080w, https:\/\/seewhatgrows.org\/us\/wp-content\/uploads\/2021\/02\/Discrimination-and-Food-Security-in-Canada-Stats-24x12.png 24w, https:\/\/seewhatgrows.org\/us\/wp-content\/uploads\/2021\/02\/Discrimination-and-Food-Security-in-Canada-Stats-36x19.png 36w, https:\/\/seewhatgrows.org\/us\/wp-content\/uploads\/2021\/02\/Discrimination-and-Food-Security-in-Canada-Stats-48x25.png 48w, https:\/\/seewhatgrows.org\/us\/wp-content\/uploads\/2021\/02\/Discrimination-and-Food-Security-in-Canada-Stats.png 1494w\" sizes=\"auto, (max-width: 1024px) 100vw, 1024px\" \/><\/figure>\n\n\n\n<p class=\"wp-block-paragraph\">Analicemos ahora el desafortunado v\u00ednculo entre <a href=\"https:\/\/seewhatgrows.org\/us\/es\/link-household-food-insecurity-health-care-costs-canada\/\">inseguridad alimentaria y costos de atenci\u00f3n m\u00e9dica<\/a>:<\/p>\n\n\n\n<ul class=\"wp-block-list\"><li>Los gastos anuales en atenci\u00f3n m\u00e9dica (incluidos los de medicamentos recetados) son 23% m\u00e1s elevados en los hogares con inseguridad alimentaria marginal<\/li><li>Los gastos anuales en atenci\u00f3n m\u00e9dica son 49% m\u00e1s elevados en los hogares con inseguridad alimentaria moderada<\/li><li>Los gastos anuales en atenci\u00f3n m\u00e9dica son 121% m\u00e1s elevados en los hogares con inseguridad alimentaria grave<\/li><\/ul>\n\n\n\n<p class=\"wp-block-paragraph\">Canad\u00e1, tenemos un problema.&nbsp;<\/p>\n\n\n\n<p class=\"wp-block-paragraph\">\u00bfQu\u00e9 se puede hacer? Si bien la soluci\u00f3n definitiva requiere un compromiso gubernamental conjunto a nivel provincial y federal, las comunidades no est\u00e1n indefensas. Hay medidas que todos podemos tomar juntos para reducir la inseguridad alimentaria para todos.&nbsp;<\/p>\n\n\n\n<h2 class=\"wp-block-heading\"><strong>3 formas en que las comunidades canadienses pueden unirse para ayudar a poner fin a la inseguridad alimentaria discriminatoria<\/strong><\/h2>\n\n\n\n<!--more-->\n\n\n\n<h3 class=\"wp-block-heading\"><strong>I. Al integrar los conceptos de seguridad alimentaria en los curr\u00edculos escolares inclusivos<\/strong><\/h3>\n\n\n\n<p class=\"wp-block-paragraph\">La educaci\u00f3n encabeza el camino cuando se trata de poner fin a cualquier problema socioecon\u00f3mico. Al fomentar la conciencia en los corazones y las mentes de nuestra juventud, aquellos que dictar\u00e1n nuestro futuro, creamos una soluci\u00f3n sostenible para las generaciones venideras. Este es uno de los principios fundamentales de <strong>Fundaci\u00f3n Planta una Semilla y Ve Qu\u00e9 Crece<\/strong>, y gracias al apoyo de nuestros socios y nuestro esforzado equipo hemos llegado <strong>m\u00e1s de 115,000 estudiantes<\/strong> (\u00a1y sumando!) en todo Canad\u00e1. Nuestros programas educativos incluyen <a href=\"https:\/\/seewhatgrows.org\/us\/es\/seeds-of-inspiration\/\">Semillas de Inspiraci\u00f3n (SOI)<\/a>. Esto no solo brinda a los j\u00f3venes con inseguridad alimentaria la oportunidad de aprender a cultivar sus propios alimentos, sino que los huertos escolares tambi\u00e9n les proporcionan comida nutritiva a trav\u00e9s de iniciativas de desayunos, meriendas y almuerzos escolares.&nbsp;<\/p>\n\n\n\n<p class=\"wp-block-paragraph\">\u00c9chale un vistazo a lo que la Fundaci\u00f3n <a href=\"https:\/\/seewhatgrows.org\/us\/es\/plant-a-seed-see-what-grows-grows-beyond-expectations-in-2020\/\">se ha podido lograr en 2020<\/a>. Esperamos que te inspire a <a href=\"https:\/\/seewhatgrows.org\/us\/es\/get-involved\/\">involucrarse<\/a> y ayudar a poner fin a una crisis de salud con la que Canad\u00e1 ha vivido durante demasiado tiempo.<\/p>\n\n\n\n<h3 class=\"wp-block-heading\"><strong>II. Mediante el cultivo de huertos comunitarios en comunidades clave<\/strong><\/h3>\n\n\n\n<p class=\"wp-block-paragraph\">Las iniciativas de huertos comunitarios deben integrarse en las comunidades m\u00e1s golpeadas por el impacto combinado de la discriminaci\u00f3n y la inseguridad alimentaria. Se deben destinar terrenos tanto en centros urbanos como rurales que tengan acceso limitado a alimentos nutritivos y asequibles. Si hay disponibilidad limitada en parques y terrenos escolares, <strong>azoteas<\/strong>de escuelas o viviendas de bajos ingresos) e incluso <strong>antiguos estacionamientos de asfalto<\/strong> se pueden convertir en jardines mediante la integraci\u00f3n de <strong>cajones de cultivo elevados<\/strong>. De hecho, <strong>asfalto<\/strong> <a href=\"https:\/\/u.osu.edu\/sustainability\/2010\/12\/22\/whats-the-best-way-to-turn-a-parking-lot-into-a-garden\/\">se puede despavimentar<\/a> para revelar la tierra natural y f\u00e9rtil debajo. En algunos casos <strong>invernaderos<\/strong> tal vez deban cultivarse, especialmente donde el clima y los suelos pobres en nutrientes no son propicios para el crecimiento de frutas y verduras importantes. <strong>Programas de almacenamiento de semillas<\/strong> tambi\u00e9n debe establecerse para garantizar que se puedan plantar nuevos cultivos cada temporada.&nbsp;<\/p>\n\n\n\n<p class=\"wp-block-paragraph\">Conozca m\u00e1s sobre nuestra Fundaci\u00f3n <a href=\"https:\/\/seewhatgrows.org\/us\/es\/our-causes\/community-gardens-seed-preservation\/\">huerto comunitario<\/a> y <a href=\"https:\/\/seewhatgrows.org\/us\/es\/our-causes\/seed-preservations\/\">conservaci\u00f3n de semillas<\/a> programas y comenzar a construir un huerto comunitario a trav\u00e9s de <a href=\"https:\/\/www.classy.org\/campaign\/create-a-garden-inspire-a-generation-createagarden17\/c104179\">este recurso de recaudaci\u00f3n de fondos<\/a>.<\/p>\n\n\n\n<h3 class=\"wp-block-heading\"><strong>III. Compromiso de la industria de la salud natural<\/strong><\/h3>\n\n\n\n<p class=\"wp-block-paragraph\">Los programas anteriores pueden recibir apoyo a nivel individual y familiar. Sin embargo, hay otros grupos dentro de nuestras comunidades que pueden seguir apoy\u00e1ndonos en la lucha contra la discriminaci\u00f3n y la inseguridad alimentaria: la industria de la salud natural.&nbsp;<\/p>\n\n\n\n<p class=\"wp-block-paragraph\">Para impulsar esta iniciativa, los miembros de la industria de la salud natural pueden <a href=\"https:\/\/seewhatgrows.org\/us\/es\/nhp-retailers\/\">hacer una donaci\u00f3n directa<\/a> y convi\u00e9rtase en un orgulloso patrocinador de la Fundaci\u00f3n Plant a Seed &amp; See What Grows y sus diversos programas. Los minoristas de salud natural tambi\u00e9n pueden aprovechar su posici\u00f3n en la comunidad alentando a otros a involucrarse a trav\u00e9s de las siguientes iniciativas:<\/p>\n\n\n\n<ul class=\"wp-block-list\"><li>D\u00edas de Solicitud del Cliente<\/li><li>Emparejamiento de minoristas<\/li><li>Realizar una recaudaci\u00f3n de fondos<\/li><li>Solicitar la participaci\u00f3n de los empleados<\/li><li>Recaudaci\u00f3n de fondos entre pares<\/li><\/ul>\n\n\n\n<p class=\"wp-block-paragraph\">Ya sea que sea un gerente de marketing o un ejecutivo de nivel C dentro de la industria minorista de la salud natural, lo invitamos a participar. <a href=\"https:\/\/seewhatgrows.org\/us\/es\/nhp-retailers\/\">Ver m\u00e1s<\/a> sobre c\u00f3mo puedes ayudarnos a marcar la diferencia y poner fin a la inseguridad alimentaria.<\/p>\n\n\n\n<hr class=\"wp-block-separator\"\/>\n\n\n\n<p class=\"has-text-align-center wp-block-paragraph\"><a href=\"https:\/\/seewhatgrows.org\/us\/es\/get-involved\/\"><strong>Hag\u00e1moslo Canad\u00e1, Tu Pa\u00eds Te Necesita<\/strong><\/a><\/p>","protected":false},"excerpt":{"rendered":"<p>The United Nations (UN) recognized Zero Discrimination Day falls on March 1 of each year, making it the perfect time to revisit an issue that is very important to our Foundation\u2014food security. The two socioeconomic principles are closely tied together throughout the world, and for Canada the connection is no different.&nbsp; A recent Canadian Community [&hellip;]<\/p>\n","protected":false},"author":3,"featured_media":31778,"comment_status":"closed","ping_status":"closed","sticky":false,"template":"","format":"standard","meta":{"footnotes":""},"categories":[3],"tags":[693],"class_list":["post-31767","post","type-post","status-publish","format-standard","has-post-thumbnail","hentry","category-blogs","tag-discrimination-and-food-security"],"yoast_head":"<!-- This site is optimized with the Yoast SEO plugin v28.4 - https:\/\/yoast.com\/product\/yoast-seo-wordpress\/ -->\n<title>Breaking the Link Between Discrimination and Food Security<\/title>\n<meta name=\"description\" content=\"Three ways Canadian communities can pull together with us to help end discriminatory food insecurity.\" \/>\n<meta name=\"robots\" content=\"index, follow, max-snippet:-1, max-image-preview:large, max-video-preview:-1\" \/>\n<link rel=\"canonical\" href=\"https:\/\/seewhatgrows.org\/us\/es\/breaking-the-link-between-discrimination-and-food-security-in-canada\/\" \/>\n<meta property=\"og:locale\" content=\"es_MX\" \/>\n<meta property=\"og:type\" content=\"article\" \/>\n<meta property=\"og:title\" content=\"Breaking the Link Between Discrimination and Food Security\" \/>\n<meta property=\"og:description\" content=\"Three ways Canadian communities can pull together with us to help end discriminatory food insecurity.\" \/>\n<meta property=\"og:url\" content=\"https:\/\/seewhatgrows.org\/us\/es\/breaking-the-link-between-discrimination-and-food-security-in-canada\/\" \/>\n<meta property=\"og:site_name\" content=\"Connecting Communities to the Land\" \/>\n<meta property=\"article:published_time\" content=\"2021-02-17T22:01:14+00:00\" \/>\n<meta property=\"article:modified_time\" content=\"2021-03-02T01:59:45+00:00\" \/>\n<meta property=\"og:image\" content=\"https:\/\/seewhatgrows.org\/us\/wp-content\/uploads\/2021\/02\/Food-Security.jpg\" \/>\n\t<meta property=\"og:image:width\" content=\"1800\" \/>\n\t<meta property=\"og:image:height\" content=\"949\" \/>\n\t<meta property=\"og:image:type\" content=\"image\/jpeg\" \/>\n<meta name=\"author\" content=\"Dennis Charland\" \/>\n<meta name=\"twitter:label1\" content=\"Escrito por\" \/>\n\t<meta name=\"twitter:data1\" content=\"Dennis Charland\" \/>\n\t<meta name=\"twitter:label2\" content=\"Tiempo de lectura\" \/>\n\t<meta name=\"twitter:data2\" content=\"4 minutos\" \/>\n<script type=\"application\/ld+json\" class=\"yoast-schema-graph\">{\"@context\":\"https:\\\/\\\/schema.org\",\"@graph\":[{\"@type\":\"Article\",\"@id\":\"https:\\\/\\\/seewhatgrows.org\\\/us\\\/breaking-the-link-between-discrimination-and-food-security-in-canada\\\/#article\",\"isPartOf\":{\"@id\":\"https:\\\/\\\/seewhatgrows.org\\\/us\\\/breaking-the-link-between-discrimination-and-food-security-in-canada\\\/\"},\"author\":{\"name\":\"Dennis Charland\",\"@id\":\"https:\\\/\\\/seewhatgrows.org\\\/us\\\/#\\\/schema\\\/person\\\/2941b91ddd9a26badc98aadef946056c\"},\"headline\":\"Breaking the Link Between Discrimination and Food Security in Canada\",\"datePublished\":\"2021-02-17T22:01:14+00:00\",\"dateModified\":\"2021-03-02T01:59:45+00:00\",\"mainEntityOfPage\":{\"@id\":\"https:\\\/\\\/seewhatgrows.org\\\/us\\\/breaking-the-link-between-discrimination-and-food-security-in-canada\\\/\"},\"wordCount\":794,\"publisher\":{\"@id\":\"https:\\\/\\\/seewhatgrows.org\\\/us\\\/#organization\"},\"image\":{\"@id\":\"https:\\\/\\\/seewhatgrows.org\\\/us\\\/breaking-the-link-between-discrimination-and-food-security-in-canada\\\/#primaryimage\"},\"thumbnailUrl\":\"https:\\\/\\\/seewhatgrows.org\\\/us\\\/wp-content\\\/uploads\\\/2021\\\/02\\\/Food-Security.jpg\",\"keywords\":[\"Discrimination and Food Security\"],\"articleSection\":[\"Blogs\"],\"inLanguage\":\"es\"},{\"@type\":\"WebPage\",\"@id\":\"https:\\\/\\\/seewhatgrows.org\\\/us\\\/breaking-the-link-between-discrimination-and-food-security-in-canada\\\/\",\"url\":\"https:\\\/\\\/seewhatgrows.org\\\/us\\\/breaking-the-link-between-discrimination-and-food-security-in-canada\\\/\",\"name\":\"Breaking the Link Between Discrimination and Food Security\",\"isPartOf\":{\"@id\":\"https:\\\/\\\/seewhatgrows.org\\\/us\\\/#website\"},\"primaryImageOfPage\":{\"@id\":\"https:\\\/\\\/seewhatgrows.org\\\/us\\\/breaking-the-link-between-discrimination-and-food-security-in-canada\\\/#primaryimage\"},\"image\":{\"@id\":\"https:\\\/\\\/seewhatgrows.org\\\/us\\\/breaking-the-link-between-discrimination-and-food-security-in-canada\\\/#primaryimage\"},\"thumbnailUrl\":\"https:\\\/\\\/seewhatgrows.org\\\/us\\\/wp-content\\\/uploads\\\/2021\\\/02\\\/Food-Security.jpg\",\"datePublished\":\"2021-02-17T22:01:14+00:00\",\"dateModified\":\"2021-03-02T01:59:45+00:00\",\"description\":\"Three ways Canadian communities can pull together with us to help end discriminatory food insecurity.\",\"breadcrumb\":{\"@id\":\"https:\\\/\\\/seewhatgrows.org\\\/us\\\/breaking-the-link-between-discrimination-and-food-security-in-canada\\\/#breadcrumb\"},\"inLanguage\":\"es\",\"potentialAction\":[{\"@type\":\"ReadAction\",\"target\":[\"https:\\\/\\\/seewhatgrows.org\\\/us\\\/breaking-the-link-between-discrimination-and-food-security-in-canada\\\/\"]}]},{\"@type\":\"ImageObject\",\"inLanguage\":\"es\",\"@id\":\"https:\\\/\\\/seewhatgrows.org\\\/us\\\/breaking-the-link-between-discrimination-and-food-security-in-canada\\\/#primaryimage\",\"url\":\"https:\\\/\\\/seewhatgrows.org\\\/us\\\/wp-content\\\/uploads\\\/2021\\\/02\\\/Food-Security.jpg\",\"contentUrl\":\"https:\\\/\\\/seewhatgrows.org\\\/us\\\/wp-content\\\/uploads\\\/2021\\\/02\\\/Food-Security.jpg\",\"width\":1800,\"height\":949,\"caption\":\"Food Security\"},{\"@type\":\"BreadcrumbList\",\"@id\":\"https:\\\/\\\/seewhatgrows.org\\\/us\\\/breaking-the-link-between-discrimination-and-food-security-in-canada\\\/#breadcrumb\",\"itemListElement\":[{\"@type\":\"ListItem\",\"position\":1,\"name\":\"Home\",\"item\":\"https:\\\/\\\/seewhatgrows.org\\\/us\\\/\"},{\"@type\":\"ListItem\",\"position\":2,\"name\":\"Breaking the Link Between Discrimination and Food Security in Canada\"}]},{\"@type\":\"WebSite\",\"@id\":\"https:\\\/\\\/seewhatgrows.org\\\/us\\\/#website\",\"url\":\"https:\\\/\\\/seewhatgrows.org\\\/us\\\/\",\"name\":\"Connecting Communities to the Land\",\"description\":\"Growing healthier communities, one seed at a time with Plant a Seed &amp; See What Grows Foundation\",\"publisher\":{\"@id\":\"https:\\\/\\\/seewhatgrows.org\\\/us\\\/#organization\"},\"potentialAction\":[{\"@type\":\"SearchAction\",\"target\":{\"@type\":\"EntryPoint\",\"urlTemplate\":\"https:\\\/\\\/seewhatgrows.org\\\/us\\\/?s={search_term_string}\"},\"query-input\":{\"@type\":\"PropertyValueSpecification\",\"valueRequired\":true,\"valueName\":\"search_term_string\"}}],\"inLanguage\":\"es\"},{\"@type\":\"Organization\",\"@id\":\"https:\\\/\\\/seewhatgrows.org\\\/us\\\/#organization\",\"name\":\"Connecting Communities to the Land\",\"url\":\"https:\\\/\\\/seewhatgrows.org\\\/us\\\/\",\"logo\":{\"@type\":\"ImageObject\",\"inLanguage\":\"es\",\"@id\":\"https:\\\/\\\/seewhatgrows.org\\\/us\\\/#\\\/schema\\\/logo\\\/image\\\/\",\"url\":\"https:\\\/\\\/seewhatgrows.org\\\/us\\\/wp-content\\\/uploads\\\/2026\\\/06\\\/Plant-a-Seed-Logo.png\",\"contentUrl\":\"https:\\\/\\\/seewhatgrows.org\\\/us\\\/wp-content\\\/uploads\\\/2026\\\/06\\\/Plant-a-Seed-Logo.png\",\"width\":600,\"height\":600,\"caption\":\"Connecting Communities to the Land\"},\"image\":{\"@id\":\"https:\\\/\\\/seewhatgrows.org\\\/us\\\/#\\\/schema\\\/logo\\\/image\\\/\"}},{\"@type\":\"Person\",\"@id\":\"https:\\\/\\\/seewhatgrows.org\\\/us\\\/#\\\/schema\\\/person\\\/2941b91ddd9a26badc98aadef946056c\",\"name\":\"Dennis Charland\",\"url\":\"https:\\\/\\\/seewhatgrows.org\\\/us\\\/es\\\/author\\\/dennis\\\/\"}]}<\/script>\n<!-- \/ Yoast SEO plugin. -->","yoast_head_json":{"title":"Breaking the Link Between Discrimination and Food Security","description":"Three ways Canadian communities can pull together with us to help end discriminatory food insecurity.","robots":{"index":"index","follow":"follow","max-snippet":"max-snippet:-1","max-image-preview":"max-image-preview:large","max-video-preview":"max-video-preview:-1"},"canonical":"https:\/\/seewhatgrows.org\/us\/es\/breaking-the-link-between-discrimination-and-food-security-in-canada\/","og_locale":"es_MX","og_type":"article","og_title":"Breaking the Link Between Discrimination and Food Security","og_description":"Three ways Canadian communities can pull together with us to help end discriminatory food insecurity.","og_url":"https:\/\/seewhatgrows.org\/us\/es\/breaking-the-link-between-discrimination-and-food-security-in-canada\/","og_site_name":"Connecting Communities to the Land","article_published_time":"2021-02-17T22:01:14+00:00","article_modified_time":"2021-03-02T01:59:45+00:00","og_image":[{"width":1800,"height":949,"url":"https:\/\/seewhatgrows.org\/us\/wp-content\/uploads\/2021\/02\/Food-Security.jpg","type":"image\/jpeg"}],"author":"Dennis Charland","twitter_misc":{"Escrito por":"Dennis Charland","Tiempo de lectura":"4 minutos"},"schema":{"@context":"https:\/\/schema.org","@graph":[{"@type":"Article","@id":"https:\/\/seewhatgrows.org\/us\/breaking-the-link-between-discrimination-and-food-security-in-canada\/#article","isPartOf":{"@id":"https:\/\/seewhatgrows.org\/us\/breaking-the-link-between-discrimination-and-food-security-in-canada\/"},"author":{"name":"Dennis Charland","@id":"https:\/\/seewhatgrows.org\/us\/#\/schema\/person\/2941b91ddd9a26badc98aadef946056c"},"headline":"Breaking the Link Between Discrimination and Food Security in Canada","datePublished":"2021-02-17T22:01:14+00:00","dateModified":"2021-03-02T01:59:45+00:00","mainEntityOfPage":{"@id":"https:\/\/seewhatgrows.org\/us\/breaking-the-link-between-discrimination-and-food-security-in-canada\/"},"wordCount":794,"publisher":{"@id":"https:\/\/seewhatgrows.org\/us\/#organization"},"image":{"@id":"https:\/\/seewhatgrows.org\/us\/breaking-the-link-between-discrimination-and-food-security-in-canada\/#primaryimage"},"thumbnailUrl":"https:\/\/seewhatgrows.org\/us\/wp-content\/uploads\/2021\/02\/Food-Security.jpg","keywords":["Discrimination and Food Security"],"articleSection":["Blogs"],"inLanguage":"es"},{"@type":"WebPage","@id":"https:\/\/seewhatgrows.org\/us\/breaking-the-link-between-discrimination-and-food-security-in-canada\/","url":"https:\/\/seewhatgrows.org\/us\/breaking-the-link-between-discrimination-and-food-security-in-canada\/","name":"Breaking the Link Between Discrimination and Food Security","isPartOf":{"@id":"https:\/\/seewhatgrows.org\/us\/#website"},"primaryImageOfPage":{"@id":"https:\/\/seewhatgrows.org\/us\/breaking-the-link-between-discrimination-and-food-security-in-canada\/#primaryimage"},"image":{"@id":"https:\/\/seewhatgrows.org\/us\/breaking-the-link-between-discrimination-and-food-security-in-canada\/#primaryimage"},"thumbnailUrl":"https:\/\/seewhatgrows.org\/us\/wp-content\/uploads\/2021\/02\/Food-Security.jpg","datePublished":"2021-02-17T22:01:14+00:00","dateModified":"2021-03-02T01:59:45+00:00","description":"Three ways Canadian communities can pull together with us to help end discriminatory food insecurity.","breadcrumb":{"@id":"https:\/\/seewhatgrows.org\/us\/breaking-the-link-between-discrimination-and-food-security-in-canada\/#breadcrumb"},"inLanguage":"es","potentialAction":[{"@type":"ReadAction","target":["https:\/\/seewhatgrows.org\/us\/breaking-the-link-between-discrimination-and-food-security-in-canada\/"]}]},{"@type":"ImageObject","inLanguage":"es","@id":"https:\/\/seewhatgrows.org\/us\/breaking-the-link-between-discrimination-and-food-security-in-canada\/#primaryimage","url":"https:\/\/seewhatgrows.org\/us\/wp-content\/uploads\/2021\/02\/Food-Security.jpg","contentUrl":"https:\/\/seewhatgrows.org\/us\/wp-content\/uploads\/2021\/02\/Food-Security.jpg","width":1800,"height":949,"caption":"Food Security"},{"@type":"BreadcrumbList","@id":"https:\/\/seewhatgrows.org\/us\/breaking-the-link-between-discrimination-and-food-security-in-canada\/#breadcrumb","itemListElement":[{"@type":"ListItem","position":1,"name":"Home","item":"https:\/\/seewhatgrows.org\/us\/"},{"@type":"ListItem","position":2,"name":"Breaking the Link Between Discrimination and Food Security in Canada"}]},{"@type":"WebSite","@id":"https:\/\/seewhatgrows.org\/us\/#website","url":"https:\/\/seewhatgrows.org\/us\/","name":"Conectando a las comunidades con la tierra","description":"Cultivando comunidades m\u00e1s saludables, una semilla a la vez con la Fundaci\u00f3n Plant a Seed &amp; See What Grows","publisher":{"@id":"https:\/\/seewhatgrows.org\/us\/#organization"},"potentialAction":[{"@type":"SearchAction","target":{"@type":"EntryPoint","urlTemplate":"https:\/\/seewhatgrows.org\/us\/?s={search_term_string}"},"query-input":{"@type":"PropertyValueSpecification","valueRequired":true,"valueName":"search_term_string"}}],"inLanguage":"es"},{"@type":"Organization","@id":"https:\/\/seewhatgrows.org\/us\/#organization","name":"Conectando a las comunidades con la tierra","url":"https:\/\/seewhatgrows.org\/us\/","logo":{"@type":"ImageObject","inLanguage":"es","@id":"https:\/\/seewhatgrows.org\/us\/#\/schema\/logo\/image\/","url":"https:\/\/seewhatgrows.org\/us\/wp-content\/uploads\/2026\/06\/Plant-a-Seed-Logo.png","contentUrl":"https:\/\/seewhatgrows.org\/us\/wp-content\/uploads\/2026\/06\/Plant-a-Seed-Logo.png","width":600,"height":600,"caption":"Connecting Communities to the Land"},"image":{"@id":"https:\/\/seewhatgrows.org\/us\/#\/schema\/logo\/image\/"}},{"@type":"Person","@id":"https:\/\/seewhatgrows.org\/us\/#\/schema\/person\/2941b91ddd9a26badc98aadef946056c","name":"Dennis Charland","url":"https:\/\/seewhatgrows.org\/us\/es\/author\/dennis\/"}]}},"_links":{"self":[{"href":"https:\/\/seewhatgrows.org\/us\/es\/wp-json\/wp\/v2\/posts\/31767","targetHints":{"allow":["GET"]}}],"collection":[{"href":"https:\/\/seewhatgrows.org\/us\/es\/wp-json\/wp\/v2\/posts"}],"about":[{"href":"https:\/\/seewhatgrows.org\/us\/es\/wp-json\/wp\/v2\/types\/post"}],"author":[{"embeddable":true,"href":"https:\/\/seewhatgrows.org\/us\/es\/wp-json\/wp\/v2\/users\/3"}],"replies":[{"embeddable":true,"href":"https:\/\/seewhatgrows.org\/us\/es\/wp-json\/wp\/v2\/comments?post=31767"}],"version-history":[{"count":0,"href":"https:\/\/seewhatgrows.org\/us\/es\/wp-json\/wp\/v2\/posts\/31767\/revisions"}],"wp:featuredmedia":[{"embeddable":true,"href":"https:\/\/seewhatgrows.org\/us\/es\/wp-json\/wp\/v2\/media\/31778"}],"wp:attachment":[{"href":"https:\/\/seewhatgrows.org\/us\/es\/wp-json\/wp\/v2\/media?parent=31767"}],"wp:term":[{"taxonomy":"category","embeddable":true,"href":"https:\/\/seewhatgrows.org\/us\/es\/wp-json\/wp\/v2\/categories?post=31767"},{"taxonomy":"post_tag","embeddable":true,"href":"https:\/\/seewhatgrows.org\/us\/es\/wp-json\/wp\/v2\/tags?post=31767"}],"curies":[{"name":"\u00a1Buen juego!","href":"https:\/\/api.w.org\/{rel}","templated":true}]}}