{"id":31528,"date":"2020-10-28T18:34:08","date_gmt":"2020-10-29T01:34:08","guid":{"rendered":"http:\/\/seewhatgrows.flywheelsites.com\/?p=31528"},"modified":"2020-11-19T07:37:05","modified_gmt":"2020-11-19T15:37:05","slug":"how-to-celebrate-national-child-day-with-your-children","status":"publish","type":"post","link":"https:\/\/seewhatgrows.org\/us\/es\/how-to-celebrate-national-child-day-with-your-children\/","title":{"rendered":"C\u00f3mo celebrar el D\u00eda Nacional del Ni\u00f1o con tus hijos"},"content":{"rendered":"<p class=\"wp-block-paragraph\">El D\u00eda Nacional del Ni\u00f1o se celebra en Canad\u00e1 el 20 de noviembre de cada a\u00f1o. Rinde homenaje a los <strong>Declaraci\u00f3n de los Derechos del Ni\u00f1o de la ONU<\/strong> el cual proporciona una hoja de ruta de lo que se necesita para criar ni\u00f1os y j\u00f3venes sanos y felices.&nbsp;<\/p>\n\n\n\n<p class=\"wp-block-paragraph\">Nuestra Fundaci\u00f3n vive de acuerdo con esta misi\u00f3n los 365 d\u00edas del a\u00f1o. Sin embargo, alentamos a los padres a considerar el d\u00eda como una oportunidad para ense\u00f1ar a sus hijos sobre c\u00f3mo <em>ellos<\/em> encabezar\u00e1 el cambio positivo en el mundo. \u00a1Este es un concepto que todos deber\u00edamos celebrar! As\u00ed es como puedes hacerlo.<\/p>\n\n\n\n<h2 class=\"wp-block-heading\"><strong>C\u00f3mo su familia puede celebrar el D\u00eda Nacional del Ni\u00f1o mientras ense\u00f1a a sus hijos sobre su valor para la comunidad<\/strong><\/h2>\n\n\n\n<!--more-->\n\n\n\n<h3 class=\"wp-block-heading\"><strong>Viste de AZUL para Concientizar&nbsp;<\/strong><\/h3>\n\n\n\n<p class=\"wp-block-paragraph\">El azul es el color oficial del D\u00eda Nacional del Ni\u00f1o, lo que le brinda a su familia la oportunidad perfecta para crear conciencia sobre la causa en toda la comunidad. &nbsp;<\/p>\n\n\n\n<p class=\"wp-block-paragraph\">No se necesita mucho para encender la chispa; de hecho, puedes empezar con lo que tienes en el cl\u00f3set. V\u00edstete de pies a cabeza con tus azules favoritos este 20 de noviembre y sal en familia a un mercado local de agricultores, un mercado artesanal de temporada u otro lugar donde la gente lo note. Cuando pregunten, hazles saber que es el D\u00eda Nacional del Ni\u00f1o y dales una breve explicaci\u00f3n sobre <a href=\"https:\/\/www.nationalchildday.ca\">de qu\u00e9 se trata este d\u00eda especial<\/a>. Ya pueden apartar la fecha a partir de ahora y muy pronto el 20 de noviembre ser\u00e1 un d\u00eda deliciosamente azul en todo el pa\u00eds.<\/p>\n\n\n\n<p class=\"wp-block-paragraph\">\u00bfNo tienes un conjunto azul para todos en la familia? \u00a1Perfecto! Esto permite que tus hijos se pongan creativos, haciendo que el evento sea a\u00fan m\u00e1s divertido. Pueden usar pintura ecol\u00f3gica de color azul para tela para te\u00f1ir viejas camisas y sudaderas con capucha blancas (o gris claro). Mejor a\u00fan, los ni\u00f1os pueden recurrir a tu jard\u00edn o a una tienda de alimentos org\u00e1nicos para te\u00f1ir la ropa tal como lo hac\u00edan sus antepasados. As\u00ed es, <strong>las verduras se pueden usar para te\u00f1ir ropa<\/strong>, con <a href=\"https:\/\/www.architecturaldigest.com\/story\/how-to-naturally-dye-using-foods\">los frijoles negros le dan a la tela un tinte azul tizado<\/a>. \u00a1Qu\u00e9 genial es eso!<\/p>\n\n\n\n<p class=\"wp-block-paragraph\">Adem\u00e1s, sus hijos pueden hacer carteles usando papel construcci\u00f3n azul, calcoman\u00edas y todo lo que sus corazones deseen. <strong>Pega los carteles<\/strong> en las ventanas de tu casa que dan a la calle, y engramp\u00e1folos en los postes de luz de tu vecindario para correr la voz.<\/p>\n\n\n\n<p class=\"wp-block-paragraph\">Aseg\u00farate de usar las redes sociales durante todo el d\u00eda, compartiendo las historias de las actividades familiares, las artes y las manualidades usando los hashtags designados de <strong>#NationalChildDay<\/strong> y <strong>#NCD2020<\/strong> (o el a\u00f1o en que se encuentren).<\/p>\n\n\n\n<p class=\"wp-block-paragraph\">Toda buena acci\u00f3n comienza por tomar conciencia de que hay algo bueno que hay que hacer. Al sumarte a la iniciativa BLUE este 20 de noviembre, tu familia puede desempe\u00f1ar un papel clave en la difusi\u00f3n de esa conciencia.<\/p>\n\n\n\n<h3 class=\"wp-block-heading\"><strong>Ayuda a los ni\u00f1os necesitados<\/strong><\/h3>\n\n\n\n<p class=\"wp-block-paragraph\">\u00bfQu\u00e9 mejor manera para que su hogar celebre el D\u00eda Nacional del Ni\u00f1o que identificar a ni\u00f1os necesitados y brindarles apoyo? Por supuesto, como hogar no tienen el tiempo ni los recursos para buscarlos, por lo que necesitan la ayuda de una fundaci\u00f3n como la nuestra.&nbsp;<\/p>\n\n\n\n<p class=\"wp-block-paragraph\">La Fundaci\u00f3n Plant a Seed &amp; See What Grows cuenta con varios programas financiados que apoyan causas infantiles en todo el pa\u00eds. Estos incluyen <a href=\"https:\/\/seewhatgrows.org\/us\/es\/our-causes\/outdoor-learning-experiences\/\">experiencias de aprendizaje al aire libre<\/a>, el <a href=\"https:\/\/seewhatgrows.org\/us\/es\/plantaseed-read\/\">Planta una semilla: \u00a1lee!<\/a> programa, <a href=\"https:\/\/seewhatgrows.org\/us\/es\/our-causes\/community-gardens-seed-preservation\/\">proyectos de huertos escolares<\/a>, y mucho m\u00e1s. Obt\u00e9n m\u00e1s informaci\u00f3n sobre nuestro <a href=\"https:\/\/seewhatgrows.org\/us\/es\/programs\/\">programas financiados<\/a>.<\/p>\n\n\n\n<p class=\"wp-block-paragraph\">Pero, \u00bfc\u00f3mo puedes involucrar tambi\u00e9n a los ni\u00f1os cuando se trata de hacer una donaci\u00f3n? Organiza una <strong>campa\u00f1a de recaudaci\u00f3n de fondos en el vecindario impulsada por las familias<\/strong>. Ya hemos proporcionado algunas ideas de c\u00f3mo usted y sus hijos pueden <strong>organizar una campa\u00f1a ben\u00e9fica comunitaria y\/o un reto de donaciones<\/strong>, que hemos detallado en este art\u00edculo sobre <a href=\"https:\/\/seewhatgrows.org\/us\/es\/how-to-celebrate-international-day-of-charity\/\">c\u00f3mo celebrar el D\u00eda Internacional de la Beneficencia<\/a> \u2013 otro d\u00eda del a\u00f1o que querr\u00e1n marcar en sus calendarios.<\/p>\n\n\n\n<p class=\"wp-block-paragraph\">Re\u00fananse en familia este 20 de noviembre y conversen <a href=\"https:\/\/seewhatgrows.org\/us\/es\/get-involved\/\">c\u00f3mo pueden participar todos<\/a> en (y en torno a) este d\u00eda tan importante del a\u00f1o.<\/p>\n\n\n\n<p class=\"has-text-align-center wp-block-paragraph\"><strong><em>\u00a1Feliz D\u00eda Nacional del Ni\u00f1o en Canad\u00e1!<\/em><\/strong><\/p>","protected":false},"excerpt":{"rendered":"<p>National Child Day is celebrated in Canada on November 20th of each year. It honors the UN Declaration of the Rights of the Child which provides a road map of what is needed to raise healthy and happy children and youth.&nbsp; Our Foundation lives by this mission 365 days of the year. However, we encourage [&hellip;]<\/p>\n","protected":false},"author":3,"featured_media":31530,"comment_status":"closed","ping_status":"closed","sticky":false,"template":"","format":"standard","meta":{"footnotes":""},"categories":[1],"tags":[688],"class_list":["post-31528","post","type-post","status-publish","format-standard","has-post-thumbnail","hentry","category-uncategorized","tag-how-to-celebrate-national-child-day"],"yoast_head":"<!-- This site is optimized with the Yoast SEO plugin v28.4 - https:\/\/yoast.com\/product\/yoast-seo-wordpress\/ -->\n<title>How to Celebrate National Child Day, With Your Children<\/title>\n<meta name=\"description\" content=\"How your family can celebrate National Child Day while teaching your kids about their value to the community.\" \/>\n<meta name=\"robots\" content=\"index, follow, max-snippet:-1, max-image-preview:large, max-video-preview:-1\" \/>\n<link rel=\"canonical\" href=\"https:\/\/seewhatgrows.org\/us\/es\/how-to-celebrate-national-child-day-with-your-children\/\" \/>\n<meta property=\"og:locale\" content=\"es_MX\" \/>\n<meta property=\"og:type\" content=\"article\" \/>\n<meta property=\"og:title\" content=\"How to Celebrate National Child Day, With Your Children\" \/>\n<meta property=\"og:description\" content=\"How your family can celebrate National Child Day while teaching your kids about their value to the community.\" \/>\n<meta property=\"og:url\" content=\"https:\/\/seewhatgrows.org\/us\/es\/how-to-celebrate-national-child-day-with-your-children\/\" \/>\n<meta property=\"og:site_name\" content=\"Connecting Communities to the Land\" \/>\n<meta property=\"article:published_time\" content=\"2020-10-29T01:34:08+00:00\" \/>\n<meta property=\"article:modified_time\" content=\"2020-11-19T15:37:05+00:00\" \/>\n<meta property=\"og:image\" content=\"https:\/\/seewhatgrows.org\/us\/wp-content\/uploads\/2020\/10\/How-to-Celebrate-National-Child-Day.jpg\" \/>\n\t<meta property=\"og:image:width\" content=\"2200\" \/>\n\t<meta property=\"og:image:height\" content=\"1182\" \/>\n\t<meta property=\"og:image:type\" content=\"image\/jpeg\" \/>\n<meta name=\"author\" content=\"Dennis Charland\" \/>\n<meta name=\"twitter:label1\" content=\"Escrito por\" \/>\n\t<meta name=\"twitter:data1\" content=\"Dennis Charland\" \/>\n\t<meta name=\"twitter:label2\" content=\"Tiempo de lectura\" \/>\n\t<meta name=\"twitter:data2\" content=\"3 minutos\" \/>\n<script type=\"application\/ld+json\" class=\"yoast-schema-graph\">{\"@context\":\"https:\\\/\\\/schema.org\",\"@graph\":[{\"@type\":\"Article\",\"@id\":\"https:\\\/\\\/seewhatgrows.org\\\/us\\\/how-to-celebrate-national-child-day-with-your-children\\\/#article\",\"isPartOf\":{\"@id\":\"https:\\\/\\\/seewhatgrows.org\\\/us\\\/how-to-celebrate-national-child-day-with-your-children\\\/\"},\"author\":{\"name\":\"Dennis Charland\",\"@id\":\"https:\\\/\\\/seewhatgrows.org\\\/us\\\/#\\\/schema\\\/person\\\/2941b91ddd9a26badc98aadef946056c\"},\"headline\":\"How to Celebrate National Child Day, With Your Children\",\"datePublished\":\"2020-10-29T01:34:08+00:00\",\"dateModified\":\"2020-11-19T15:37:05+00:00\",\"mainEntityOfPage\":{\"@id\":\"https:\\\/\\\/seewhatgrows.org\\\/us\\\/how-to-celebrate-national-child-day-with-your-children\\\/\"},\"wordCount\":661,\"publisher\":{\"@id\":\"https:\\\/\\\/seewhatgrows.org\\\/us\\\/#organization\"},\"image\":{\"@id\":\"https:\\\/\\\/seewhatgrows.org\\\/us\\\/how-to-celebrate-national-child-day-with-your-children\\\/#primaryimage\"},\"thumbnailUrl\":\"https:\\\/\\\/seewhatgrows.org\\\/us\\\/wp-content\\\/uploads\\\/2020\\\/10\\\/How-to-Celebrate-National-Child-Day.jpg\",\"keywords\":[\"How to Celebrate National Child Day\"],\"articleSection\":[\"Uncategorized\"],\"inLanguage\":\"es\"},{\"@type\":\"WebPage\",\"@id\":\"https:\\\/\\\/seewhatgrows.org\\\/us\\\/how-to-celebrate-national-child-day-with-your-children\\\/\",\"url\":\"https:\\\/\\\/seewhatgrows.org\\\/us\\\/how-to-celebrate-national-child-day-with-your-children\\\/\",\"name\":\"How to Celebrate National Child Day, With Your Children\",\"isPartOf\":{\"@id\":\"https:\\\/\\\/seewhatgrows.org\\\/us\\\/#website\"},\"primaryImageOfPage\":{\"@id\":\"https:\\\/\\\/seewhatgrows.org\\\/us\\\/how-to-celebrate-national-child-day-with-your-children\\\/#primaryimage\"},\"image\":{\"@id\":\"https:\\\/\\\/seewhatgrows.org\\\/us\\\/how-to-celebrate-national-child-day-with-your-children\\\/#primaryimage\"},\"thumbnailUrl\":\"https:\\\/\\\/seewhatgrows.org\\\/us\\\/wp-content\\\/uploads\\\/2020\\\/10\\\/How-to-Celebrate-National-Child-Day.jpg\",\"datePublished\":\"2020-10-29T01:34:08+00:00\",\"dateModified\":\"2020-11-19T15:37:05+00:00\",\"description\":\"How your family can celebrate National Child Day while teaching your kids about their value to the community.\",\"breadcrumb\":{\"@id\":\"https:\\\/\\\/seewhatgrows.org\\\/us\\\/how-to-celebrate-national-child-day-with-your-children\\\/#breadcrumb\"},\"inLanguage\":\"es\",\"potentialAction\":[{\"@type\":\"ReadAction\",\"target\":[\"https:\\\/\\\/seewhatgrows.org\\\/us\\\/how-to-celebrate-national-child-day-with-your-children\\\/\"]}]},{\"@type\":\"ImageObject\",\"inLanguage\":\"es\",\"@id\":\"https:\\\/\\\/seewhatgrows.org\\\/us\\\/how-to-celebrate-national-child-day-with-your-children\\\/#primaryimage\",\"url\":\"https:\\\/\\\/seewhatgrows.org\\\/us\\\/wp-content\\\/uploads\\\/2020\\\/10\\\/How-to-Celebrate-National-Child-Day.jpg\",\"contentUrl\":\"https:\\\/\\\/seewhatgrows.org\\\/us\\\/wp-content\\\/uploads\\\/2020\\\/10\\\/How-to-Celebrate-National-Child-Day.jpg\",\"width\":2200,\"height\":1182,\"caption\":\"How to Celebrate National Child Day\"},{\"@type\":\"BreadcrumbList\",\"@id\":\"https:\\\/\\\/seewhatgrows.org\\\/us\\\/how-to-celebrate-national-child-day-with-your-children\\\/#breadcrumb\",\"itemListElement\":[{\"@type\":\"ListItem\",\"position\":1,\"name\":\"Home\",\"item\":\"https:\\\/\\\/seewhatgrows.org\\\/us\\\/\"},{\"@type\":\"ListItem\",\"position\":2,\"name\":\"How to Celebrate National Child Day, With Your Children\"}]},{\"@type\":\"WebSite\",\"@id\":\"https:\\\/\\\/seewhatgrows.org\\\/us\\\/#website\",\"url\":\"https:\\\/\\\/seewhatgrows.org\\\/us\\\/\",\"name\":\"Connecting Communities to the Land\",\"description\":\"Growing healthier communities, one seed at a time with Plant a Seed &amp; See What Grows Foundation\",\"publisher\":{\"@id\":\"https:\\\/\\\/seewhatgrows.org\\\/us\\\/#organization\"},\"potentialAction\":[{\"@type\":\"SearchAction\",\"target\":{\"@type\":\"EntryPoint\",\"urlTemplate\":\"https:\\\/\\\/seewhatgrows.org\\\/us\\\/?s={search_term_string}\"},\"query-input\":{\"@type\":\"PropertyValueSpecification\",\"valueRequired\":true,\"valueName\":\"search_term_string\"}}],\"inLanguage\":\"es\"},{\"@type\":\"Organization\",\"@id\":\"https:\\\/\\\/seewhatgrows.org\\\/us\\\/#organization\",\"name\":\"Connecting Communities to the Land\",\"url\":\"https:\\\/\\\/seewhatgrows.org\\\/us\\\/\",\"logo\":{\"@type\":\"ImageObject\",\"inLanguage\":\"es\",\"@id\":\"https:\\\/\\\/seewhatgrows.org\\\/us\\\/#\\\/schema\\\/logo\\\/image\\\/\",\"url\":\"https:\\\/\\\/seewhatgrows.org\\\/us\\\/wp-content\\\/uploads\\\/2026\\\/06\\\/Plant-a-Seed-Logo.png\",\"contentUrl\":\"https:\\\/\\\/seewhatgrows.org\\\/us\\\/wp-content\\\/uploads\\\/2026\\\/06\\\/Plant-a-Seed-Logo.png\",\"width\":600,\"height\":600,\"caption\":\"Connecting Communities to the Land\"},\"image\":{\"@id\":\"https:\\\/\\\/seewhatgrows.org\\\/us\\\/#\\\/schema\\\/logo\\\/image\\\/\"}},{\"@type\":\"Person\",\"@id\":\"https:\\\/\\\/seewhatgrows.org\\\/us\\\/#\\\/schema\\\/person\\\/2941b91ddd9a26badc98aadef946056c\",\"name\":\"Dennis Charland\",\"url\":\"https:\\\/\\\/seewhatgrows.org\\\/us\\\/es\\\/author\\\/dennis\\\/\"}]}<\/script>\n<!-- \/ Yoast SEO plugin. -->","yoast_head_json":{"title":"C\u00f3mo celebrar el D\u00eda Nacional del Ni\u00f1o con tus hijos","description":"How your family can celebrate National Child Day while teaching your kids about their value to the community.","robots":{"index":"index","follow":"follow","max-snippet":"max-snippet:-1","max-image-preview":"max-image-preview:large","max-video-preview":"max-video-preview:-1"},"canonical":"https:\/\/seewhatgrows.org\/us\/es\/how-to-celebrate-national-child-day-with-your-children\/","og_locale":"es_MX","og_type":"article","og_title":"How to Celebrate National Child Day, With Your Children","og_description":"How your family can celebrate National Child Day while teaching your kids about their value to the community.","og_url":"https:\/\/seewhatgrows.org\/us\/es\/how-to-celebrate-national-child-day-with-your-children\/","og_site_name":"Connecting Communities to the Land","article_published_time":"2020-10-29T01:34:08+00:00","article_modified_time":"2020-11-19T15:37:05+00:00","og_image":[{"width":2200,"height":1182,"url":"https:\/\/seewhatgrows.org\/us\/wp-content\/uploads\/2020\/10\/How-to-Celebrate-National-Child-Day.jpg","type":"image\/jpeg"}],"author":"Dennis Charland","twitter_misc":{"Escrito por":"Dennis Charland","Tiempo de lectura":"3 minutos"},"schema":{"@context":"https:\/\/schema.org","@graph":[{"@type":"Article","@id":"https:\/\/seewhatgrows.org\/us\/how-to-celebrate-national-child-day-with-your-children\/#article","isPartOf":{"@id":"https:\/\/seewhatgrows.org\/us\/how-to-celebrate-national-child-day-with-your-children\/"},"author":{"name":"Dennis Charland","@id":"https:\/\/seewhatgrows.org\/us\/#\/schema\/person\/2941b91ddd9a26badc98aadef946056c"},"headline":"How to Celebrate National Child Day, With Your Children","datePublished":"2020-10-29T01:34:08+00:00","dateModified":"2020-11-19T15:37:05+00:00","mainEntityOfPage":{"@id":"https:\/\/seewhatgrows.org\/us\/how-to-celebrate-national-child-day-with-your-children\/"},"wordCount":661,"publisher":{"@id":"https:\/\/seewhatgrows.org\/us\/#organization"},"image":{"@id":"https:\/\/seewhatgrows.org\/us\/how-to-celebrate-national-child-day-with-your-children\/#primaryimage"},"thumbnailUrl":"https:\/\/seewhatgrows.org\/us\/wp-content\/uploads\/2020\/10\/How-to-Celebrate-National-Child-Day.jpg","keywords":["How to Celebrate National Child Day"],"articleSection":["Uncategorized"],"inLanguage":"es"},{"@type":"WebPage","@id":"https:\/\/seewhatgrows.org\/us\/how-to-celebrate-national-child-day-with-your-children\/","url":"https:\/\/seewhatgrows.org\/us\/how-to-celebrate-national-child-day-with-your-children\/","name":"C\u00f3mo celebrar el D\u00eda Nacional del Ni\u00f1o con tus hijos","isPartOf":{"@id":"https:\/\/seewhatgrows.org\/us\/#website"},"primaryImageOfPage":{"@id":"https:\/\/seewhatgrows.org\/us\/how-to-celebrate-national-child-day-with-your-children\/#primaryimage"},"image":{"@id":"https:\/\/seewhatgrows.org\/us\/how-to-celebrate-national-child-day-with-your-children\/#primaryimage"},"thumbnailUrl":"https:\/\/seewhatgrows.org\/us\/wp-content\/uploads\/2020\/10\/How-to-Celebrate-National-Child-Day.jpg","datePublished":"2020-10-29T01:34:08+00:00","dateModified":"2020-11-19T15:37:05+00:00","description":"How your family can celebrate National Child Day while teaching your kids about their value to the community.","breadcrumb":{"@id":"https:\/\/seewhatgrows.org\/us\/how-to-celebrate-national-child-day-with-your-children\/#breadcrumb"},"inLanguage":"es","potentialAction":[{"@type":"ReadAction","target":["https:\/\/seewhatgrows.org\/us\/how-to-celebrate-national-child-day-with-your-children\/"]}]},{"@type":"ImageObject","inLanguage":"es","@id":"https:\/\/seewhatgrows.org\/us\/how-to-celebrate-national-child-day-with-your-children\/#primaryimage","url":"https:\/\/seewhatgrows.org\/us\/wp-content\/uploads\/2020\/10\/How-to-Celebrate-National-Child-Day.jpg","contentUrl":"https:\/\/seewhatgrows.org\/us\/wp-content\/uploads\/2020\/10\/How-to-Celebrate-National-Child-Day.jpg","width":2200,"height":1182,"caption":"How to Celebrate National Child Day"},{"@type":"BreadcrumbList","@id":"https:\/\/seewhatgrows.org\/us\/how-to-celebrate-national-child-day-with-your-children\/#breadcrumb","itemListElement":[{"@type":"ListItem","position":1,"name":"Home","item":"https:\/\/seewhatgrows.org\/us\/"},{"@type":"ListItem","position":2,"name":"How to Celebrate National Child Day, With Your Children"}]},{"@type":"WebSite","@id":"https:\/\/seewhatgrows.org\/us\/#website","url":"https:\/\/seewhatgrows.org\/us\/","name":"Conectando a las comunidades con la tierra","description":"Cultivando comunidades m\u00e1s saludables, una semilla a la vez con la Fundaci\u00f3n Plant a Seed &amp; See What Grows","publisher":{"@id":"https:\/\/seewhatgrows.org\/us\/#organization"},"potentialAction":[{"@type":"SearchAction","target":{"@type":"EntryPoint","urlTemplate":"https:\/\/seewhatgrows.org\/us\/?s={search_term_string}"},"query-input":{"@type":"PropertyValueSpecification","valueRequired":true,"valueName":"search_term_string"}}],"inLanguage":"es"},{"@type":"Organization","@id":"https:\/\/seewhatgrows.org\/us\/#organization","name":"Conectando a las comunidades con la tierra","url":"https:\/\/seewhatgrows.org\/us\/","logo":{"@type":"ImageObject","inLanguage":"es","@id":"https:\/\/seewhatgrows.org\/us\/#\/schema\/logo\/image\/","url":"https:\/\/seewhatgrows.org\/us\/wp-content\/uploads\/2026\/06\/Plant-a-Seed-Logo.png","contentUrl":"https:\/\/seewhatgrows.org\/us\/wp-content\/uploads\/2026\/06\/Plant-a-Seed-Logo.png","width":600,"height":600,"caption":"Connecting Communities to the Land"},"image":{"@id":"https:\/\/seewhatgrows.org\/us\/#\/schema\/logo\/image\/"}},{"@type":"Person","@id":"https:\/\/seewhatgrows.org\/us\/#\/schema\/person\/2941b91ddd9a26badc98aadef946056c","name":"Dennis Charland","url":"https:\/\/seewhatgrows.org\/us\/es\/author\/dennis\/"}]}},"_links":{"self":[{"href":"https:\/\/seewhatgrows.org\/us\/es\/wp-json\/wp\/v2\/posts\/31528","targetHints":{"allow":["GET"]}}],"collection":[{"href":"https:\/\/seewhatgrows.org\/us\/es\/wp-json\/wp\/v2\/posts"}],"about":[{"href":"https:\/\/seewhatgrows.org\/us\/es\/wp-json\/wp\/v2\/types\/post"}],"author":[{"embeddable":true,"href":"https:\/\/seewhatgrows.org\/us\/es\/wp-json\/wp\/v2\/users\/3"}],"replies":[{"embeddable":true,"href":"https:\/\/seewhatgrows.org\/us\/es\/wp-json\/wp\/v2\/comments?post=31528"}],"version-history":[{"count":0,"href":"https:\/\/seewhatgrows.org\/us\/es\/wp-json\/wp\/v2\/posts\/31528\/revisions"}],"wp:featuredmedia":[{"embeddable":true,"href":"https:\/\/seewhatgrows.org\/us\/es\/wp-json\/wp\/v2\/media\/31530"}],"wp:attachment":[{"href":"https:\/\/seewhatgrows.org\/us\/es\/wp-json\/wp\/v2\/media?parent=31528"}],"wp:term":[{"taxonomy":"category","embeddable":true,"href":"https:\/\/seewhatgrows.org\/us\/es\/wp-json\/wp\/v2\/categories?post=31528"},{"taxonomy":"post_tag","embeddable":true,"href":"https:\/\/seewhatgrows.org\/us\/es\/wp-json\/wp\/v2\/tags?post=31528"}],"curies":[{"name":"\u00a1Buen juego!","href":"https:\/\/api.w.org\/{rel}","templated":true}]}}