{"id":30304,"date":"2019-02-14T16:24:19","date_gmt":"2019-02-15T00:24:19","guid":{"rendered":"http:\/\/seewhatgrows.flywheelsites.com\/?p=30304"},"modified":"2019-02-16T11:02:21","modified_gmt":"2019-02-16T19:02:21","slug":"alex-stark-connecting-nature-languages","status":"publish","type":"post","link":"https:\/\/seewhatgrows.org\/us\/es\/alex-stark-connecting-nature-languages\/","title":{"rendered":"Alex Stark: Conectando con la Naturaleza y a trav\u00e9s de los Idiomas"},"content":{"rendered":"<h5><em>Conocimos a Alexander Grayson Brandt Stark en noviembre de 2018 durante el evento de la Universidad Polit\u00e9cnica Kwantlen (KPU) en el River Rock Casino. \u00c9l es uno de los beneficiarios recientes de la beca de estudios superiores de la Fundaci\u00f3n para el periodo 2018-2019. Sus historias de aventuras en M\u00e9xico y Francia, su encanto y su humildad nos cautivaron. Lea m\u00e1s sobre \u00e9l aqu\u00ed.<\/em><\/h5>\n<p>\u00c1lex proviene de una peque\u00f1a familia de cinco integrantes que consta de su mam\u00e1, pap\u00e1, su hermana mayor y su cu\u00f1ado, \u00e9l mismo y la Boston Terrier de su hermana llamada Shanti. Est\u00e1 en su \u00faltimo semestre en la KPU completando sus \u00faltimos cursos del programa de Agricultura Sostenible. Ha vivido en New Westminster toda su vida. Tambi\u00e9n ha viajado fuera de Canad\u00e1 durante per\u00edodos significativos de tiempo haciendo trabajo relacionado con la agricultura: en Francia durante un a\u00f1o, Cuba durante 7 meses y M\u00e9xico durante 4 meses. Disfruta de la jardiner\u00eda y de aprender idiomas.<\/p>\n<p>Volvimos a hablar con Alex para ver c\u00f3mo est\u00e1...<\/p>\n<ol>\n<li style=\"text-align: left;\"><strong> \u00bfQu\u00e9 lo llev\u00f3 a interesarse en la Agricultura Sostenible (Licenciatura en Ciencias Aplicadas) en KPU?<\/strong><\/li>\n<\/ol>\n<p>La obtenci\u00f3n de este t\u00edtulo es parte de un largo recorrido que comenz\u00f3 tras graduarme de la secundaria. Al graduarme, busqu\u00e9 una mentor\u00eda agr\u00edcola en una granja de hortalizas y frutas org\u00e1nicas certificadas de 40 acres en Cawston, BC, trabajando durante la temporada como aprendiz. Decid\u00ed que quer\u00eda seguir aprendiendo m\u00e1s sobre la agricultura en general, tanto a nivel pr\u00e1ctico como te\u00f3rico.<\/p>\n<p>Poco despu\u00e9s, viv\u00ed en el sur de Francia durante un a\u00f1o y aprend\u00ed a pastorear cabras y elaborar queso. Estas experiencias me han aportado conocimientos y aprecio por el acto de cultivar alimentos y cuidar la tierra. Me embarqu\u00e9 en esta carrera para complementar las habilidades pr\u00e1cticas que he aprendido con el estudio de la ciencia.<\/p>\n<hr \/>\n<p><img loading=\"lazy\" decoding=\"async\" class=\"alignleft size-medium wp-image-30307\" src=\"https:\/\/seewhatgrows.org\/us\/wp-content\/uploads\/2019\/02\/Valensole-et-Vernet-038-300x225.jpg\" alt=\"Alex Stark\" width=\"300\" height=\"225\" srcset=\"https:\/\/seewhatgrows.org\/us\/wp-content\/uploads\/2019\/02\/Valensole-et-Vernet-038-300x225.jpg 300w, https:\/\/seewhatgrows.org\/us\/wp-content\/uploads\/2019\/02\/Valensole-et-Vernet-038-768x576.jpg 768w, https:\/\/seewhatgrows.org\/us\/wp-content\/uploads\/2019\/02\/Valensole-et-Vernet-038-1024x768.jpg 1024w, https:\/\/seewhatgrows.org\/us\/wp-content\/uploads\/2019\/02\/Valensole-et-Vernet-038-510x382.jpg 510w, https:\/\/seewhatgrows.org\/us\/wp-content\/uploads\/2019\/02\/Valensole-et-Vernet-038-1080x810.jpg 1080w, https:\/\/seewhatgrows.org\/us\/wp-content\/uploads\/2019\/02\/Valensole-et-Vernet-038-24x18.jpg 24w, https:\/\/seewhatgrows.org\/us\/wp-content\/uploads\/2019\/02\/Valensole-et-Vernet-038-36x27.jpg 36w, https:\/\/seewhatgrows.org\/us\/wp-content\/uploads\/2019\/02\/Valensole-et-Vernet-038-48x36.jpg 48w, https:\/\/seewhatgrows.org\/us\/wp-content\/uploads\/2019\/02\/Valensole-et-Vernet-038.jpg 2048w\" sizes=\"auto, (max-width: 300px) 100vw, 300px\" \/>\u00c1lex hizo muchos amigos en sus viajes, incluida esta cabra especial que parec\u00eda estar cautivada por su encanto natural. Cuando se fue, tuvieron un momento. La despedida es un dulce dolor.<\/p>\n<p>&nbsp;<\/p>\n<hr \/>\n<ol start=\"2\">\n<li><strong> \u00bfQu\u00e9 le motiv\u00f3 a solicitar la beca de la Fundaci\u00f3n Plant a Seed &amp; See What Grows?<\/strong><\/li>\n<\/ol>\n<p>Ten\u00eda dudas de si encajaba en el perfil, porque no ten\u00eda mucha experiencia ense\u00f1ando jardiner\u00eda y agricultura a ni\u00f1os. Pero cuando estuve en M\u00e9xico, hice este trabajo indirectamente. Les ense\u00f1\u00e9 ingl\u00e9s a ni\u00f1os y adolescentes en un pueblo agr\u00edcola del M\u00e9xico rural. Este trabajo formaba parte de cumplir con la reciprocidad hacia los miembros de la comunidad con quienes estaba haciendo <a href=\"https:\/\/en.wikipedia.org\/wiki\/Ethnography\">investigaci\u00f3n etnogr\u00e1fica<\/a>.<\/p>\n<ol start=\"3\">\n<li><strong> Ahora en tu a\u00f1o de graduaci\u00f3n y al mirar atr\u00e1s en tus cuatro a\u00f1os en el programa, \u00bfcu\u00e1l fue la experiencia m\u00e1s memorable que tuviste como estudiante de Agricultura Sostenible?<\/strong><\/li>\n<\/ol>\n<p>Poder trabajar y vivir en Cuba y M\u00e9xico ha tenido un impacto enorme en mi crecimiento personal. Ambas experiencias me retaron a adaptarme a las culturas nacionales de cada pa\u00eds, as\u00ed como a varias microculturas o culturas minoritarias. Por ejemplo, en Cuba, tuve que tomar lo que aprend\u00ed en mis clases de espa\u00f1ol anteriores y ajustar mis o\u00eddos y mi forma de hablar a los acentos y la jerga cubanos, y sin querer aprend\u00ed la lengua de se\u00f1as cubana. Esto me permiti\u00f3 interactuar con miembros de la comunidad sorda. En M\u00e9xico, una vez m\u00e1s tuve que reajustar mi audici\u00f3n y mi habla a los acentos y modismos mexicanos, pero tambi\u00e9n tuve el reto, y la oportunidad, de trabajar con mayas mexicanos, quienes son mayormente hablantes nativos del maya. Aprend\u00ed maya con la fluidez suficiente para poder integrarme en mi trabajo.<\/p>\n<hr \/>\n<p><img loading=\"lazy\" decoding=\"async\" class=\"alignleft size-medium wp-image-30323\" src=\"https:\/\/seewhatgrows.org\/us\/wp-content\/uploads\/2019\/02\/Screen-Shot-2019-02-16-at-10.52.33-AM-280x300.png\" alt=\"Alex Stark\" width=\"280\" height=\"300\" srcset=\"https:\/\/seewhatgrows.org\/us\/wp-content\/uploads\/2019\/02\/Screen-Shot-2019-02-16-at-10.52.33-AM-280x300.png 280w, https:\/\/seewhatgrows.org\/us\/wp-content\/uploads\/2019\/02\/Screen-Shot-2019-02-16-at-10.52.33-AM-22x24.png 22w, https:\/\/seewhatgrows.org\/us\/wp-content\/uploads\/2019\/02\/Screen-Shot-2019-02-16-at-10.52.33-AM-34x36.png 34w, https:\/\/seewhatgrows.org\/us\/wp-content\/uploads\/2019\/02\/Screen-Shot-2019-02-16-at-10.52.33-AM-45x48.png 45w, https:\/\/seewhatgrows.org\/us\/wp-content\/uploads\/2019\/02\/Screen-Shot-2019-02-16-at-10.52.33-AM.png 712w\" sizes=\"auto, (max-width: 280px) 100vw, 280px\" \/>Alex estaba limpiando los surcos del campo en M\u00e9xico para que otra persona pudiera cosechar algo de ma\u00edz.<\/p>\n<p>&nbsp;<\/p>\n<p>&nbsp;<\/p>\n<p>&nbsp;<\/p>\n<p>&nbsp;<\/p>\n<hr \/>\n<ol start=\"4\">\n<li><strong> \u00bfCu\u00e1l es la informaci\u00f3n m\u00e1s impactante que has aprendido como estudiante de agricultura sostenible?<\/strong><\/li>\n<\/ol>\n<p>Todos estamos conectados y todo lo que hacemos est\u00e1 conectado. Este hecho se comprende en muchas filosof\u00edas ind\u00edgenas y, en la ciencia occidental, mediante la teor\u00eda de la mec\u00e1nica cu\u00e1ntica. Se puede ver la evidencia de esto al considerar que el clima de hoy es el resultado de las acciones de nuestros antecesores hace 100 a\u00f1os. Los efectos de cualquier da\u00f1o o restauraci\u00f3n ecol\u00f3gica de hoy no se experimentar\u00e1n por completo hasta varias generaciones despu\u00e9s.<\/p>\n<ol start=\"5\">\n<li><strong> \u00bfQu\u00e9 planes tienes para despu\u00e9s de graduarte?<\/strong><\/li>\n<\/ol>\n<p>Me gustar\u00eda disfrutar de la estabilidad de un trabajo de tiempo completo en un solo lugar, en contraste con el ciclo acad\u00e9mico y mis frecuentes desplazamientos a otros pa\u00edses. Estoy considerando estudiar una maestr\u00eda en revitalizaci\u00f3n de lenguas ind\u00edgenas, espec\u00edficamente sobre una de mis lenguas patrimoniales, el michif (idioma de los pueblos m\u00e9tis). A largo plazo, me gustar\u00eda dedicarme a la agricultura como negocio y estilo de vida.<\/p>\n<ol start=\"6\">\n<li><strong> \u00bfC\u00f3mo utilizar\u00e1s tu experiencia para marcar la diferencia en la agricultura sostenible?<\/strong><\/li>\n<\/ol>\n<p>Espero utilizar mis habilidades ling\u00fc\u00edsticas combinadas, mis competencias interculturales y mis conocimientos agr\u00edcolas para facilitar la inclusi\u00f3n de m\u00e1s voces, porque no podemos construir sistemas alimentarios y una agricultura verdaderamente sostenibles mientras se ignoren ciertas perspectivas, o no se les d\u00e9 el mismo valor que a otras perspectivas m\u00e1s privilegiadas.<\/p>\n<hr \/>\n<p><i><img loading=\"lazy\" decoding=\"async\" class=\"alignleft size-medium wp-image-30308\" src=\"https:\/\/seewhatgrows.org\/us\/wp-content\/uploads\/2019\/02\/Alex-Stark-221x300.jpg\" alt=\"Alex Stark\" width=\"221\" height=\"300\" srcset=\"https:\/\/seewhatgrows.org\/us\/wp-content\/uploads\/2019\/02\/Alex-Stark-221x300.jpg 221w, https:\/\/seewhatgrows.org\/us\/wp-content\/uploads\/2019\/02\/Alex-Stark-768x1041.jpg 768w, https:\/\/seewhatgrows.org\/us\/wp-content\/uploads\/2019\/02\/Alex-Stark-756x1024.jpg 756w, https:\/\/seewhatgrows.org\/us\/wp-content\/uploads\/2019\/02\/Alex-Stark-18x24.jpg 18w, https:\/\/seewhatgrows.org\/us\/wp-content\/uploads\/2019\/02\/Alex-Stark-27x36.jpg 27w, https:\/\/seewhatgrows.org\/us\/wp-content\/uploads\/2019\/02\/Alex-Stark-35x48.jpg 35w, https:\/\/seewhatgrows.org\/us\/wp-content\/uploads\/2019\/02\/Alex-Stark.jpg 929w\" sizes=\"auto, (max-width: 221px) 100vw, 221px\" \/>\u201cTodos estamos conectados y todo lo que hacemos est\u00e1 conectado. Este hecho se comprende en muchas filosof\u00edas ind\u00edgenas y, en la ciencia occidental, mediante la teor\u00eda de la mec\u00e1nica cu\u00e1ntica. Se puede ver la evidencia de esto al considerar que el clima de hoy es el resultado de las acciones de nuestros predecesores hace 100 a\u00f1os. Los efectos de cualquier da\u00f1o o restauraci\u00f3n ecol\u00f3gica de hoy no se experimentar\u00e1n por completo hasta varias generaciones despu\u00e9s\u2019. -Alex Stark, beneficiario de beca, Agricultura Sostenible de KPU, 2018-2019<\/i><\/p>\n<hr \/>\n<p>Tenemos la certeza de que Alex seguir\u00e1 utilizando su experiencia en agricultura sostenible y sus habilidades ling\u00fc\u00edsticas para fortalecer la conexi\u00f3n de su comunidad con la naturaleza. Le deseamos el mayor de los \u00e9xitos en sus iniciativas que nos unen e inspiran a todos.<\/p>\n<hr \/>\n<p><img loading=\"lazy\" decoding=\"async\" class=\"alignleft size-medium wp-image-29602\" src=\"https:\/\/seewhatgrows.org\/us\/wp-content\/uploads\/2018\/10\/Jessica-Hill-in-Cuba-3-cropped-264x300.jpg\" alt=\"Jessica Hill\" width=\"264\" height=\"300\" srcset=\"https:\/\/seewhatgrows.org\/us\/wp-content\/uploads\/2018\/10\/Jessica-Hill-in-Cuba-3-cropped-264x300.jpg 264w, https:\/\/seewhatgrows.org\/us\/wp-content\/uploads\/2018\/10\/Jessica-Hill-in-Cuba-3-cropped-21x24.jpg 21w, https:\/\/seewhatgrows.org\/us\/wp-content\/uploads\/2018\/10\/Jessica-Hill-in-Cuba-3-cropped-32x36.jpg 32w, https:\/\/seewhatgrows.org\/us\/wp-content\/uploads\/2018\/10\/Jessica-Hill-in-Cuba-3-cropped-42x48.jpg 42w, https:\/\/seewhatgrows.org\/us\/wp-content\/uploads\/2018\/10\/Jessica-Hill-in-Cuba-3-cropped.jpg 547w\" sizes=\"auto, (max-width: 264px) 100vw, 264px\" \/>Jessica Hill, otra egresada de Agricultura Sostenible de KPU, fue otra de las beneficiarias de la beca de la Fundaci\u00f3n. Lea su historia <a href=\"https:\/\/seewhatgrows.org\/us\/es\/planting-seeds-healthier-future-jessica-hill\/\">aqu\u00ed<\/a>.<\/p>\n<p>======================================================================================================<\/p>\n<p>Si esta historia te da esperanza para el futuro de la agricultura sostenible y org\u00e1nica, reg\u00edstrate para ser Amigo de la Fundaci\u00f3n <a href=\"https:\/\/seewhatgrows.org\/us\/es\/friends\/\">aqu\u00ed<\/a> o en <a href=\"https:\/\/seewhatgrows.org\/us\/es\/fr-friends\/\">Francesa aqu\u00ed<\/a>. Por favor, no olvides <a href=\"https:\/\/givebutter.com\/plant-a-seed-see-what-grows-foundation\">dona generosamente<\/a> a la fundaci\u00f3n Plant a Seed &amp; See What Grows, para que podamos ayudar a apoyar a m\u00e1s estudiantes merecedores como <a href=\"https:\/\/seewhatgrows.org\/us\/es\/programs\/#bursary\">Alex, Jessica y Carla<\/a>.<\/p>\n<p>&nbsp;<\/p>","protected":false},"excerpt":{"rendered":"<p>We met Alexander Grayson Brandt Stark last Nov. 2018 during Kwantlen Polytechnic University\u2019s (KPU) event at the River Rock Casino. He\u2019s one of the Foundation\u2019s recent 2018-2019 post-secondary bursary recipients. We were captivated by his stories of adventures in Mexico and France, his charm and his humility. Read more about him here. Alex comes from [&hellip;]<\/p>\n","protected":false},"author":2,"featured_media":30306,"comment_status":"closed","ping_status":"closed","sticky":false,"template":"","format":"standard","meta":{"footnotes":""},"categories":[3],"tags":[],"class_list":["post-30304","post","type-post","status-publish","format-standard","has-post-thumbnail","hentry","category-blogs"],"yoast_head":"<!-- This site is optimized with the Yoast SEO plugin v28.4 - https:\/\/yoast.com\/product\/yoast-seo-wordpress\/ -->\n<title>Alex Stark: Connecting with Nature and through Languages<\/title>\n<meta name=\"description\" content=\"A profile on Alexander Stark, one of the Plant a Seed and See What Grows Foundation&#039;s 2018-19 post-secondary bursary recipients.\" \/>\n<meta name=\"robots\" content=\"index, follow, max-snippet:-1, max-image-preview:large, max-video-preview:-1\" \/>\n<link rel=\"canonical\" href=\"https:\/\/seewhatgrows.org\/us\/es\/alex-stark-connecting-nature-languages\/\" \/>\n<meta property=\"og:locale\" content=\"es_MX\" \/>\n<meta property=\"og:type\" content=\"article\" \/>\n<meta property=\"og:title\" content=\"Alex Stark: Connecting with Nature and through Languages\" \/>\n<meta property=\"og:description\" content=\"A profile on Alexander Stark, one of the Plant a Seed and See What Grows Foundation&#039;s 2018-19 post-secondary bursary recipients.\" \/>\n<meta property=\"og:url\" content=\"https:\/\/seewhatgrows.org\/us\/es\/alex-stark-connecting-nature-languages\/\" \/>\n<meta property=\"og:site_name\" content=\"Connecting Communities to the Land\" \/>\n<meta property=\"article:published_time\" content=\"2019-02-15T00:24:19+00:00\" \/>\n<meta property=\"article:modified_time\" content=\"2019-02-16T19:02:21+00:00\" \/>\n<meta property=\"og:image\" content=\"https:\/\/seewhatgrows.org\/us\/wp-content\/uploads\/2019\/02\/IMG_1115-v2.jpg\" \/>\n\t<meta property=\"og:image:width\" content=\"2560\" \/>\n\t<meta property=\"og:image:height\" content=\"1707\" \/>\n\t<meta property=\"og:image:type\" content=\"image\/jpeg\" \/>\n<meta name=\"author\" content=\"Regina Nebrida\" \/>\n<meta name=\"twitter:label1\" content=\"Escrito por\" \/>\n\t<meta name=\"twitter:data1\" content=\"Regina Nebrida\" \/>\n\t<meta name=\"twitter:label2\" content=\"Tiempo de lectura\" \/>\n\t<meta name=\"twitter:data2\" content=\"5 minutos\" \/>\n<script type=\"application\/ld+json\" class=\"yoast-schema-graph\">{\"@context\":\"https:\\\/\\\/schema.org\",\"@graph\":[{\"@type\":\"Article\",\"@id\":\"https:\\\/\\\/seewhatgrows.org\\\/us\\\/alex-stark-connecting-nature-languages\\\/#article\",\"isPartOf\":{\"@id\":\"https:\\\/\\\/seewhatgrows.org\\\/us\\\/alex-stark-connecting-nature-languages\\\/\"},\"author\":{\"name\":\"Regina Nebrida\",\"@id\":\"https:\\\/\\\/seewhatgrows.org\\\/us\\\/#\\\/schema\\\/person\\\/a167df00642f0c7b8e71a3dc12374143\"},\"headline\":\"Alex Stark: Connecting with Nature and through Languages\",\"datePublished\":\"2019-02-15T00:24:19+00:00\",\"dateModified\":\"2019-02-16T19:02:21+00:00\",\"mainEntityOfPage\":{\"@id\":\"https:\\\/\\\/seewhatgrows.org\\\/us\\\/alex-stark-connecting-nature-languages\\\/\"},\"wordCount\":1017,\"publisher\":{\"@id\":\"https:\\\/\\\/seewhatgrows.org\\\/us\\\/#organization\"},\"image\":{\"@id\":\"https:\\\/\\\/seewhatgrows.org\\\/us\\\/alex-stark-connecting-nature-languages\\\/#primaryimage\"},\"thumbnailUrl\":\"https:\\\/\\\/seewhatgrows.org\\\/us\\\/wp-content\\\/uploads\\\/2019\\\/02\\\/IMG_1115-v2.jpg\",\"articleSection\":[\"Blogs\"],\"inLanguage\":\"es\"},{\"@type\":\"WebPage\",\"@id\":\"https:\\\/\\\/seewhatgrows.org\\\/us\\\/alex-stark-connecting-nature-languages\\\/\",\"url\":\"https:\\\/\\\/seewhatgrows.org\\\/us\\\/alex-stark-connecting-nature-languages\\\/\",\"name\":\"Alex Stark: Connecting with Nature and through Languages\",\"isPartOf\":{\"@id\":\"https:\\\/\\\/seewhatgrows.org\\\/us\\\/#website\"},\"primaryImageOfPage\":{\"@id\":\"https:\\\/\\\/seewhatgrows.org\\\/us\\\/alex-stark-connecting-nature-languages\\\/#primaryimage\"},\"image\":{\"@id\":\"https:\\\/\\\/seewhatgrows.org\\\/us\\\/alex-stark-connecting-nature-languages\\\/#primaryimage\"},\"thumbnailUrl\":\"https:\\\/\\\/seewhatgrows.org\\\/us\\\/wp-content\\\/uploads\\\/2019\\\/02\\\/IMG_1115-v2.jpg\",\"datePublished\":\"2019-02-15T00:24:19+00:00\",\"dateModified\":\"2019-02-16T19:02:21+00:00\",\"description\":\"A profile on Alexander Stark, one of the Plant a Seed and See What Grows Foundation's 2018-19 post-secondary bursary recipients.\",\"breadcrumb\":{\"@id\":\"https:\\\/\\\/seewhatgrows.org\\\/us\\\/alex-stark-connecting-nature-languages\\\/#breadcrumb\"},\"inLanguage\":\"es\",\"potentialAction\":[{\"@type\":\"ReadAction\",\"target\":[\"https:\\\/\\\/seewhatgrows.org\\\/us\\\/alex-stark-connecting-nature-languages\\\/\"]}]},{\"@type\":\"ImageObject\",\"inLanguage\":\"es\",\"@id\":\"https:\\\/\\\/seewhatgrows.org\\\/us\\\/alex-stark-connecting-nature-languages\\\/#primaryimage\",\"url\":\"https:\\\/\\\/seewhatgrows.org\\\/us\\\/wp-content\\\/uploads\\\/2019\\\/02\\\/IMG_1115-v2.jpg\",\"contentUrl\":\"https:\\\/\\\/seewhatgrows.org\\\/us\\\/wp-content\\\/uploads\\\/2019\\\/02\\\/IMG_1115-v2.jpg\",\"width\":2560,\"height\":1707},{\"@type\":\"BreadcrumbList\",\"@id\":\"https:\\\/\\\/seewhatgrows.org\\\/us\\\/alex-stark-connecting-nature-languages\\\/#breadcrumb\",\"itemListElement\":[{\"@type\":\"ListItem\",\"position\":1,\"name\":\"Home\",\"item\":\"https:\\\/\\\/seewhatgrows.org\\\/us\\\/\"},{\"@type\":\"ListItem\",\"position\":2,\"name\":\"Alex Stark: Connecting with Nature and through Languages\"}]},{\"@type\":\"WebSite\",\"@id\":\"https:\\\/\\\/seewhatgrows.org\\\/us\\\/#website\",\"url\":\"https:\\\/\\\/seewhatgrows.org\\\/us\\\/\",\"name\":\"Connecting Communities to the Land\",\"description\":\"Growing healthier communities, one seed at a time with Plant a Seed &amp; See What Grows Foundation\",\"publisher\":{\"@id\":\"https:\\\/\\\/seewhatgrows.org\\\/us\\\/#organization\"},\"potentialAction\":[{\"@type\":\"SearchAction\",\"target\":{\"@type\":\"EntryPoint\",\"urlTemplate\":\"https:\\\/\\\/seewhatgrows.org\\\/us\\\/?s={search_term_string}\"},\"query-input\":{\"@type\":\"PropertyValueSpecification\",\"valueRequired\":true,\"valueName\":\"search_term_string\"}}],\"inLanguage\":\"es\"},{\"@type\":\"Organization\",\"@id\":\"https:\\\/\\\/seewhatgrows.org\\\/us\\\/#organization\",\"name\":\"Connecting Communities to the Land\",\"url\":\"https:\\\/\\\/seewhatgrows.org\\\/us\\\/\",\"logo\":{\"@type\":\"ImageObject\",\"inLanguage\":\"es\",\"@id\":\"https:\\\/\\\/seewhatgrows.org\\\/us\\\/#\\\/schema\\\/logo\\\/image\\\/\",\"url\":\"https:\\\/\\\/seewhatgrows.org\\\/us\\\/wp-content\\\/uploads\\\/2026\\\/06\\\/Plant-a-Seed-Logo.png\",\"contentUrl\":\"https:\\\/\\\/seewhatgrows.org\\\/us\\\/wp-content\\\/uploads\\\/2026\\\/06\\\/Plant-a-Seed-Logo.png\",\"width\":600,\"height\":600,\"caption\":\"Connecting Communities to the Land\"},\"image\":{\"@id\":\"https:\\\/\\\/seewhatgrows.org\\\/us\\\/#\\\/schema\\\/logo\\\/image\\\/\"}},{\"@type\":\"Person\",\"@id\":\"https:\\\/\\\/seewhatgrows.org\\\/us\\\/#\\\/schema\\\/person\\\/a167df00642f0c7b8e71a3dc12374143\",\"name\":\"Regina Nebrida\",\"url\":\"https:\\\/\\\/seewhatgrows.org\\\/us\\\/es\\\/author\\\/regina\\\/\"}]}<\/script>\n<!-- \/ Yoast SEO plugin. -->","yoast_head_json":{"title":"Alex Stark: Conectando con la Naturaleza y a trav\u00e9s de los Idiomas","description":"A profile on Alexander Stark, one of the Plant a Seed and See What Grows Foundation's 2018-19 post-secondary bursary recipients.","robots":{"index":"index","follow":"follow","max-snippet":"max-snippet:-1","max-image-preview":"max-image-preview:large","max-video-preview":"max-video-preview:-1"},"canonical":"https:\/\/seewhatgrows.org\/us\/es\/alex-stark-connecting-nature-languages\/","og_locale":"es_MX","og_type":"article","og_title":"Alex Stark: Connecting with Nature and through Languages","og_description":"A profile on Alexander Stark, one of the Plant a Seed and See What Grows Foundation's 2018-19 post-secondary bursary recipients.","og_url":"https:\/\/seewhatgrows.org\/us\/es\/alex-stark-connecting-nature-languages\/","og_site_name":"Connecting Communities to the Land","article_published_time":"2019-02-15T00:24:19+00:00","article_modified_time":"2019-02-16T19:02:21+00:00","og_image":[{"width":2560,"height":1707,"url":"https:\/\/seewhatgrows.org\/us\/wp-content\/uploads\/2019\/02\/IMG_1115-v2.jpg","type":"image\/jpeg"}],"author":"Regina Nebrida","twitter_misc":{"Escrito por":"Regina Nebrida","Tiempo de lectura":"5 minutos"},"schema":{"@context":"https:\/\/schema.org","@graph":[{"@type":"Article","@id":"https:\/\/seewhatgrows.org\/us\/alex-stark-connecting-nature-languages\/#article","isPartOf":{"@id":"https:\/\/seewhatgrows.org\/us\/alex-stark-connecting-nature-languages\/"},"author":{"name":"Regina Nebrida","@id":"https:\/\/seewhatgrows.org\/us\/#\/schema\/person\/a167df00642f0c7b8e71a3dc12374143"},"headline":"Alex Stark: Connecting with Nature and through Languages","datePublished":"2019-02-15T00:24:19+00:00","dateModified":"2019-02-16T19:02:21+00:00","mainEntityOfPage":{"@id":"https:\/\/seewhatgrows.org\/us\/alex-stark-connecting-nature-languages\/"},"wordCount":1017,"publisher":{"@id":"https:\/\/seewhatgrows.org\/us\/#organization"},"image":{"@id":"https:\/\/seewhatgrows.org\/us\/alex-stark-connecting-nature-languages\/#primaryimage"},"thumbnailUrl":"https:\/\/seewhatgrows.org\/us\/wp-content\/uploads\/2019\/02\/IMG_1115-v2.jpg","articleSection":["Blogs"],"inLanguage":"es"},{"@type":"WebPage","@id":"https:\/\/seewhatgrows.org\/us\/alex-stark-connecting-nature-languages\/","url":"https:\/\/seewhatgrows.org\/us\/alex-stark-connecting-nature-languages\/","name":"Alex Stark: Conectando con la Naturaleza y a trav\u00e9s de los Idiomas","isPartOf":{"@id":"https:\/\/seewhatgrows.org\/us\/#website"},"primaryImageOfPage":{"@id":"https:\/\/seewhatgrows.org\/us\/alex-stark-connecting-nature-languages\/#primaryimage"},"image":{"@id":"https:\/\/seewhatgrows.org\/us\/alex-stark-connecting-nature-languages\/#primaryimage"},"thumbnailUrl":"https:\/\/seewhatgrows.org\/us\/wp-content\/uploads\/2019\/02\/IMG_1115-v2.jpg","datePublished":"2019-02-15T00:24:19+00:00","dateModified":"2019-02-16T19:02:21+00:00","description":"A profile on Alexander Stark, one of the Plant a Seed and See What Grows Foundation's 2018-19 post-secondary bursary recipients.","breadcrumb":{"@id":"https:\/\/seewhatgrows.org\/us\/alex-stark-connecting-nature-languages\/#breadcrumb"},"inLanguage":"es","potentialAction":[{"@type":"ReadAction","target":["https:\/\/seewhatgrows.org\/us\/alex-stark-connecting-nature-languages\/"]}]},{"@type":"ImageObject","inLanguage":"es","@id":"https:\/\/seewhatgrows.org\/us\/alex-stark-connecting-nature-languages\/#primaryimage","url":"https:\/\/seewhatgrows.org\/us\/wp-content\/uploads\/2019\/02\/IMG_1115-v2.jpg","contentUrl":"https:\/\/seewhatgrows.org\/us\/wp-content\/uploads\/2019\/02\/IMG_1115-v2.jpg","width":2560,"height":1707},{"@type":"BreadcrumbList","@id":"https:\/\/seewhatgrows.org\/us\/alex-stark-connecting-nature-languages\/#breadcrumb","itemListElement":[{"@type":"ListItem","position":1,"name":"Home","item":"https:\/\/seewhatgrows.org\/us\/"},{"@type":"ListItem","position":2,"name":"Alex Stark: Connecting with Nature and through Languages"}]},{"@type":"WebSite","@id":"https:\/\/seewhatgrows.org\/us\/#website","url":"https:\/\/seewhatgrows.org\/us\/","name":"Conectando a las comunidades con la tierra","description":"Cultivando comunidades m\u00e1s saludables, una semilla a la vez con la Fundaci\u00f3n Plant a Seed &amp; See What Grows","publisher":{"@id":"https:\/\/seewhatgrows.org\/us\/#organization"},"potentialAction":[{"@type":"SearchAction","target":{"@type":"EntryPoint","urlTemplate":"https:\/\/seewhatgrows.org\/us\/?s={search_term_string}"},"query-input":{"@type":"PropertyValueSpecification","valueRequired":true,"valueName":"search_term_string"}}],"inLanguage":"es"},{"@type":"Organization","@id":"https:\/\/seewhatgrows.org\/us\/#organization","name":"Conectando a las comunidades con la tierra","url":"https:\/\/seewhatgrows.org\/us\/","logo":{"@type":"ImageObject","inLanguage":"es","@id":"https:\/\/seewhatgrows.org\/us\/#\/schema\/logo\/image\/","url":"https:\/\/seewhatgrows.org\/us\/wp-content\/uploads\/2026\/06\/Plant-a-Seed-Logo.png","contentUrl":"https:\/\/seewhatgrows.org\/us\/wp-content\/uploads\/2026\/06\/Plant-a-Seed-Logo.png","width":600,"height":600,"caption":"Connecting Communities to the Land"},"image":{"@id":"https:\/\/seewhatgrows.org\/us\/#\/schema\/logo\/image\/"}},{"@type":"Person","@id":"https:\/\/seewhatgrows.org\/us\/#\/schema\/person\/a167df00642f0c7b8e71a3dc12374143","name":"Regina Nebrida","url":"https:\/\/seewhatgrows.org\/us\/es\/author\/regina\/"}]}},"_links":{"self":[{"href":"https:\/\/seewhatgrows.org\/us\/es\/wp-json\/wp\/v2\/posts\/30304","targetHints":{"allow":["GET"]}}],"collection":[{"href":"https:\/\/seewhatgrows.org\/us\/es\/wp-json\/wp\/v2\/posts"}],"about":[{"href":"https:\/\/seewhatgrows.org\/us\/es\/wp-json\/wp\/v2\/types\/post"}],"author":[{"embeddable":true,"href":"https:\/\/seewhatgrows.org\/us\/es\/wp-json\/wp\/v2\/users\/2"}],"replies":[{"embeddable":true,"href":"https:\/\/seewhatgrows.org\/us\/es\/wp-json\/wp\/v2\/comments?post=30304"}],"version-history":[{"count":0,"href":"https:\/\/seewhatgrows.org\/us\/es\/wp-json\/wp\/v2\/posts\/30304\/revisions"}],"wp:featuredmedia":[{"embeddable":true,"href":"https:\/\/seewhatgrows.org\/us\/es\/wp-json\/wp\/v2\/media\/30306"}],"wp:attachment":[{"href":"https:\/\/seewhatgrows.org\/us\/es\/wp-json\/wp\/v2\/media?parent=30304"}],"wp:term":[{"taxonomy":"category","embeddable":true,"href":"https:\/\/seewhatgrows.org\/us\/es\/wp-json\/wp\/v2\/categories?post=30304"},{"taxonomy":"post_tag","embeddable":true,"href":"https:\/\/seewhatgrows.org\/us\/es\/wp-json\/wp\/v2\/tags?post=30304"}],"curies":[{"name":"\u00a1Buen juego!","href":"https:\/\/api.w.org\/{rel}","templated":true}]}}