{"id":28879,"date":"2018-01-19T16:08:14","date_gmt":"2018-01-20T00:08:14","guid":{"rendered":"http:\/\/seewhatgrows.flywheelsites.com\/?p=28879"},"modified":"2018-01-19T16:08:14","modified_gmt":"2018-01-20T00:08:14","slug":"international-days-celebration-inspire-kids-2018","status":"publish","type":"post","link":"https:\/\/seewhatgrows.org\/us\/es\/international-days-celebration-inspire-kids-2018\/","title":{"rendered":"D\u00edas internacionales de reconocimiento para inspirar a tus hijos en 2018"},"content":{"rendered":"<p>Al comienzo del oto\u00f1o\/invierno de 2017, publicamos un art\u00edculo sobre c\u00f3mo los nuevos d\u00edas internacionales de reconocimiento <a href=\"https:\/\/seewhatgrows.org\/us\/es\/international-days-to-get-kids-outdoors-and-learning-this-autumnwinter\/\">se puede utilizar para inspirar la educaci\u00f3n al aire libre en la infancia<\/a>&nbsp;a trav\u00e9s de las dos temporadas. Ahora que nos encontramos a principios de 2018, no hay mejor momento para tomar nota de los pr\u00f3ximos d\u00edas reconocidos por la ONU para que usted y sus hijos\/estudiantes puedan consultarlos en <a href=\"https:\/\/seewhatgrows.org\/us\/es\/child-can-resolve-make-difference-2017-beyond\/\">tu determinaci\u00f3n de marcar la diferencia<\/a> en el pr\u00f3ximo a\u00f1o.<\/p>\n<h2>Tu calendario de d\u00edas internacionales de reconocimiento para inspirar a los j\u00f3venes a marcar la diferencia en 2018 (y m\u00e1s all\u00e1)<\/h2>\n<p><!--more--><\/p>\n<p><strong>D\u00eda Internacional de la Mujer y la Ni\u00f1a en la Ciencia \u2013 11 de febrero de 2018<\/strong><\/p>\n<p>Este es un gran d\u00eda para que tanto las chicas como los chicos participen.\u00a0Un estudio de la ONU realizado en 14 pa\u00edses revel\u00f3 que la probabilidad de que las estudiantes se grad\u00faen con una licenciatura, una maestr\u00eda y un doctorado en un campo relacionado con las ciencias es de 18%, 8% y 2%, respectivamente. Los porcentajes para los estudiantes varones son de 37%, 18% y 6%. Al incluir la celebraci\u00f3n de este d\u00eda en tu agenda anual, promueves el acceso y la participaci\u00f3n equitativos de las adolescentes en las ciencias, lo que ayudar\u00e1 a lograr la igualdad de g\u00e9nero en el futuro en este \u00e1mbito. \u00bfPor qu\u00e9 no empezar con una lecci\u00f3n sobre los aspectos positivos <a href=\"http:\/\/horttech.ashspublications.org\/content\/2\/2\/180.full.pdf\">influencia de las mujeres en la historia de la horticultura<\/a>&nbsp;luego dir\u00edgete a tu jard\u00edn comunitario o escolar local para una lecci\u00f3n pr\u00e1ctica.<\/p>\n<p><strong>D\u00eda Mundial de la Vida Silvestre \u2013 3 de marzo de 2018<\/strong><\/p>\n<figure id=\"attachment_28907\" aria-describedby=\"caption-attachment-28907\" style=\"width: 465px\" class=\"wp-caption aligncenter\"><img loading=\"lazy\" decoding=\"async\" class=\"wp-image-28907\" src=\"https:\/\/seewhatgrows.org\/us\/wp-content\/uploads\/2018\/01\/ray-hennessy-229596-300x200.jpg\" alt=\"\" width=\"465\" height=\"311\" srcset=\"https:\/\/seewhatgrows.org\/us\/wp-content\/uploads\/2018\/01\/ray-hennessy-229596-300x200.jpg 300w, https:\/\/seewhatgrows.org\/us\/wp-content\/uploads\/2018\/01\/ray-hennessy-229596-1024x682.jpg 1024w, https:\/\/seewhatgrows.org\/us\/wp-content\/uploads\/2018\/01\/ray-hennessy-229596-1400x933.jpg 1400w, https:\/\/seewhatgrows.org\/us\/wp-content\/uploads\/2018\/01\/ray-hennessy-229596-1080x719.jpg 1080w, https:\/\/seewhatgrows.org\/us\/wp-content\/uploads\/2018\/01\/ray-hennessy-229596-24x16.jpg 24w, https:\/\/seewhatgrows.org\/us\/wp-content\/uploads\/2018\/01\/ray-hennessy-229596-36x24.jpg 36w, https:\/\/seewhatgrows.org\/us\/wp-content\/uploads\/2018\/01\/ray-hennessy-229596-48x32.jpg 48w\" sizes=\"auto, (max-width: 465px) 100vw, 465px\" \/><figcaption id=\"caption-attachment-28907\" class=\"wp-caption-text\">Foto por: Ray Hennessy en <a href=\"https:\/\/unsplash.com\/\">Unsplash<\/a><\/figcaption><\/figure>\n<p style=\"text-align: left;\">No tendr\u00e1s ning\u00fan problema en entusiasmar a los ni\u00f1os con este. Este d\u00eda nos pide que todos reconozcamos y celebremos las numerosas y maravillosas formas de vida silvestre, fauna y flora en nuestra regi\u00f3n y en todo el mundo. La intenci\u00f3n es crear conciencia sobre los beneficios de una especie determinada y c\u00f3mo est\u00e1n interconectadas con la supervivencia de la humanidad. En este d\u00eda, puedes organizar un viaje a una reserva ecol\u00f3gica local <a href=\"https:\/\/seewhatgrows.org\/us\/es\/our-causes\/outdoor-learning-experiences\/\">o una granja local<\/a> con un corral lleno de animales incre\u00edbles para que los ni\u00f1os aprendan m\u00e1s sobre ellos.<\/p>\n<p><strong>D\u00eda Internacional de los Bosques \u2013 21 de marzo de 2018<\/strong><\/p>\n<figure id=\"attachment_28908\" aria-describedby=\"caption-attachment-28908\" style=\"width: 466px\" class=\"wp-caption aligncenter\"><img loading=\"lazy\" decoding=\"async\" class=\"wp-image-28908\" src=\"https:\/\/seewhatgrows.org\/us\/wp-content\/uploads\/2018\/01\/sven-schlager-758-300x200.jpg\" alt=\"\" width=\"466\" height=\"311\" srcset=\"https:\/\/seewhatgrows.org\/us\/wp-content\/uploads\/2018\/01\/sven-schlager-758-300x200.jpg 300w, https:\/\/seewhatgrows.org\/us\/wp-content\/uploads\/2018\/01\/sven-schlager-758-768x512.jpg 768w, https:\/\/seewhatgrows.org\/us\/wp-content\/uploads\/2018\/01\/sven-schlager-758-1024x683.jpg 1024w, https:\/\/seewhatgrows.org\/us\/wp-content\/uploads\/2018\/01\/sven-schlager-758-1400x933.jpg 1400w, https:\/\/seewhatgrows.org\/us\/wp-content\/uploads\/2018\/01\/sven-schlager-758-1080x720.jpg 1080w, https:\/\/seewhatgrows.org\/us\/wp-content\/uploads\/2018\/01\/sven-schlager-758-560x372.jpg 560w, https:\/\/seewhatgrows.org\/us\/wp-content\/uploads\/2018\/01\/sven-schlager-758-212x140.jpg 212w, https:\/\/seewhatgrows.org\/us\/wp-content\/uploads\/2018\/01\/sven-schlager-758-24x16.jpg 24w, https:\/\/seewhatgrows.org\/us\/wp-content\/uploads\/2018\/01\/sven-schlager-758-36x24.jpg 36w, https:\/\/seewhatgrows.org\/us\/wp-content\/uploads\/2018\/01\/sven-schlager-758-48x32.jpg 48w, https:\/\/seewhatgrows.org\/us\/wp-content\/uploads\/2018\/01\/sven-schlager-758.jpg 1920w\" sizes=\"auto, (max-width: 466px) 100vw, 466px\" \/><figcaption id=\"caption-attachment-28908\" class=\"wp-caption-text\">Foto de: Sven Schlager en <a href=\"https:\/\/unsplash.com\/\">Unsplash<\/a><\/figcaption><\/figure>\n<p>Coincidiendo con el primer <em>completo<\/em> d\u00eda de primavera, el <strong>Organizaci\u00f3n de las Naciones Unidas para la Alimentaci\u00f3n y la Agricultura<\/strong> nos invita a celebrar el D\u00eda Internacional de los Bosques, cuyo tema para 2018 se centra en los bosques y su impacto en el desarrollo de ciudades sostenibles. En el marco de este evento, t\u00fa y tus hijos o alumnos pueden organizar actividades relacionadas con los bosques y los \u00e1rboles, como una campa\u00f1a local de plantaci\u00f3n de \u00e1rboles.<\/p>\n<p><strong>D\u00eda Mundial del Agua \u2013 22 de marzo de 2018<\/strong><\/p>\n<figure id=\"attachment_28909\" aria-describedby=\"caption-attachment-28909\" style=\"width: 467px\" class=\"wp-caption aligncenter\"><img loading=\"lazy\" decoding=\"async\" class=\"wp-image-28909\" src=\"https:\/\/seewhatgrows.org\/us\/wp-content\/uploads\/2018\/01\/jeremy-bishop-98691-300x225.jpg\" alt=\"\" width=\"467\" height=\"350\" srcset=\"https:\/\/seewhatgrows.org\/us\/wp-content\/uploads\/2018\/01\/jeremy-bishop-98691-300x225.jpg 300w, https:\/\/seewhatgrows.org\/us\/wp-content\/uploads\/2018\/01\/jeremy-bishop-98691-768x576.jpg 768w, https:\/\/seewhatgrows.org\/us\/wp-content\/uploads\/2018\/01\/jeremy-bishop-98691-1024x768.jpg 1024w, https:\/\/seewhatgrows.org\/us\/wp-content\/uploads\/2018\/01\/jeremy-bishop-98691-510x382.jpg 510w, https:\/\/seewhatgrows.org\/us\/wp-content\/uploads\/2018\/01\/jeremy-bishop-98691-1080x810.jpg 1080w, https:\/\/seewhatgrows.org\/us\/wp-content\/uploads\/2018\/01\/jeremy-bishop-98691-24x18.jpg 24w, https:\/\/seewhatgrows.org\/us\/wp-content\/uploads\/2018\/01\/jeremy-bishop-98691-36x27.jpg 36w, https:\/\/seewhatgrows.org\/us\/wp-content\/uploads\/2018\/01\/jeremy-bishop-98691-48x36.jpg 48w\" sizes=\"auto, (max-width: 467px) 100vw, 467px\" \/><figcaption id=\"caption-attachment-28909\" class=\"wp-caption-text\">Foto de: Jeremy Bishop en <a href=\"https:\/\/unsplash.com\/\">Unsplash<\/a><\/figcaption><\/figure>\n<p>Te tenemos bastante ocupado este mes de marzo, con el D\u00eda Mundial del Agua justo despu\u00e9s del D\u00eda Internacional de los Bosques. Pero no te preocupes por armar un plan de actividades, ya que tenemos<a href=\"https:\/\/seewhatgrows.org\/us\/es\/conserve-water-community-garden\/\"> elaborar una lista<\/a> de formas en las que t\u00fa y tu grupo de j\u00f3venes pueden ayudar a ahorrar agua en el huerto escolar o la granja urbana de su comunidad.<\/p>\n<p><strong>D\u00eda Mundial de la Salud \u2013 7 de abril de 2018<\/strong><\/p>\n<p><img loading=\"lazy\" decoding=\"async\" class=\"wp-image-28619 aligncenter\" src=\"https:\/\/seewhatgrows.org\/us\/wp-content\/uploads\/2017\/09\/shutterstock_429076720-med-300x200.jpg\" alt=\"Organic fresh produce\" width=\"468\" height=\"312\" srcset=\"https:\/\/seewhatgrows.org\/us\/wp-content\/uploads\/2017\/09\/shutterstock_429076720-med-300x200.jpg 300w, https:\/\/seewhatgrows.org\/us\/wp-content\/uploads\/2017\/09\/shutterstock_429076720-med-768x512.jpg 768w, https:\/\/seewhatgrows.org\/us\/wp-content\/uploads\/2017\/09\/shutterstock_429076720-med-560x372.jpg 560w, https:\/\/seewhatgrows.org\/us\/wp-content\/uploads\/2017\/09\/shutterstock_429076720-med-212x140.jpg 212w, https:\/\/seewhatgrows.org\/us\/wp-content\/uploads\/2017\/09\/shutterstock_429076720-med-24x16.jpg 24w, https:\/\/seewhatgrows.org\/us\/wp-content\/uploads\/2017\/09\/shutterstock_429076720-med-36x24.jpg 36w, https:\/\/seewhatgrows.org\/us\/wp-content\/uploads\/2017\/09\/shutterstock_429076720-med-48x32.jpg 48w, https:\/\/seewhatgrows.org\/us\/wp-content\/uploads\/2017\/09\/shutterstock_429076720-med.jpg 1000w\" sizes=\"auto, (max-width: 468px) 100vw, 468px\" \/><\/p>\n<p>&nbsp;<\/p>\n<p>Que el D\u00eda Mundial de la Salud sirva como una oportunidad para ense\u00f1ar a los ni\u00f1os sobre la importancia de la nutrici\u00f3n y c\u00f3mo esta influye en su salud f\u00edsica, cognitiva y social. Haz que la lecci\u00f3n les resulte m\u00e1s relevante, remiti\u00e9ndolos al trabajo de <strong>Rachel Parent<\/strong>, un amigo de nuestra Fundaci\u00f3n y activista juvenil canadiense que fund\u00f3 <a href=\"http:\/\/www.kidsrighttoknow.com\/\"><strong>Derecho de los ni\u00f1os a saber<\/strong><\/a>, una organizaci\u00f3n sin fines de lucro que aboga por el etiquetado de OGM en Canad\u00e1. Si\u00e9ntate con tus hijos o clase y revisen el art\u00edculo de Rachel titulado&nbsp;<a href=\"https:\/\/seewhatgrows.org\/us\/es\/why-buy-organic\/\">\u00bfPor qu\u00e9 comprar productos org\u00e1nicos?<\/a>. Muy pronto empezar\u00e1n a leer las etiquetas de los alimentos con un ojo cr\u00edtico y nuestro mundo ser\u00e1 mejor gracias a eso.&nbsp;<\/p>\n<p><strong>D\u00eda Internacional de la Madre Tierra \u2013 22 de abril de 2018<\/strong><\/p>\n<p>Este d\u00eda de reconocimiento busca recordarnos que la Tierra y sus ecosistemas nos brindan vida y sustento. Las ideas de actividades son casi tan abundantes como la Madre Tierra y pueden incluir un recorrido ecol\u00f3gico, una visita a una granja, el voluntariado en un huerto comunitario cercano y mucho m\u00e1s.<\/p>\n<p><strong>D\u00eda Mundial de las Abejas \u2013 20 de mayo de 2018<\/strong><\/p>\n<figure id=\"attachment_28910\" aria-describedby=\"caption-attachment-28910\" style=\"width: 468px\" class=\"wp-caption aligncenter\"><img loading=\"lazy\" decoding=\"async\" class=\"wp-image-28910\" src=\"https:\/\/seewhatgrows.org\/us\/wp-content\/uploads\/2018\/01\/boris-smokrovic-174784-300x200.jpg\" alt=\"\" width=\"468\" height=\"312\" srcset=\"https:\/\/seewhatgrows.org\/us\/wp-content\/uploads\/2018\/01\/boris-smokrovic-174784-300x200.jpg 300w, https:\/\/seewhatgrows.org\/us\/wp-content\/uploads\/2018\/01\/boris-smokrovic-174784-768x512.jpg 768w, https:\/\/seewhatgrows.org\/us\/wp-content\/uploads\/2018\/01\/boris-smokrovic-174784-1024x683.jpg 1024w, https:\/\/seewhatgrows.org\/us\/wp-content\/uploads\/2018\/01\/boris-smokrovic-174784-1400x933.jpg 1400w, https:\/\/seewhatgrows.org\/us\/wp-content\/uploads\/2018\/01\/boris-smokrovic-174784-1080x720.jpg 1080w, https:\/\/seewhatgrows.org\/us\/wp-content\/uploads\/2018\/01\/boris-smokrovic-174784-560x372.jpg 560w, https:\/\/seewhatgrows.org\/us\/wp-content\/uploads\/2018\/01\/boris-smokrovic-174784-212x140.jpg 212w, https:\/\/seewhatgrows.org\/us\/wp-content\/uploads\/2018\/01\/boris-smokrovic-174784-24x16.jpg 24w, https:\/\/seewhatgrows.org\/us\/wp-content\/uploads\/2018\/01\/boris-smokrovic-174784-36x24.jpg 36w, https:\/\/seewhatgrows.org\/us\/wp-content\/uploads\/2018\/01\/boris-smokrovic-174784-48x32.jpg 48w\" sizes=\"auto, (max-width: 468px) 100vw, 468px\" \/><figcaption id=\"caption-attachment-28910\" class=\"wp-caption-text\">Foto de: Boris Smokrovic en <a href=\"https:\/\/unsplash.com\/\">Unsplash<\/a><\/figcaption><\/figure>\n<p>Tus hijos estar\u00e1n muy emocionados por esto. Nuestra Fundaci\u00f3n ha insistido mucho en la importancia de educar a tus hijos sobre este tema <a href=\"https:\/\/seewhatgrows.org\/us\/es\/kids-guide-beneficial-bugs-garden\/\">insecto beneficioso<\/a>. Comienza con una lecci\u00f3n sobre <a href=\"https:\/\/seewhatgrows.org\/us\/es\/time-bee-aware\/\">la crisis actual de las abejas<\/a>, a trav\u00e9s de las palabras de la colaboradora invitada (para el Huffington Post y nuestro propio blog) Asha Mior. A partir de ah\u00ed, hazles saber a tus hijos <a href=\"https:\/\/seewhatgrows.org\/us\/es\/community-garden-needs-bees\/\">por qu\u00e9 su propia escuela o huerto comunitario necesita abejas<\/a>, junto con algunas actividades pr\u00e1cticas que puedan fomentar su presencia pr\u00f3spera en el jard\u00edn o la granja, <a href=\"https:\/\/seewhatgrows.org\/us\/es\/how-protect-beneficial-bugs-winter-garden\/\">durante todo el a\u00f1o<\/a>.<\/p>\n<p><strong>D\u00eda Mundial del Medio Ambiente \u2013 5 de junio de 2018<\/strong><\/p>\n<p>Este es uno de los d\u00edas internacionales de reconocimiento m\u00e1s importantes, que celebran en todo el mundo personas, familias, grupos, aulas, municipios y naciones enteras con el objetivo de proteger el entorno \u00fanico y vital que nos rodea. Cualquier actividad es bienvenida, desde una campa\u00f1a de reciclaje o compostaje hasta una limpieza de un espacio verde local. Pide a tus hijos o alumnos que aporten ideas; tal vez te ofrezcan algo genial que ni siquiera se te hab\u00eda ocurrido. &nbsp;<\/p>\n<p><strong>D\u00eda Mundial de los Oc\u00e9anos \u2013 8 de junio de 2018<\/strong><\/p>\n<p>Justo antes del D\u00eda Mundial del Medio Ambiente, el D\u00eda Mundial de los Oc\u00e9anos es otro evento muy popular entre los ni\u00f1os. Quienes viven cerca de las costas pueden participar en una limpieza de playa local, mientras que muchas escuelas de zonas urbanas pueden organizar una visita a un acuario local para aprender m\u00e1s sobre la biodiversidad del oc\u00e9ano y su impacto tanto en nuestro clima como en nuestros recursos alimenticios.<\/p>\n<p><strong>D\u00eda Internacional de la Juventud \u2013 12 de agosto de 2018<\/strong><\/p>\n<p><img loading=\"lazy\" decoding=\"async\" class=\"wp-image-28797 aligncenter\" src=\"https:\/\/seewhatgrows.org\/us\/wp-content\/uploads\/2017\/11\/How-to-Celebrate-Universal-Childrens-Day-in-School-300x151.jpg\" alt=\"How to Celebrate Universal Children's Day in School\" width=\"466\" height=\"235\" srcset=\"https:\/\/seewhatgrows.org\/us\/wp-content\/uploads\/2017\/11\/How-to-Celebrate-Universal-Childrens-Day-in-School-300x151.jpg 300w, https:\/\/seewhatgrows.org\/us\/wp-content\/uploads\/2017\/11\/How-to-Celebrate-Universal-Childrens-Day-in-School-768x387.jpg 768w, https:\/\/seewhatgrows.org\/us\/wp-content\/uploads\/2017\/11\/How-to-Celebrate-Universal-Childrens-Day-in-School-1024x516.jpg 1024w, https:\/\/seewhatgrows.org\/us\/wp-content\/uploads\/2017\/11\/How-to-Celebrate-Universal-Childrens-Day-in-School-1080x544.jpg 1080w, https:\/\/seewhatgrows.org\/us\/wp-content\/uploads\/2017\/11\/How-to-Celebrate-Universal-Childrens-Day-in-School-24x12.jpg 24w, https:\/\/seewhatgrows.org\/us\/wp-content\/uploads\/2017\/11\/How-to-Celebrate-Universal-Childrens-Day-in-School-36x18.jpg 36w, https:\/\/seewhatgrows.org\/us\/wp-content\/uploads\/2017\/11\/How-to-Celebrate-Universal-Childrens-Day-in-School-48x24.jpg 48w\" sizes=\"auto, (max-width: 466px) 100vw, 466px\" \/><\/p>\n<p>\u00bfBuscas la mejor manera de inspirar a los ni\u00f1os a marcar la diferencia en el D\u00eda Internacional de la Juventud? Dado que el d\u00eda pretende <em>destacar los temas que m\u00e1s importan a los j\u00f3venes<\/em>, d\u00e9jales a ellos la tarea de crear el plan de actividades. Despu\u00e9s de todo, es su mundo, y hoy es el d\u00eda en que se adue\u00f1an de \u00e9l.<\/p>\n<p><strong>D\u00eda Mundial del H\u00e1bitat \u2013 1 de octubre de 2018<\/strong><\/p>\n<p>Este d\u00eda llega el primer lunes de cada octubre, lo que lo convierte en una manera perfecta de iniciar la semana escolar. La intenci\u00f3n es reflexionar sobre el estado de nuestras ciudades y pueblos y el derecho humano b\u00e1sico a un alojamiento adecuado. Si hay un <a href=\"https:\/\/www.habitatgv.ca\/\">H\u00e1bitat para la Humanidad <\/a>(o similar) proyecto en tu \u00e1rea, comun\u00edcate con ellos para ver qu\u00e9 pueden hacer t\u00fa y tus hijos\/estudiantes para involucrarse.<\/p>\n<p><strong>D\u00eda Mundial de la Alimentaci\u00f3n \u2013 16 de octubre de 2018<\/strong><\/p>\n<p>Este es un gran momento para ense\u00f1ar a los j\u00f3venes sobre <a href=\"https:\/\/seewhatgrows.org\/us\/es\/link-household-food-insecurity-health-care-costs-canada\/\">inseguridad alimentaria en Canad\u00e1<\/a>. Una vez m\u00e1s encontramos la oportunidad de ofrecer un plan de lecciones al aire libre que incluye trabajo tangible dentro de un huerto comunitario o granja urbana cerca de su casa o escuela. Dada la fecha, los ni\u00f1os obtendr\u00e1n conocimientos de primera mano sobre la temporada de cosecha y participar\u00e1n en actividades que preparar\u00e1n un huerto o granja <a href=\"https:\/\/seewhatgrows.org\/us\/es\/how-to-prepare-your-community-garden-for-autumn\/\">para la temporada de oto\u00f1o\/invierno y de siembra<\/a>&nbsp;venir.<\/p>\n<p><strong>D\u00eda Universal del Ni\u00f1o \u2013 20 de noviembre de 2018<\/strong><\/p>\n<p>La cita de la ONU sobre este d\u00eda lo dice todo:<\/p>\n<blockquote><p>\u201c<em>Un punto de entrada inspirador para abogar, promover y celebrar los derechos de la infancia, que se traduce en di\u00e1logos y acciones para construir un mundo mejor para la ni\u00f1ez.<\/em>\u201c<\/p><\/blockquote>\n<p>Si bien pr\u00e1cticamente todas las comunidades en Canad\u00e1 ofrecen la oportunidad de promover el bienestar de los ni\u00f1os locales, usted puede involucrarse en <a href=\"https:\/\/seewhatgrows.org\/us\/es\/get-involved\/\">una de estas iniciativas<\/a>&nbsp;hecho posible por la Fundaci\u00f3n Plant a Seed &amp; See What Grows.<\/p>\n<p><strong>D\u00eda Mundial del Suelo \u2013 5 de diciembre de 2018<\/strong><\/p>\n<p>Este d\u00eda sirve como un llamado a la acci\u00f3n para abordar los problemas actuales que afectan a los suelos, incluido el cambio clim\u00e1tico, la resistencia a los antimicrobianos, las enfermedades transmitidas por el suelo, la contaminaci\u00f3n, la nutrici\u00f3n y la salud humana. Su plan de lecci\u00f3n debe profundizar en el papel del suelo en el cultivo de plantas para la alimentaci\u00f3n, pintando un panorama claro del concepto de la semilla a la mesa. Para los padres y maestros que gu\u00edan a los ni\u00f1os m\u00e1s peque\u00f1os en este d\u00eda tan importante, incorporen una lectura del <a href=\"https:\/\/seewhatgrows.org\/us\/wp-content\/uploads\/plant_a_seed_and_see_what_grows.pdf\"><strong>Planta una semilla y mira qu\u00e9 crece<\/strong> <\/a>libro, seguido de una lectura de <strong><a href=\"https:\/\/seewhatgrows.org\/us\/wp-content\/uploads\/2016\/03\/What-To-Do-With-What-You-Grew.pdf\">Qu\u00e9 hacer con lo que cosechaste<\/a>&nbsp;<\/strong>(<a href=\"https:\/\/seewhatgrows.org\/us\/es\/plant-a-seed-see-what-grows-childrens-book\/\">disponible para la compra aqu\u00ed<\/a>).<\/p>\n<p><strong>D\u00eda Internacional de las Monta\u00f1as \u2013 11 de diciembre de 2018<\/strong><\/p>\n<figure id=\"attachment_28911\" aria-describedby=\"caption-attachment-28911\" style=\"width: 468px\" class=\"wp-caption aligncenter\"><img loading=\"lazy\" decoding=\"async\" class=\"wp-image-28911\" src=\"https:\/\/seewhatgrows.org\/us\/wp-content\/uploads\/2018\/01\/kalen-emsley-94112-300x200.jpg\" alt=\"\" width=\"468\" height=\"312\" srcset=\"https:\/\/seewhatgrows.org\/us\/wp-content\/uploads\/2018\/01\/kalen-emsley-94112-300x200.jpg 300w, https:\/\/seewhatgrows.org\/us\/wp-content\/uploads\/2018\/01\/kalen-emsley-94112-768x512.jpg 768w, https:\/\/seewhatgrows.org\/us\/wp-content\/uploads\/2018\/01\/kalen-emsley-94112-1024x683.jpg 1024w, https:\/\/seewhatgrows.org\/us\/wp-content\/uploads\/2018\/01\/kalen-emsley-94112-1400x933.jpg 1400w, https:\/\/seewhatgrows.org\/us\/wp-content\/uploads\/2018\/01\/kalen-emsley-94112-1080x720.jpg 1080w, https:\/\/seewhatgrows.org\/us\/wp-content\/uploads\/2018\/01\/kalen-emsley-94112-560x372.jpg 560w, https:\/\/seewhatgrows.org\/us\/wp-content\/uploads\/2018\/01\/kalen-emsley-94112-212x140.jpg 212w, https:\/\/seewhatgrows.org\/us\/wp-content\/uploads\/2018\/01\/kalen-emsley-94112-24x16.jpg 24w, https:\/\/seewhatgrows.org\/us\/wp-content\/uploads\/2018\/01\/kalen-emsley-94112-36x24.jpg 36w, https:\/\/seewhatgrows.org\/us\/wp-content\/uploads\/2018\/01\/kalen-emsley-94112-48x32.jpg 48w\" sizes=\"auto, (max-width: 468px) 100vw, 468px\" \/><figcaption id=\"caption-attachment-28911\" class=\"wp-caption-text\">Foto de: Kalen Emsley <a href=\"mailto:unsplash.com\/@kalenemsley\">unsplash.com\/@kalenemsley<\/a><\/figcaption><\/figure>\n<p>Por \u00faltimo, pero no menos importante, apuntamos a la cima con un vistazo al D\u00eda Internacional de las Monta\u00f1as. Hazles saber a tus hijos o estudiantes que las monta\u00f1as cubren aproximadamente el 22 por ciento de la superficie terrestre del planeta y <a href=\"http:\/\/www.un.org\/en\/events\/mountainday\/\">jugar un papel fundamental<\/a> en un crecimiento econ\u00f3mico sostenible para muchas comunidades. Las monta\u00f1as son una fuente de sustento y bienestar para m\u00e1s del 13 por ciento de la poblaci\u00f3n mundial, con beneficios indirectos adicionales para miles de millones (s\u00ed, miles de millones) de personas m\u00e1s que residen m\u00e1s abajo. Muchas regiones de Canad\u00e1 (especialmente aqu\u00ed en la Columbia Brit\u00e1nica) tienen acceso a este accidente geogr\u00e1fico, lo que hace que una excursi\u00f3n a una ladera monta\u00f1osa local sea una actividad muy viable. All\u00ed, los j\u00f3venes pueden aprender sobre la fauna local, el crecimiento vegetal y c\u00f3mo la monta\u00f1a puede afectar los recursos h\u00eddricos locales.<\/p>\n<hr \/>\n<p>Si bien cubrimos bastante terreno, seguro que se nos pasaron algunas ideas interesantes y educativas sobre c\u00f3mo celebrar los d\u00edas anteriores. \u00a1Nos encantar\u00eda conocer tu opini\u00f3n! Aseg\u00farate de seguir a nuestra Fundaci\u00f3n en&nbsp;<a href=\"https:\/\/www.facebook.com\/Plant-A-Seed-Foundation-264903080380435\/timeline\/\">Facebook<\/a>,&nbsp;<a href=\"https:\/\/twitter.com\/seewhatgrows\">Twitter<\/a>, y\/o&nbsp;<a href=\"https:\/\/plus.google.com\/+SeewhatgrowsOrg\/posts\">Google+<\/a>, encuentra este art\u00edculo y deja un comentario con tus propias ideas inspiradoras para el a\u00f1o que viene.<\/p>\n<p>&nbsp;<\/p>","protected":false},"excerpt":{"rendered":"<p>At the onset of autumn\/winter in 2017, we released an article on how up and coming international days of recognition can be used to inspire childhood outdoor education&nbsp;through the two seasons. Now that we find ourselves at the start of 2018, there is no better time to take note of the UN-recognized days to come [&hellip;]<\/p>\n","protected":false},"author":3,"featured_media":28883,"comment_status":"closed","ping_status":"closed","sticky":false,"template":"","format":"standard","meta":{"footnotes":""},"categories":[1],"tags":[550,548,547,549],"class_list":["post-28879","post","type-post","status-publish","format-standard","has-post-thumbnail","hentry","category-uncategorized","tag-inspire-youth","tag-international-days-of-celebration","tag-international-days-of-recognition","tag-un-international-days"],"yoast_head":"<!-- This site is optimized with the Yoast SEO plugin v28.4 - https:\/\/yoast.com\/product\/yoast-seo-wordpress\/ -->\n<title>International Days of Recognition to Inspire Your Kids in 2018<\/title>\n<meta name=\"description\" content=\"Your calendar of International Days of Recognition to inspire youth to make a difference in 2018, courtesy of the Plant a Seed and See What Grows Foundation\" \/>\n<meta name=\"robots\" content=\"index, follow, max-snippet:-1, max-image-preview:large, max-video-preview:-1\" \/>\n<link rel=\"canonical\" href=\"https:\/\/seewhatgrows.org\/us\/es\/international-days-celebration-inspire-kids-2018\/\" \/>\n<meta property=\"og:locale\" content=\"es_MX\" \/>\n<meta property=\"og:type\" content=\"article\" \/>\n<meta property=\"og:title\" content=\"International Days of Recognition to Inspire Your Kids in 2018\" \/>\n<meta property=\"og:description\" content=\"Your calendar of International Days of Recognition to inspire youth to make a difference in 2018, courtesy of the Plant a Seed and See What Grows Foundation\" \/>\n<meta property=\"og:url\" content=\"https:\/\/seewhatgrows.org\/us\/es\/international-days-celebration-inspire-kids-2018\/\" \/>\n<meta property=\"og:site_name\" content=\"Connecting Communities to the Land\" \/>\n<meta property=\"article:published_time\" content=\"2018-01-20T00:08:14+00:00\" \/>\n<meta property=\"og:image\" content=\"https:\/\/seewhatgrows.org\/us\/wp-content\/uploads\/2018\/01\/International-Days-of-Recognition-for-Kids-2018.jpg\" \/>\n\t<meta property=\"og:image:width\" content=\"2062\" \/>\n\t<meta property=\"og:image:height\" content=\"1160\" \/>\n\t<meta property=\"og:image:type\" content=\"image\/jpeg\" \/>\n<meta name=\"author\" content=\"Dennis Charland\" \/>\n<meta name=\"twitter:label1\" content=\"Escrito por\" \/>\n\t<meta name=\"twitter:data1\" content=\"Dennis Charland\" \/>\n\t<meta name=\"twitter:label2\" content=\"Tiempo de lectura\" \/>\n\t<meta name=\"twitter:data2\" content=\"7 minutos\" \/>\n<script type=\"application\/ld+json\" class=\"yoast-schema-graph\">{\"@context\":\"https:\\\/\\\/schema.org\",\"@graph\":[{\"@type\":\"Article\",\"@id\":\"https:\\\/\\\/seewhatgrows.org\\\/us\\\/international-days-celebration-inspire-kids-2018\\\/#article\",\"isPartOf\":{\"@id\":\"https:\\\/\\\/seewhatgrows.org\\\/us\\\/international-days-celebration-inspire-kids-2018\\\/\"},\"author\":{\"name\":\"Dennis Charland\",\"@id\":\"https:\\\/\\\/seewhatgrows.org\\\/us\\\/#\\\/schema\\\/person\\\/2941b91ddd9a26badc98aadef946056c\"},\"headline\":\"International Days of Recognition to Inspire Your Kids in 2018\",\"datePublished\":\"2018-01-20T00:08:14+00:00\",\"mainEntityOfPage\":{\"@id\":\"https:\\\/\\\/seewhatgrows.org\\\/us\\\/international-days-celebration-inspire-kids-2018\\\/\"},\"wordCount\":1510,\"publisher\":{\"@id\":\"https:\\\/\\\/seewhatgrows.org\\\/us\\\/#organization\"},\"image\":{\"@id\":\"https:\\\/\\\/seewhatgrows.org\\\/us\\\/international-days-celebration-inspire-kids-2018\\\/#primaryimage\"},\"thumbnailUrl\":\"https:\\\/\\\/seewhatgrows.org\\\/us\\\/wp-content\\\/uploads\\\/2018\\\/01\\\/International-Days-of-Recognition-for-Kids-2018.jpg\",\"keywords\":[\"Inspire Youth\",\"International Days of Celebration\",\"International Days of Recognition\",\"UN International Days\"],\"articleSection\":[\"Uncategorized\"],\"inLanguage\":\"es\"},{\"@type\":\"WebPage\",\"@id\":\"https:\\\/\\\/seewhatgrows.org\\\/us\\\/international-days-celebration-inspire-kids-2018\\\/\",\"url\":\"https:\\\/\\\/seewhatgrows.org\\\/us\\\/international-days-celebration-inspire-kids-2018\\\/\",\"name\":\"International Days of Recognition to Inspire Your Kids in 2018\",\"isPartOf\":{\"@id\":\"https:\\\/\\\/seewhatgrows.org\\\/us\\\/#website\"},\"primaryImageOfPage\":{\"@id\":\"https:\\\/\\\/seewhatgrows.org\\\/us\\\/international-days-celebration-inspire-kids-2018\\\/#primaryimage\"},\"image\":{\"@id\":\"https:\\\/\\\/seewhatgrows.org\\\/us\\\/international-days-celebration-inspire-kids-2018\\\/#primaryimage\"},\"thumbnailUrl\":\"https:\\\/\\\/seewhatgrows.org\\\/us\\\/wp-content\\\/uploads\\\/2018\\\/01\\\/International-Days-of-Recognition-for-Kids-2018.jpg\",\"datePublished\":\"2018-01-20T00:08:14+00:00\",\"description\":\"Your calendar of International Days of Recognition to inspire youth to make a difference in 2018, courtesy of the Plant a Seed and See What Grows Foundation\",\"breadcrumb\":{\"@id\":\"https:\\\/\\\/seewhatgrows.org\\\/us\\\/international-days-celebration-inspire-kids-2018\\\/#breadcrumb\"},\"inLanguage\":\"es\",\"potentialAction\":[{\"@type\":\"ReadAction\",\"target\":[\"https:\\\/\\\/seewhatgrows.org\\\/us\\\/international-days-celebration-inspire-kids-2018\\\/\"]}]},{\"@type\":\"ImageObject\",\"inLanguage\":\"es\",\"@id\":\"https:\\\/\\\/seewhatgrows.org\\\/us\\\/international-days-celebration-inspire-kids-2018\\\/#primaryimage\",\"url\":\"https:\\\/\\\/seewhatgrows.org\\\/us\\\/wp-content\\\/uploads\\\/2018\\\/01\\\/International-Days-of-Recognition-for-Kids-2018.jpg\",\"contentUrl\":\"https:\\\/\\\/seewhatgrows.org\\\/us\\\/wp-content\\\/uploads\\\/2018\\\/01\\\/International-Days-of-Recognition-for-Kids-2018.jpg\",\"width\":2062,\"height\":1160,\"caption\":\"International Days of Recognition 2018\"},{\"@type\":\"BreadcrumbList\",\"@id\":\"https:\\\/\\\/seewhatgrows.org\\\/us\\\/international-days-celebration-inspire-kids-2018\\\/#breadcrumb\",\"itemListElement\":[{\"@type\":\"ListItem\",\"position\":1,\"name\":\"Home\",\"item\":\"https:\\\/\\\/seewhatgrows.org\\\/us\\\/\"},{\"@type\":\"ListItem\",\"position\":2,\"name\":\"International Days of Recognition to Inspire Your Kids in 2018\"}]},{\"@type\":\"WebSite\",\"@id\":\"https:\\\/\\\/seewhatgrows.org\\\/us\\\/#website\",\"url\":\"https:\\\/\\\/seewhatgrows.org\\\/us\\\/\",\"name\":\"Connecting Communities to the Land\",\"description\":\"Growing healthier communities, one seed at a time with Plant a Seed &amp; See What Grows Foundation\",\"publisher\":{\"@id\":\"https:\\\/\\\/seewhatgrows.org\\\/us\\\/#organization\"},\"potentialAction\":[{\"@type\":\"SearchAction\",\"target\":{\"@type\":\"EntryPoint\",\"urlTemplate\":\"https:\\\/\\\/seewhatgrows.org\\\/us\\\/?s={search_term_string}\"},\"query-input\":{\"@type\":\"PropertyValueSpecification\",\"valueRequired\":true,\"valueName\":\"search_term_string\"}}],\"inLanguage\":\"es\"},{\"@type\":\"Organization\",\"@id\":\"https:\\\/\\\/seewhatgrows.org\\\/us\\\/#organization\",\"name\":\"Connecting Communities to the Land\",\"url\":\"https:\\\/\\\/seewhatgrows.org\\\/us\\\/\",\"logo\":{\"@type\":\"ImageObject\",\"inLanguage\":\"es\",\"@id\":\"https:\\\/\\\/seewhatgrows.org\\\/us\\\/#\\\/schema\\\/logo\\\/image\\\/\",\"url\":\"https:\\\/\\\/seewhatgrows.org\\\/us\\\/wp-content\\\/uploads\\\/2026\\\/06\\\/Plant-a-Seed-Logo.png\",\"contentUrl\":\"https:\\\/\\\/seewhatgrows.org\\\/us\\\/wp-content\\\/uploads\\\/2026\\\/06\\\/Plant-a-Seed-Logo.png\",\"width\":600,\"height\":600,\"caption\":\"Connecting Communities to the Land\"},\"image\":{\"@id\":\"https:\\\/\\\/seewhatgrows.org\\\/us\\\/#\\\/schema\\\/logo\\\/image\\\/\"}},{\"@type\":\"Person\",\"@id\":\"https:\\\/\\\/seewhatgrows.org\\\/us\\\/#\\\/schema\\\/person\\\/2941b91ddd9a26badc98aadef946056c\",\"name\":\"Dennis Charland\",\"url\":\"https:\\\/\\\/seewhatgrows.org\\\/us\\\/es\\\/author\\\/dennis\\\/\"}]}<\/script>\n<!-- \/ Yoast SEO plugin. -->","yoast_head_json":{"title":"D\u00edas internacionales de reconocimiento para inspirar a tus hijos en 2018","description":"Your calendar of International Days of Recognition to inspire youth to make a difference in 2018, courtesy of the Plant a Seed and See What Grows Foundation","robots":{"index":"index","follow":"follow","max-snippet":"max-snippet:-1","max-image-preview":"max-image-preview:large","max-video-preview":"max-video-preview:-1"},"canonical":"https:\/\/seewhatgrows.org\/us\/es\/international-days-celebration-inspire-kids-2018\/","og_locale":"es_MX","og_type":"article","og_title":"International Days of Recognition to Inspire Your Kids in 2018","og_description":"Your calendar of International Days of Recognition to inspire youth to make a difference in 2018, courtesy of the Plant a Seed and See What Grows Foundation","og_url":"https:\/\/seewhatgrows.org\/us\/es\/international-days-celebration-inspire-kids-2018\/","og_site_name":"Connecting Communities to the Land","article_published_time":"2018-01-20T00:08:14+00:00","og_image":[{"width":2062,"height":1160,"url":"https:\/\/seewhatgrows.org\/us\/wp-content\/uploads\/2018\/01\/International-Days-of-Recognition-for-Kids-2018.jpg","type":"image\/jpeg"}],"author":"Dennis Charland","twitter_misc":{"Escrito por":"Dennis Charland","Tiempo de lectura":"7 minutos"},"schema":{"@context":"https:\/\/schema.org","@graph":[{"@type":"Article","@id":"https:\/\/seewhatgrows.org\/us\/international-days-celebration-inspire-kids-2018\/#article","isPartOf":{"@id":"https:\/\/seewhatgrows.org\/us\/international-days-celebration-inspire-kids-2018\/"},"author":{"name":"Dennis Charland","@id":"https:\/\/seewhatgrows.org\/us\/#\/schema\/person\/2941b91ddd9a26badc98aadef946056c"},"headline":"International Days of Recognition to Inspire Your Kids in 2018","datePublished":"2018-01-20T00:08:14+00:00","mainEntityOfPage":{"@id":"https:\/\/seewhatgrows.org\/us\/international-days-celebration-inspire-kids-2018\/"},"wordCount":1510,"publisher":{"@id":"https:\/\/seewhatgrows.org\/us\/#organization"},"image":{"@id":"https:\/\/seewhatgrows.org\/us\/international-days-celebration-inspire-kids-2018\/#primaryimage"},"thumbnailUrl":"https:\/\/seewhatgrows.org\/us\/wp-content\/uploads\/2018\/01\/International-Days-of-Recognition-for-Kids-2018.jpg","keywords":["Inspire Youth","International Days of Celebration","International Days of Recognition","UN International Days"],"articleSection":["Uncategorized"],"inLanguage":"es"},{"@type":"WebPage","@id":"https:\/\/seewhatgrows.org\/us\/international-days-celebration-inspire-kids-2018\/","url":"https:\/\/seewhatgrows.org\/us\/international-days-celebration-inspire-kids-2018\/","name":"D\u00edas internacionales de reconocimiento para inspirar a tus hijos en 2018","isPartOf":{"@id":"https:\/\/seewhatgrows.org\/us\/#website"},"primaryImageOfPage":{"@id":"https:\/\/seewhatgrows.org\/us\/international-days-celebration-inspire-kids-2018\/#primaryimage"},"image":{"@id":"https:\/\/seewhatgrows.org\/us\/international-days-celebration-inspire-kids-2018\/#primaryimage"},"thumbnailUrl":"https:\/\/seewhatgrows.org\/us\/wp-content\/uploads\/2018\/01\/International-Days-of-Recognition-for-Kids-2018.jpg","datePublished":"2018-01-20T00:08:14+00:00","description":"Your calendar of International Days of Recognition to inspire youth to make a difference in 2018, courtesy of the Plant a Seed and See What Grows Foundation","breadcrumb":{"@id":"https:\/\/seewhatgrows.org\/us\/international-days-celebration-inspire-kids-2018\/#breadcrumb"},"inLanguage":"es","potentialAction":[{"@type":"ReadAction","target":["https:\/\/seewhatgrows.org\/us\/international-days-celebration-inspire-kids-2018\/"]}]},{"@type":"ImageObject","inLanguage":"es","@id":"https:\/\/seewhatgrows.org\/us\/international-days-celebration-inspire-kids-2018\/#primaryimage","url":"https:\/\/seewhatgrows.org\/us\/wp-content\/uploads\/2018\/01\/International-Days-of-Recognition-for-Kids-2018.jpg","contentUrl":"https:\/\/seewhatgrows.org\/us\/wp-content\/uploads\/2018\/01\/International-Days-of-Recognition-for-Kids-2018.jpg","width":2062,"height":1160,"caption":"International Days of Recognition 2018"},{"@type":"BreadcrumbList","@id":"https:\/\/seewhatgrows.org\/us\/international-days-celebration-inspire-kids-2018\/#breadcrumb","itemListElement":[{"@type":"ListItem","position":1,"name":"Home","item":"https:\/\/seewhatgrows.org\/us\/"},{"@type":"ListItem","position":2,"name":"International Days of Recognition to Inspire Your Kids in 2018"}]},{"@type":"WebSite","@id":"https:\/\/seewhatgrows.org\/us\/#website","url":"https:\/\/seewhatgrows.org\/us\/","name":"Conectando a las comunidades con la tierra","description":"Cultivando comunidades m\u00e1s saludables, una semilla a la vez con la Fundaci\u00f3n Plant a Seed &amp; See What Grows","publisher":{"@id":"https:\/\/seewhatgrows.org\/us\/#organization"},"potentialAction":[{"@type":"SearchAction","target":{"@type":"EntryPoint","urlTemplate":"https:\/\/seewhatgrows.org\/us\/?s={search_term_string}"},"query-input":{"@type":"PropertyValueSpecification","valueRequired":true,"valueName":"search_term_string"}}],"inLanguage":"es"},{"@type":"Organization","@id":"https:\/\/seewhatgrows.org\/us\/#organization","name":"Conectando a las comunidades con la tierra","url":"https:\/\/seewhatgrows.org\/us\/","logo":{"@type":"ImageObject","inLanguage":"es","@id":"https:\/\/seewhatgrows.org\/us\/#\/schema\/logo\/image\/","url":"https:\/\/seewhatgrows.org\/us\/wp-content\/uploads\/2026\/06\/Plant-a-Seed-Logo.png","contentUrl":"https:\/\/seewhatgrows.org\/us\/wp-content\/uploads\/2026\/06\/Plant-a-Seed-Logo.png","width":600,"height":600,"caption":"Connecting Communities to the Land"},"image":{"@id":"https:\/\/seewhatgrows.org\/us\/#\/schema\/logo\/image\/"}},{"@type":"Person","@id":"https:\/\/seewhatgrows.org\/us\/#\/schema\/person\/2941b91ddd9a26badc98aadef946056c","name":"Dennis Charland","url":"https:\/\/seewhatgrows.org\/us\/es\/author\/dennis\/"}]}},"_links":{"self":[{"href":"https:\/\/seewhatgrows.org\/us\/es\/wp-json\/wp\/v2\/posts\/28879","targetHints":{"allow":["GET"]}}],"collection":[{"href":"https:\/\/seewhatgrows.org\/us\/es\/wp-json\/wp\/v2\/posts"}],"about":[{"href":"https:\/\/seewhatgrows.org\/us\/es\/wp-json\/wp\/v2\/types\/post"}],"author":[{"embeddable":true,"href":"https:\/\/seewhatgrows.org\/us\/es\/wp-json\/wp\/v2\/users\/3"}],"replies":[{"embeddable":true,"href":"https:\/\/seewhatgrows.org\/us\/es\/wp-json\/wp\/v2\/comments?post=28879"}],"version-history":[{"count":0,"href":"https:\/\/seewhatgrows.org\/us\/es\/wp-json\/wp\/v2\/posts\/28879\/revisions"}],"wp:featuredmedia":[{"embeddable":true,"href":"https:\/\/seewhatgrows.org\/us\/es\/wp-json\/wp\/v2\/media\/28883"}],"wp:attachment":[{"href":"https:\/\/seewhatgrows.org\/us\/es\/wp-json\/wp\/v2\/media?parent=28879"}],"wp:term":[{"taxonomy":"category","embeddable":true,"href":"https:\/\/seewhatgrows.org\/us\/es\/wp-json\/wp\/v2\/categories?post=28879"},{"taxonomy":"post_tag","embeddable":true,"href":"https:\/\/seewhatgrows.org\/us\/es\/wp-json\/wp\/v2\/tags?post=28879"}],"curies":[{"name":"\u00a1Buen juego!","href":"https:\/\/api.w.org\/{rel}","templated":true}]}}