{"id":28640,"date":"2017-09-26T11:16:40","date_gmt":"2017-09-26T18:16:40","guid":{"rendered":"http:\/\/seewhatgrows.flywheelsites.com\/?p=28640"},"modified":"2017-09-26T11:16:40","modified_gmt":"2017-09-26T18:16:40","slug":"international-days-to-get-kids-outdoors-and-learning-this-autumnwinter","status":"publish","type":"post","link":"https:\/\/seewhatgrows.org\/us\/es\/international-days-to-get-kids-outdoors-and-learning-this-autumnwinter\/","title":{"rendered":"D\u00edas internacionales para inspirar la educaci\u00f3n al aire libre (para ni\u00f1os) este oto\u00f1o\/invierno"},"content":{"rendered":"<p style=\"text-align: center;\"><img loading=\"lazy\" decoding=\"async\" class=\"aligncenter wp-image-28659\" src=\"https:\/\/seewhatgrows.org\/us\/wp-content\/uploads\/2017\/09\/International-Days-2017-Outdoor-Learning-1-1024x631.jpg\" alt=\"International Days of Celebration 2017\" width=\"640\" height=\"394\" srcset=\"https:\/\/seewhatgrows.org\/us\/wp-content\/uploads\/2017\/09\/International-Days-2017-Outdoor-Learning-1-1024x631.jpg 1024w, https:\/\/seewhatgrows.org\/us\/wp-content\/uploads\/2017\/09\/International-Days-2017-Outdoor-Learning-1-300x185.jpg 300w, https:\/\/seewhatgrows.org\/us\/wp-content\/uploads\/2017\/09\/International-Days-2017-Outdoor-Learning-1-768x473.jpg 768w, https:\/\/seewhatgrows.org\/us\/wp-content\/uploads\/2017\/09\/International-Days-2017-Outdoor-Learning-1-1080x666.jpg 1080w, https:\/\/seewhatgrows.org\/us\/wp-content\/uploads\/2017\/09\/International-Days-2017-Outdoor-Learning-1-24x15.jpg 24w, https:\/\/seewhatgrows.org\/us\/wp-content\/uploads\/2017\/09\/International-Days-2017-Outdoor-Learning-1-36x22.jpg 36w, https:\/\/seewhatgrows.org\/us\/wp-content\/uploads\/2017\/09\/International-Days-2017-Outdoor-Learning-1-48x30.jpg 48w, https:\/\/seewhatgrows.org\/us\/wp-content\/uploads\/2017\/09\/International-Days-2017-Outdoor-Learning-1.jpg 1892w\" sizes=\"auto, (max-width: 640px) 100vw, 640px\" \/><\/p>\n<p>Este 16 de septiembre pasado fue <strong>Limpieza Internacional de Costas<\/strong> d\u00eda, un evento global iniciado por <strong>Ocean Conservancy<\/strong>, un firme defensor de la gesti\u00f3n marina en todo el planeta.<\/p>\n<p>Muchas familias canadienses aprovecharon el evento como inspiraci\u00f3n para llevar a los ni\u00f1os al aire libre y participar en una limpieza de playas; sin embargo, muchas perdieron la oportunidad porque no estaban informadas. Si ha estado siguiendo <a href=\"https:\/\/www.facebook.com\/Plant-A-Seed-Foundation-264903080380435\/?hc_ref=ARRWWscnpCq_LlbwQfMBxnKAs0nygkejnBI3Z9ObjO7_UcttT36G_psGjcKFsvCmE4Q\">nuestra p\u00e1gina de Facebook<\/a>, es posible que se haya enterado del evento a tiempo para aprovecharlo, pero pensamos que era una buena idea compartir una lista de los pr\u00f3ximos d\u00edas internacionales de reconocimiento para lo que queda de 2017.<\/p>\n<p>Puedes usar esta lista para ense\u00f1ar a tus hijos\/estudiantes sobre la interconexi\u00f3n del mundo que los rodea y planificar actividades para cada uno de ellos, de modo que puedas brindar valiosas experiencias de aprendizaje al aire libre. \u00a1Prep\u00e1rate para marcar tus calendarios!<\/p>\n<h2>D\u00edas internacionales de reconocimiento para lanzar experiencias de aprendizaje al aire libre este oto\u00f1o\/invierno de 2017<\/h2>\n<p><!--more--><\/p>\n<p><strong>D\u00eda Mundial del H\u00e1bitat \u2013 2 de octubre de 2017<\/strong><\/p>\n<p>La Asamblea General de las Naciones Unidas design\u00f3 el primer lunes de octubre de cada a\u00f1o como el D\u00eda Mundial del H\u00e1bitat. La campa\u00f1a pretende concienciar sobre la necesidad de una vivienda asequible para todos en las zonas urbanas, pueblos y ciudades, incluido Canad\u00e1.<\/p>\n<p>Este d\u00eda presenta la oportunidad de ser voluntario en una organizaci\u00f3n con los mismos objetivos, como H\u00e1bitat para la Humanidad. Las filiales de H\u00e1bitat para la Humanidad crean formas <a href=\"https:\/\/www.habitat.org\/stories\/how-can-kids-help-habitat\">para que los voluntarios m\u00e1s j\u00f3venes se involucren<\/a> en su comunidad local, incluidas la recaudaci\u00f3n de fondos, las campa\u00f1as de reciclaje y otras iniciativas para apoyar proyectos de vivienda asequible en su ciudad. \u00bfQu\u00e9 tal <strong>iniciando un huerto comunitario<\/strong> \u00bfen o cerca del sitio de un nuevo proyecto de construcci\u00f3n de viviendas? Tal iniciativa podr\u00eda ayudar a combatir la inseguridad alimentaria, una epidemia que est\u00e1 estrechamente ligada a la pobreza.<\/p>\n<p>Usa el d\u00eda como motivaci\u00f3n para ponerte en contacto con un cap\u00edtulo local canadiense cerca de ti., <a href=\"https:\/\/www.habitat.ca\/local-habitat-directory.php\">usando este mapa interactivo<\/a> como tu gu\u00eda.<\/p>\n<p><strong>D\u00eda Mundial de la Alimentaci\u00f3n \u2013 16 de octubre de 2017<\/strong><\/p>\n<p>Qu\u00e9 mejor d\u00eda para ense\u00f1arles a tus hijos sobre <a href=\"https:\/\/seewhatgrows.org\/us\/es\/link-household-food-insecurity-health-care-costs-canada\/\">inseguridad alimentaria en Canad\u00e1<\/a>Promovido por la Organizaci\u00f3n de las Naciones Unidas para la Alimentaci\u00f3n y la Agricultura, el d\u00eda reconoce que cultivar alimentos de manera sostenible significa adoptar pr\u00e1cticas que produzcan m\u00e1s con menos en la misma parcela de tierra y utilicen los recursos naturales sabiamente. Un ejemplo de esto en acci\u00f3n se encuentra en un huerto comunitario o granja urbana cerca de su hogar o escuela. Sea voluntario junto con sus hijos o estudiantes este pr\u00f3ximo 16 de octubre, donde podr\u00e1n presenciar la cosecha, adem\u00e1s de aprender sobre c\u00f3mo preparar el huerto o la granja <a href=\"https:\/\/seewhatgrows.org\/us\/es\/how-to-prepare-your-community-garden-for-autumn\/\">para la temporada de oto\u00f1o\/invierno y de siembra<\/a> adelante.&nbsp;<\/p>\n<p><strong>D\u00eda Universal del Ni\u00f1o \u2013 20 de noviembre de 2017<\/strong><\/p>\n<p>Este d\u00eda ofrece a los hogares y aulas la oportunidad de seguir el prop\u00f3sito de la ONU de brindar \u201c<em>un punto de entrada inspirador para abogar, promover y celebrar los derechos de la infancia, que se traduce en di\u00e1logos y acciones que construir\u00e1n un mundo mejor para la ni\u00f1ez<\/em>\u201c.<\/p>\n<p>\u00bfC\u00f3mo pueden los canadienses generar un impacto real en este d\u00eda? Si bien existen oportunidades para promover el bienestar de los ni\u00f1os en cada comunidad local, puedes participar en <a href=\"https:\/\/seewhatgrows.org\/us\/es\/get-involved\/\">una de estas iniciativas<\/a>&nbsp;hecho posible por la fundaci\u00f3n Plant a Seed &amp; See What Grows Foundation. Puedes donar tus talentos a una de las muchas experiencias al aire libre (para ni\u00f1os) en todo el pa\u00eds y mucho m\u00e1s.<\/p>\n<p><strong>D\u00eda Internacional de las Personas con Discapacidad \u2013 3 de diciembre de 2017<\/strong><\/p>\n<p>Durante los \u00faltimos 25 a\u00f1os, el D\u00eda Internacional de las Personas con Discapacidad de la ONU se ha celebrado anualmente el 3 de diciembre en todo el mundo. Utilice este d\u00eda como motivaci\u00f3n para ense\u00f1ar a sus hijos o alumnos sobre la aceptaci\u00f3n y la comprensi\u00f3n de sus compa\u00f1eros de clase y ni\u00f1os de la comunidad que viven con discapacidades. Vincule esto con una experiencia de aprendizaje al aire libre participando en una actividad que cree un mundo exterior m\u00e1s accesible. Por ejemplo, nuestra Fundaci\u00f3n ha proporcionado una <a href=\"https:\/\/seewhatgrows.org\/us\/es\/make-community-garden-accessible\/\">tutorial paso a paso<\/a> sobre c\u00f3mo hacer que un huerto comunitario o una granja urbana sean m\u00e1s accesibles. Adem\u00e1s, hemos compartido algunas ideas geniales para experiencias de aprendizaje al aire libre <a href=\"https:\/\/seewhatgrows.org\/us\/es\/outdoor-learning-experiences-for-kids-with-disabilities\/\">para ni\u00f1os que viven con discapacidades<\/a>.<\/p>\n<p><strong>D\u00eda Mundial del Suelo \u2013 5 de diciembre de 2017<\/strong><\/p>\n<p>Este d\u00eda se adapta perfectamente al concepto del aprendizaje al aire libre. Considere la intenci\u00f3n:<\/p>\n<blockquote>\n<p style=\"text-align: center;\">\u201cEn el D\u00eda Mundial del Suelo, hago un llamado a prestar mayor atenci\u00f3n a los problemas urgentes que afectan a los suelos, incluido el cambio clim\u00e1tico, la resistencia a los antimicrobianos, las enfermedades transmitidas por el suelo, la contaminaci\u00f3n, la nutrici\u00f3n y la salud humana\u201d. \u2014&nbsp;<cite>Secretario General de la ONU, Ban Ki-moon<\/cite><\/p>\n<\/blockquote>\n<p>Ens\u00e9\u00f1ales a tus hijos sobre la importancia del suelo y su papel en el cultivo de plantas para la alimentaci\u00f3n, as\u00ed como el concepto \u00abde la semilla a la mesa\u00bb. Una vez que hayas explicado los conceptos b\u00e1sicos sobre la salud del suelo, re\u00fane a todos para leer juntos el <strong>Planta una semilla y mira qu\u00e9 crece<\/strong> libro, seguido de una lectura de <strong>Qu\u00e9 hacer con lo que cosechaste<\/strong> (<a href=\"https:\/\/seewhatgrows.org\/us\/es\/plant-a-seed-see-what-grows-childrens-book\/\">disponible aqu\u00ed<\/a>), los cuales los inspirar\u00e1n a salir de inmediato y empezar a sembrar. \u00bfNo tienes actualmente un jard\u00edn propicio para sembrar en oto\u00f1o\/invierno en Canad\u00e1? <a href=\"https:\/\/seewhatgrows.org\/us\/es\/best-plants-vegetables-to-grow-in-cold-weather-for-your-urban-garden\/\">Considera estas plantas que<\/a>.<\/p>\n<p><strong>D\u00eda Internacional de las Monta\u00f1as \u2013 11 de diciembre de 2017<\/strong><\/p>\n<p>Este d\u00eda surgi\u00f3 del reconocimiento de que las monta\u00f1as cubren aproximadamente el 22 por ciento de la superficie terrestre y <a href=\"http:\/\/www.un.org\/en\/events\/mountainday\/\">jugar un papel fundamental<\/a> para impulsar al planeta hacia un crecimiento econ\u00f3mico sostenible. Las monta\u00f1as proporcionan sustento y bienestar a m\u00e1s de 900 millones de personas (el 13 por ciento de la poblaci\u00f3n mundial), pero tambi\u00e9n benefician indirectamente a miles de millones m\u00e1s que residen r\u00edo abajo.&nbsp;<\/p>\n<p>Este es un d\u00eda que puede inspirar una exploraci\u00f3n divertida para los ni\u00f1os y es la oportunidad perfecta para realizar una excursi\u00f3n educativa de exploraci\u00f3n, completa con tutoriales al aire libre sobre la vida silvestre local de la ladera de la monta\u00f1a, el crecimiento vegetal y c\u00f3mo las monta\u00f1as afectan los sistemas de riego locales en la parte baja. Solo aseg\u00farate de abrigarte bien, \u00a1despu\u00e9s de todo es diciembre en Canad\u00e1!&nbsp;<\/p>\n<hr \/>\n<p>Mant\u00e9nganse atentos mientras seguimos con esta serie, temporada tras temporada, y aseg\u00farense de seguir a nuestra Fundaci\u00f3n en&nbsp;<a href=\"https:\/\/www.facebook.com\/Plant-A-Seed-Foundation-264903080380435\/timeline\/\">Facebook<\/a>,&nbsp;<a href=\"https:\/\/twitter.com\/seewhatgrows\">Twitter<\/a>, y\/o&nbsp;<a href=\"https:\/\/plus.google.com\/+SeewhatgrowsOrg\/posts\">Google+<\/a>&nbsp;para obtener actualizaciones sobre d\u00edas especiales y otros eventos que puedes usar como inspiraci\u00f3n para llevar a tus hijos a una aventura de aprendizaje al aire libre.<\/p>","protected":false},"excerpt":{"rendered":"<p>This past September 16 was International Coastal Cleanup day, a global event started by Ocean Conservancy, a staunch supporter of marine stewardship across the planet. Many Canadian families used the event as inspiration to take the kids outside and partake in a beach cleanup, however, many missed out on the opportunity because they were not [&hellip;]<\/p>\n","protected":false},"author":3,"featured_media":28659,"comment_status":"closed","ping_status":"closed","sticky":false,"template":"","format":"standard","meta":{"footnotes":""},"categories":[3],"tags":[527,83,193],"class_list":["post-28640","post","type-post","status-publish","format-standard","has-post-thumbnail","hentry","category-blogs","tag-international-days-2017","tag-outdoor-learning-experiences","tag-outside-education-for-kids"],"yoast_head":"<!-- This site is optimized with the Yoast SEO plugin v28.4 - https:\/\/yoast.com\/product\/yoast-seo-wordpress\/ -->\n<title>International Days to Inspire Outdoor Education this Autumn\/Winter 2017<\/title>\n<meta name=\"description\" content=\"International days of recognition to launch outdoor learning experiences for kids this autumn and winter of 2017, from Plant a Seed and See What Grows.\" \/>\n<meta name=\"robots\" content=\"index, follow, max-snippet:-1, max-image-preview:large, max-video-preview:-1\" \/>\n<link rel=\"canonical\" href=\"https:\/\/seewhatgrows.org\/us\/es\/international-days-to-get-kids-outdoors-and-learning-this-autumnwinter\/\" \/>\n<meta property=\"og:locale\" content=\"es_MX\" \/>\n<meta property=\"og:type\" content=\"article\" \/>\n<meta property=\"og:title\" content=\"International Days to Inspire Outdoor Education this Autumn\/Winter 2017\" \/>\n<meta property=\"og:description\" content=\"International days of recognition to launch outdoor learning experiences for kids this autumn and winter of 2017, from Plant a Seed and See What Grows.\" \/>\n<meta property=\"og:url\" content=\"https:\/\/seewhatgrows.org\/us\/es\/international-days-to-get-kids-outdoors-and-learning-this-autumnwinter\/\" \/>\n<meta property=\"og:site_name\" content=\"Connecting Communities to the Land\" \/>\n<meta property=\"article:published_time\" content=\"2017-09-26T18:16:40+00:00\" \/>\n<meta property=\"og:image\" content=\"https:\/\/seewhatgrows.org\/us\/wp-content\/uploads\/2017\/09\/International-Days-2017-Outdoor-Learning-1.jpg\" \/>\n\t<meta property=\"og:image:width\" content=\"1892\" \/>\n\t<meta property=\"og:image:height\" content=\"1166\" \/>\n\t<meta property=\"og:image:type\" content=\"image\/jpeg\" \/>\n<meta name=\"author\" content=\"Dennis Charland\" \/>\n<meta name=\"twitter:label1\" content=\"Escrito por\" \/>\n\t<meta name=\"twitter:data1\" content=\"Dennis Charland\" \/>\n\t<meta name=\"twitter:label2\" content=\"Tiempo de lectura\" \/>\n\t<meta name=\"twitter:data2\" content=\"5 minutos\" \/>\n<script type=\"application\/ld+json\" class=\"yoast-schema-graph\">{\"@context\":\"https:\\\/\\\/schema.org\",\"@graph\":[{\"@type\":\"Article\",\"@id\":\"https:\\\/\\\/seewhatgrows.org\\\/us\\\/international-days-to-get-kids-outdoors-and-learning-this-autumnwinter\\\/#article\",\"isPartOf\":{\"@id\":\"https:\\\/\\\/seewhatgrows.org\\\/us\\\/international-days-to-get-kids-outdoors-and-learning-this-autumnwinter\\\/\"},\"author\":{\"name\":\"Dennis Charland\",\"@id\":\"https:\\\/\\\/seewhatgrows.org\\\/us\\\/#\\\/schema\\\/person\\\/2941b91ddd9a26badc98aadef946056c\"},\"headline\":\"International Days to Inspire Outdoor Education (for Kids) this Autumn\\\/Winter\",\"datePublished\":\"2017-09-26T18:16:40+00:00\",\"mainEntityOfPage\":{\"@id\":\"https:\\\/\\\/seewhatgrows.org\\\/us\\\/international-days-to-get-kids-outdoors-and-learning-this-autumnwinter\\\/\"},\"wordCount\":964,\"publisher\":{\"@id\":\"https:\\\/\\\/seewhatgrows.org\\\/us\\\/#organization\"},\"image\":{\"@id\":\"https:\\\/\\\/seewhatgrows.org\\\/us\\\/international-days-to-get-kids-outdoors-and-learning-this-autumnwinter\\\/#primaryimage\"},\"thumbnailUrl\":\"https:\\\/\\\/seewhatgrows.org\\\/us\\\/wp-content\\\/uploads\\\/2017\\\/09\\\/International-Days-2017-Outdoor-Learning-1.jpg\",\"keywords\":[\"International Days 2017\",\"Outdoor Learning Experiences\",\"Outside Education for Kids\"],\"articleSection\":[\"Blogs\"],\"inLanguage\":\"es\"},{\"@type\":\"WebPage\",\"@id\":\"https:\\\/\\\/seewhatgrows.org\\\/us\\\/international-days-to-get-kids-outdoors-and-learning-this-autumnwinter\\\/\",\"url\":\"https:\\\/\\\/seewhatgrows.org\\\/us\\\/international-days-to-get-kids-outdoors-and-learning-this-autumnwinter\\\/\",\"name\":\"International Days to Inspire Outdoor Education this Autumn\\\/Winter 2017\",\"isPartOf\":{\"@id\":\"https:\\\/\\\/seewhatgrows.org\\\/us\\\/#website\"},\"primaryImageOfPage\":{\"@id\":\"https:\\\/\\\/seewhatgrows.org\\\/us\\\/international-days-to-get-kids-outdoors-and-learning-this-autumnwinter\\\/#primaryimage\"},\"image\":{\"@id\":\"https:\\\/\\\/seewhatgrows.org\\\/us\\\/international-days-to-get-kids-outdoors-and-learning-this-autumnwinter\\\/#primaryimage\"},\"thumbnailUrl\":\"https:\\\/\\\/seewhatgrows.org\\\/us\\\/wp-content\\\/uploads\\\/2017\\\/09\\\/International-Days-2017-Outdoor-Learning-1.jpg\",\"datePublished\":\"2017-09-26T18:16:40+00:00\",\"description\":\"International days of recognition to launch outdoor learning experiences for kids this autumn and winter of 2017, from Plant a Seed and See What Grows.\",\"breadcrumb\":{\"@id\":\"https:\\\/\\\/seewhatgrows.org\\\/us\\\/international-days-to-get-kids-outdoors-and-learning-this-autumnwinter\\\/#breadcrumb\"},\"inLanguage\":\"es\",\"potentialAction\":[{\"@type\":\"ReadAction\",\"target\":[\"https:\\\/\\\/seewhatgrows.org\\\/us\\\/international-days-to-get-kids-outdoors-and-learning-this-autumnwinter\\\/\"]}]},{\"@type\":\"ImageObject\",\"inLanguage\":\"es\",\"@id\":\"https:\\\/\\\/seewhatgrows.org\\\/us\\\/international-days-to-get-kids-outdoors-and-learning-this-autumnwinter\\\/#primaryimage\",\"url\":\"https:\\\/\\\/seewhatgrows.org\\\/us\\\/wp-content\\\/uploads\\\/2017\\\/09\\\/International-Days-2017-Outdoor-Learning-1.jpg\",\"contentUrl\":\"https:\\\/\\\/seewhatgrows.org\\\/us\\\/wp-content\\\/uploads\\\/2017\\\/09\\\/International-Days-2017-Outdoor-Learning-1.jpg\",\"width\":1892,\"height\":1166,\"caption\":\"International Days of Celebration 2017\"},{\"@type\":\"BreadcrumbList\",\"@id\":\"https:\\\/\\\/seewhatgrows.org\\\/us\\\/international-days-to-get-kids-outdoors-and-learning-this-autumnwinter\\\/#breadcrumb\",\"itemListElement\":[{\"@type\":\"ListItem\",\"position\":1,\"name\":\"Home\",\"item\":\"https:\\\/\\\/seewhatgrows.org\\\/us\\\/\"},{\"@type\":\"ListItem\",\"position\":2,\"name\":\"International Days to Inspire Outdoor Education (for Kids) this Autumn\\\/Winter\"}]},{\"@type\":\"WebSite\",\"@id\":\"https:\\\/\\\/seewhatgrows.org\\\/us\\\/#website\",\"url\":\"https:\\\/\\\/seewhatgrows.org\\\/us\\\/\",\"name\":\"Connecting Communities to the Land\",\"description\":\"Growing healthier communities, one seed at a time with Plant a Seed &amp; See What Grows Foundation\",\"publisher\":{\"@id\":\"https:\\\/\\\/seewhatgrows.org\\\/us\\\/#organization\"},\"potentialAction\":[{\"@type\":\"SearchAction\",\"target\":{\"@type\":\"EntryPoint\",\"urlTemplate\":\"https:\\\/\\\/seewhatgrows.org\\\/us\\\/?s={search_term_string}\"},\"query-input\":{\"@type\":\"PropertyValueSpecification\",\"valueRequired\":true,\"valueName\":\"search_term_string\"}}],\"inLanguage\":\"es\"},{\"@type\":\"Organization\",\"@id\":\"https:\\\/\\\/seewhatgrows.org\\\/us\\\/#organization\",\"name\":\"Connecting Communities to the Land\",\"url\":\"https:\\\/\\\/seewhatgrows.org\\\/us\\\/\",\"logo\":{\"@type\":\"ImageObject\",\"inLanguage\":\"es\",\"@id\":\"https:\\\/\\\/seewhatgrows.org\\\/us\\\/#\\\/schema\\\/logo\\\/image\\\/\",\"url\":\"https:\\\/\\\/seewhatgrows.org\\\/us\\\/wp-content\\\/uploads\\\/2026\\\/06\\\/Plant-a-Seed-Logo.png\",\"contentUrl\":\"https:\\\/\\\/seewhatgrows.org\\\/us\\\/wp-content\\\/uploads\\\/2026\\\/06\\\/Plant-a-Seed-Logo.png\",\"width\":600,\"height\":600,\"caption\":\"Connecting Communities to the Land\"},\"image\":{\"@id\":\"https:\\\/\\\/seewhatgrows.org\\\/us\\\/#\\\/schema\\\/logo\\\/image\\\/\"}},{\"@type\":\"Person\",\"@id\":\"https:\\\/\\\/seewhatgrows.org\\\/us\\\/#\\\/schema\\\/person\\\/2941b91ddd9a26badc98aadef946056c\",\"name\":\"Dennis Charland\",\"url\":\"https:\\\/\\\/seewhatgrows.org\\\/us\\\/es\\\/author\\\/dennis\\\/\"}]}<\/script>\n<!-- \/ Yoast SEO plugin. -->","yoast_head_json":{"title":"International Days to Inspire Outdoor Education this Autumn\/Winter 2017","description":"International days of recognition to launch outdoor learning experiences for kids this autumn and winter of 2017, from Plant a Seed and See What Grows.","robots":{"index":"index","follow":"follow","max-snippet":"max-snippet:-1","max-image-preview":"max-image-preview:large","max-video-preview":"max-video-preview:-1"},"canonical":"https:\/\/seewhatgrows.org\/us\/es\/international-days-to-get-kids-outdoors-and-learning-this-autumnwinter\/","og_locale":"es_MX","og_type":"article","og_title":"International Days to Inspire Outdoor Education this Autumn\/Winter 2017","og_description":"International days of recognition to launch outdoor learning experiences for kids this autumn and winter of 2017, from Plant a Seed and See What Grows.","og_url":"https:\/\/seewhatgrows.org\/us\/es\/international-days-to-get-kids-outdoors-and-learning-this-autumnwinter\/","og_site_name":"Connecting Communities to the Land","article_published_time":"2017-09-26T18:16:40+00:00","og_image":[{"width":1892,"height":1166,"url":"https:\/\/seewhatgrows.org\/us\/wp-content\/uploads\/2017\/09\/International-Days-2017-Outdoor-Learning-1.jpg","type":"image\/jpeg"}],"author":"Dennis Charland","twitter_misc":{"Escrito por":"Dennis Charland","Tiempo de lectura":"5 minutos"},"schema":{"@context":"https:\/\/schema.org","@graph":[{"@type":"Article","@id":"https:\/\/seewhatgrows.org\/us\/international-days-to-get-kids-outdoors-and-learning-this-autumnwinter\/#article","isPartOf":{"@id":"https:\/\/seewhatgrows.org\/us\/international-days-to-get-kids-outdoors-and-learning-this-autumnwinter\/"},"author":{"name":"Dennis Charland","@id":"https:\/\/seewhatgrows.org\/us\/#\/schema\/person\/2941b91ddd9a26badc98aadef946056c"},"headline":"International Days to Inspire Outdoor Education (for Kids) this Autumn\/Winter","datePublished":"2017-09-26T18:16:40+00:00","mainEntityOfPage":{"@id":"https:\/\/seewhatgrows.org\/us\/international-days-to-get-kids-outdoors-and-learning-this-autumnwinter\/"},"wordCount":964,"publisher":{"@id":"https:\/\/seewhatgrows.org\/us\/#organization"},"image":{"@id":"https:\/\/seewhatgrows.org\/us\/international-days-to-get-kids-outdoors-and-learning-this-autumnwinter\/#primaryimage"},"thumbnailUrl":"https:\/\/seewhatgrows.org\/us\/wp-content\/uploads\/2017\/09\/International-Days-2017-Outdoor-Learning-1.jpg","keywords":["International Days 2017","Outdoor Learning Experiences","Outside Education for Kids"],"articleSection":["Blogs"],"inLanguage":"es"},{"@type":"WebPage","@id":"https:\/\/seewhatgrows.org\/us\/international-days-to-get-kids-outdoors-and-learning-this-autumnwinter\/","url":"https:\/\/seewhatgrows.org\/us\/international-days-to-get-kids-outdoors-and-learning-this-autumnwinter\/","name":"International Days to Inspire Outdoor Education this Autumn\/Winter 2017","isPartOf":{"@id":"https:\/\/seewhatgrows.org\/us\/#website"},"primaryImageOfPage":{"@id":"https:\/\/seewhatgrows.org\/us\/international-days-to-get-kids-outdoors-and-learning-this-autumnwinter\/#primaryimage"},"image":{"@id":"https:\/\/seewhatgrows.org\/us\/international-days-to-get-kids-outdoors-and-learning-this-autumnwinter\/#primaryimage"},"thumbnailUrl":"https:\/\/seewhatgrows.org\/us\/wp-content\/uploads\/2017\/09\/International-Days-2017-Outdoor-Learning-1.jpg","datePublished":"2017-09-26T18:16:40+00:00","description":"International days of recognition to launch outdoor learning experiences for kids this autumn and winter of 2017, from Plant a Seed and See What Grows.","breadcrumb":{"@id":"https:\/\/seewhatgrows.org\/us\/international-days-to-get-kids-outdoors-and-learning-this-autumnwinter\/#breadcrumb"},"inLanguage":"es","potentialAction":[{"@type":"ReadAction","target":["https:\/\/seewhatgrows.org\/us\/international-days-to-get-kids-outdoors-and-learning-this-autumnwinter\/"]}]},{"@type":"ImageObject","inLanguage":"es","@id":"https:\/\/seewhatgrows.org\/us\/international-days-to-get-kids-outdoors-and-learning-this-autumnwinter\/#primaryimage","url":"https:\/\/seewhatgrows.org\/us\/wp-content\/uploads\/2017\/09\/International-Days-2017-Outdoor-Learning-1.jpg","contentUrl":"https:\/\/seewhatgrows.org\/us\/wp-content\/uploads\/2017\/09\/International-Days-2017-Outdoor-Learning-1.jpg","width":1892,"height":1166,"caption":"International Days of Celebration 2017"},{"@type":"BreadcrumbList","@id":"https:\/\/seewhatgrows.org\/us\/international-days-to-get-kids-outdoors-and-learning-this-autumnwinter\/#breadcrumb","itemListElement":[{"@type":"ListItem","position":1,"name":"Home","item":"https:\/\/seewhatgrows.org\/us\/"},{"@type":"ListItem","position":2,"name":"International Days to Inspire Outdoor Education (for Kids) this Autumn\/Winter"}]},{"@type":"WebSite","@id":"https:\/\/seewhatgrows.org\/us\/#website","url":"https:\/\/seewhatgrows.org\/us\/","name":"Conectando a las comunidades con la tierra","description":"Cultivando comunidades m\u00e1s saludables, una semilla a la vez con la Fundaci\u00f3n Plant a Seed &amp; See What Grows","publisher":{"@id":"https:\/\/seewhatgrows.org\/us\/#organization"},"potentialAction":[{"@type":"SearchAction","target":{"@type":"EntryPoint","urlTemplate":"https:\/\/seewhatgrows.org\/us\/?s={search_term_string}"},"query-input":{"@type":"PropertyValueSpecification","valueRequired":true,"valueName":"search_term_string"}}],"inLanguage":"es"},{"@type":"Organization","@id":"https:\/\/seewhatgrows.org\/us\/#organization","name":"Conectando a las comunidades con la tierra","url":"https:\/\/seewhatgrows.org\/us\/","logo":{"@type":"ImageObject","inLanguage":"es","@id":"https:\/\/seewhatgrows.org\/us\/#\/schema\/logo\/image\/","url":"https:\/\/seewhatgrows.org\/us\/wp-content\/uploads\/2026\/06\/Plant-a-Seed-Logo.png","contentUrl":"https:\/\/seewhatgrows.org\/us\/wp-content\/uploads\/2026\/06\/Plant-a-Seed-Logo.png","width":600,"height":600,"caption":"Connecting Communities to the Land"},"image":{"@id":"https:\/\/seewhatgrows.org\/us\/#\/schema\/logo\/image\/"}},{"@type":"Person","@id":"https:\/\/seewhatgrows.org\/us\/#\/schema\/person\/2941b91ddd9a26badc98aadef946056c","name":"Dennis Charland","url":"https:\/\/seewhatgrows.org\/us\/es\/author\/dennis\/"}]}},"_links":{"self":[{"href":"https:\/\/seewhatgrows.org\/us\/es\/wp-json\/wp\/v2\/posts\/28640","targetHints":{"allow":["GET"]}}],"collection":[{"href":"https:\/\/seewhatgrows.org\/us\/es\/wp-json\/wp\/v2\/posts"}],"about":[{"href":"https:\/\/seewhatgrows.org\/us\/es\/wp-json\/wp\/v2\/types\/post"}],"author":[{"embeddable":true,"href":"https:\/\/seewhatgrows.org\/us\/es\/wp-json\/wp\/v2\/users\/3"}],"replies":[{"embeddable":true,"href":"https:\/\/seewhatgrows.org\/us\/es\/wp-json\/wp\/v2\/comments?post=28640"}],"version-history":[{"count":0,"href":"https:\/\/seewhatgrows.org\/us\/es\/wp-json\/wp\/v2\/posts\/28640\/revisions"}],"wp:featuredmedia":[{"embeddable":true,"href":"https:\/\/seewhatgrows.org\/us\/es\/wp-json\/wp\/v2\/media\/28659"}],"wp:attachment":[{"href":"https:\/\/seewhatgrows.org\/us\/es\/wp-json\/wp\/v2\/media?parent=28640"}],"wp:term":[{"taxonomy":"category","embeddable":true,"href":"https:\/\/seewhatgrows.org\/us\/es\/wp-json\/wp\/v2\/categories?post=28640"},{"taxonomy":"post_tag","embeddable":true,"href":"https:\/\/seewhatgrows.org\/us\/es\/wp-json\/wp\/v2\/tags?post=28640"}],"curies":[{"name":"\u00a1Buen juego!","href":"https:\/\/api.w.org\/{rel}","templated":true}]}}