{"id":2056,"date":"2015-10-28T08:29:25","date_gmt":"2015-10-28T15:29:25","guid":{"rendered":"http:\/\/seewhatgrows.flywheelsites.com\/?p=2056"},"modified":"2015-10-28T08:29:25","modified_gmt":"2015-10-28T15:29:25","slug":"7-tips-to-starting-a-daycare-preschool-garden","status":"publish","type":"post","link":"https:\/\/seewhatgrows.org\/us\/es\/7-tips-to-starting-a-daycare-preschool-garden\/","title":{"rendered":"7 consejos para iniciar un jard\u00edn en una guarder\u00eda o preescolar"},"content":{"rendered":"<p style=\"text-align: center;\"><img loading=\"lazy\" decoding=\"async\" class=\"aligncenter wp-image-2058\" src=\"https:\/\/seewhatgrows.org\/us\/wp-content\/uploads\/2015\/10\/Preschool-Daycare-Garden-1-1024x625.jpg\" alt=\"Preschool and Daycare Gardening\" width=\"640\" height=\"391\" srcset=\"https:\/\/seewhatgrows.org\/us\/wp-content\/uploads\/2015\/10\/Preschool-Daycare-Garden-1-1024x625.jpg 1024w, https:\/\/seewhatgrows.org\/us\/wp-content\/uploads\/2015\/10\/Preschool-Daycare-Garden-1-300x183.jpg 300w\" sizes=\"auto, (max-width: 640px) 100vw, 640px\" \/><\/p>\n<p>Hay mucha atenci\u00f3n medi\u00e1tica en torno a la jardiner\u00eda comunitaria en lo que respecta a personas mayores, adultos, universitarios y adolescentes por igual. Tambi\u00e9n hay mucha informaci\u00f3n disponible para estas partes sobre c\u00f3mo gestionar proyectos de jardiner\u00eda urbana. Sin embargo, cuando se trata de los niveles de edad preescolar y guarder\u00eda, este contenido no est\u00e1 tan disponible. Esto es algo que nuestra Fundaci\u00f3n espera cambiar.<\/p>\n<p>Involucrar a los ni\u00f1os en edad preescolar (de 3 a 5 a\u00f1os) en el concepto de la agricultura comunitaria es uno de los pasos m\u00e1s importantes que su proyecto puede dar para lograr la sostenibilidad. Capture su atenci\u00f3n, ens\u00e9\u00f1eles habilidades valiosas y an\u00edmelos a trabajar bien con los dem\u00e1s, y les infundir\u00e1 un sentido de realizaci\u00f3n e interconexi\u00f3n que ninguna otra actividad puede lograr.<\/p>\n<h2>C\u00f3mo iniciar un huerto comunitario en su guarder\u00eda \/ jard\u00edn de ni\u00f1os<\/h2>\n<p><!--more--><\/p>\n<p><strong>1. Obtener la aprobaci\u00f3n de los padres<\/strong><\/p>\n<p>Antes de instituir un programa de jardiner\u00eda preescolar, obtenga la aprobaci\u00f3n de los padres. Pres\u00e9nteles toda la informaci\u00f3n que deseen saber, abordando la seguridad del jard\u00edn y el nivel de participaci\u00f3n de cada ni\u00f1o seg\u00fan corresponda a las distintas edades. Una vez que tenga el proyecto en marcha, los nuevos padres de cada per\u00edodo subsiguiente deber\u00e1n ser informados durante las sesiones de informaci\u00f3n de admisi\u00f3n temprana.<\/p>\n<p><strong>2. Obtenga los permisos adecuados<\/strong><\/p>\n<p>Una vez que los padres han dado su visto bueno, es necesario recibir la aprobaci\u00f3n de todos los \u00f3rganos de gobierno (municipal, juntas escolares, etc.) que tienen competencia en su jard\u00edn de infantes o guarder\u00eda local. Lo \u00faltimo que desea es entusiasmar a los ni\u00f1os en edad preescolar con un proyecto de huerto no autorizado para luego tener que desmantelarlo porque no se presentaron y aprobaron los tr\u00e1mites correspondientes.<\/p>\n<p><strong>3. Solicitar apoyo a organizaciones locales<\/strong><\/p>\n<p>Un proyecto exitoso de huerto comunitario depende del apoyo de la comunidad local, incluidos los comercios y las organizaciones. Cuando se trata de un programa de jardiner\u00eda urbana para ni\u00f1os de 3 a 5 a\u00f1os, no encontrar\u00e1 muchas tiendas de mejoras para el hogar y jardiner\u00eda que rechacen su solicitud de unas cuantas semillas y bolsas de tierra como muestra de apoyo. Si no tiene experiencia en la b\u00fasqueda de patrocinios, estos <a href=\"https:\/\/seewhatgrows.org\/us\/es\/spread-word-community-garden-get-support\/\">consejos para dar a conocer tu huerto comunitario<\/a> ayudar\u00e1.<\/p>\n<p><strong>4. La seguridad primero<\/strong><\/p>\n<p>La jardiner\u00eda comunitaria es una actividad segura que conlleva menos peligros que la mayor\u00eda de los patios de recreo de preescolar. Sin embargo, a\u00fan debes extremar las precauciones cuando se trata de los m\u00e1s peque\u00f1os. S\u00e9 consciente de todos los riesgos potenciales para la salud de tus peque\u00f1os jardineros y prep\u00e1rate para ellos. Aseg\u00farate de que usen el <strong>calzado y ropa adecuados<\/strong>, incluida la jardiner\u00eda protectora <strong>guantes y gafas<\/strong>. Usar<strong> herramientas de jardiner\u00eda para ni\u00f1os<\/strong>, sin bordes filosos ni puntas, y aseg\u00farese de que est\u00e9n limpios, lisos y libres de \u00f3xido. Adem\u00e1s, cualquier cosa utilizada para tratar el suelo debe ser <strong>100% org\u00e1nico<\/strong> en la naturaleza. Dependiendo de la \u00e9poca del a\u00f1o, puede haber insectos presentes. Es posible que desee considerar mantener un suministro de <strong>repelente de insectos org\u00e1nico<\/strong> para ni\u00f1os peque\u00f1os en el lugar. Tambi\u00e9n averig\u00fce si alg\u00fan ni\u00f1o en su sal\u00f3n de clases\/guarder\u00eda tiene <strong>alergia<\/strong> a las plantas potenciales en su jard\u00edn. Aunque es un al\u00e9rgeno poco com\u00fan, puede ser mejor evitar plantar fresas, las cuales tienen propiedades similares al al\u00e9rgeno que se encuentra en el polen de abedul. Recuerde que debe planificar no solo para su grupo actual de ni\u00f1os, sino para todos los a\u00f1os venideros.<\/p>\n<p><strong>5. Agrupar a los jardineros y \u201cdeberes\u201d por edad<\/strong><\/p>\n<p>Existe una gran diferencia en las capacidades en lo que respecta al espectro de la guarder\u00eda y el preescolar. Agrupe a los ni\u00f1os por nivel de edad y delegue la participaci\u00f3n en consecuencia. Los ni\u00f1os de 4 a 5 a\u00f1os ser\u00e1n jardineros pr\u00e1cticos y pueden recibir instrucciones sobre c\u00f3mo plantar semillas y cuidar el jard\u00edn. Los ni\u00f1os de 3 a\u00f1os, a pesar de su impresionante capacidad para retener nueva informaci\u00f3n, no estar\u00e1n del todo listos para asumir responsabilidades. Estos \u00faltimos a\u00fan pueden participar aprendiendo los nombres de las frutas y verduras en el jard\u00edn, removiendo la tierra bajo su atenta mirada y desarrollando una comprensi\u00f3n de c\u00f3mo moverse por los terrenos del jard\u00edn sin interrumpir el crecimiento. Cuando sus compa\u00f1eros mayores pasen al jard\u00edn de infantes un a\u00f1o despu\u00e9s, \u00a1se convertir\u00e1n en los expertos!<\/p>\n<p><strong>6. Ense\u00f1a a los ni\u00f1os peque\u00f1os una etiqueta de jardiner\u00eda adecuada antes de que den su primer paso<\/strong><\/p>\n<p>Ense\u00f1ar a los ni\u00f1os de guarder\u00eda o preescolar a portarse bien en un jard\u00edn <em>antes<\/em> pisar el lugar por primera vez es muy importante. No solo necesitan saber c\u00f3mo manejar las herramientas y los materiales, sino tambi\u00e9n d\u00f3nde pueden y d\u00f3nde no pueden pisar. Una de las lecciones m\u00e1s dif\u00edciles es garantizar que entiendan que nadie debe comer del jard\u00edn sin permiso, \u00a1toda una tarea cuando se cultivan frutas y verduras apetitosas!<\/p>\n<p><strong>7. Inicia un huerto peque\u00f1o pero escalable<\/strong><\/p>\n<p>Trata de no adelantarte cuando comiences un jard\u00edn en una guarder\u00eda o preescolar. Empieza poco a poco, cultivando solo algunas frutas y verduras que se adapten bien a tu clima. La experiencia debe ser educativa pero <em>divertido<\/em>, por lo que empezar con una parcela peque\u00f1a mantendr\u00e1 a raya los desaf\u00edos que enfrentan los jardines m\u00e1s grandes. Dicho esto, querr\u00e1s dejar espacio para un crecimiento sostenible. Aparta suficiente terreno que te permita escalar el programa, a\u00f1adiendo algo nuevo a tu joven jard\u00edn cada temporada que pasa.<\/p>\n<p>\u00bfTiene alguna otra sugerencia para iniciar o gestionar un proyecto de jardiner\u00eda para ni\u00f1os peque\u00f1os? \u00bfTiene alguna historia de \u00e9xito que le gustar\u00eda compartir? Siga a nuestra Fundaci\u00f3n\u00a0<a href=\"https:\/\/www.facebook.com\/Plant-A-Seed-Foundation-264903080380435\/timeline\/\">Facebook<\/a>,\u00a0<a href=\"https:\/\/twitter.com\/seewhatgrows\">Twitter<\/a>, y\/o\u00a0<a href=\"https:\/\/plus.google.com\/+SeewhatgrowsOrg\/posts\">Google+<\/a>\u00a0y h\u00e1ganos saber.<\/p>\n<p>&nbsp;<\/p>\n<p>&nbsp;<\/p>\n<p>&nbsp;<\/p>","protected":false},"excerpt":{"rendered":"<p>There is a lot of media attention surrounding community gardening as it applies to seniors, adults, college students, and adolescents alike. There is also a lot of information available to these parties on how to manage urban gardening projects. However, when it comes to preschool and daycare aged levels this content is not as readily [&hellip;]<\/p>\n","protected":false},"author":3,"featured_media":0,"comment_status":"closed","ping_status":"closed","sticky":false,"template":"","format":"standard","meta":{"footnotes":""},"categories":[3],"tags":[106,108,105,107],"class_list":["post-2056","post","type-post","status-publish","format-standard","hentry","category-blogs","tag-daycare-gardening","tag-getting-children-interested-in-gardening","tag-how-to-start-a-preschool-garden","tag-organic-gardening-for-kids"],"yoast_head":"<!-- This site is optimized with the Yoast SEO plugin v28.4 - https:\/\/yoast.com\/product\/yoast-seo-wordpress\/ -->\n<title>7 Tips to Starting a Daycare \/ Preschool Garden<\/title>\n<meta name=\"description\" content=\"How to Start a Community Garden in Your Daycare or Preschool, Courtesy of the Plant a Seed and See What Grows Foundation.\" \/>\n<meta name=\"robots\" content=\"index, follow, max-snippet:-1, max-image-preview:large, max-video-preview:-1\" \/>\n<link rel=\"canonical\" href=\"https:\/\/seewhatgrows.org\/us\/es\/7-tips-to-starting-a-daycare-preschool-garden\/\" \/>\n<meta property=\"og:locale\" content=\"es_MX\" \/>\n<meta property=\"og:type\" content=\"article\" \/>\n<meta property=\"og:title\" content=\"7 Tips to Starting a Daycare \/ Preschool Garden\" \/>\n<meta property=\"og:description\" content=\"How to Start a Community Garden in Your Daycare or Preschool, Courtesy of the Plant a Seed and See What Grows Foundation.\" \/>\n<meta property=\"og:url\" content=\"https:\/\/seewhatgrows.org\/us\/es\/7-tips-to-starting-a-daycare-preschool-garden\/\" \/>\n<meta property=\"og:site_name\" content=\"Connecting Communities to the Land\" \/>\n<meta property=\"article:published_time\" content=\"2015-10-28T15:29:25+00:00\" \/>\n<meta property=\"og:image\" content=\"https:\/\/seewhatgrows.org\/us\/wp-content\/uploads\/2015\/10\/Preschool-Daycare-Garden-1.jpg\" \/>\n\t<meta property=\"og:image:width\" content=\"2448\" \/>\n\t<meta property=\"og:image:height\" content=\"1494\" \/>\n\t<meta property=\"og:image:type\" content=\"image\/jpeg\" \/>\n<meta name=\"author\" content=\"Dennis Charland\" \/>\n<meta name=\"twitter:label1\" content=\"Escrito por\" \/>\n\t<meta name=\"twitter:data1\" content=\"Dennis Charland\" \/>\n\t<meta name=\"twitter:label2\" content=\"Tiempo de lectura\" \/>\n\t<meta name=\"twitter:data2\" content=\"4 minutos\" \/>\n<script type=\"application\/ld+json\" class=\"yoast-schema-graph\">{\"@context\":\"https:\\\/\\\/schema.org\",\"@graph\":[{\"@type\":\"Article\",\"@id\":\"https:\\\/\\\/seewhatgrows.org\\\/us\\\/7-tips-to-starting-a-daycare-preschool-garden\\\/#article\",\"isPartOf\":{\"@id\":\"https:\\\/\\\/seewhatgrows.org\\\/us\\\/7-tips-to-starting-a-daycare-preschool-garden\\\/\"},\"author\":{\"name\":\"Dennis Charland\",\"@id\":\"https:\\\/\\\/seewhatgrows.org\\\/us\\\/#\\\/schema\\\/person\\\/2941b91ddd9a26badc98aadef946056c\"},\"headline\":\"7 Tips to Starting a Daycare \\\/ Preschool Garden\",\"datePublished\":\"2015-10-28T15:29:25+00:00\",\"mainEntityOfPage\":{\"@id\":\"https:\\\/\\\/seewhatgrows.org\\\/us\\\/7-tips-to-starting-a-daycare-preschool-garden\\\/\"},\"wordCount\":887,\"publisher\":{\"@id\":\"https:\\\/\\\/seewhatgrows.org\\\/us\\\/#organization\"},\"image\":{\"@id\":\"https:\\\/\\\/seewhatgrows.org\\\/us\\\/7-tips-to-starting-a-daycare-preschool-garden\\\/#primaryimage\"},\"thumbnailUrl\":\"https:\\\/\\\/seewhatgrows.org\\\/us\\\/wp-content\\\/uploads\\\/2015\\\/10\\\/Preschool-Daycare-Garden-1-1024x625.jpg\",\"keywords\":[\"Daycare Gardening\",\"Getting Children Interested in Gardening\",\"How to Start a Preschool Garden\",\"Organic Gardening for Kids\"],\"articleSection\":[\"Blogs\"],\"inLanguage\":\"es\"},{\"@type\":\"WebPage\",\"@id\":\"https:\\\/\\\/seewhatgrows.org\\\/us\\\/7-tips-to-starting-a-daycare-preschool-garden\\\/\",\"url\":\"https:\\\/\\\/seewhatgrows.org\\\/us\\\/7-tips-to-starting-a-daycare-preschool-garden\\\/\",\"name\":\"7 Tips to Starting a Daycare \\\/ Preschool Garden\",\"isPartOf\":{\"@id\":\"https:\\\/\\\/seewhatgrows.org\\\/us\\\/#website\"},\"primaryImageOfPage\":{\"@id\":\"https:\\\/\\\/seewhatgrows.org\\\/us\\\/7-tips-to-starting-a-daycare-preschool-garden\\\/#primaryimage\"},\"image\":{\"@id\":\"https:\\\/\\\/seewhatgrows.org\\\/us\\\/7-tips-to-starting-a-daycare-preschool-garden\\\/#primaryimage\"},\"thumbnailUrl\":\"https:\\\/\\\/seewhatgrows.org\\\/us\\\/wp-content\\\/uploads\\\/2015\\\/10\\\/Preschool-Daycare-Garden-1-1024x625.jpg\",\"datePublished\":\"2015-10-28T15:29:25+00:00\",\"description\":\"How to Start a Community Garden in Your Daycare or Preschool, Courtesy of the Plant a Seed and See What Grows Foundation.\",\"breadcrumb\":{\"@id\":\"https:\\\/\\\/seewhatgrows.org\\\/us\\\/7-tips-to-starting-a-daycare-preschool-garden\\\/#breadcrumb\"},\"inLanguage\":\"es\",\"potentialAction\":[{\"@type\":\"ReadAction\",\"target\":[\"https:\\\/\\\/seewhatgrows.org\\\/us\\\/7-tips-to-starting-a-daycare-preschool-garden\\\/\"]}]},{\"@type\":\"ImageObject\",\"inLanguage\":\"es\",\"@id\":\"https:\\\/\\\/seewhatgrows.org\\\/us\\\/7-tips-to-starting-a-daycare-preschool-garden\\\/#primaryimage\",\"url\":\"https:\\\/\\\/seewhatgrows.org\\\/us\\\/wp-content\\\/uploads\\\/2015\\\/10\\\/Preschool-Daycare-Garden-1-1024x625.jpg\",\"contentUrl\":\"https:\\\/\\\/seewhatgrows.org\\\/us\\\/wp-content\\\/uploads\\\/2015\\\/10\\\/Preschool-Daycare-Garden-1-1024x625.jpg\"},{\"@type\":\"BreadcrumbList\",\"@id\":\"https:\\\/\\\/seewhatgrows.org\\\/us\\\/7-tips-to-starting-a-daycare-preschool-garden\\\/#breadcrumb\",\"itemListElement\":[{\"@type\":\"ListItem\",\"position\":1,\"name\":\"Home\",\"item\":\"https:\\\/\\\/seewhatgrows.org\\\/us\\\/\"},{\"@type\":\"ListItem\",\"position\":2,\"name\":\"7 Tips to Starting a Daycare \\\/ Preschool Garden\"}]},{\"@type\":\"WebSite\",\"@id\":\"https:\\\/\\\/seewhatgrows.org\\\/us\\\/#website\",\"url\":\"https:\\\/\\\/seewhatgrows.org\\\/us\\\/\",\"name\":\"Connecting Communities to the Land\",\"description\":\"Growing healthier communities, one seed at a time with Plant a Seed &amp; See What Grows Foundation\",\"publisher\":{\"@id\":\"https:\\\/\\\/seewhatgrows.org\\\/us\\\/#organization\"},\"potentialAction\":[{\"@type\":\"SearchAction\",\"target\":{\"@type\":\"EntryPoint\",\"urlTemplate\":\"https:\\\/\\\/seewhatgrows.org\\\/us\\\/?s={search_term_string}\"},\"query-input\":{\"@type\":\"PropertyValueSpecification\",\"valueRequired\":true,\"valueName\":\"search_term_string\"}}],\"inLanguage\":\"es\"},{\"@type\":\"Organization\",\"@id\":\"https:\\\/\\\/seewhatgrows.org\\\/us\\\/#organization\",\"name\":\"Connecting Communities to the Land\",\"url\":\"https:\\\/\\\/seewhatgrows.org\\\/us\\\/\",\"logo\":{\"@type\":\"ImageObject\",\"inLanguage\":\"es\",\"@id\":\"https:\\\/\\\/seewhatgrows.org\\\/us\\\/#\\\/schema\\\/logo\\\/image\\\/\",\"url\":\"https:\\\/\\\/seewhatgrows.org\\\/us\\\/wp-content\\\/uploads\\\/2026\\\/06\\\/Plant-a-Seed-Logo.png\",\"contentUrl\":\"https:\\\/\\\/seewhatgrows.org\\\/us\\\/wp-content\\\/uploads\\\/2026\\\/06\\\/Plant-a-Seed-Logo.png\",\"width\":600,\"height\":600,\"caption\":\"Connecting Communities to the Land\"},\"image\":{\"@id\":\"https:\\\/\\\/seewhatgrows.org\\\/us\\\/#\\\/schema\\\/logo\\\/image\\\/\"}},{\"@type\":\"Person\",\"@id\":\"https:\\\/\\\/seewhatgrows.org\\\/us\\\/#\\\/schema\\\/person\\\/2941b91ddd9a26badc98aadef946056c\",\"name\":\"Dennis Charland\",\"url\":\"https:\\\/\\\/seewhatgrows.org\\\/us\\\/es\\\/author\\\/dennis\\\/\"}]}<\/script>\n<!-- \/ Yoast SEO plugin. -->","yoast_head_json":{"title":"7 consejos para iniciar un jard\u00edn en una guarder\u00eda o preescolar","description":"How to Start a Community Garden in Your Daycare or Preschool, Courtesy of the Plant a Seed and See What Grows Foundation.","robots":{"index":"index","follow":"follow","max-snippet":"max-snippet:-1","max-image-preview":"max-image-preview:large","max-video-preview":"max-video-preview:-1"},"canonical":"https:\/\/seewhatgrows.org\/us\/es\/7-tips-to-starting-a-daycare-preschool-garden\/","og_locale":"es_MX","og_type":"article","og_title":"7 Tips to Starting a Daycare \/ Preschool Garden","og_description":"How to Start a Community Garden in Your Daycare or Preschool, Courtesy of the Plant a Seed and See What Grows Foundation.","og_url":"https:\/\/seewhatgrows.org\/us\/es\/7-tips-to-starting-a-daycare-preschool-garden\/","og_site_name":"Connecting Communities to the Land","article_published_time":"2015-10-28T15:29:25+00:00","og_image":[{"width":2448,"height":1494,"url":"https:\/\/seewhatgrows.org\/us\/wp-content\/uploads\/2015\/10\/Preschool-Daycare-Garden-1.jpg","type":"image\/jpeg"}],"author":"Dennis Charland","twitter_misc":{"Escrito por":"Dennis Charland","Tiempo de lectura":"4 minutos"},"schema":{"@context":"https:\/\/schema.org","@graph":[{"@type":"Article","@id":"https:\/\/seewhatgrows.org\/us\/7-tips-to-starting-a-daycare-preschool-garden\/#article","isPartOf":{"@id":"https:\/\/seewhatgrows.org\/us\/7-tips-to-starting-a-daycare-preschool-garden\/"},"author":{"name":"Dennis Charland","@id":"https:\/\/seewhatgrows.org\/us\/#\/schema\/person\/2941b91ddd9a26badc98aadef946056c"},"headline":"7 Tips to Starting a Daycare \/ Preschool Garden","datePublished":"2015-10-28T15:29:25+00:00","mainEntityOfPage":{"@id":"https:\/\/seewhatgrows.org\/us\/7-tips-to-starting-a-daycare-preschool-garden\/"},"wordCount":887,"publisher":{"@id":"https:\/\/seewhatgrows.org\/us\/#organization"},"image":{"@id":"https:\/\/seewhatgrows.org\/us\/7-tips-to-starting-a-daycare-preschool-garden\/#primaryimage"},"thumbnailUrl":"https:\/\/seewhatgrows.org\/us\/wp-content\/uploads\/2015\/10\/Preschool-Daycare-Garden-1-1024x625.jpg","keywords":["Daycare Gardening","Getting Children Interested in Gardening","How to Start a Preschool Garden","Organic Gardening for Kids"],"articleSection":["Blogs"],"inLanguage":"es"},{"@type":"WebPage","@id":"https:\/\/seewhatgrows.org\/us\/7-tips-to-starting-a-daycare-preschool-garden\/","url":"https:\/\/seewhatgrows.org\/us\/7-tips-to-starting-a-daycare-preschool-garden\/","name":"7 consejos para iniciar un jard\u00edn en una guarder\u00eda o preescolar","isPartOf":{"@id":"https:\/\/seewhatgrows.org\/us\/#website"},"primaryImageOfPage":{"@id":"https:\/\/seewhatgrows.org\/us\/7-tips-to-starting-a-daycare-preschool-garden\/#primaryimage"},"image":{"@id":"https:\/\/seewhatgrows.org\/us\/7-tips-to-starting-a-daycare-preschool-garden\/#primaryimage"},"thumbnailUrl":"https:\/\/seewhatgrows.org\/us\/wp-content\/uploads\/2015\/10\/Preschool-Daycare-Garden-1-1024x625.jpg","datePublished":"2015-10-28T15:29:25+00:00","description":"How to Start a Community Garden in Your Daycare or Preschool, Courtesy of the Plant a Seed and See What Grows Foundation.","breadcrumb":{"@id":"https:\/\/seewhatgrows.org\/us\/7-tips-to-starting-a-daycare-preschool-garden\/#breadcrumb"},"inLanguage":"es","potentialAction":[{"@type":"ReadAction","target":["https:\/\/seewhatgrows.org\/us\/7-tips-to-starting-a-daycare-preschool-garden\/"]}]},{"@type":"ImageObject","inLanguage":"es","@id":"https:\/\/seewhatgrows.org\/us\/7-tips-to-starting-a-daycare-preschool-garden\/#primaryimage","url":"https:\/\/seewhatgrows.org\/us\/wp-content\/uploads\/2015\/10\/Preschool-Daycare-Garden-1-1024x625.jpg","contentUrl":"https:\/\/seewhatgrows.org\/us\/wp-content\/uploads\/2015\/10\/Preschool-Daycare-Garden-1-1024x625.jpg"},{"@type":"BreadcrumbList","@id":"https:\/\/seewhatgrows.org\/us\/7-tips-to-starting-a-daycare-preschool-garden\/#breadcrumb","itemListElement":[{"@type":"ListItem","position":1,"name":"Home","item":"https:\/\/seewhatgrows.org\/us\/"},{"@type":"ListItem","position":2,"name":"7 Tips to Starting a Daycare \/ Preschool Garden"}]},{"@type":"WebSite","@id":"https:\/\/seewhatgrows.org\/us\/#website","url":"https:\/\/seewhatgrows.org\/us\/","name":"Conectando a las comunidades con la tierra","description":"Cultivando comunidades m\u00e1s saludables, una semilla a la vez con la Fundaci\u00f3n Plant a Seed &amp; See What Grows","publisher":{"@id":"https:\/\/seewhatgrows.org\/us\/#organization"},"potentialAction":[{"@type":"SearchAction","target":{"@type":"EntryPoint","urlTemplate":"https:\/\/seewhatgrows.org\/us\/?s={search_term_string}"},"query-input":{"@type":"PropertyValueSpecification","valueRequired":true,"valueName":"search_term_string"}}],"inLanguage":"es"},{"@type":"Organization","@id":"https:\/\/seewhatgrows.org\/us\/#organization","name":"Conectando a las comunidades con la tierra","url":"https:\/\/seewhatgrows.org\/us\/","logo":{"@type":"ImageObject","inLanguage":"es","@id":"https:\/\/seewhatgrows.org\/us\/#\/schema\/logo\/image\/","url":"https:\/\/seewhatgrows.org\/us\/wp-content\/uploads\/2026\/06\/Plant-a-Seed-Logo.png","contentUrl":"https:\/\/seewhatgrows.org\/us\/wp-content\/uploads\/2026\/06\/Plant-a-Seed-Logo.png","width":600,"height":600,"caption":"Connecting Communities to the Land"},"image":{"@id":"https:\/\/seewhatgrows.org\/us\/#\/schema\/logo\/image\/"}},{"@type":"Person","@id":"https:\/\/seewhatgrows.org\/us\/#\/schema\/person\/2941b91ddd9a26badc98aadef946056c","name":"Dennis Charland","url":"https:\/\/seewhatgrows.org\/us\/es\/author\/dennis\/"}]}},"_links":{"self":[{"href":"https:\/\/seewhatgrows.org\/us\/es\/wp-json\/wp\/v2\/posts\/2056","targetHints":{"allow":["GET"]}}],"collection":[{"href":"https:\/\/seewhatgrows.org\/us\/es\/wp-json\/wp\/v2\/posts"}],"about":[{"href":"https:\/\/seewhatgrows.org\/us\/es\/wp-json\/wp\/v2\/types\/post"}],"author":[{"embeddable":true,"href":"https:\/\/seewhatgrows.org\/us\/es\/wp-json\/wp\/v2\/users\/3"}],"replies":[{"embeddable":true,"href":"https:\/\/seewhatgrows.org\/us\/es\/wp-json\/wp\/v2\/comments?post=2056"}],"version-history":[{"count":0,"href":"https:\/\/seewhatgrows.org\/us\/es\/wp-json\/wp\/v2\/posts\/2056\/revisions"}],"wp:attachment":[{"href":"https:\/\/seewhatgrows.org\/us\/es\/wp-json\/wp\/v2\/media?parent=2056"}],"wp:term":[{"taxonomy":"category","embeddable":true,"href":"https:\/\/seewhatgrows.org\/us\/es\/wp-json\/wp\/v2\/categories?post=2056"},{"taxonomy":"post_tag","embeddable":true,"href":"https:\/\/seewhatgrows.org\/us\/es\/wp-json\/wp\/v2\/tags?post=2056"}],"curies":[{"name":"\u00a1Buen juego!","href":"https:\/\/api.w.org\/{rel}","templated":true}]}}