{"id":381355,"date":"2024-03-27T19:34:30","date_gmt":"2024-03-28T02:34:30","guid":{"rendered":"https:\/\/seewhatgrows.org\/?p=381355"},"modified":"2024-08-28T11:14:35","modified_gmt":"2024-08-28T18:14:35","slug":"cultivating-health-school-breakfast-programs-and-community-gardens","status":"publish","type":"post","link":"https:\/\/seewhatgrows.org\/fr\/cultivating-health-school-breakfast-programs-and-community-gardens\/","title":{"rendered":"Cultiver la sant\u00e9 : programmes de petits-d\u00e9jeuners scolaires et jardins communautaires"},"content":{"rendered":"<h1 class=\"wp-block-heading\"><strong>Cultiver la sant\u00e9 : programmes de petits-d\u00e9jeuners scolaires et jardins communautaires<\/strong><\/h1>\n\n\n\n<figure class=\"wp-block-image size-large\"><img loading=\"lazy\" decoding=\"async\" width=\"1024\" height=\"698\" src=\"https:\/\/seewhatgrows.org\/wp-content\/uploads\/2024\/04\/Cultivating-Health-School-Breakfast-Programs-and-Community-Gardens-1024x698.jpg\" alt=\"\" class=\"wp-image-381523\" srcset=\"https:\/\/seewhatgrows.org\/wp-content\/uploads\/2024\/04\/Cultivating-Health-School-Breakfast-Programs-and-Community-Gardens-1024x698.jpg 1024w, https:\/\/seewhatgrows.org\/wp-content\/uploads\/2024\/04\/Cultivating-Health-School-Breakfast-Programs-and-Community-Gardens-300x205.jpg 300w, https:\/\/seewhatgrows.org\/wp-content\/uploads\/2024\/04\/Cultivating-Health-School-Breakfast-Programs-and-Community-Gardens-768x524.jpg 768w, https:\/\/seewhatgrows.org\/wp-content\/uploads\/2024\/04\/Cultivating-Health-School-Breakfast-Programs-and-Community-Gardens-1080x736.jpg 1080w, https:\/\/seewhatgrows.org\/wp-content\/uploads\/2024\/04\/Cultivating-Health-School-Breakfast-Programs-and-Community-Gardens-980x668.jpg 980w, https:\/\/seewhatgrows.org\/wp-content\/uploads\/2024\/04\/Cultivating-Health-School-Breakfast-Programs-and-Community-Gardens-480x327.jpg 480w, https:\/\/seewhatgrows.org\/wp-content\/uploads\/2024\/04\/Cultivating-Health-School-Breakfast-Programs-and-Community-Gardens.jpg 1100w\" sizes=\"auto, (max-width: 1024px) 100vw, 1024px\" \/><\/figure>\n\n\n\n<p class=\"wp-block-paragraph\">Mars est le Mois de la nutrition au Canada, ce qui incite \u00e0 r\u00e9fl\u00e9chir au r\u00f4le central de la nutrition dans la promotion du bien-\u00eatre. Dans ce contexte, les initiatives de \u2019 Plant a Seed &amp; See What Grows \u00bb, notamment les programmes de petits d\u00e9jeuners scolaires et les jardins communautaires, s'imposent comme des piliers pour promouvoir de saines habitudes alimentaires au sein des communaut\u00e9s vuln\u00e9rables de la Colombie-Britannique et du Canada.<\/p>\n\n\n\n<p class=\"wp-block-paragraph\"><strong>Comprendre l'essence de la nutrition<\/strong><\/p>\n\n\n\n<p class=\"wp-block-paragraph\">La nutrition transcende la simple subsistance ; elle sous-tend la sant\u00e9 et la vitalit\u00e9, influen\u00e7ant la gestion du poids, la digestion, le bien-\u00eatre mental et la pr\u00e9vention des maladies. Les di\u00e9t\u00e9tistes d\u00e9vou\u00e9s de Sant\u00e9 Canada m\u00e8nent des initiatives telles que le Guide alimentaire canadien et les r\u00e8glements sur l'\u00e9tiquetage nutritionnel, permettant aux individus de faire des choix alimentaires \u00e9clair\u00e9s et posant ainsi des bases solides pour la sant\u00e9 nationale.<\/p>\n\n\n\n<p class=\"wp-block-paragraph\"><strong>Le travail de la Fondation<\/strong><\/p>\n\n\n\n<p class=\"wp-block-paragraph\">Notre organisation est r\u00e9solue \u00e0 tirer parti des programmes de petits d\u00e9jeuners dans les \u00e9coles, des initiatives de soins empreints de compassion, des jardins communautaires et des efforts de pr\u00e9servation des semences en tant qu'investissements strat\u00e9giques dans la sant\u00e9 des g\u00e9n\u00e9rations futures. Reconnaissant la pr\u00e9valence de l'ins\u00e9curit\u00e9 alimentaire au Canada, nous plaidons pour un acc\u00e8s \u00e9quitable \u00e0 ces programmes, luttant contre la faim imm\u00e9diate tout en favorisant la r\u00e9silience et la durabilit\u00e9 \u00e0 long terme.<\/p>\n\n\n\n<p class=\"wp-block-paragraph\"><strong>Att\u00e9nuer l'ins\u00e9curit\u00e9 alimentaire : le pouvoir des programmes de petits-d\u00e9jeuners scolaires<\/strong><\/p>\n\n\n\n<p class=\"wp-block-paragraph\">L'ins\u00e9curit\u00e9 alimentaire demeure un d\u00e9fi urgent de sant\u00e9 publique, qui touche \u00e0 la fois les adultes et les enfants \u00e0 travers le pays. Pour lutter contre ce probl\u00e8me, notre fondation soutient les programmes de petit-d\u00e9jeuner dans les \u00e9coles, en fournissant des repas essentiels aux Canadiens vuln\u00e9rables. En veillant \u00e0 ce que les enfants aient acc\u00e8s \u00e0 des petits-d\u00e9jeuners nutritifs, nous att\u00e9nuons non seulement la faim, mais nous jetons \u00e9galement les bases de meilleurs r\u00e9sultats de sant\u00e9 et de la r\u00e9ussite scolaire.<\/p>\n\n\n\n<p class=\"wp-block-paragraph\">Depuis 2017, notre fondation a allou\u00e9 $18 000 pour soutenir deux programmes phares de petits-d\u00e9jeuners scolaires, \u00e0 savoir le Breakfast Club of Canada et le programme \u00ab Adopt a School \u00bb du Vancouver Sun. Ces contributions ont eu des retomb\u00e9es concr\u00e8tes, en garantissant aux enfants en situation de vuln\u00e9rabilit\u00e9 l&#x27;apport nutritionnel essentiel dont ils ont besoin pour s&#x27;\u00e9panouir.<\/p>\n\n\n\n<figure class=\"wp-block-image aligncenter size-full\"><img loading=\"lazy\" decoding=\"async\" width=\"624\" height=\"390\" src=\"https:\/\/seewhatgrows.org\/wp-content\/uploads\/2024\/03\/Breakfast-Club-Canada-Stats.jpg\" alt=\"\" class=\"wp-image-381346\" style=\"width: 100%; max-width: 600px;\" srcset=\"https:\/\/seewhatgrows.org\/wp-content\/uploads\/2024\/03\/Breakfast-Club-Canada-Stats.jpg 624w, https:\/\/seewhatgrows.org\/wp-content\/uploads\/2024\/03\/Breakfast-Club-Canada-Stats-300x188.jpg 300w, https:\/\/seewhatgrows.org\/wp-content\/uploads\/2024\/03\/Breakfast-Club-Canada-Stats-400x250.jpg 400w, https:\/\/seewhatgrows.org\/wp-content\/uploads\/2024\/03\/Breakfast-Club-Canada-Stats-480x300.jpg 480w\" sizes=\"auto, (max-width: 624px) 100vw, 624px\" \/><\/figure>\n\n\n\n<figure class=\"wp-block-image aligncenter size-full\"><img loading=\"lazy\" decoding=\"async\" width=\"531\" height=\"330\" src=\"https:\/\/seewhatgrows.org\/wp-content\/uploads\/2024\/03\/Harold-Munro-Quote.jpg\" alt=\"\" class=\"wp-image-381347\" style=\"width: 100%; max-width: 600px;\" srcset=\"https:\/\/seewhatgrows.org\/wp-content\/uploads\/2024\/03\/Harold-Munro-Quote.jpg 531w, https:\/\/seewhatgrows.org\/wp-content\/uploads\/2024\/03\/Harold-Munro-Quote-300x186.jpg 300w, https:\/\/seewhatgrows.org\/wp-content\/uploads\/2024\/03\/Harold-Munro-Quote-400x250.jpg 400w, https:\/\/seewhatgrows.org\/wp-content\/uploads\/2024\/03\/Harold-Munro-Quote-480x298.jpg 480w\" sizes=\"auto, (max-width: 531px) 100vw, 531px\" \/><\/figure>\n\n\n\n<p class=\"wp-block-paragraph\"><strong>Autonomiser les communaut\u00e9s gr\u00e2ce aux jardins communautaires<\/strong><\/p>\n\n\n\n<p class=\"wp-block-paragraph\">Au-del\u00e0 de la lutte contre la faim imm\u00e9diate, notre organisation s'engage \u00e0 favoriser la r\u00e9silience communautaire \u00e0 long terme par la cr\u00e9ation de jardins partag\u00e9s. Ces espaces verts sont bien plus que de simples parcelles de terre ; ils repr\u00e9sentent un terrain fertile pour d\u00e9velopper la culture alimentaire, la conscience \u00e9cologique et l'autonomisation des communaut\u00e9s.<\/p>\n\n\n\n<figure class=\"wp-block-image aligncenter size-large\"><img loading=\"lazy\" decoding=\"async\" width=\"1024\" height=\"768\" src=\"https:\/\/seewhatgrows.org\/wp-content\/uploads\/2024\/03\/PXL_20220720_170625168-1024x768.jpg\" alt=\"\" class=\"wp-image-381348\" style=\"width: 100%; max-width: 600px;\" srcset=\"https:\/\/seewhatgrows.org\/wp-content\/uploads\/2024\/03\/PXL_20220720_170625168-1024x768.jpg 1024w, https:\/\/seewhatgrows.org\/wp-content\/uploads\/2024\/03\/PXL_20220720_170625168-300x225.jpg 300w, https:\/\/seewhatgrows.org\/wp-content\/uploads\/2024\/03\/PXL_20220720_170625168-768x576.jpg 768w, https:\/\/seewhatgrows.org\/wp-content\/uploads\/2024\/03\/PXL_20220720_170625168-1536x1152.jpg 1536w, https:\/\/seewhatgrows.org\/wp-content\/uploads\/2024\/03\/PXL_20220720_170625168-2048x1536.jpg 2048w, https:\/\/seewhatgrows.org\/wp-content\/uploads\/2024\/03\/PXL_20220720_170625168-510x382.jpg 510w, https:\/\/seewhatgrows.org\/wp-content\/uploads\/2024\/03\/PXL_20220720_170625168-1080x810.jpg 1080w, https:\/\/seewhatgrows.org\/wp-content\/uploads\/2024\/03\/PXL_20220720_170625168-1280x960.jpg 1280w, https:\/\/seewhatgrows.org\/wp-content\/uploads\/2024\/03\/PXL_20220720_170625168-980x735.jpg 980w, https:\/\/seewhatgrows.org\/wp-content\/uploads\/2024\/03\/PXL_20220720_170625168-480x360.jpg 480w\" sizes=\"auto, (max-width: 1024px) 100vw, 1024px\" \/><\/figure>\n\n\n\n<p class=\"wp-block-paragraph\">Un exemple notable de notre travail dans ce domaine est notre partenariat avec le programme des jardins scolaires du SPEC. Depuis pr\u00e8s d'une d\u00e9cennie, ce programme facilite des le\u00e7ons de jardinage pratiques \u00e0 <strong>\u00c9cole \u00e9l\u00e9mentaire Thunderbird \u00e0 Vancouver, C.-B.<\/strong>. Implant\u00e9e dans une communaut\u00e9 marqu\u00e9e par des ensembles de logements sociaux et l'ins\u00e9curit\u00e9 alimentaire, cette initiative offre une \u00e9ducation inestimable aux \u00e9l\u00e8ves, jetant ainsi un pont entre la graine et l'assiette.<\/p>\n\n\n\n<p class=\"wp-block-paragraph\">De plus, notre implication dans <strong>Centre pour la jeunesse Carlton Place, ON<\/strong> a donn\u00e9 des r\u00e9sultats impressionnants. De la plantation de tomates \u00e0 la r\u00e9colte de pommes de terre, ces jeunes participants ont non seulement cultiv\u00e9 des produits frais, mais ils ont \u00e9galement contribu\u00e9 \u00e0 leur banque alimentaire locale. En int\u00e9grant des ingr\u00e9dients cultiv\u00e9s au jardin dans des programmes de cuisine, ils nourrissent non seulement leur corps, mais favorisent \u00e9galement un sentiment d'autonomie et de d\u00e9brouillardise.<\/p>\n\n\n\n<figure class=\"wp-block-image aligncenter size-full\"><img loading=\"lazy\" decoding=\"async\" width=\"453\" height=\"255\" src=\"https:\/\/seewhatgrows.org\/wp-content\/uploads\/2024\/03\/Picture2.jpg\" alt=\"\" class=\"wp-image-381349\" style=\"width: 100%; max-width: 600px;\" srcset=\"https:\/\/seewhatgrows.org\/wp-content\/uploads\/2024\/03\/Picture2.jpg 453w, https:\/\/seewhatgrows.org\/wp-content\/uploads\/2024\/03\/Picture2-300x169.jpg 300w\" sizes=\"auto, (max-width: 453px) 100vw, 453px\" \/><\/figure>\n\n\n\n<p class=\"wp-block-paragraph\">Beaucoup des plus de 500 enfants et jeunes membres du Centre des jeunes de Carleton Place, \u00e2g\u00e9s de 8 \u00e0 18 ans, n'avaient jamais fait pousser de fruits ou de l\u00e9gumes et ont \u00e9t\u00e9 ravis des r\u00e9sultats !<\/p>\n\n\n\n<p class=\"wp-block-paragraph\"><strong>Renforcer les liens gr\u00e2ce \u00e0 des partenariats<\/strong><\/p>\n\n\n\n<p class=\"wp-block-paragraph\">Nos partenariats avec des organisations allant des jardins communautaires locaux aux initiatives nationales telles que De la ferme \u00e0 la caf\u00e9t\u00e9ria Canada amplifient notre impact, nous permettant de soutenir des syst\u00e8mes alimentaires dynamiques et durables \u00e0 travers le pays. Gr\u00e2ce \u00e0 des subventions et \u00e0 des collaborations, nous habilitons les \u00e9coles et les communaut\u00e9s \u00e0 adopter des pratiques de la ferme \u00e0 la table, favorisant ainsi l'\u00e9ducation alimentaire et la coh\u00e9sion communautaire.<\/p>\n\n\n\n<p class=\"wp-block-paragraph\">Nous avons le plaisir d'annoncer notre soutien renouvel\u00e9 au jardin communautaire interg\u00e9n\u00e9rationnel de Maple Ridge pour les ann\u00e9es 2023-2024. Ce jardin communautaire sert de carrefour pour les a\u00een\u00e9s b\u00e9n\u00e9voles, les enseignants et les jeunes \u00e9l\u00e8ves de l'\u00e9cole \u00e9l\u00e9mentaire Eric Langton et de l'\u00e9cole \u00e9l\u00e9mentaire St. Patrick pour apprendre et grandir ensemble.<\/p>\n\n\n\n<p class=\"wp-block-paragraph\"><em>\u201c Au nom du conseil d'administration du r\u00e9seau des a\u00een\u00e9s, merci beaucoup d'avoir financ\u00e9 le jardin interg\u00e9n\u00e9rationnel. Nous sommes tr\u00e8s enthousiastes \u00e0 l'id\u00e9e de lancer ce nouveau partenariat pour contribuer \u00e0 assurer l'avenir du projet de jardin. \u201d<\/em><em>Heather Treleaven, directrice g\u00e9n\u00e9rale, R\u00e9seau des a\u00een\u00e9s de Maple Ridge, Pitt Meadows et Katzie<\/em><\/p>\n\n\n\n<figure class=\"wp-block-image aligncenter size-large\"><img loading=\"lazy\" decoding=\"async\" width=\"1024\" height=\"768\" src=\"https:\/\/seewhatgrows.org\/wp-content\/uploads\/2024\/03\/image00002-1024x768.jpeg\" alt=\"\" class=\"wp-image-381350\" style=\"width: 100%; max-width: 600px;\" srcset=\"https:\/\/seewhatgrows.org\/wp-content\/uploads\/2024\/03\/image00002-1024x768.jpeg 1024w, https:\/\/seewhatgrows.org\/wp-content\/uploads\/2024\/03\/image00002-300x225.jpeg 300w, https:\/\/seewhatgrows.org\/wp-content\/uploads\/2024\/03\/image00002-768x576.jpeg 768w, https:\/\/seewhatgrows.org\/wp-content\/uploads\/2024\/03\/image00002-1536x1152.jpeg 1536w, https:\/\/seewhatgrows.org\/wp-content\/uploads\/2024\/03\/image00002-2048x1536.jpeg 2048w, https:\/\/seewhatgrows.org\/wp-content\/uploads\/2024\/03\/image00002-510x382.jpeg 510w, https:\/\/seewhatgrows.org\/wp-content\/uploads\/2024\/03\/image00002-1080x810.jpeg 1080w, https:\/\/seewhatgrows.org\/wp-content\/uploads\/2024\/03\/image00002-1280x960.jpeg 1280w, https:\/\/seewhatgrows.org\/wp-content\/uploads\/2024\/03\/image00002-980x735.jpeg 980w, https:\/\/seewhatgrows.org\/wp-content\/uploads\/2024\/03\/image00002-480x360.jpeg 480w\" sizes=\"auto, (max-width: 1024px) 100vw, 1024px\" \/><\/figure>\n\n\n\n<p class=\"wp-block-paragraph\">De gauche \u00e0 droite : Heather Treleaven, directrice ex\u00e9cutive, Maple Ridge, Pitt Meadows, Katzie, Seniors Network ; Margaret Spratt, coordinatrice du jardin, Maple Ridge Intergenerational Community Garden ; Holly Reid, membre de la communaut\u00e9 et b\u00e9n\u00e9vole, et Regina Nebrida, Programmes et services, Fondation Plant a Seed&nbsp;<\/p>\n\n\n\n<figure class=\"wp-block-image aligncenter size-full\"><img loading=\"lazy\" decoding=\"async\" width=\"960\" height=\"720\" src=\"https:\/\/seewhatgrows.org\/wp-content\/uploads\/2024\/03\/We-have-carrots-2.jpg\" alt=\"\" class=\"wp-image-381351\" style=\"width: 100%; max-width: 600px;\" srcset=\"https:\/\/seewhatgrows.org\/wp-content\/uploads\/2024\/03\/We-have-carrots-2.jpg 960w, https:\/\/seewhatgrows.org\/wp-content\/uploads\/2024\/03\/We-have-carrots-2-300x225.jpg 300w, https:\/\/seewhatgrows.org\/wp-content\/uploads\/2024\/03\/We-have-carrots-2-768x576.jpg 768w, https:\/\/seewhatgrows.org\/wp-content\/uploads\/2024\/03\/We-have-carrots-2-510x382.jpg 510w, https:\/\/seewhatgrows.org\/wp-content\/uploads\/2024\/03\/We-have-carrots-2-480x360.jpg 480w\" sizes=\"auto, (max-width: 960px) 100vw, 960px\" \/><\/figure>\n\n\n\n<p class=\"wp-block-paragraph\">Des \u00e9l\u00e8ves du Jardin interg\u00e9n\u00e9rationnel, en C.-B., montrent fi\u00e8rement leurs carottes !<\/p>\n\n\n\n<p class=\"wp-block-paragraph\">De plus, en collaboration avec <a href=\"https:\/\/farmtoschoolbc.ca\/\">Farm to School BC<\/a>, un programme de <a href=\"https:\/\/phabc.org\/about-us\/\">Association de sant\u00e9 publique de la Colombie-Britannique<\/a> et ses communaut\u00e9s locales, nous sommes fiers de soutenir cinq jardins scolaires en Colombie-Britannique pour l&#x27;ann\u00e9e scolaire 2023-2024. Ces \u00e9tablissements, \u00e0 savoir les \u00e9coles primaires Katzie, Pinantan et Eastview, ainsi que les lyc\u00e9es Cedar Community et Mackenzie, re\u00e7oivent chacun $3 000 pour am\u00e9liorer leurs jardins scolaires et promouvoir l&#x27;\u00e9ducation alimentaire aupr\u00e8s des \u00e9l\u00e8ves.<\/p>\n\n\n\n<figure class=\"wp-block-image aligncenter size-full\"><img loading=\"lazy\" decoding=\"async\" width=\"640\" height=\"480\" src=\"https:\/\/seewhatgrows.org\/wp-content\/uploads\/2024\/03\/Cheque-Presentation-2.jpg\" alt=\"\" class=\"wp-image-381352\" style=\"width: 100%; max-width: 600px;\" srcset=\"https:\/\/seewhatgrows.org\/wp-content\/uploads\/2024\/03\/Cheque-Presentation-2.jpg 640w, https:\/\/seewhatgrows.org\/wp-content\/uploads\/2024\/03\/Cheque-Presentation-2-300x225.jpg 300w, https:\/\/seewhatgrows.org\/wp-content\/uploads\/2024\/03\/Cheque-Presentation-2-510x382.jpg 510w, https:\/\/seewhatgrows.org\/wp-content\/uploads\/2024\/03\/Cheque-Presentation-2-480x360.jpg 480w\" sizes=\"auto, (max-width: 640px) 100vw, 640px\" \/><\/figure>\n\n\n\n<p class=\"wp-block-paragraph\">De gauche \u00e0 droite : Roanne Whitticase, coordinatrice des subventions, Farm to School BC ; Regina Nebrida, Programmes et services, Plant a Seed Foundation ; Marcus Lobb, directeur provincial, Farm to School BC ; Shannon Turner, directrice g\u00e9n\u00e9rale, Public Health Association of BC et Richard Han, directeur de l'engagement communautaire et des syst\u00e8mes alimentaires, Public Health Association of BC<\/p>\n\n\n\n<figure class=\"wp-block-image alignwide size-large\"><img loading=\"lazy\" decoding=\"async\" width=\"1024\" height=\"390\" src=\"https:\/\/seewhatgrows.org\/wp-content\/uploads\/2024\/04\/Farm-to-Cafeteria-Plant-a-Seed-Funding-1006-copy-1024x390.jpg\" alt=\"\" class=\"wp-image-382202\" srcset=\"https:\/\/seewhatgrows.org\/wp-content\/uploads\/2024\/04\/Farm-to-Cafeteria-Plant-a-Seed-Funding-1006-copy-1024x390.jpg 1024w, https:\/\/seewhatgrows.org\/wp-content\/uploads\/2024\/04\/Farm-to-Cafeteria-Plant-a-Seed-Funding-1006-copy-300x114.jpg 300w, https:\/\/seewhatgrows.org\/wp-content\/uploads\/2024\/04\/Farm-to-Cafeteria-Plant-a-Seed-Funding-1006-copy-768x293.jpg 768w, https:\/\/seewhatgrows.org\/wp-content\/uploads\/2024\/04\/Farm-to-Cafeteria-Plant-a-Seed-Funding-1006-copy-1536x585.jpg 1536w, https:\/\/seewhatgrows.org\/wp-content\/uploads\/2024\/04\/Farm-to-Cafeteria-Plant-a-Seed-Funding-1006-copy-1080x412.jpg 1080w, https:\/\/seewhatgrows.org\/wp-content\/uploads\/2024\/04\/Farm-to-Cafeteria-Plant-a-Seed-Funding-1006-copy-1280x488.jpg 1280w, https:\/\/seewhatgrows.org\/wp-content\/uploads\/2024\/04\/Farm-to-Cafeteria-Plant-a-Seed-Funding-1006-copy-980x374.jpg 980w, https:\/\/seewhatgrows.org\/wp-content\/uploads\/2024\/04\/Farm-to-Cafeteria-Plant-a-Seed-Funding-1006-copy-480x183.jpg 480w, https:\/\/seewhatgrows.org\/wp-content\/uploads\/2024\/04\/Farm-to-Cafeteria-Plant-a-Seed-Funding-1006-copy.jpg 1750w\" sizes=\"auto, (max-width: 1024px) 100vw, 1024px\" \/><\/figure>\n\n\n\n<p class=\"wp-block-paragraph\">(De g. \u00e0 d.) : Jesse Veenstra, directeur ex\u00e9cutif, Farm to Cafeteria Canada &amp; Regina Nebrida, Fondation Plant a Seed<\/p>\n\n\n\n<p class=\"wp-block-paragraph\">Enfin, notre nouveau partenariat avec <a href=\"https:\/\/www.farmtocafeteriacanada.ca\/about-us\/our-purpose\/\">De la ferme \u00e0 la caf\u00e9t\u00e9ria Canada<\/a> nous permettra de cr\u00e9er 6 nouveaux jardins scolaires dans les provinces de Terre-Neuve-et-Labrador, de la Nouvelle-\u00c9cosse, du Nouveau-Brunswick, de la Saskatchewan et du Manitoba pour l'ann\u00e9e scolaire 2024-2025. Gr\u00e2ce \u00e0 ce partenariat, nous avons franchi une \u00e9tape importante en soutenant des jardins scolaires et communautaires dans toutes les provinces du Canada !<\/p>\n\n\n\n<p class=\"wp-block-paragraph\"><strong>L'urgence d'agir<\/strong><\/p>\n\n\n\n<p class=\"wp-block-paragraph\">Alors que nous r\u00e9fl\u00e9chissons \u00e0 l'importance de la nutrition et \u00e0 l'impact des initiatives de notre organisation, nous devons reconna\u00eetre l'urgence d'agir. Chaque jour, d'innombrables Canadiens aux prises avec l'ins\u00e9curit\u00e9 alimentaire font face \u00e0 des obstacles pour acc\u00e9der \u00e0 des repas nutritifs. Alors que nous c\u00e9l\u00e9brons le Mois de la nutrition, ne nous contentons pas de sensibiliser, mais prenons \u00e9galement des mesures concr\u00e8tes pour s'attaquer \u00e0 ce probl\u00e8me pressant.<\/p>\n\n\n\n<p class=\"wp-block-paragraph\">Rejoignez-nous dans notre mission visant \u00e0 nourrir les communaut\u00e9s et \u00e0 promouvoir des choix plus sains. Votre soutien peut faire une diff\u00e9rence tangible dans la vie des Canadiens vuln\u00e9rables. Que ce soit par des dons, des partenariats ou du b\u00e9n\u00e9volat, vos contributions nous permettent de poursuivre notre travail essentiel pour promouvoir de saines habitudes alimentaires et b\u00e2tir un avenir plus sain et plus r\u00e9silient pour tous.<\/p>","protected":false},"excerpt":{"rendered":"<p>Cultivating Health: School Breakfast Programs and Community Gardens March is Nutrition Month in Canada, prompting reflection on the pivotal role of nutrition in fostering well-being. Within this context, the Plant a Seed &amp; See What Grows&#8217; initiatives, notably school breakfast programs and community gardens, stand as pillars in promoting healthier eating habits among vulnerable communities [&hellip;]<\/p>\n","protected":false},"author":2,"featured_media":381352,"comment_status":"closed","ping_status":"closed","sticky":false,"template":"","format":"standard","meta":{"footnotes":""},"categories":[3],"tags":[835],"class_list":["post-381355","post","type-post","status-publish","format-standard","has-post-thumbnail","hentry","category-blogs","tag-community-gardens-canada"],"yoast_head":"<!-- This site is optimized with the Yoast SEO plugin v28.4 - https:\/\/yoast.com\/product\/yoast-seo-wordpress\/ -->\n<title>Cultivating Health: School Breakfast Programs and Community Gardens - Connecting Communities to the Land<\/title>\n<meta name=\"robots\" content=\"index, follow, max-snippet:-1, max-image-preview:large, max-video-preview:-1\" \/>\n<link rel=\"canonical\" href=\"https:\/\/seewhatgrows.org\/fr\/cultivating-health-school-breakfast-programs-and-community-gardens\/\" \/>\n<meta property=\"og:locale\" content=\"fr_CA\" \/>\n<meta property=\"og:type\" content=\"article\" \/>\n<meta property=\"og:title\" content=\"Cultivating Health: School Breakfast Programs and Community Gardens - Connecting Communities to the Land\" \/>\n<meta property=\"og:description\" content=\"Cultivating Health: School Breakfast Programs and Community Gardens March is Nutrition Month in Canada, prompting reflection on the pivotal role of nutrition in fostering well-being. Within this context, the Plant a Seed &amp; See What Grows&#8217; initiatives, notably school breakfast programs and community gardens, stand as pillars in promoting healthier eating habits among vulnerable communities [&hellip;]\" \/>\n<meta property=\"og:url\" content=\"https:\/\/seewhatgrows.org\/fr\/cultivating-health-school-breakfast-programs-and-community-gardens\/\" \/>\n<meta property=\"og:site_name\" content=\"Connecting Communities to the Land\" \/>\n<meta property=\"article:published_time\" content=\"2024-03-28T02:34:30+00:00\" \/>\n<meta property=\"article:modified_time\" content=\"2024-08-28T18:14:35+00:00\" \/>\n<meta property=\"og:image\" content=\"https:\/\/seewhatgrows.org\/wp-content\/uploads\/2024\/03\/Cheque-Presentation-2.jpg\" \/>\n\t<meta property=\"og:image:width\" content=\"640\" \/>\n\t<meta property=\"og:image:height\" content=\"480\" \/>\n\t<meta property=\"og:image:type\" content=\"image\/jpeg\" \/>\n<meta name=\"author\" content=\"Regina Nebrida\" \/>\n<meta name=\"twitter:label1\" content=\"\u00c9crit par\" \/>\n\t<meta name=\"twitter:data1\" content=\"Regina Nebrida\" \/>\n\t<meta name=\"twitter:label2\" content=\"Estimation du temps de lecture\" \/>\n\t<meta name=\"twitter:data2\" content=\"7 minutes\" \/>\n<script type=\"application\/ld+json\" class=\"yoast-schema-graph\">{\"@context\":\"https:\\\/\\\/schema.org\",\"@graph\":[{\"@type\":\"Article\",\"@id\":\"https:\\\/\\\/seewhatgrows.org\\\/cultivating-health-school-breakfast-programs-and-community-gardens\\\/#article\",\"isPartOf\":{\"@id\":\"https:\\\/\\\/seewhatgrows.org\\\/cultivating-health-school-breakfast-programs-and-community-gardens\\\/\"},\"author\":{\"name\":\"Regina Nebrida\",\"@id\":\"https:\\\/\\\/seewhatgrows.org\\\/#\\\/schema\\\/person\\\/6c2333f0cb4dd8dbfe3f22811db0ae90\"},\"headline\":\"Cultivating Health: School Breakfast Programs and Community Gardens\",\"datePublished\":\"2024-03-28T02:34:30+00:00\",\"dateModified\":\"2024-08-28T18:14:35+00:00\",\"mainEntityOfPage\":{\"@id\":\"https:\\\/\\\/seewhatgrows.org\\\/cultivating-health-school-breakfast-programs-and-community-gardens\\\/\"},\"wordCount\":993,\"publisher\":{\"@id\":\"https:\\\/\\\/seewhatgrows.org\\\/#organization\"},\"image\":{\"@id\":\"https:\\\/\\\/seewhatgrows.org\\\/cultivating-health-school-breakfast-programs-and-community-gardens\\\/#primaryimage\"},\"thumbnailUrl\":\"https:\\\/\\\/seewhatgrows.org\\\/wp-content\\\/uploads\\\/2024\\\/03\\\/Cheque-Presentation-2.jpg\",\"keywords\":[\"Community Gardens Canada\"],\"articleSection\":[\"Blogs\"],\"inLanguage\":\"fr-CA\"},{\"@type\":\"WebPage\",\"@id\":\"https:\\\/\\\/seewhatgrows.org\\\/cultivating-health-school-breakfast-programs-and-community-gardens\\\/\",\"url\":\"https:\\\/\\\/seewhatgrows.org\\\/cultivating-health-school-breakfast-programs-and-community-gardens\\\/\",\"name\":\"Cultivating Health: School Breakfast Programs and Community Gardens - Connecting Communities to the Land\",\"isPartOf\":{\"@id\":\"https:\\\/\\\/seewhatgrows.org\\\/#website\"},\"primaryImageOfPage\":{\"@id\":\"https:\\\/\\\/seewhatgrows.org\\\/cultivating-health-school-breakfast-programs-and-community-gardens\\\/#primaryimage\"},\"image\":{\"@id\":\"https:\\\/\\\/seewhatgrows.org\\\/cultivating-health-school-breakfast-programs-and-community-gardens\\\/#primaryimage\"},\"thumbnailUrl\":\"https:\\\/\\\/seewhatgrows.org\\\/wp-content\\\/uploads\\\/2024\\\/03\\\/Cheque-Presentation-2.jpg\",\"datePublished\":\"2024-03-28T02:34:30+00:00\",\"dateModified\":\"2024-08-28T18:14:35+00:00\",\"breadcrumb\":{\"@id\":\"https:\\\/\\\/seewhatgrows.org\\\/cultivating-health-school-breakfast-programs-and-community-gardens\\\/#breadcrumb\"},\"inLanguage\":\"fr-CA\",\"potentialAction\":[{\"@type\":\"ReadAction\",\"target\":[\"https:\\\/\\\/seewhatgrows.org\\\/cultivating-health-school-breakfast-programs-and-community-gardens\\\/\"]}]},{\"@type\":\"ImageObject\",\"inLanguage\":\"fr-CA\",\"@id\":\"https:\\\/\\\/seewhatgrows.org\\\/cultivating-health-school-breakfast-programs-and-community-gardens\\\/#primaryimage\",\"url\":\"https:\\\/\\\/seewhatgrows.org\\\/wp-content\\\/uploads\\\/2024\\\/03\\\/Cheque-Presentation-2.jpg\",\"contentUrl\":\"https:\\\/\\\/seewhatgrows.org\\\/wp-content\\\/uploads\\\/2024\\\/03\\\/Cheque-Presentation-2.jpg\",\"width\":640,\"height\":480},{\"@type\":\"BreadcrumbList\",\"@id\":\"https:\\\/\\\/seewhatgrows.org\\\/cultivating-health-school-breakfast-programs-and-community-gardens\\\/#breadcrumb\",\"itemListElement\":[{\"@type\":\"ListItem\",\"position\":1,\"name\":\"Home\",\"item\":\"https:\\\/\\\/seewhatgrows.org\\\/\"},{\"@type\":\"ListItem\",\"position\":2,\"name\":\"Cultivating Health: School Breakfast Programs and Community Gardens\"}]},{\"@type\":\"WebSite\",\"@id\":\"https:\\\/\\\/seewhatgrows.org\\\/#website\",\"url\":\"https:\\\/\\\/seewhatgrows.org\\\/\",\"name\":\"Connecting Communities to the Land\",\"description\":\"Growing healthier communities, one seed at a time with Plant a Seed &amp; See What Grows Foundation\",\"publisher\":{\"@id\":\"https:\\\/\\\/seewhatgrows.org\\\/#organization\"},\"potentialAction\":[{\"@type\":\"SearchAction\",\"target\":{\"@type\":\"EntryPoint\",\"urlTemplate\":\"https:\\\/\\\/seewhatgrows.org\\\/?s={search_term_string}\"},\"query-input\":{\"@type\":\"PropertyValueSpecification\",\"valueRequired\":true,\"valueName\":\"search_term_string\"}}],\"inLanguage\":\"fr-CA\"},{\"@type\":\"Organization\",\"@id\":\"https:\\\/\\\/seewhatgrows.org\\\/#organization\",\"name\":\"Connecting Communities to the Land\",\"url\":\"https:\\\/\\\/seewhatgrows.org\\\/\",\"logo\":{\"@type\":\"ImageObject\",\"inLanguage\":\"fr-CA\",\"@id\":\"https:\\\/\\\/seewhatgrows.org\\\/#\\\/schema\\\/logo\\\/image\\\/\",\"url\":\"https:\\\/\\\/seewhatgrows.org\\\/wp-content\\\/uploads\\\/2026\\\/06\\\/Plant-a-Seed-Logo.png\",\"contentUrl\":\"https:\\\/\\\/seewhatgrows.org\\\/wp-content\\\/uploads\\\/2026\\\/06\\\/Plant-a-Seed-Logo.png\",\"width\":600,\"height\":600,\"caption\":\"Connecting Communities to the Land\"},\"image\":{\"@id\":\"https:\\\/\\\/seewhatgrows.org\\\/#\\\/schema\\\/logo\\\/image\\\/\"}},{\"@type\":\"Person\",\"@id\":\"https:\\\/\\\/seewhatgrows.org\\\/#\\\/schema\\\/person\\\/6c2333f0cb4dd8dbfe3f22811db0ae90\",\"name\":\"Regina Nebrida\",\"url\":\"https:\\\/\\\/seewhatgrows.org\\\/fr\\\/author\\\/regina\\\/\"}]}<\/script>\n<!-- \/ Yoast SEO plugin. -->","yoast_head_json":{"title":"Cultiver la sant\u00e9 : Programmes de petits-d\u00e9jeuners scolaires et jardins communautaires - Connecter les communaut\u00e9s \u00e0 la terre","robots":{"index":"index","follow":"follow","max-snippet":"max-snippet:-1","max-image-preview":"max-image-preview:large","max-video-preview":"max-video-preview:-1"},"canonical":"https:\/\/seewhatgrows.org\/fr\/cultivating-health-school-breakfast-programs-and-community-gardens\/","og_locale":"fr_CA","og_type":"article","og_title":"Cultivating Health: School Breakfast Programs and Community Gardens - Connecting Communities to the Land","og_description":"Cultivating Health: School Breakfast Programs and Community Gardens March is Nutrition Month in Canada, prompting reflection on the pivotal role of nutrition in fostering well-being. Within this context, the Plant a Seed &amp; See What Grows&#8217; initiatives, notably school breakfast programs and community gardens, stand as pillars in promoting healthier eating habits among vulnerable communities [&hellip;]","og_url":"https:\/\/seewhatgrows.org\/fr\/cultivating-health-school-breakfast-programs-and-community-gardens\/","og_site_name":"Connecting Communities to the Land","article_published_time":"2024-03-28T02:34:30+00:00","article_modified_time":"2024-08-28T18:14:35+00:00","og_image":[{"width":640,"height":480,"url":"https:\/\/seewhatgrows.org\/wp-content\/uploads\/2024\/03\/Cheque-Presentation-2.jpg","type":"image\/jpeg"}],"author":"Regina Nebrida","twitter_misc":{"\u00c9crit par":"Regina Nebrida","Estimation du temps de lecture":"7 minutes"},"schema":{"@context":"https:\/\/schema.org","@graph":[{"@type":"Article","@id":"https:\/\/seewhatgrows.org\/cultivating-health-school-breakfast-programs-and-community-gardens\/#article","isPartOf":{"@id":"https:\/\/seewhatgrows.org\/cultivating-health-school-breakfast-programs-and-community-gardens\/"},"author":{"name":"Regina Nebrida","@id":"https:\/\/seewhatgrows.org\/#\/schema\/person\/6c2333f0cb4dd8dbfe3f22811db0ae90"},"headline":"Cultivating Health: School Breakfast Programs and Community Gardens","datePublished":"2024-03-28T02:34:30+00:00","dateModified":"2024-08-28T18:14:35+00:00","mainEntityOfPage":{"@id":"https:\/\/seewhatgrows.org\/cultivating-health-school-breakfast-programs-and-community-gardens\/"},"wordCount":993,"publisher":{"@id":"https:\/\/seewhatgrows.org\/#organization"},"image":{"@id":"https:\/\/seewhatgrows.org\/cultivating-health-school-breakfast-programs-and-community-gardens\/#primaryimage"},"thumbnailUrl":"https:\/\/seewhatgrows.org\/wp-content\/uploads\/2024\/03\/Cheque-Presentation-2.jpg","keywords":["Community Gardens Canada"],"articleSection":["Blogs"],"inLanguage":"fr-CA"},{"@type":"WebPage","@id":"https:\/\/seewhatgrows.org\/cultivating-health-school-breakfast-programs-and-community-gardens\/","url":"https:\/\/seewhatgrows.org\/cultivating-health-school-breakfast-programs-and-community-gardens\/","name":"Cultiver la sant\u00e9 : Programmes de petits-d\u00e9jeuners scolaires et jardins communautaires - Connecter les communaut\u00e9s \u00e0 la terre","isPartOf":{"@id":"https:\/\/seewhatgrows.org\/#website"},"primaryImageOfPage":{"@id":"https:\/\/seewhatgrows.org\/cultivating-health-school-breakfast-programs-and-community-gardens\/#primaryimage"},"image":{"@id":"https:\/\/seewhatgrows.org\/cultivating-health-school-breakfast-programs-and-community-gardens\/#primaryimage"},"thumbnailUrl":"https:\/\/seewhatgrows.org\/wp-content\/uploads\/2024\/03\/Cheque-Presentation-2.jpg","datePublished":"2024-03-28T02:34:30+00:00","dateModified":"2024-08-28T18:14:35+00:00","breadcrumb":{"@id":"https:\/\/seewhatgrows.org\/cultivating-health-school-breakfast-programs-and-community-gardens\/#breadcrumb"},"inLanguage":"fr-CA","potentialAction":[{"@type":"ReadAction","target":["https:\/\/seewhatgrows.org\/cultivating-health-school-breakfast-programs-and-community-gardens\/"]}]},{"@type":"ImageObject","inLanguage":"fr-CA","@id":"https:\/\/seewhatgrows.org\/cultivating-health-school-breakfast-programs-and-community-gardens\/#primaryimage","url":"https:\/\/seewhatgrows.org\/wp-content\/uploads\/2024\/03\/Cheque-Presentation-2.jpg","contentUrl":"https:\/\/seewhatgrows.org\/wp-content\/uploads\/2024\/03\/Cheque-Presentation-2.jpg","width":640,"height":480},{"@type":"BreadcrumbList","@id":"https:\/\/seewhatgrows.org\/cultivating-health-school-breakfast-programs-and-community-gardens\/#breadcrumb","itemListElement":[{"@type":"ListItem","position":1,"name":"Home","item":"https:\/\/seewhatgrows.org\/"},{"@type":"ListItem","position":2,"name":"Cultivating Health: School Breakfast Programs and Community Gardens"}]},{"@type":"WebSite","@id":"https:\/\/seewhatgrows.org\/#website","url":"https:\/\/seewhatgrows.org\/","name":"Connecter les communaut\u00e9s \u00e0 la terre","description":"Cultiver des communaut\u00e9s plus saines, une graine \u00e0 la fois avec la Fondation Plant a Seed &amp; See What Grows","publisher":{"@id":"https:\/\/seewhatgrows.org\/#organization"},"potentialAction":[{"@type":"SearchAction","target":{"@type":"EntryPoint","urlTemplate":"https:\/\/seewhatgrows.org\/?s={search_term_string}"},"query-input":{"@type":"PropertyValueSpecification","valueRequired":true,"valueName":"search_term_string"}}],"inLanguage":"fr-CA"},{"@type":"Organization","@id":"https:\/\/seewhatgrows.org\/#organization","name":"Connecter les communaut\u00e9s \u00e0 la terre","url":"https:\/\/seewhatgrows.org\/","logo":{"@type":"ImageObject","inLanguage":"fr-CA","@id":"https:\/\/seewhatgrows.org\/#\/schema\/logo\/image\/","url":"https:\/\/seewhatgrows.org\/wp-content\/uploads\/2026\/06\/Plant-a-Seed-Logo.png","contentUrl":"https:\/\/seewhatgrows.org\/wp-content\/uploads\/2026\/06\/Plant-a-Seed-Logo.png","width":600,"height":600,"caption":"Connecting Communities to the Land"},"image":{"@id":"https:\/\/seewhatgrows.org\/#\/schema\/logo\/image\/"}},{"@type":"Person","@id":"https:\/\/seewhatgrows.org\/#\/schema\/person\/6c2333f0cb4dd8dbfe3f22811db0ae90","name":"Regina Nebrida","url":"https:\/\/seewhatgrows.org\/fr\/author\/regina\/"}]}},"_links":{"self":[{"href":"https:\/\/seewhatgrows.org\/fr\/wp-json\/wp\/v2\/posts\/381355","targetHints":{"allow":["GET"]}}],"collection":[{"href":"https:\/\/seewhatgrows.org\/fr\/wp-json\/wp\/v2\/posts"}],"about":[{"href":"https:\/\/seewhatgrows.org\/fr\/wp-json\/wp\/v2\/types\/post"}],"author":[{"embeddable":true,"href":"https:\/\/seewhatgrows.org\/fr\/wp-json\/wp\/v2\/users\/2"}],"replies":[{"embeddable":true,"href":"https:\/\/seewhatgrows.org\/fr\/wp-json\/wp\/v2\/comments?post=381355"}],"version-history":[{"count":0,"href":"https:\/\/seewhatgrows.org\/fr\/wp-json\/wp\/v2\/posts\/381355\/revisions"}],"wp:featuredmedia":[{"embeddable":true,"href":"https:\/\/seewhatgrows.org\/fr\/wp-json\/wp\/v2\/media\/381352"}],"wp:attachment":[{"href":"https:\/\/seewhatgrows.org\/fr\/wp-json\/wp\/v2\/media?parent=381355"}],"wp:term":[{"taxonomy":"category","embeddable":true,"href":"https:\/\/seewhatgrows.org\/fr\/wp-json\/wp\/v2\/categories?post=381355"},{"taxonomy":"post_tag","embeddable":true,"href":"https:\/\/seewhatgrows.org\/fr\/wp-json\/wp\/v2\/tags?post=381355"}],"curies":[{"name":"bien jou\u00e9","href":"https:\/\/api.w.org\/{rel}","templated":true}]}}