{"id":370651,"date":"2024-01-28T19:18:34","date_gmt":"2024-01-29T03:18:34","guid":{"rendered":"https:\/\/seewhatgrows.org\/?p=370651"},"modified":"2024-01-28T19:19:27","modified_gmt":"2024-01-29T03:19:27","slug":"can-school-gardens-help-prevent-bullying","status":"publish","type":"post","link":"https:\/\/seewhatgrows.org\/fr\/can-school-gardens-help-prevent-bullying\/","title":{"rendered":"Les potagers scolaires peuvent-ils aider \u00e0 pr\u00e9venir le harc\u00e8lement ?"},"content":{"rendered":"<h1 class=\"wp-block-heading has-text-align-center\"><strong>Les potagers scolaires peuvent-ils aider \u00e0 pr\u00e9venir le harc\u00e8lement ?<\/strong><\/h1>\n\n\n\n<figure class=\"wp-block-image size-full\"><img loading=\"lazy\" decoding=\"async\" width=\"1200\" height=\"633\" src=\"https:\/\/seewhatgrows.org\/wp-content\/uploads\/2024\/01\/how-to-prevent-bullying-in-school-gardening.jpg\" alt=\"how to prevent bullying in school\" class=\"wp-image-370655\" srcset=\"https:\/\/seewhatgrows.org\/wp-content\/uploads\/2024\/01\/how-to-prevent-bullying-in-school-gardening.jpg 1200w, https:\/\/seewhatgrows.org\/wp-content\/uploads\/2024\/01\/how-to-prevent-bullying-in-school-gardening-300x158.jpg 300w, https:\/\/seewhatgrows.org\/wp-content\/uploads\/2024\/01\/how-to-prevent-bullying-in-school-gardening-1024x540.jpg 1024w, https:\/\/seewhatgrows.org\/wp-content\/uploads\/2024\/01\/how-to-prevent-bullying-in-school-gardening-768x405.jpg 768w, https:\/\/seewhatgrows.org\/wp-content\/uploads\/2024\/01\/how-to-prevent-bullying-in-school-gardening-1080x570.jpg 1080w, https:\/\/seewhatgrows.org\/wp-content\/uploads\/2024\/01\/how-to-prevent-bullying-in-school-gardening-980x517.jpg 980w, https:\/\/seewhatgrows.org\/wp-content\/uploads\/2024\/01\/how-to-prevent-bullying-in-school-gardening-480x253.jpg 480w\" sizes=\"auto, (max-width: 1200px) 100vw, 1200px\" \/><\/figure>\n\n\n\n<p class=\"wp-block-paragraph\">C'est un sujet d\u00e9licat pour les parents, les enseignants, les administrateurs scolaires et les adultes en g\u00e9n\u00e9ral. Mais savez-vous pour qui il est le plus difficile ? Pour les enfants qui en subissent les cons\u00e9quences. C'est pourquoi nous ne pouvons pas \u00e9luder le fait que, malgr\u00e9 les progr\u00e8s r\u00e9cents en mati\u00e8re de pr\u00e9vention, l'intimidation demeure un probl\u00e8me dans les \u00e9coles canadiennes.<\/p>\n\n\n\n<p class=\"wp-block-paragraph\">L'approche pour pr\u00e9venir le harc\u00e8lement \u00e0 l'\u00e9cole doit \u00eatre globale, et bien que cela d\u00e9passe le cadre du travail de notre Fondation, nos programmes financ\u00e9s comprennent une initiative qui peut contribuer \u00e0 faire une diff\u00e9rence positive : le jardinage scolaire. Poursuivez votre lecture pour en savoir plus sur les raisons pour lesquelles les projets de jardinage scolaire pourraient contribuer \u00e0 faire na\u00eetre une g\u00e9n\u00e9ration d'enfants plus compatissants, bienveillants, collaboratifs et confiants que jamais.<\/p>\n\n\n\n<h2 class=\"wp-block-heading\"><strong>Pourquoi les jardins scolaires devraient \u00eatre consid\u00e9r\u00e9s comme une partie importante des programmes de pr\u00e9vention de l'intimidation dans les \u00e9coles primaires \u00e0 travers le Canada<\/strong><\/h2>\n\n\n\n<!--more-->\n\n\n\n<hr class=\"wp-block-separator has-alpha-channel-opacity\"\/>\n\n\n\n<h3 class=\"wp-block-heading\"><strong>Les jardins scolaires inclusifs enseignent la compassion et la compr\u00e9hension<\/strong><\/h3>\n\n\n\n<p class=\"wp-block-paragraph\">Il est important pour les \u00e9ducateurs et toute personne impliqu\u00e9e dans l'am\u00e9nagement du jardin scolaire de le rendre accessible et inclusif pour tous. Cela permet de niveler le terrain de jeu (pour ainsi dire) afin que personne ne soit laiss\u00e9 pour compte, ou ne se sente exclu. La participation des enfants aux jardins scolaires qui favorisent un environnement de\u00a0<strong>accessibilit\u00e9<\/strong> (en tenant compte des diff\u00e9rences physiques et cognitives) et <strong>diversit\u00e9 multiethnique <\/strong>jeter les bases d'une meilleure estime de soi (plus de d\u00e9tails ci-dessous) ainsi que d'une appr\u00e9ciation et d'une compassion accrues pour les autres. L'inclusivit\u00e9 s'attaque au probl\u00e8me du harc\u00e8lement des deux c\u00f4t\u00e9s du spectre, car c'est l'antagoniste qui a besoin d'aide pour d\u00e9velopper cette appr\u00e9ciation et cette compassion pour les autres. En savoir plus sur\u00a0<a href=\"https:\/\/seewhatgrows.org\/fr\/how-to-make-your-community-school-garden-even-more-inclusive\/\">Comment rendre un jardin scolaire plus inclusif<\/a>.<\/p>\n\n\n\n<h3 class=\"wp-block-heading\"><strong>La participation aux jardins scolaires renforce l'estime de soi<\/strong><\/h3>\n\n\n\n<p class=\"wp-block-paragraph\">Recherche <a href=\"https:\/\/pubmed.ncbi.nlm.nih.gov\/33428081\/\">spectacles<\/a> que les exp\u00e9riences v\u00e9cues \u00e0 l&#x27;adolescence pourraient entra\u00eener des troubles d&#x27;adaptation, tels qu&#x27;une faible estime de soi, ce qui pourrait \u00e0 son tour augmenter le risque d&#x27;\u00eatre victime de harc\u00e8lement. Il appartient \u00e0 toutes les personnes impliqu\u00e9es dans l&#x27;\u00e9ducation des enfants de jouer un r\u00f4le plus proactif dans le renforcement de l&#x27;estime de soi :<\/p>\n\n\n\n<blockquote class=\"wp-block-quote is-layout-flow wp-block-quote-is-layout-flow\">\n<p class=\"wp-block-paragraph\"><em>\u201cNous consid\u00e9rons que les adultes responsables, parents, enseignants et conseillers jouent un r\u00f4le d\u00e9cisif dans le d\u00e9veloppement d'une estime de soi saine et dans l'apprentissage de comp\u00e9tences sociales pertinentes et utiles chez les enfants et les adolescents.\u201d<\/em><\/p>\n<cite><a href=\"https:\/\/files.eric.ed.gov\/fulltext\/EJ1260574.pdf\"><em>Revue des sciences de l'\u00e9ducation<\/em><\/a><\/cite><\/blockquote>\n\n\n\n<p class=\"wp-block-paragraph\"><a href=\"https:\/\/seewhatgrows.org\/fr\/improve-childrens-body-image-through-school-gardening\/\">Des \u00e9tudes ont montr\u00e9 que<\/a>\u00a0que participer (avec des pairs) \u00e0 des projets de jardinage a un impact positif sur l'estime de soi et peut r\u00e9duire les sentiments n\u00e9gatifs et att\u00e9nuer la d\u00e9pression. Alors que les enfants travaillent avec leurs camarades de classe dans le jardin, ils d\u00e9velopperont leur estime de soi et, par cons\u00e9quent, pourraient <a href=\"https:\/\/pubmed.ncbi.nlm.nih.gov\/33428081\/\">moins susceptible d'entrer dans le cycle de la victimisation<\/a>. En lan\u00e7ant un programme de jardinage scolaire, les parents, les \u00e9ducateurs et les administrateurs assument leur responsabilit\u00e9 et offrent aux enfants bien plus qu'une initiative qui dure 7 heures de temps de classe (c'est-\u00e0-dire. <a href=\"https:\/\/en.wikipedia.org\/wiki\/Pink_Shirt_Day\">Journ\u00e9e de la chemise rose<\/a>), ils offrent un produit qui \u00e9voluera avec les enfants tout au long de l'ann\u00e9e scolaire, ann\u00e9e apr\u00e8s ann\u00e9e.<\/p>\n\n\n\n<hr class=\"wp-block-separator has-alpha-channel-opacity\"\/>\n\n\n\n<p class=\"wp-block-paragraph\">La Fondation \u00ab Plantez une graine et voyez ce qui pousse \u00bb a de grands projets pour l'ann\u00e9e \u00e0 venir alors que nous poursuivons notre travail pour promouvoir un mode de vie sain aupr\u00e8s des enfants partout au Canada. Aidez-nous \u00e0 aider la prochaine g\u00e9n\u00e9ration en vous engageant \u00e0 votre tour! Pour en savoir plus\u00a0<a href=\"https:\/\/seewhatgrows.org\/fr\/get-involved\/\">comment vous pouvez participer<\/a>\u00a0l'ann\u00e9e prochaine et au-del\u00e0.<a href=\"https:\/\/www.youtube.com\/playlist?list=PL0j4Y5FzdqV6rEPj05at3cKrY3IgvuJdx\"><\/a><\/p>","protected":false},"excerpt":{"rendered":"<p>Can School Gardens Help Prevent Bullying? It&#8217;s an uncomfortable topics for parents, teachers, school administrators, and adults as a whole. But do you know who it&#8217;s most uncomfortable for? The children who are impacted by it. For this reason we cannot shy away from the fact that despite recent progress in prevention, bullying is still [&hellip;]<\/p>\n","protected":false},"author":3,"featured_media":370655,"comment_status":"closed","ping_status":"closed","sticky":false,"template":"","format":"standard","meta":{"footnotes":""},"categories":[3],"tags":[816,612],"class_list":["post-370651","post","type-post","status-publish","format-standard","has-post-thumbnail","hentry","category-blogs","tag-how-to-prevent-bullying-in-school","tag-school-gardening"],"yoast_head":"<!-- This site is optimized with the Yoast SEO plugin v28.4 - https:\/\/yoast.com\/product\/yoast-seo-wordpress\/ -->\n<title>Can School Gardens Help Prevent Bullying? - Connecting Communities to the Land<\/title>\n<meta name=\"robots\" content=\"index, follow, max-snippet:-1, max-image-preview:large, max-video-preview:-1\" \/>\n<link rel=\"canonical\" href=\"https:\/\/seewhatgrows.org\/fr\/can-school-gardens-help-prevent-bullying\/\" \/>\n<meta property=\"og:locale\" content=\"fr_CA\" \/>\n<meta property=\"og:type\" content=\"article\" \/>\n<meta property=\"og:title\" content=\"Can School Gardens Help Prevent Bullying? - Connecting Communities to the Land\" \/>\n<meta property=\"og:description\" content=\"Can School Gardens Help Prevent Bullying? It&#8217;s an uncomfortable topics for parents, teachers, school administrators, and adults as a whole. But do you know who it&#8217;s most uncomfortable for? The children who are impacted by it. For this reason we cannot shy away from the fact that despite recent progress in prevention, bullying is still [&hellip;]\" \/>\n<meta property=\"og:url\" content=\"https:\/\/seewhatgrows.org\/fr\/can-school-gardens-help-prevent-bullying\/\" \/>\n<meta property=\"og:site_name\" content=\"Connecting Communities to the Land\" \/>\n<meta property=\"article:published_time\" content=\"2024-01-29T03:18:34+00:00\" \/>\n<meta property=\"article:modified_time\" content=\"2024-01-29T03:19:27+00:00\" \/>\n<meta property=\"og:image\" content=\"https:\/\/seewhatgrows.org\/wp-content\/uploads\/2024\/01\/how-to-prevent-bullying-in-school-gardening.jpg\" \/>\n\t<meta property=\"og:image:width\" content=\"1200\" \/>\n\t<meta property=\"og:image:height\" content=\"633\" \/>\n\t<meta property=\"og:image:type\" content=\"image\/jpeg\" \/>\n<meta name=\"author\" content=\"Dennis Charland\" \/>\n<meta name=\"twitter:label1\" content=\"\u00c9crit par\" \/>\n\t<meta name=\"twitter:data1\" content=\"Dennis Charland\" \/>\n\t<meta name=\"twitter:label2\" content=\"Estimation du temps de lecture\" \/>\n\t<meta name=\"twitter:data2\" content=\"3 minutes\" \/>\n<script type=\"application\/ld+json\" class=\"yoast-schema-graph\">{\"@context\":\"https:\\\/\\\/schema.org\",\"@graph\":[{\"@type\":\"Article\",\"@id\":\"https:\\\/\\\/seewhatgrows.org\\\/can-school-gardens-help-prevent-bullying\\\/#article\",\"isPartOf\":{\"@id\":\"https:\\\/\\\/seewhatgrows.org\\\/can-school-gardens-help-prevent-bullying\\\/\"},\"author\":{\"name\":\"Dennis Charland\",\"@id\":\"https:\\\/\\\/seewhatgrows.org\\\/#\\\/schema\\\/person\\\/b68aed2f630ae4c478c9855f63384764\"},\"headline\":\"Can School Gardens Help Prevent Bullying?\",\"datePublished\":\"2024-01-29T03:18:34+00:00\",\"dateModified\":\"2024-01-29T03:19:27+00:00\",\"mainEntityOfPage\":{\"@id\":\"https:\\\/\\\/seewhatgrows.org\\\/can-school-gardens-help-prevent-bullying\\\/\"},\"wordCount\":519,\"publisher\":{\"@id\":\"https:\\\/\\\/seewhatgrows.org\\\/#organization\"},\"image\":{\"@id\":\"https:\\\/\\\/seewhatgrows.org\\\/can-school-gardens-help-prevent-bullying\\\/#primaryimage\"},\"thumbnailUrl\":\"https:\\\/\\\/seewhatgrows.org\\\/wp-content\\\/uploads\\\/2024\\\/01\\\/how-to-prevent-bullying-in-school-gardening.jpg\",\"keywords\":[\"how to prevent bullying in school\",\"School Gardening\"],\"articleSection\":[\"Blogs\"],\"inLanguage\":\"fr-CA\"},{\"@type\":\"WebPage\",\"@id\":\"https:\\\/\\\/seewhatgrows.org\\\/can-school-gardens-help-prevent-bullying\\\/\",\"url\":\"https:\\\/\\\/seewhatgrows.org\\\/can-school-gardens-help-prevent-bullying\\\/\",\"name\":\"Can School Gardens Help Prevent Bullying? - Connecting Communities to the Land\",\"isPartOf\":{\"@id\":\"https:\\\/\\\/seewhatgrows.org\\\/#website\"},\"primaryImageOfPage\":{\"@id\":\"https:\\\/\\\/seewhatgrows.org\\\/can-school-gardens-help-prevent-bullying\\\/#primaryimage\"},\"image\":{\"@id\":\"https:\\\/\\\/seewhatgrows.org\\\/can-school-gardens-help-prevent-bullying\\\/#primaryimage\"},\"thumbnailUrl\":\"https:\\\/\\\/seewhatgrows.org\\\/wp-content\\\/uploads\\\/2024\\\/01\\\/how-to-prevent-bullying-in-school-gardening.jpg\",\"datePublished\":\"2024-01-29T03:18:34+00:00\",\"dateModified\":\"2024-01-29T03:19:27+00:00\",\"breadcrumb\":{\"@id\":\"https:\\\/\\\/seewhatgrows.org\\\/can-school-gardens-help-prevent-bullying\\\/#breadcrumb\"},\"inLanguage\":\"fr-CA\",\"potentialAction\":[{\"@type\":\"ReadAction\",\"target\":[\"https:\\\/\\\/seewhatgrows.org\\\/can-school-gardens-help-prevent-bullying\\\/\"]}]},{\"@type\":\"ImageObject\",\"inLanguage\":\"fr-CA\",\"@id\":\"https:\\\/\\\/seewhatgrows.org\\\/can-school-gardens-help-prevent-bullying\\\/#primaryimage\",\"url\":\"https:\\\/\\\/seewhatgrows.org\\\/wp-content\\\/uploads\\\/2024\\\/01\\\/how-to-prevent-bullying-in-school-gardening.jpg\",\"contentUrl\":\"https:\\\/\\\/seewhatgrows.org\\\/wp-content\\\/uploads\\\/2024\\\/01\\\/how-to-prevent-bullying-in-school-gardening.jpg\",\"width\":1200,\"height\":633,\"caption\":\"how to prevent bullying in school\"},{\"@type\":\"BreadcrumbList\",\"@id\":\"https:\\\/\\\/seewhatgrows.org\\\/can-school-gardens-help-prevent-bullying\\\/#breadcrumb\",\"itemListElement\":[{\"@type\":\"ListItem\",\"position\":1,\"name\":\"Home\",\"item\":\"https:\\\/\\\/seewhatgrows.org\\\/\"},{\"@type\":\"ListItem\",\"position\":2,\"name\":\"Can School Gardens Help Prevent Bullying?\"}]},{\"@type\":\"WebSite\",\"@id\":\"https:\\\/\\\/seewhatgrows.org\\\/#website\",\"url\":\"https:\\\/\\\/seewhatgrows.org\\\/\",\"name\":\"Connecting Communities to the Land\",\"description\":\"Growing healthier communities, one seed at a time with Plant a Seed &amp; See What Grows Foundation\",\"publisher\":{\"@id\":\"https:\\\/\\\/seewhatgrows.org\\\/#organization\"},\"potentialAction\":[{\"@type\":\"SearchAction\",\"target\":{\"@type\":\"EntryPoint\",\"urlTemplate\":\"https:\\\/\\\/seewhatgrows.org\\\/?s={search_term_string}\"},\"query-input\":{\"@type\":\"PropertyValueSpecification\",\"valueRequired\":true,\"valueName\":\"search_term_string\"}}],\"inLanguage\":\"fr-CA\"},{\"@type\":\"Organization\",\"@id\":\"https:\\\/\\\/seewhatgrows.org\\\/#organization\",\"name\":\"Connecting Communities to the Land\",\"url\":\"https:\\\/\\\/seewhatgrows.org\\\/\",\"logo\":{\"@type\":\"ImageObject\",\"inLanguage\":\"fr-CA\",\"@id\":\"https:\\\/\\\/seewhatgrows.org\\\/#\\\/schema\\\/logo\\\/image\\\/\",\"url\":\"https:\\\/\\\/seewhatgrows.org\\\/wp-content\\\/uploads\\\/2026\\\/06\\\/Plant-a-Seed-Logo.png\",\"contentUrl\":\"https:\\\/\\\/seewhatgrows.org\\\/wp-content\\\/uploads\\\/2026\\\/06\\\/Plant-a-Seed-Logo.png\",\"width\":600,\"height\":600,\"caption\":\"Connecting Communities to the Land\"},\"image\":{\"@id\":\"https:\\\/\\\/seewhatgrows.org\\\/#\\\/schema\\\/logo\\\/image\\\/\"}},{\"@type\":\"Person\",\"@id\":\"https:\\\/\\\/seewhatgrows.org\\\/#\\\/schema\\\/person\\\/b68aed2f630ae4c478c9855f63384764\",\"name\":\"Dennis Charland\",\"url\":\"https:\\\/\\\/seewhatgrows.org\\\/fr\\\/author\\\/dennis\\\/\"}]}<\/script>\n<!-- \/ Yoast SEO plugin. -->","yoast_head_json":{"title":"Les jardins scolaires peuvent-ils aider \u00e0 pr\u00e9venir l'intimidation ? - Connecter les communaut\u00e9s \u00e0 la terre","robots":{"index":"index","follow":"follow","max-snippet":"max-snippet:-1","max-image-preview":"max-image-preview:large","max-video-preview":"max-video-preview:-1"},"canonical":"https:\/\/seewhatgrows.org\/fr\/can-school-gardens-help-prevent-bullying\/","og_locale":"fr_CA","og_type":"article","og_title":"Can School Gardens Help Prevent Bullying? - Connecting Communities to the Land","og_description":"Can School Gardens Help Prevent Bullying? It&#8217;s an uncomfortable topics for parents, teachers, school administrators, and adults as a whole. But do you know who it&#8217;s most uncomfortable for? The children who are impacted by it. For this reason we cannot shy away from the fact that despite recent progress in prevention, bullying is still [&hellip;]","og_url":"https:\/\/seewhatgrows.org\/fr\/can-school-gardens-help-prevent-bullying\/","og_site_name":"Connecting Communities to the Land","article_published_time":"2024-01-29T03:18:34+00:00","article_modified_time":"2024-01-29T03:19:27+00:00","og_image":[{"width":1200,"height":633,"url":"https:\/\/seewhatgrows.org\/wp-content\/uploads\/2024\/01\/how-to-prevent-bullying-in-school-gardening.jpg","type":"image\/jpeg"}],"author":"Dennis Charland","twitter_misc":{"\u00c9crit par":"Dennis Charland","Estimation du temps de lecture":"3 minutes"},"schema":{"@context":"https:\/\/schema.org","@graph":[{"@type":"Article","@id":"https:\/\/seewhatgrows.org\/can-school-gardens-help-prevent-bullying\/#article","isPartOf":{"@id":"https:\/\/seewhatgrows.org\/can-school-gardens-help-prevent-bullying\/"},"author":{"name":"Dennis Charland","@id":"https:\/\/seewhatgrows.org\/#\/schema\/person\/b68aed2f630ae4c478c9855f63384764"},"headline":"Can School Gardens Help Prevent Bullying?","datePublished":"2024-01-29T03:18:34+00:00","dateModified":"2024-01-29T03:19:27+00:00","mainEntityOfPage":{"@id":"https:\/\/seewhatgrows.org\/can-school-gardens-help-prevent-bullying\/"},"wordCount":519,"publisher":{"@id":"https:\/\/seewhatgrows.org\/#organization"},"image":{"@id":"https:\/\/seewhatgrows.org\/can-school-gardens-help-prevent-bullying\/#primaryimage"},"thumbnailUrl":"https:\/\/seewhatgrows.org\/wp-content\/uploads\/2024\/01\/how-to-prevent-bullying-in-school-gardening.jpg","keywords":["how to prevent bullying in school","School Gardening"],"articleSection":["Blogs"],"inLanguage":"fr-CA"},{"@type":"WebPage","@id":"https:\/\/seewhatgrows.org\/can-school-gardens-help-prevent-bullying\/","url":"https:\/\/seewhatgrows.org\/can-school-gardens-help-prevent-bullying\/","name":"Les jardins scolaires peuvent-ils aider \u00e0 pr\u00e9venir l'intimidation ? - Connecter les communaut\u00e9s \u00e0 la terre","isPartOf":{"@id":"https:\/\/seewhatgrows.org\/#website"},"primaryImageOfPage":{"@id":"https:\/\/seewhatgrows.org\/can-school-gardens-help-prevent-bullying\/#primaryimage"},"image":{"@id":"https:\/\/seewhatgrows.org\/can-school-gardens-help-prevent-bullying\/#primaryimage"},"thumbnailUrl":"https:\/\/seewhatgrows.org\/wp-content\/uploads\/2024\/01\/how-to-prevent-bullying-in-school-gardening.jpg","datePublished":"2024-01-29T03:18:34+00:00","dateModified":"2024-01-29T03:19:27+00:00","breadcrumb":{"@id":"https:\/\/seewhatgrows.org\/can-school-gardens-help-prevent-bullying\/#breadcrumb"},"inLanguage":"fr-CA","potentialAction":[{"@type":"ReadAction","target":["https:\/\/seewhatgrows.org\/can-school-gardens-help-prevent-bullying\/"]}]},{"@type":"ImageObject","inLanguage":"fr-CA","@id":"https:\/\/seewhatgrows.org\/can-school-gardens-help-prevent-bullying\/#primaryimage","url":"https:\/\/seewhatgrows.org\/wp-content\/uploads\/2024\/01\/how-to-prevent-bullying-in-school-gardening.jpg","contentUrl":"https:\/\/seewhatgrows.org\/wp-content\/uploads\/2024\/01\/how-to-prevent-bullying-in-school-gardening.jpg","width":1200,"height":633,"caption":"how to prevent bullying in school"},{"@type":"BreadcrumbList","@id":"https:\/\/seewhatgrows.org\/can-school-gardens-help-prevent-bullying\/#breadcrumb","itemListElement":[{"@type":"ListItem","position":1,"name":"Home","item":"https:\/\/seewhatgrows.org\/"},{"@type":"ListItem","position":2,"name":"Can School Gardens Help Prevent Bullying?"}]},{"@type":"WebSite","@id":"https:\/\/seewhatgrows.org\/#website","url":"https:\/\/seewhatgrows.org\/","name":"Connecter les communaut\u00e9s \u00e0 la terre","description":"Cultiver des communaut\u00e9s plus saines, une graine \u00e0 la fois avec la Fondation Plant a Seed &amp; See What Grows","publisher":{"@id":"https:\/\/seewhatgrows.org\/#organization"},"potentialAction":[{"@type":"SearchAction","target":{"@type":"EntryPoint","urlTemplate":"https:\/\/seewhatgrows.org\/?s={search_term_string}"},"query-input":{"@type":"PropertyValueSpecification","valueRequired":true,"valueName":"search_term_string"}}],"inLanguage":"fr-CA"},{"@type":"Organization","@id":"https:\/\/seewhatgrows.org\/#organization","name":"Connecter les communaut\u00e9s \u00e0 la terre","url":"https:\/\/seewhatgrows.org\/","logo":{"@type":"ImageObject","inLanguage":"fr-CA","@id":"https:\/\/seewhatgrows.org\/#\/schema\/logo\/image\/","url":"https:\/\/seewhatgrows.org\/wp-content\/uploads\/2026\/06\/Plant-a-Seed-Logo.png","contentUrl":"https:\/\/seewhatgrows.org\/wp-content\/uploads\/2026\/06\/Plant-a-Seed-Logo.png","width":600,"height":600,"caption":"Connecting Communities to the Land"},"image":{"@id":"https:\/\/seewhatgrows.org\/#\/schema\/logo\/image\/"}},{"@type":"Person","@id":"https:\/\/seewhatgrows.org\/#\/schema\/person\/b68aed2f630ae4c478c9855f63384764","name":"Dennis Charland","url":"https:\/\/seewhatgrows.org\/fr\/author\/dennis\/"}]}},"_links":{"self":[{"href":"https:\/\/seewhatgrows.org\/fr\/wp-json\/wp\/v2\/posts\/370651","targetHints":{"allow":["GET"]}}],"collection":[{"href":"https:\/\/seewhatgrows.org\/fr\/wp-json\/wp\/v2\/posts"}],"about":[{"href":"https:\/\/seewhatgrows.org\/fr\/wp-json\/wp\/v2\/types\/post"}],"author":[{"embeddable":true,"href":"https:\/\/seewhatgrows.org\/fr\/wp-json\/wp\/v2\/users\/3"}],"replies":[{"embeddable":true,"href":"https:\/\/seewhatgrows.org\/fr\/wp-json\/wp\/v2\/comments?post=370651"}],"version-history":[{"count":0,"href":"https:\/\/seewhatgrows.org\/fr\/wp-json\/wp\/v2\/posts\/370651\/revisions"}],"wp:featuredmedia":[{"embeddable":true,"href":"https:\/\/seewhatgrows.org\/fr\/wp-json\/wp\/v2\/media\/370655"}],"wp:attachment":[{"href":"https:\/\/seewhatgrows.org\/fr\/wp-json\/wp\/v2\/media?parent=370651"}],"wp:term":[{"taxonomy":"category","embeddable":true,"href":"https:\/\/seewhatgrows.org\/fr\/wp-json\/wp\/v2\/categories?post=370651"},{"taxonomy":"post_tag","embeddable":true,"href":"https:\/\/seewhatgrows.org\/fr\/wp-json\/wp\/v2\/tags?post=370651"}],"curies":[{"name":"bien jou\u00e9","href":"https:\/\/api.w.org\/{rel}","templated":true}]}}