{"id":369725,"date":"2023-11-17T13:14:03","date_gmt":"2023-11-17T21:14:03","guid":{"rendered":"https:\/\/seewhatgrows.org\/?p=369725"},"modified":"2023-11-17T13:14:05","modified_gmt":"2023-11-17T21:14:05","slug":"how-pas-is-helping-those-at-risk-of-food-insecurity","status":"publish","type":"post","link":"https:\/\/seewhatgrows.org\/fr\/how-pas-is-helping-those-at-risk-of-food-insecurity\/","title":{"rendered":"Comment le PAS aide ceux qui risquent de souffrir d'ins\u00e9curit\u00e9 alimentaire"},"content":{"rendered":"<h1 class=\"wp-block-heading has-text-align-center\"><strong>Comment le PAS aide ceux qui risquent le plus l'ins\u00e9curit\u00e9 alimentaire <\/strong><\/h1>\n\n\n\n<figure class=\"wp-block-image aligncenter size-full is-resized\"><img loading=\"lazy\" decoding=\"async\" width=\"1200\" height=\"721\" src=\"https:\/\/seewhatgrows.org\/wp-content\/uploads\/2023\/11\/Helping-Those-Most-at-Risk-of-Food-Insecurity-in-Canada.jpg\" alt=\"Helping Those Most at Risk of Food Insecurity in Canada\" class=\"wp-image-369730\" style=\"aspect-ratio:1.6643550624133148;width:1088px;height:auto\" srcset=\"https:\/\/seewhatgrows.org\/wp-content\/uploads\/2023\/11\/Helping-Those-Most-at-Risk-of-Food-Insecurity-in-Canada.jpg 1200w, https:\/\/seewhatgrows.org\/wp-content\/uploads\/2023\/11\/Helping-Those-Most-at-Risk-of-Food-Insecurity-in-Canada-300x180.jpg 300w, https:\/\/seewhatgrows.org\/wp-content\/uploads\/2023\/11\/Helping-Those-Most-at-Risk-of-Food-Insecurity-in-Canada-1024x615.jpg 1024w, https:\/\/seewhatgrows.org\/wp-content\/uploads\/2023\/11\/Helping-Those-Most-at-Risk-of-Food-Insecurity-in-Canada-768x461.jpg 768w, https:\/\/seewhatgrows.org\/wp-content\/uploads\/2023\/11\/Helping-Those-Most-at-Risk-of-Food-Insecurity-in-Canada-1080x649.jpg 1080w, https:\/\/seewhatgrows.org\/wp-content\/uploads\/2023\/11\/Helping-Those-Most-at-Risk-of-Food-Insecurity-in-Canada-980x589.jpg 980w, https:\/\/seewhatgrows.org\/wp-content\/uploads\/2023\/11\/Helping-Those-Most-at-Risk-of-Food-Insecurity-in-Canada-480x288.jpg 480w\" sizes=\"auto, (max-width: 1200px) 100vw, 1200px\" \/><\/figure>\n\n\n\n<p class=\"wp-block-paragraph\">Cette semaine (14 novembre 2023) Statistique Canada <a href=\"https:\/\/www150.statcan.gc.ca\/n1\/pub\/75-006-x\/2023001\/article\/00013-eng.htm\">publi\u00e9 les r\u00e9sultats<\/a> d'une \u00e9tude qui cherchait \u00e0 mieux comprendre quels m\u00e9nages canadiens sont les plus \u00e0 risque d'ins\u00e9curit\u00e9 alimentaire. Le timing est important \u00e9tant donn\u00e9 que les taux d'inflation \u00e9lev\u00e9s ont consid\u00e9rablement fait augmenter le co\u00fbt des courses \u00e0 l'\u00e9picerie. L'\u00e9tude a identifi\u00e9 quatre types de cat\u00e9gories qui ont fait face, et continuent de faire face, \u00e0 des difficult\u00e9s pour acc\u00e9der \u00e0 des aliments sains. Ci-dessous se trouve un r\u00e9sum\u00e9 de ces cat\u00e9gories ainsi qu'un aper\u00e7u de la mani\u00e8re dont <a href=\"https:\/\/seewhatgrows.org\/fr\/programs\/\">programmes financ\u00e9s<\/a> Aidez la fondation Plant a Seed &amp; see What Grows \u00e0 aider le Canada \u00e0 s'attaquer \u00e0 ce probl\u00e8me tr\u00e8s grave pour les g\u00e9n\u00e9rations actuelles et futures.<\/p>\n\n\n\n<h2 class=\"wp-block-heading\"><strong>Qui est le plus \u00e0 risque d'ins\u00e9curit\u00e9 alimentaire au Canada et comment les programmes financ\u00e9s par notre fondation contribuent \u00e0 faire une diff\u00e9rence<\/strong><\/h2>\n\n\n\n<!--more-->\n\n\n\n<hr class=\"wp-block-separator has-alpha-channel-opacity\"\/>\n\n\n\n<h3 class=\"wp-block-heading\"><strong>M\u00e9nages familiaux dirig\u00e9s par des personnes de 35 \u00e0 44 ans<\/strong><\/h3>\n\n\n\n<p class=\"wp-block-paragraph\">Les recherches de Statistique Canada montrent que <strong>les m\u00e9nages dirig\u00e9s par des personnes \u00e2g\u00e9es de 35 \u00e0 44 ans affichent l'un des taux d'ins\u00e9curit\u00e9 alimentaire les plus \u00e9lev\u00e9s<\/strong>. Il s&#x27;agit de la cat\u00e9gorie des parents ayant de jeunes enfants. Ce groupe repr\u00e9sente 23% des familles ayant d\u00e9clar\u00e9 souffrir d&#x27;ins\u00e9curit\u00e9 alimentaire. En revanche, les m\u00e9nages dirig\u00e9s par des personnes \u00e2g\u00e9es affichent des taux d&#x27;ins\u00e9curit\u00e9 alimentaire plus faibles, \u00e0 10%. Ce chiffre reste toutefois significatif si l&#x27;on consid\u00e8re qu&#x27;il y a environ <a href=\"https:\/\/www150.statcan.gc.ca\/n1\/daily-quotidien\/220427\/dq220427a-eng.htm\">7 millions d'a\u00een\u00e9s au Canada<\/a>, laissant 700 000 personnes sans acc\u00e8s ad\u00e9quat \u00e0 une alimentation nutritive. <\/p>\n\n\n\n<p class=\"wp-block-paragraph\">La Fondation Plant a Seed &amp; See What Grows <a href=\"https:\/\/seewhatgrows.org\/fr\/programs\/\">programmes financ\u00e9s<\/a> aider les parents dans le besoin \u00e0 nourrir leurs enfants. \u00c0 ce jour, nous avons initi\u00e9 <strong>40 jardins scolaires<\/strong> (et ce n'est pas fini) et <strong>a touch\u00e9 pr\u00e8s d'un quart de million d'\u00e9tudiants<\/strong>. Et qu'en est-il du niveau inf\u00e9rieur de l'ins\u00e9curit\u00e9 alimentaire ? Nous sommes \u00e9galement l\u00e0 pour eux (et pour tous les autres), comme nous avons <a href=\"https:\/\/seewhatgrows.org\/fr\/featured-funded-projects-on-the-horizon-for-2020-21\/\">a contribu\u00e9 \u00e0 des programmes de jardins interg\u00e9n\u00e9rationnels<\/a> qui offrent aux personnes \u00e2g\u00e9es l'occasion d'interagir avec les jeunes g\u00e9n\u00e9rations et de partager leurs connaissances et leurs comp\u00e9tences, tout en cultivant des aliments accessibles.<\/p>\n\n\n\n<h3 class=\"wp-block-heading\"><strong>Familles monoparentales<\/strong><\/h3>\n\n\n\n<p class=\"wp-block-paragraph\">Comme on pouvait s\u2019y attendre, les familles monoparentales ont fait \u00e9tat de taux \u00e9lev\u00e9s d\u2019ins\u00e9curit\u00e9 alimentaire. Le taux le plus \u00e9lev\u00e9 (41%) a \u00e9t\u00e9 observ\u00e9 chez les familles dirig\u00e9es par une m\u00e8re seule, ce qui pourrait refl\u00e9ter des diff\u00e9rences entre les sexes en mati\u00e8re de niveaux de revenus. Une fois encore, nous attirons votre attention sur les efforts d\u00e9ploy\u00e9s par notre Fondation pour rendre l\u2019alimentation saine plus accessible en sensibilisant (et en formant) les enfants par le biais de programmes de jardins potagers scolaires. Ces programmes offrent trois avantages cl\u00e9s aux enfants issus de familles monoparentales en situation d\u2019ins\u00e9curit\u00e9 alimentaire, \u00e0 savoir :<\/p>\n\n\n\n<ul class=\"wp-block-list\">\n<li>Fournit aux enfants un acc\u00e8s \u00e0 une alimentation nutritive<\/li>\n\n\n\n<li>Fournit aux enfants un acc\u00e8s \u00e0 la nourriture tout en renfor\u00e7ant leur estime de soi<\/li>\n\n\n\n<li>Offert une exposition \u00e0 des mod\u00e8les positifs pour compenser l'absence d'un parent<\/li>\n<\/ul>\n\n\n\n<p class=\"wp-block-paragraph\">Voir plus sur <a href=\"https:\/\/seewhatgrows.org\/fr\/how-gardens-can-help-kids-in-single-parent-households\/\">Comment les jardins communautaires et scolaires b\u00e9n\u00e9ficient aux enfants de familles monoparentales<\/a>.<\/p>\n\n\n\n<h3 class=\"wp-block-heading\"><strong>Familles autochtones, racis\u00e9es et immigrantes<\/strong><\/h3>\n\n\n\n<p class=\"wp-block-paragraph\">Les familles autochtones du Canada sont pr\u00e8s de deux fois plus susceptibles (38% contre 18%) que les Canadiens non autochtones de souffrir d\u2019ins\u00e9curit\u00e9 alimentaire. De plus, les familles dont le principal soutien de famille est issu d\u2019une minorit\u00e9 racialis\u00e9e font \u00e9tat d\u2019une ins\u00e9curit\u00e9 alimentaire plus \u00e9lev\u00e9e (23% contre 16%) que leurs homologues non racialis\u00e9es et non autochtones, les Canadiens noirs affichant le taux le plus \u00e9lev\u00e9 (38%) au sein de ce groupe. Enfin, les familles d\u2019immigr\u00e9s sont plus susceptibles de d\u00e9clarer une ins\u00e9curit\u00e9 alimentaire que les m\u00e9nages n\u00e9s au Canada, bien que l\u2019\u00e9cart soit moins important (diff\u00e9rentiel de 3%) par rapport aux populations autochtones et racialis\u00e9es du Canada. Les jardins communautaires et scolaires issus des programmes financ\u00e9s par les Fondations contribuent \u00e0 mettre fin \u00e0 l\u2019ins\u00e9curit\u00e9 alimentaire discriminatoire gr\u00e2ce aux mesures suivantes :<\/p>\n\n\n\n<ul class=\"wp-block-list\">\n<li>Int\u00e9grer les concepts de s\u00e9curit\u00e9 alimentaire dans les programmes scolaires inclusifs<\/li>\n\n\n\n<li>Cr\u00e9er des jardins dans les communaut\u00e9s autochtones<\/li>\n<\/ul>\n\n\n\n<p class=\"wp-block-paragraph\"><a href=\"http:\/\/breaking-the-link-between-discrimination-and-food-security-in-canada\/\">En savoir plus<\/a> sur la fa\u00e7on dont nos programmes financ\u00e9s contribuent \u00e0 briser le lien entre discrimination et s\u00e9curit\u00e9 alimentaire au Canada.<sup><a href=\"https:\/\/www150.statcan.gc.ca\/n1\/pub\/75-006-x\/2023001\/article\/00013-eng.htm#n25\"><\/a><\/sup><\/p>\n\n\n\n<h3 class=\"wp-block-heading\"><strong>Chronique au ch\u00f4mage<\/strong><\/h3>\n\n\n\n<p class=\"wp-block-paragraph\">Les foyers dirig\u00e9s par des personnes au ch\u00f4mage de longue dur\u00e9e sont trois fois plus susceptibles de souffrir d'ins\u00e9curit\u00e9 alimentaire. La probabilit\u00e9 d'\u00eatre au ch\u00f4mage et, par cons\u00e9quent, de souffrir d'ins\u00e9curit\u00e9 alimentaire est li\u00e9e \u00e0 la fois \u00e0 un faible niveau d'\u00e9ducation et au statut sur le march\u00e9 du travail. Dans ce contexte, notre Fondation \u0153uvre pour b\u00e2tir un avenir qui favorise l'acc\u00e8s \u00e0 une \u00e9ducation plus accessible. Depuis 2017 <a href=\"https:\/\/seewhatgrows.org\/fr\/programs\/\">nous avons dirig\u00e9<\/a> <strong>Programmes de bourses d'\u00e9tudes<\/strong> qui soutiennent les individus dans la r\u00e9alisation de leurs aspirations acad\u00e9miques. Bien qu'il s'agisse d'une initiative ax\u00e9e sur un \u00e9tudiant \u00e0 la fois, tout ce qui peut \u00eatre fait pour soutenir l'\u00e9ducation et renforcer la situation de la main-d'\u0153uvre est une victoire. Apr\u00e8s tout, un ou plusieurs de ces dipl\u00f4m\u00e9s pourraient bien \u00eatre ceux qui \u00e9limineront l'ins\u00e9curit\u00e9 alimentaire au Canada !  <\/p>\n\n\n\n<hr class=\"wp-block-separator has-alpha-channel-opacity\"\/>\n\n\n\n<p class=\"wp-block-paragraph\">La fondation Plant a Seed &amp; See What Grows \u0153uvre sans rel\u00e2che pour assurer la s\u00e9curit\u00e9 alimentaire des enfants partout au Canada. Nous vous encourageons \u00e0 en savoir plus sur\u00a0<a href=\"https:\/\/seewhatgrows.org\/fr\/programs\/\">nos programmes financ\u00e9s<\/a> et comment montrer son soutien si l'on est en mesure de le faire.<\/p>","protected":false},"excerpt":{"rendered":"<p>How PAS is Helping Those Most at Risk of Food Insecurity This week (November 14 2023) Statistic Canada released the results of a study that sought to gain a better understanding of which Canadian households are more at risk of food insecurity. The timing is important given that high inflation rates have significantly raised the [&hellip;]<\/p>\n","protected":false},"author":3,"featured_media":369730,"comment_status":"closed","ping_status":"closed","sticky":false,"template":"","format":"standard","meta":{"footnotes":""},"categories":[3],"tags":[569],"class_list":["post-369725","post","type-post","status-publish","format-standard","has-post-thumbnail","hentry","category-blogs","tag-food-insecurity-canada"],"yoast_head":"<!-- This site is optimized with the Yoast SEO plugin v28.4 - https:\/\/yoast.com\/product\/yoast-seo-wordpress\/ -->\n<title>Helping Those Most at Risk of Food Insecurity in Canada<\/title>\n<meta name=\"description\" content=\"Who is most at risk of food insecurity in Canada and how Plant a Seed and See What Grow&#039;s funded programs help make a difference.\" \/>\n<meta name=\"robots\" content=\"index, follow, max-snippet:-1, max-image-preview:large, max-video-preview:-1\" \/>\n<link rel=\"canonical\" href=\"https:\/\/seewhatgrows.org\/fr\/how-pas-is-helping-those-at-risk-of-food-insecurity\/\" \/>\n<meta property=\"og:locale\" content=\"fr_CA\" \/>\n<meta property=\"og:type\" content=\"article\" \/>\n<meta property=\"og:title\" content=\"Helping Those Most at Risk of Food Insecurity in Canada\" \/>\n<meta property=\"og:description\" content=\"Who is most at risk of food insecurity in Canada and how Plant a Seed and See What Grow&#039;s funded programs help make a difference.\" \/>\n<meta property=\"og:url\" content=\"https:\/\/seewhatgrows.org\/fr\/how-pas-is-helping-those-at-risk-of-food-insecurity\/\" \/>\n<meta property=\"og:site_name\" content=\"Connecting Communities to the Land\" \/>\n<meta property=\"article:published_time\" content=\"2023-11-17T21:14:03+00:00\" \/>\n<meta property=\"article:modified_time\" content=\"2023-11-17T21:14:05+00:00\" \/>\n<meta property=\"og:image\" content=\"https:\/\/seewhatgrows.org\/wp-content\/uploads\/2023\/11\/Helping-Those-Most-at-Risk-of-Food-Insecurity-in-Canada.jpg\" \/>\n\t<meta property=\"og:image:width\" content=\"1200\" \/>\n\t<meta property=\"og:image:height\" content=\"721\" \/>\n\t<meta property=\"og:image:type\" content=\"image\/jpeg\" \/>\n<meta name=\"author\" content=\"Dennis Charland\" \/>\n<meta name=\"twitter:label1\" content=\"\u00c9crit par\" \/>\n\t<meta name=\"twitter:data1\" content=\"Dennis Charland\" \/>\n\t<meta name=\"twitter:label2\" content=\"Estimation du temps de lecture\" \/>\n\t<meta name=\"twitter:data2\" content=\"4 minutes\" \/>\n<script type=\"application\/ld+json\" class=\"yoast-schema-graph\">{\"@context\":\"https:\\\/\\\/schema.org\",\"@graph\":[{\"@type\":\"Article\",\"@id\":\"https:\\\/\\\/seewhatgrows.org\\\/how-pas-is-helping-those-at-risk-of-food-insecurity\\\/#article\",\"isPartOf\":{\"@id\":\"https:\\\/\\\/seewhatgrows.org\\\/how-pas-is-helping-those-at-risk-of-food-insecurity\\\/\"},\"author\":{\"name\":\"Dennis Charland\",\"@id\":\"https:\\\/\\\/seewhatgrows.org\\\/#\\\/schema\\\/person\\\/b68aed2f630ae4c478c9855f63384764\"},\"headline\":\"How PAS is Helping Those at Risk of Food Insecurity\",\"datePublished\":\"2023-11-17T21:14:03+00:00\",\"dateModified\":\"2023-11-17T21:14:05+00:00\",\"mainEntityOfPage\":{\"@id\":\"https:\\\/\\\/seewhatgrows.org\\\/how-pas-is-helping-those-at-risk-of-food-insecurity\\\/\"},\"wordCount\":719,\"publisher\":{\"@id\":\"https:\\\/\\\/seewhatgrows.org\\\/#organization\"},\"image\":{\"@id\":\"https:\\\/\\\/seewhatgrows.org\\\/how-pas-is-helping-those-at-risk-of-food-insecurity\\\/#primaryimage\"},\"thumbnailUrl\":\"https:\\\/\\\/seewhatgrows.org\\\/wp-content\\\/uploads\\\/2023\\\/11\\\/Helping-Those-Most-at-Risk-of-Food-Insecurity-in-Canada.jpg\",\"keywords\":[\"Food Insecurity Canada\"],\"articleSection\":[\"Blogs\"],\"inLanguage\":\"fr-CA\"},{\"@type\":\"WebPage\",\"@id\":\"https:\\\/\\\/seewhatgrows.org\\\/how-pas-is-helping-those-at-risk-of-food-insecurity\\\/\",\"url\":\"https:\\\/\\\/seewhatgrows.org\\\/how-pas-is-helping-those-at-risk-of-food-insecurity\\\/\",\"name\":\"Helping Those Most at Risk of Food Insecurity in Canada\",\"isPartOf\":{\"@id\":\"https:\\\/\\\/seewhatgrows.org\\\/#website\"},\"primaryImageOfPage\":{\"@id\":\"https:\\\/\\\/seewhatgrows.org\\\/how-pas-is-helping-those-at-risk-of-food-insecurity\\\/#primaryimage\"},\"image\":{\"@id\":\"https:\\\/\\\/seewhatgrows.org\\\/how-pas-is-helping-those-at-risk-of-food-insecurity\\\/#primaryimage\"},\"thumbnailUrl\":\"https:\\\/\\\/seewhatgrows.org\\\/wp-content\\\/uploads\\\/2023\\\/11\\\/Helping-Those-Most-at-Risk-of-Food-Insecurity-in-Canada.jpg\",\"datePublished\":\"2023-11-17T21:14:03+00:00\",\"dateModified\":\"2023-11-17T21:14:05+00:00\",\"description\":\"Who is most at risk of food insecurity in Canada and how Plant a Seed and See What Grow's funded programs help make a difference.\",\"breadcrumb\":{\"@id\":\"https:\\\/\\\/seewhatgrows.org\\\/how-pas-is-helping-those-at-risk-of-food-insecurity\\\/#breadcrumb\"},\"inLanguage\":\"fr-CA\",\"potentialAction\":[{\"@type\":\"ReadAction\",\"target\":[\"https:\\\/\\\/seewhatgrows.org\\\/how-pas-is-helping-those-at-risk-of-food-insecurity\\\/\"]}]},{\"@type\":\"ImageObject\",\"inLanguage\":\"fr-CA\",\"@id\":\"https:\\\/\\\/seewhatgrows.org\\\/how-pas-is-helping-those-at-risk-of-food-insecurity\\\/#primaryimage\",\"url\":\"https:\\\/\\\/seewhatgrows.org\\\/wp-content\\\/uploads\\\/2023\\\/11\\\/Helping-Those-Most-at-Risk-of-Food-Insecurity-in-Canada.jpg\",\"contentUrl\":\"https:\\\/\\\/seewhatgrows.org\\\/wp-content\\\/uploads\\\/2023\\\/11\\\/Helping-Those-Most-at-Risk-of-Food-Insecurity-in-Canada.jpg\",\"width\":1200,\"height\":721,\"caption\":\"Helping Those Most at Risk of Food Insecurity in Canada\"},{\"@type\":\"BreadcrumbList\",\"@id\":\"https:\\\/\\\/seewhatgrows.org\\\/how-pas-is-helping-those-at-risk-of-food-insecurity\\\/#breadcrumb\",\"itemListElement\":[{\"@type\":\"ListItem\",\"position\":1,\"name\":\"Home\",\"item\":\"https:\\\/\\\/seewhatgrows.org\\\/\"},{\"@type\":\"ListItem\",\"position\":2,\"name\":\"How PAS is Helping Those at Risk of Food Insecurity\"}]},{\"@type\":\"WebSite\",\"@id\":\"https:\\\/\\\/seewhatgrows.org\\\/#website\",\"url\":\"https:\\\/\\\/seewhatgrows.org\\\/\",\"name\":\"Connecting Communities to the Land\",\"description\":\"Growing healthier communities, one seed at a time with Plant a Seed &amp; See What Grows Foundation\",\"publisher\":{\"@id\":\"https:\\\/\\\/seewhatgrows.org\\\/#organization\"},\"potentialAction\":[{\"@type\":\"SearchAction\",\"target\":{\"@type\":\"EntryPoint\",\"urlTemplate\":\"https:\\\/\\\/seewhatgrows.org\\\/?s={search_term_string}\"},\"query-input\":{\"@type\":\"PropertyValueSpecification\",\"valueRequired\":true,\"valueName\":\"search_term_string\"}}],\"inLanguage\":\"fr-CA\"},{\"@type\":\"Organization\",\"@id\":\"https:\\\/\\\/seewhatgrows.org\\\/#organization\",\"name\":\"Connecting Communities to the Land\",\"url\":\"https:\\\/\\\/seewhatgrows.org\\\/\",\"logo\":{\"@type\":\"ImageObject\",\"inLanguage\":\"fr-CA\",\"@id\":\"https:\\\/\\\/seewhatgrows.org\\\/#\\\/schema\\\/logo\\\/image\\\/\",\"url\":\"https:\\\/\\\/seewhatgrows.org\\\/wp-content\\\/uploads\\\/2026\\\/06\\\/Plant-a-Seed-Logo.png\",\"contentUrl\":\"https:\\\/\\\/seewhatgrows.org\\\/wp-content\\\/uploads\\\/2026\\\/06\\\/Plant-a-Seed-Logo.png\",\"width\":600,\"height\":600,\"caption\":\"Connecting Communities to the Land\"},\"image\":{\"@id\":\"https:\\\/\\\/seewhatgrows.org\\\/#\\\/schema\\\/logo\\\/image\\\/\"}},{\"@type\":\"Person\",\"@id\":\"https:\\\/\\\/seewhatgrows.org\\\/#\\\/schema\\\/person\\\/b68aed2f630ae4c478c9855f63384764\",\"name\":\"Dennis Charland\",\"url\":\"https:\\\/\\\/seewhatgrows.org\\\/fr\\\/author\\\/dennis\\\/\"}]}<\/script>\n<!-- \/ Yoast SEO plugin. -->","yoast_head_json":{"title":"Aider les personnes les plus expos\u00e9es \u00e0 l'ins\u00e9curit\u00e9 alimentaire au Canada","description":"Qui est le plus \u00e0 risque d'ins\u00e9curit\u00e9 alimentaire au Canada et comment les programmes financ\u00e9s par Plant a Seed and See What Grow contribuent \u00e0 faire une diff\u00e9rence.","robots":{"index":"index","follow":"follow","max-snippet":"max-snippet:-1","max-image-preview":"max-image-preview:large","max-video-preview":"max-video-preview:-1"},"canonical":"https:\/\/seewhatgrows.org\/fr\/how-pas-is-helping-those-at-risk-of-food-insecurity\/","og_locale":"fr_CA","og_type":"article","og_title":"Helping Those Most at Risk of Food Insecurity in Canada","og_description":"Who is most at risk of food insecurity in Canada and how Plant a Seed and See What Grow's funded programs help make a difference.","og_url":"https:\/\/seewhatgrows.org\/fr\/how-pas-is-helping-those-at-risk-of-food-insecurity\/","og_site_name":"Connecting Communities to the Land","article_published_time":"2023-11-17T21:14:03+00:00","article_modified_time":"2023-11-17T21:14:05+00:00","og_image":[{"width":1200,"height":721,"url":"https:\/\/seewhatgrows.org\/wp-content\/uploads\/2023\/11\/Helping-Those-Most-at-Risk-of-Food-Insecurity-in-Canada.jpg","type":"image\/jpeg"}],"author":"Dennis Charland","twitter_misc":{"\u00c9crit par":"Dennis Charland","Estimation du temps de lecture":"4 minutes"},"schema":{"@context":"https:\/\/schema.org","@graph":[{"@type":"Article","@id":"https:\/\/seewhatgrows.org\/how-pas-is-helping-those-at-risk-of-food-insecurity\/#article","isPartOf":{"@id":"https:\/\/seewhatgrows.org\/how-pas-is-helping-those-at-risk-of-food-insecurity\/"},"author":{"name":"Dennis Charland","@id":"https:\/\/seewhatgrows.org\/#\/schema\/person\/b68aed2f630ae4c478c9855f63384764"},"headline":"How PAS is Helping Those at Risk of Food Insecurity","datePublished":"2023-11-17T21:14:03+00:00","dateModified":"2023-11-17T21:14:05+00:00","mainEntityOfPage":{"@id":"https:\/\/seewhatgrows.org\/how-pas-is-helping-those-at-risk-of-food-insecurity\/"},"wordCount":719,"publisher":{"@id":"https:\/\/seewhatgrows.org\/#organization"},"image":{"@id":"https:\/\/seewhatgrows.org\/how-pas-is-helping-those-at-risk-of-food-insecurity\/#primaryimage"},"thumbnailUrl":"https:\/\/seewhatgrows.org\/wp-content\/uploads\/2023\/11\/Helping-Those-Most-at-Risk-of-Food-Insecurity-in-Canada.jpg","keywords":["Food Insecurity Canada"],"articleSection":["Blogs"],"inLanguage":"fr-CA"},{"@type":"WebPage","@id":"https:\/\/seewhatgrows.org\/how-pas-is-helping-those-at-risk-of-food-insecurity\/","url":"https:\/\/seewhatgrows.org\/how-pas-is-helping-those-at-risk-of-food-insecurity\/","name":"Aider les personnes les plus expos\u00e9es \u00e0 l'ins\u00e9curit\u00e9 alimentaire au Canada","isPartOf":{"@id":"https:\/\/seewhatgrows.org\/#website"},"primaryImageOfPage":{"@id":"https:\/\/seewhatgrows.org\/how-pas-is-helping-those-at-risk-of-food-insecurity\/#primaryimage"},"image":{"@id":"https:\/\/seewhatgrows.org\/how-pas-is-helping-those-at-risk-of-food-insecurity\/#primaryimage"},"thumbnailUrl":"https:\/\/seewhatgrows.org\/wp-content\/uploads\/2023\/11\/Helping-Those-Most-at-Risk-of-Food-Insecurity-in-Canada.jpg","datePublished":"2023-11-17T21:14:03+00:00","dateModified":"2023-11-17T21:14:05+00:00","description":"Qui est le plus \u00e0 risque d'ins\u00e9curit\u00e9 alimentaire au Canada et comment les programmes financ\u00e9s par Plant a Seed and See What Grow contribuent \u00e0 faire une diff\u00e9rence.","breadcrumb":{"@id":"https:\/\/seewhatgrows.org\/how-pas-is-helping-those-at-risk-of-food-insecurity\/#breadcrumb"},"inLanguage":"fr-CA","potentialAction":[{"@type":"ReadAction","target":["https:\/\/seewhatgrows.org\/how-pas-is-helping-those-at-risk-of-food-insecurity\/"]}]},{"@type":"ImageObject","inLanguage":"fr-CA","@id":"https:\/\/seewhatgrows.org\/how-pas-is-helping-those-at-risk-of-food-insecurity\/#primaryimage","url":"https:\/\/seewhatgrows.org\/wp-content\/uploads\/2023\/11\/Helping-Those-Most-at-Risk-of-Food-Insecurity-in-Canada.jpg","contentUrl":"https:\/\/seewhatgrows.org\/wp-content\/uploads\/2023\/11\/Helping-Those-Most-at-Risk-of-Food-Insecurity-in-Canada.jpg","width":1200,"height":721,"caption":"Helping Those Most at Risk of Food Insecurity in Canada"},{"@type":"BreadcrumbList","@id":"https:\/\/seewhatgrows.org\/how-pas-is-helping-those-at-risk-of-food-insecurity\/#breadcrumb","itemListElement":[{"@type":"ListItem","position":1,"name":"Home","item":"https:\/\/seewhatgrows.org\/"},{"@type":"ListItem","position":2,"name":"How PAS is Helping Those at Risk of Food Insecurity"}]},{"@type":"WebSite","@id":"https:\/\/seewhatgrows.org\/#website","url":"https:\/\/seewhatgrows.org\/","name":"Connecter les communaut\u00e9s \u00e0 la terre","description":"Cultiver des communaut\u00e9s plus saines, une graine \u00e0 la fois avec la Fondation Plant a Seed &amp; See What Grows","publisher":{"@id":"https:\/\/seewhatgrows.org\/#organization"},"potentialAction":[{"@type":"SearchAction","target":{"@type":"EntryPoint","urlTemplate":"https:\/\/seewhatgrows.org\/?s={search_term_string}"},"query-input":{"@type":"PropertyValueSpecification","valueRequired":true,"valueName":"search_term_string"}}],"inLanguage":"fr-CA"},{"@type":"Organization","@id":"https:\/\/seewhatgrows.org\/#organization","name":"Connecter les communaut\u00e9s \u00e0 la terre","url":"https:\/\/seewhatgrows.org\/","logo":{"@type":"ImageObject","inLanguage":"fr-CA","@id":"https:\/\/seewhatgrows.org\/#\/schema\/logo\/image\/","url":"https:\/\/seewhatgrows.org\/wp-content\/uploads\/2026\/06\/Plant-a-Seed-Logo.png","contentUrl":"https:\/\/seewhatgrows.org\/wp-content\/uploads\/2026\/06\/Plant-a-Seed-Logo.png","width":600,"height":600,"caption":"Connecting Communities to the Land"},"image":{"@id":"https:\/\/seewhatgrows.org\/#\/schema\/logo\/image\/"}},{"@type":"Person","@id":"https:\/\/seewhatgrows.org\/#\/schema\/person\/b68aed2f630ae4c478c9855f63384764","name":"Dennis Charland","url":"https:\/\/seewhatgrows.org\/fr\/author\/dennis\/"}]}},"_links":{"self":[{"href":"https:\/\/seewhatgrows.org\/fr\/wp-json\/wp\/v2\/posts\/369725","targetHints":{"allow":["GET"]}}],"collection":[{"href":"https:\/\/seewhatgrows.org\/fr\/wp-json\/wp\/v2\/posts"}],"about":[{"href":"https:\/\/seewhatgrows.org\/fr\/wp-json\/wp\/v2\/types\/post"}],"author":[{"embeddable":true,"href":"https:\/\/seewhatgrows.org\/fr\/wp-json\/wp\/v2\/users\/3"}],"replies":[{"embeddable":true,"href":"https:\/\/seewhatgrows.org\/fr\/wp-json\/wp\/v2\/comments?post=369725"}],"version-history":[{"count":0,"href":"https:\/\/seewhatgrows.org\/fr\/wp-json\/wp\/v2\/posts\/369725\/revisions"}],"wp:featuredmedia":[{"embeddable":true,"href":"https:\/\/seewhatgrows.org\/fr\/wp-json\/wp\/v2\/media\/369730"}],"wp:attachment":[{"href":"https:\/\/seewhatgrows.org\/fr\/wp-json\/wp\/v2\/media?parent=369725"}],"wp:term":[{"taxonomy":"category","embeddable":true,"href":"https:\/\/seewhatgrows.org\/fr\/wp-json\/wp\/v2\/categories?post=369725"},{"taxonomy":"post_tag","embeddable":true,"href":"https:\/\/seewhatgrows.org\/fr\/wp-json\/wp\/v2\/tags?post=369725"}],"curies":[{"name":"bien jou\u00e9","href":"https:\/\/api.w.org\/{rel}","templated":true}]}}