{"id":368429,"date":"2023-09-26T10:37:21","date_gmt":"2023-09-26T17:37:21","guid":{"rendered":"https:\/\/seewhatgrows.org\/?p=368429"},"modified":"2023-09-26T10:37:52","modified_gmt":"2023-09-26T17:37:52","slug":"when-can-kids-start-gardening","status":"publish","type":"post","link":"https:\/\/seewhatgrows.org\/fr\/when-can-kids-start-gardening\/","title":{"rendered":"\u00c0 quel \u00e2ge les enfants peuvent-ils commencer \u00e0 jardiner ?"},"content":{"rendered":"<h1 class=\"wp-block-heading has-text-align-center\"><strong>Quand les enfants peuvent-ils commencer \u00e0 jardiner<\/strong>?<\/h1>\n\n\n\n<figure class=\"wp-block-image aligncenter size-large\"><img loading=\"lazy\" decoding=\"async\" width=\"1024\" height=\"531\" src=\"https:\/\/seewhatgrows.org\/wp-content\/uploads\/2023\/09\/When-Can-Children-and-Kids-Start-Gardening--1024x531.jpg\" alt=\"When Can Children and Kids Start Gardening\" class=\"wp-image-368432\" srcset=\"https:\/\/seewhatgrows.org\/wp-content\/uploads\/2023\/09\/When-Can-Children-and-Kids-Start-Gardening--1024x531.jpg 1024w, https:\/\/seewhatgrows.org\/wp-content\/uploads\/2023\/09\/When-Can-Children-and-Kids-Start-Gardening--300x156.jpg 300w, https:\/\/seewhatgrows.org\/wp-content\/uploads\/2023\/09\/When-Can-Children-and-Kids-Start-Gardening--768x398.jpg 768w, https:\/\/seewhatgrows.org\/wp-content\/uploads\/2023\/09\/When-Can-Children-and-Kids-Start-Gardening--1080x560.jpg 1080w, https:\/\/seewhatgrows.org\/wp-content\/uploads\/2023\/09\/When-Can-Children-and-Kids-Start-Gardening--980x508.jpg 980w, https:\/\/seewhatgrows.org\/wp-content\/uploads\/2023\/09\/When-Can-Children-and-Kids-Start-Gardening--480x249.jpg 480w, https:\/\/seewhatgrows.org\/wp-content\/uploads\/2023\/09\/When-Can-Children-and-Kids-Start-Gardening-.jpg 1200w\" sizes=\"auto, (max-width: 1024px) 100vw, 1024px\" \/><\/figure>\n\n\n\n<p class=\"wp-block-paragraph\">Laissez-nous vous emmener dans un petit exercice. Ce sera bref, c'est promis ! Ouvrez votre barre de recherche Google (ou BING si vous pr\u00e9f\u00e9rez) et commencez \u00e0 taper <em>\u201c quand est-ce que les enfants peuvent commencer... \u201d <\/em>et vous d\u00e9couvrirez le moteur de recherche compl\u00e9ter automatiquement une vari\u00e9t\u00e9 de questions que les parents, tuteurs et \u00e9ducateurs posent r\u00e9guli\u00e8rement \u00e0 l'\u00e9ther num\u00e9rique. Tenez, laissez-nous le faire pour vous (nous savons que vous \u00eates occup\u00e9) :<\/p>\n\n\n\n<figure class=\"wp-block-image aligncenter size-full is-resized\"><img loading=\"lazy\" decoding=\"async\" src=\"https:\/\/seewhatgrows.org\/wp-content\/uploads\/2023\/09\/When-Can-Kids-Start-Gardening.png\" alt=\"When Can Kids Start Gardening\" class=\"wp-image-368430\" style=\"width:1088px;height:474px\" width=\"1088\" height=\"474\" srcset=\"https:\/\/seewhatgrows.org\/wp-content\/uploads\/2023\/09\/When-Can-Kids-Start-Gardening.png 1200w, https:\/\/seewhatgrows.org\/wp-content\/uploads\/2023\/09\/When-Can-Kids-Start-Gardening-300x131.png 300w, https:\/\/seewhatgrows.org\/wp-content\/uploads\/2023\/09\/When-Can-Kids-Start-Gardening-1024x446.png 1024w, https:\/\/seewhatgrows.org\/wp-content\/uploads\/2023\/09\/When-Can-Kids-Start-Gardening-768x335.png 768w, https:\/\/seewhatgrows.org\/wp-content\/uploads\/2023\/09\/When-Can-Kids-Start-Gardening-1080x471.png 1080w, https:\/\/seewhatgrows.org\/wp-content\/uploads\/2023\/09\/When-Can-Kids-Start-Gardening-980x427.png 980w, https:\/\/seewhatgrows.org\/wp-content\/uploads\/2023\/09\/When-Can-Kids-Start-Gardening-480x209.png 480w\" sizes=\"auto, (max-width: 1088px) 100vw, 1088px\" \/><\/figure>\n\n\n\n<p class=\"wp-block-paragraph\">Parmi les expressions de recherche les plus courantes au Canada, six sont particuli\u00e8rement r\u00e9v\u00e9latrices. Celles-ci comprennent les suivantes :<\/p>\n\n\n\n<ul class=\"wp-block-list\">\n<li>\u00c0 quel \u00e2ge les enfants peuvent-ils commencer l'\u00e9cole maternelle ?<\/li>\n\n\n\n<li>\u00c0 quel \u00e2ge les enfants peuvent-ils entrer \u00e0 la maternelle ?<\/li>\n\n\n\n<li>\u00c0 quel \u00e2ge les enfants peuvent-ils commencer l'\u00e9cole ?<\/li>\n\n\n\n<li>\u00c0 quel \u00e2ge les enfants peuvent-ils commencer \u00e0 travailler ?<\/li>\n\n\n\n<li>\u00c0 quel \u00e2ge les enfants peuvent-ils commencer \u00e0 faire de la musculation ?<\/li>\n\n\n\n<li>\u00c0 quel \u00e2ge les enfants peuvent-ils commencer \u00e0 prendre des vitamines ?<\/li>\n<\/ul>\n\n\n\n<p class=\"wp-block-paragraph\">Ces six termes fr\u00e9quemment recherch\u00e9s nous indiquent que les parents, les tuteurs et les \u00e9ducateurs se demandent quand ils peuvent commencer \u00e0 stimuler le d\u00e9veloppement cognitif, social, physique et nutritionnel de leurs enfants. Cela nous am\u00e8ne au sujet d'aujourd'hui (oui, nous y venons) qui aborde la question de savoir quand les enfants peuvent commencer \u00e0 faire du jardinage. Notre r\u00e9ponse est simple : aujourd'hui ! Vous trouverez ci-dessous une analyse d\u00e9taill\u00e9e expliquant pourquoi c'est si important, bas\u00e9e sur <em>votre<\/em> sa propre qu\u00eate de r\u00e9ponses.<\/p>\n\n\n\n<h2 class=\"wp-block-heading\"><strong>3 raisons pour lesquelles vos jeunes enfants devraient commencer d\u00e8s aujourd&#x27;hui \u00e0 s&#x27;initier au jardinage<\/strong><\/h2>\n\n\n\n<!--more-->\n\n\n\n<hr class=\"wp-block-separator has-alpha-channel-opacity\"\/>\n\n\n\n<h3 class=\"wp-block-heading\"><strong>Cela leur donne un avantage \u00e0 l&#x27;\u00e9cole<\/strong><\/h3>\n\n\n\n<p class=\"wp-block-paragraph\">Ceux d'entre vous qui cherchent des informations sur l'\u00e2ge auquel leurs jeunes enfants peuvent commencer l'\u00e9cole maternelle et le jardin d'enfants seront ravis d'apprendre que le jardinage est une \u00e9ducation. D\u00e8s le plus jeune \u00e2ge, le jardinage leur enseigne non seulement la durabilit\u00e9 et le processus de la graine \u00e0 l'assiette, mais il plonge \u00e9galement au c\u0153ur des concepts de la science, de la g\u00e9ologie, des math\u00e9matiques (mesure de l'eau et de la distribution des graines, etc.) et bien plus encore. En fait, <a href=\"https:\/\/amshq.org\/Blog\/2022-07-25-The-Benefits-of-Gardening-with-Preschoolers#:~:text=Studies%20show%20that%20gardening%20increases,)%2C%20and%20the%20scientific%20method.\" target=\"_blank\" rel=\"noreferrer noopener nofollow\">Les recherches montrent<\/a> ce jardinage <strong>am\u00e9liore les scores aux tests standardis\u00e9s<\/strong> en mati\u00e8re d\u2019entr\u00e9e \u00e0 l\u2019\u00e9cole et de progression scolaire, ce qui est directement li\u00e9 aux questions concernant l\u2019\u00e2ge auquel les enfants peuvent commencer l\u2019\u00e9cole maternelle et le jardin d\u2019enfants. M\u00eame s\u2019il s\u2019agit de \u201c tout petits \u201d b\u00e9b\u00e9s aux t\u00eates qui vacillent, pleins de joie, il est important de les emmener dans le jardin pour qu\u2019ils d\u00e9couvrent les images et les sons, en particulier les couleurs. D\u00e8s l\u2019\u00e2ge de 3 mois, les b\u00e9b\u00e9s commencent \u00e0 percevoir les couleurs dans toute leur splendeur. Les exposer \u00e0 <strong>couleurs primaires vives<\/strong> Les couleurs rouge (tomates m\u00fbres et fraises), jaune (tournesols) et bleu (le ciel au-dessus) rev\u00eatent une importance capitale pour leur d\u00e9veloppement, d\u00e8s les premiers stades et au-del\u00e0.<\/p>\n\n\n\n<h3 class=\"wp-block-heading\"><strong>Leur donne une longueur d'avance pour leurs futures carri\u00e8res<\/strong><\/h3>\n\n\n\n<p class=\"wp-block-paragraph\">Est-ce que nous allons un peu trop vite en besogne ? Apr\u00e8s tout, nous parlions tout juste de l\u2019entr\u00e9e \u00e0 l\u2019\u00e9cole maternelle. Bon, pour \u00eatre honn\u00eate, nous abordons maintenant une question fr\u00e9quemment recherch\u00e9e : \u00e0 partir de quand les enfants peuvent-ils commencer \u00e0 travailler ? Une fois de plus, nous constatons que le jardinage leur donnera une longueur d\u2019avance sur leurs camarades qui n\u2019ont pas eu la chance de d\u00e9couvrir le travail dans un jardin familial, communautaire ou scolaire. Que ce soit en jardinant en famille, avec des membres de la communaut\u00e9 ou avec leurs camarades de classe, les enfants acqui\u00e8rent des comp\u00e9tences et des notions pr\u00e9cieuses qui leur serviront dans leur future carri\u00e8re et leur permettront de r\u00e9ussir. Parmi celles-ci figurent le d\u00e9veloppement du sens des responsabilit\u00e9s, la planification de projets et la gestion du temps, ainsi que la communication interpersonnelle et la capacit\u00e9 \u00e0 travailler avec les autres, tant en suivant des consignes <em>et<\/em> capacit\u00e9 de leadership.<\/p>\n\n\n\n<h3 class=\"wp-block-heading\"><strong>Cela leur conf\u00e8re un avantage physique<\/strong> <strong>Aussi<\/strong><\/h3>\n\n\n\n<p class=\"wp-block-paragraph\">Qu'en est-il de ceux qui recherchent des informations sur l'\u00e2ge auquel les enfants peuvent commencer \u00e0 faire du sport et \u00e0 prendre des vitamines ? Il n'est pas difficile de tracer un lien direct entre une implication pr\u00e9coce dans le jardinage et le d\u00e9veloppement pr\u00e9coce de la sant\u00e9 physique et du bien-\u00eatre. Pour commencer, un <a href=\"https:\/\/www.eatright.org\/food\/planning\/food-security-and-sustainability\/kids-in-the-garden-nutritious-and-fun#:~:text=An%20expanding%20body%20of%20research,resourceful%20and%20gain%20self%2Dconfidence.\">un vaste ensemble de recherches montre<\/a> que lorsque les enfants aident \u00e0 cultiver des fruits et des l\u00e9gumes, ils sont plus susceptibles d'en consommer davantage et d'en essayer de diff\u00e9rentes sortes. Cela leur apporte la majeure partie (sinon la totalit\u00e9) des vitamines dont un enfant moyen a besoin. Et en ce qui concerne l\u201c\u201dentra\u00eenement\", l'acte de jardiner et tous les mouvements physiques li\u00e9s au fait de se pencher, de soulever et de porter (avec une bonne posture, bien s\u00fbr), ainsi que de creuser, rater, b\u00eacher et bien plus encore, feront concurrence aux adeptes du CrossFit du coin. <\/p>\n\n\n\n<hr class=\"wp-block-separator has-alpha-channel-opacity\"\/>\n\n\n\n<p class=\"wp-block-paragraph\"><\/p>\n\n\n\n<p class=\"wp-block-paragraph\">\u00c0 quel \u00e2ge les enfants peuvent-ils commencer \u00e0 faire du jardinage ? Si vous voulez leur donner une longueur d'avance sur le plan de la sant\u00e9, vous devriez les y faire participer d\u00e8s que vous aurez fini de lire ceci.<\/p>\n\n\n\n<p class=\"wp-block-paragraph\">Euh\u2026 qu'est-ce que tu attends !?<\/p>","protected":false},"excerpt":{"rendered":"<p>When Can Kids Start Gardening? Allow us to take you on a little exercise. It&#8217;ll be brief, we promise! Open up your Google (or BING if you prefer) search bar and start typing in &#8220;when can kids start&#8230;&#8221; and you&#8217;ll discover the search engine autocomplete a variety of questions that parents, guardians, and educators ask [&hellip;]<\/p>\n","protected":false},"author":3,"featured_media":368432,"comment_status":"closed","ping_status":"closed","sticky":false,"template":"","format":"standard","meta":{"footnotes":""},"categories":[3],"tags":[807],"class_list":["post-368429","post","type-post","status-publish","format-standard","has-post-thumbnail","hentry","category-blogs","tag-when-can-kids-start-gardening"],"yoast_head":"<!-- This site is optimized with the Yoast SEO plugin v28.4 - https:\/\/yoast.com\/product\/yoast-seo-wordpress\/ -->\n<title>When Can Kids Start Gardening?<\/title>\n<meta name=\"description\" content=\"3 reasons why your young children should start getting involved in gardening today, from Canada&#039;s Plant a Seed and See What Grows Foundation.\" \/>\n<meta name=\"robots\" content=\"index, follow, max-snippet:-1, max-image-preview:large, max-video-preview:-1\" \/>\n<link rel=\"canonical\" href=\"https:\/\/seewhatgrows.org\/fr\/when-can-kids-start-gardening\/\" \/>\n<meta property=\"og:locale\" content=\"fr_CA\" \/>\n<meta property=\"og:type\" content=\"article\" \/>\n<meta property=\"og:title\" content=\"When Can Kids Start Gardening?\" \/>\n<meta property=\"og:description\" content=\"3 reasons why your young children should start getting involved in gardening today, from Canada&#039;s Plant a Seed and See What Grows Foundation.\" \/>\n<meta property=\"og:url\" content=\"https:\/\/seewhatgrows.org\/fr\/when-can-kids-start-gardening\/\" \/>\n<meta property=\"og:site_name\" content=\"Connecting Communities to the Land\" \/>\n<meta property=\"article:published_time\" content=\"2023-09-26T17:37:21+00:00\" \/>\n<meta property=\"article:modified_time\" content=\"2023-09-26T17:37:52+00:00\" \/>\n<meta property=\"og:image\" content=\"https:\/\/seewhatgrows.org\/wp-content\/uploads\/2023\/09\/When-Can-Children-and-Kids-Start-Gardening-.jpg\" \/>\n\t<meta property=\"og:image:width\" content=\"1200\" \/>\n\t<meta property=\"og:image:height\" content=\"622\" \/>\n\t<meta property=\"og:image:type\" content=\"image\/jpeg\" \/>\n<meta name=\"author\" content=\"Dennis Charland\" \/>\n<meta name=\"twitter:label1\" content=\"\u00c9crit par\" \/>\n\t<meta name=\"twitter:data1\" content=\"Dennis Charland\" \/>\n\t<meta name=\"twitter:label2\" content=\"Estimation du temps de lecture\" \/>\n\t<meta name=\"twitter:data2\" content=\"4 minutes\" \/>\n<script type=\"application\/ld+json\" class=\"yoast-schema-graph\">{\"@context\":\"https:\\\/\\\/schema.org\",\"@graph\":[{\"@type\":\"Article\",\"@id\":\"https:\\\/\\\/seewhatgrows.org\\\/when-can-kids-start-gardening\\\/#article\",\"isPartOf\":{\"@id\":\"https:\\\/\\\/seewhatgrows.org\\\/when-can-kids-start-gardening\\\/\"},\"author\":{\"name\":\"Dennis Charland\",\"@id\":\"https:\\\/\\\/seewhatgrows.org\\\/#\\\/schema\\\/person\\\/b68aed2f630ae4c478c9855f63384764\"},\"headline\":\"When Can Kids Start Gardening?\",\"datePublished\":\"2023-09-26T17:37:21+00:00\",\"dateModified\":\"2023-09-26T17:37:52+00:00\",\"mainEntityOfPage\":{\"@id\":\"https:\\\/\\\/seewhatgrows.org\\\/when-can-kids-start-gardening\\\/\"},\"wordCount\":684,\"publisher\":{\"@id\":\"https:\\\/\\\/seewhatgrows.org\\\/#organization\"},\"image\":{\"@id\":\"https:\\\/\\\/seewhatgrows.org\\\/when-can-kids-start-gardening\\\/#primaryimage\"},\"thumbnailUrl\":\"https:\\\/\\\/seewhatgrows.org\\\/wp-content\\\/uploads\\\/2023\\\/09\\\/When-Can-Children-and-Kids-Start-Gardening-.jpg\",\"keywords\":[\"When Can Kids Start Gardening\"],\"articleSection\":[\"Blogs\"],\"inLanguage\":\"fr-CA\"},{\"@type\":\"WebPage\",\"@id\":\"https:\\\/\\\/seewhatgrows.org\\\/when-can-kids-start-gardening\\\/\",\"url\":\"https:\\\/\\\/seewhatgrows.org\\\/when-can-kids-start-gardening\\\/\",\"name\":\"When Can Kids Start Gardening?\",\"isPartOf\":{\"@id\":\"https:\\\/\\\/seewhatgrows.org\\\/#website\"},\"primaryImageOfPage\":{\"@id\":\"https:\\\/\\\/seewhatgrows.org\\\/when-can-kids-start-gardening\\\/#primaryimage\"},\"image\":{\"@id\":\"https:\\\/\\\/seewhatgrows.org\\\/when-can-kids-start-gardening\\\/#primaryimage\"},\"thumbnailUrl\":\"https:\\\/\\\/seewhatgrows.org\\\/wp-content\\\/uploads\\\/2023\\\/09\\\/When-Can-Children-and-Kids-Start-Gardening-.jpg\",\"datePublished\":\"2023-09-26T17:37:21+00:00\",\"dateModified\":\"2023-09-26T17:37:52+00:00\",\"description\":\"3 reasons why your young children should start getting involved in gardening today, from Canada's Plant a Seed and See What Grows Foundation.\",\"breadcrumb\":{\"@id\":\"https:\\\/\\\/seewhatgrows.org\\\/when-can-kids-start-gardening\\\/#breadcrumb\"},\"inLanguage\":\"fr-CA\",\"potentialAction\":[{\"@type\":\"ReadAction\",\"target\":[\"https:\\\/\\\/seewhatgrows.org\\\/when-can-kids-start-gardening\\\/\"]}]},{\"@type\":\"ImageObject\",\"inLanguage\":\"fr-CA\",\"@id\":\"https:\\\/\\\/seewhatgrows.org\\\/when-can-kids-start-gardening\\\/#primaryimage\",\"url\":\"https:\\\/\\\/seewhatgrows.org\\\/wp-content\\\/uploads\\\/2023\\\/09\\\/When-Can-Children-and-Kids-Start-Gardening-.jpg\",\"contentUrl\":\"https:\\\/\\\/seewhatgrows.org\\\/wp-content\\\/uploads\\\/2023\\\/09\\\/When-Can-Children-and-Kids-Start-Gardening-.jpg\",\"width\":1200,\"height\":622,\"caption\":\"When Can Children and Kids Start Gardening\"},{\"@type\":\"BreadcrumbList\",\"@id\":\"https:\\\/\\\/seewhatgrows.org\\\/when-can-kids-start-gardening\\\/#breadcrumb\",\"itemListElement\":[{\"@type\":\"ListItem\",\"position\":1,\"name\":\"Home\",\"item\":\"https:\\\/\\\/seewhatgrows.org\\\/\"},{\"@type\":\"ListItem\",\"position\":2,\"name\":\"When Can Kids Start Gardening?\"}]},{\"@type\":\"WebSite\",\"@id\":\"https:\\\/\\\/seewhatgrows.org\\\/#website\",\"url\":\"https:\\\/\\\/seewhatgrows.org\\\/\",\"name\":\"Connecting Communities to the Land\",\"description\":\"Growing healthier communities, one seed at a time with Plant a Seed &amp; See What Grows Foundation\",\"publisher\":{\"@id\":\"https:\\\/\\\/seewhatgrows.org\\\/#organization\"},\"potentialAction\":[{\"@type\":\"SearchAction\",\"target\":{\"@type\":\"EntryPoint\",\"urlTemplate\":\"https:\\\/\\\/seewhatgrows.org\\\/?s={search_term_string}\"},\"query-input\":{\"@type\":\"PropertyValueSpecification\",\"valueRequired\":true,\"valueName\":\"search_term_string\"}}],\"inLanguage\":\"fr-CA\"},{\"@type\":\"Organization\",\"@id\":\"https:\\\/\\\/seewhatgrows.org\\\/#organization\",\"name\":\"Connecting Communities to the Land\",\"url\":\"https:\\\/\\\/seewhatgrows.org\\\/\",\"logo\":{\"@type\":\"ImageObject\",\"inLanguage\":\"fr-CA\",\"@id\":\"https:\\\/\\\/seewhatgrows.org\\\/#\\\/schema\\\/logo\\\/image\\\/\",\"url\":\"https:\\\/\\\/seewhatgrows.org\\\/wp-content\\\/uploads\\\/2026\\\/06\\\/Plant-a-Seed-Logo.png\",\"contentUrl\":\"https:\\\/\\\/seewhatgrows.org\\\/wp-content\\\/uploads\\\/2026\\\/06\\\/Plant-a-Seed-Logo.png\",\"width\":600,\"height\":600,\"caption\":\"Connecting Communities to the Land\"},\"image\":{\"@id\":\"https:\\\/\\\/seewhatgrows.org\\\/#\\\/schema\\\/logo\\\/image\\\/\"}},{\"@type\":\"Person\",\"@id\":\"https:\\\/\\\/seewhatgrows.org\\\/#\\\/schema\\\/person\\\/b68aed2f630ae4c478c9855f63384764\",\"name\":\"Dennis Charland\",\"url\":\"https:\\\/\\\/seewhatgrows.org\\\/fr\\\/author\\\/dennis\\\/\"}]}<\/script>\n<!-- \/ Yoast SEO plugin. -->","yoast_head_json":{"title":"\u00c0 quel \u00e2ge les enfants peuvent-ils commencer \u00e0 jardiner ?","description":"3 raisons pour lesquelles vos jeunes enfants devraient commencer \u00e0 s'int\u00e9resser au jardinage d\u00e8s aujourd'hui, selon la fondation canadienne Plant a Seed and See What Grows.","robots":{"index":"index","follow":"follow","max-snippet":"max-snippet:-1","max-image-preview":"max-image-preview:large","max-video-preview":"max-video-preview:-1"},"canonical":"https:\/\/seewhatgrows.org\/fr\/when-can-kids-start-gardening\/","og_locale":"fr_CA","og_type":"article","og_title":"When Can Kids Start Gardening?","og_description":"3 reasons why your young children should start getting involved in gardening today, from Canada's Plant a Seed and See What Grows Foundation.","og_url":"https:\/\/seewhatgrows.org\/fr\/when-can-kids-start-gardening\/","og_site_name":"Connecting Communities to the Land","article_published_time":"2023-09-26T17:37:21+00:00","article_modified_time":"2023-09-26T17:37:52+00:00","og_image":[{"width":1200,"height":622,"url":"https:\/\/seewhatgrows.org\/wp-content\/uploads\/2023\/09\/When-Can-Children-and-Kids-Start-Gardening-.jpg","type":"image\/jpeg"}],"author":"Dennis Charland","twitter_misc":{"\u00c9crit par":"Dennis Charland","Estimation du temps de lecture":"4 minutes"},"schema":{"@context":"https:\/\/schema.org","@graph":[{"@type":"Article","@id":"https:\/\/seewhatgrows.org\/when-can-kids-start-gardening\/#article","isPartOf":{"@id":"https:\/\/seewhatgrows.org\/when-can-kids-start-gardening\/"},"author":{"name":"Dennis Charland","@id":"https:\/\/seewhatgrows.org\/#\/schema\/person\/b68aed2f630ae4c478c9855f63384764"},"headline":"When Can Kids Start Gardening?","datePublished":"2023-09-26T17:37:21+00:00","dateModified":"2023-09-26T17:37:52+00:00","mainEntityOfPage":{"@id":"https:\/\/seewhatgrows.org\/when-can-kids-start-gardening\/"},"wordCount":684,"publisher":{"@id":"https:\/\/seewhatgrows.org\/#organization"},"image":{"@id":"https:\/\/seewhatgrows.org\/when-can-kids-start-gardening\/#primaryimage"},"thumbnailUrl":"https:\/\/seewhatgrows.org\/wp-content\/uploads\/2023\/09\/When-Can-Children-and-Kids-Start-Gardening-.jpg","keywords":["When Can Kids Start Gardening"],"articleSection":["Blogs"],"inLanguage":"fr-CA"},{"@type":"WebPage","@id":"https:\/\/seewhatgrows.org\/when-can-kids-start-gardening\/","url":"https:\/\/seewhatgrows.org\/when-can-kids-start-gardening\/","name":"\u00c0 quel \u00e2ge les enfants peuvent-ils commencer \u00e0 jardiner ?","isPartOf":{"@id":"https:\/\/seewhatgrows.org\/#website"},"primaryImageOfPage":{"@id":"https:\/\/seewhatgrows.org\/when-can-kids-start-gardening\/#primaryimage"},"image":{"@id":"https:\/\/seewhatgrows.org\/when-can-kids-start-gardening\/#primaryimage"},"thumbnailUrl":"https:\/\/seewhatgrows.org\/wp-content\/uploads\/2023\/09\/When-Can-Children-and-Kids-Start-Gardening-.jpg","datePublished":"2023-09-26T17:37:21+00:00","dateModified":"2023-09-26T17:37:52+00:00","description":"3 raisons pour lesquelles vos jeunes enfants devraient commencer \u00e0 s'int\u00e9resser au jardinage d\u00e8s aujourd'hui, selon la fondation canadienne Plant a Seed and See What Grows.","breadcrumb":{"@id":"https:\/\/seewhatgrows.org\/when-can-kids-start-gardening\/#breadcrumb"},"inLanguage":"fr-CA","potentialAction":[{"@type":"ReadAction","target":["https:\/\/seewhatgrows.org\/when-can-kids-start-gardening\/"]}]},{"@type":"ImageObject","inLanguage":"fr-CA","@id":"https:\/\/seewhatgrows.org\/when-can-kids-start-gardening\/#primaryimage","url":"https:\/\/seewhatgrows.org\/wp-content\/uploads\/2023\/09\/When-Can-Children-and-Kids-Start-Gardening-.jpg","contentUrl":"https:\/\/seewhatgrows.org\/wp-content\/uploads\/2023\/09\/When-Can-Children-and-Kids-Start-Gardening-.jpg","width":1200,"height":622,"caption":"When Can Children and Kids Start Gardening"},{"@type":"BreadcrumbList","@id":"https:\/\/seewhatgrows.org\/when-can-kids-start-gardening\/#breadcrumb","itemListElement":[{"@type":"ListItem","position":1,"name":"Home","item":"https:\/\/seewhatgrows.org\/"},{"@type":"ListItem","position":2,"name":"When Can Kids Start Gardening?"}]},{"@type":"WebSite","@id":"https:\/\/seewhatgrows.org\/#website","url":"https:\/\/seewhatgrows.org\/","name":"Connecter les communaut\u00e9s \u00e0 la terre","description":"Cultiver des communaut\u00e9s plus saines, une graine \u00e0 la fois avec la Fondation Plant a Seed &amp; See What Grows","publisher":{"@id":"https:\/\/seewhatgrows.org\/#organization"},"potentialAction":[{"@type":"SearchAction","target":{"@type":"EntryPoint","urlTemplate":"https:\/\/seewhatgrows.org\/?s={search_term_string}"},"query-input":{"@type":"PropertyValueSpecification","valueRequired":true,"valueName":"search_term_string"}}],"inLanguage":"fr-CA"},{"@type":"Organization","@id":"https:\/\/seewhatgrows.org\/#organization","name":"Connecter les communaut\u00e9s \u00e0 la terre","url":"https:\/\/seewhatgrows.org\/","logo":{"@type":"ImageObject","inLanguage":"fr-CA","@id":"https:\/\/seewhatgrows.org\/#\/schema\/logo\/image\/","url":"https:\/\/seewhatgrows.org\/wp-content\/uploads\/2026\/06\/Plant-a-Seed-Logo.png","contentUrl":"https:\/\/seewhatgrows.org\/wp-content\/uploads\/2026\/06\/Plant-a-Seed-Logo.png","width":600,"height":600,"caption":"Connecting Communities to the Land"},"image":{"@id":"https:\/\/seewhatgrows.org\/#\/schema\/logo\/image\/"}},{"@type":"Person","@id":"https:\/\/seewhatgrows.org\/#\/schema\/person\/b68aed2f630ae4c478c9855f63384764","name":"Dennis Charland","url":"https:\/\/seewhatgrows.org\/fr\/author\/dennis\/"}]}},"_links":{"self":[{"href":"https:\/\/seewhatgrows.org\/fr\/wp-json\/wp\/v2\/posts\/368429","targetHints":{"allow":["GET"]}}],"collection":[{"href":"https:\/\/seewhatgrows.org\/fr\/wp-json\/wp\/v2\/posts"}],"about":[{"href":"https:\/\/seewhatgrows.org\/fr\/wp-json\/wp\/v2\/types\/post"}],"author":[{"embeddable":true,"href":"https:\/\/seewhatgrows.org\/fr\/wp-json\/wp\/v2\/users\/3"}],"replies":[{"embeddable":true,"href":"https:\/\/seewhatgrows.org\/fr\/wp-json\/wp\/v2\/comments?post=368429"}],"version-history":[{"count":0,"href":"https:\/\/seewhatgrows.org\/fr\/wp-json\/wp\/v2\/posts\/368429\/revisions"}],"wp:featuredmedia":[{"embeddable":true,"href":"https:\/\/seewhatgrows.org\/fr\/wp-json\/wp\/v2\/media\/368432"}],"wp:attachment":[{"href":"https:\/\/seewhatgrows.org\/fr\/wp-json\/wp\/v2\/media?parent=368429"}],"wp:term":[{"taxonomy":"category","embeddable":true,"href":"https:\/\/seewhatgrows.org\/fr\/wp-json\/wp\/v2\/categories?post=368429"},{"taxonomy":"post_tag","embeddable":true,"href":"https:\/\/seewhatgrows.org\/fr\/wp-json\/wp\/v2\/tags?post=368429"}],"curies":[{"name":"bien jou\u00e9","href":"https:\/\/api.w.org\/{rel}","templated":true}]}}