{"id":32835,"date":"2022-05-16T13:16:44","date_gmt":"2022-05-16T20:16:44","guid":{"rendered":"https:\/\/seewhatgrows.org\/?p=32835"},"modified":"2022-05-16T13:16:48","modified_gmt":"2022-05-16T20:16:48","slug":"how-to-celebrate-world-bicycle-day","status":"publish","type":"post","link":"https:\/\/seewhatgrows.org\/fr\/how-to-celebrate-world-bicycle-day\/","title":{"rendered":"Comment c\u00e9l\u00e9brer la Journ\u00e9e mondiale de la bicyclette"},"content":{"rendered":"<p class=\"wp-block-paragraph\">La Journ\u00e9e mondiale de la bicyclette s'invite sur votre calendrier le 3 juin de chaque ann\u00e9e. Contrairement aux c\u00e9l\u00e9brations cr\u00e9\u00e9es par Internet telles que <em>Jour du Contraire<\/em> ou <em>Jour du g\u00e2teau au chocolat<\/em> (inscrivez-nous !) La Journ\u00e9e mondiale de la bicyclette est en fait une journ\u00e9e de comm\u00e9moration des Nations Unies :<\/p>\n\n\n\n<p class=\"wp-block-paragraph\"><em>\u201cLa Journ\u00e9e mondiale de la bicyclette attire l'attention sur les bienfaits de l'utilisation de la bicyclette, un moyen de transport durable simple, abordable, propre et \u00e9cologiquement adapt\u00e9. La bicyclette contribue \u00e0 un air plus pur et \u00e0 moins de congestion, et rend l'\u00e9ducation, les soins de sant\u00e9 et d'autres services sociaux plus accessibles aux populations les plus vuln\u00e9rables. Un syst\u00e8me de transport durable qui favorise la croissance \u00e9conomique, r\u00e9duit les in\u00e9galit\u00e9s tout en soutenant la lutte contre le changement climatique est essentiel pour atteindre les Objectifs de d\u00e9veloppement durable.<\/em><a href=\"https:\/\/www.un.org\/en\/observances\/bicycle-day\"><em>UN<\/em><\/a><em>)<\/em><\/p>\n\n\n\n<p class=\"wp-block-paragraph\">Vous vous demandez comment votre famille peut c\u00e9l\u00e9brer une journ\u00e9e aussi importante ? Nous avons quelques id\u00e9es, qui rejoignent des objectifs de durabilit\u00e9 similaires \u00e0 l'\u00e9chelle du foyer. Faisons le point !<\/p>\n\n\n\n<h2 class=\"wp-block-heading\"><strong>3 fa\u00e7ons gratifiantes de c\u00e9l\u00e9brer la Journ\u00e9e mondiale de la bicyclette en r\u00e9utilisant et en recyclant<\/strong><\/h2>\n\n\n\n<!--more-->\n\n\n\n<hr class=\"wp-block-separator\"\/>\n\n\n\n<h3 class=\"wp-block-heading\"><strong>R\u00e9utilisez votre ou vos v\u00e9los comme d\u00e9cor fonctionnel dans votre jardin&nbsp;<\/strong><\/h3>\n\n\n\n<div class=\"wp-block-image\"><figure class=\"aligncenter size-full\"><img loading=\"lazy\" decoding=\"async\" width=\"900\" height=\"504\" src=\"https:\/\/seewhatgrows.org\/wp-content\/uploads\/2022\/05\/How-to-Celebrate-World-Bicycle-Day-Garden-Planter.jpg\" alt=\"How to Celebrate World Bicycle Day\" class=\"wp-image-32840\" srcset=\"https:\/\/seewhatgrows.org\/wp-content\/uploads\/2022\/05\/How-to-Celebrate-World-Bicycle-Day-Garden-Planter.jpg 900w, https:\/\/seewhatgrows.org\/wp-content\/uploads\/2022\/05\/How-to-Celebrate-World-Bicycle-Day-Garden-Planter-300x168.jpg 300w, https:\/\/seewhatgrows.org\/wp-content\/uploads\/2022\/05\/How-to-Celebrate-World-Bicycle-Day-Garden-Planter-768x430.jpg 768w, https:\/\/seewhatgrows.org\/wp-content\/uploads\/2022\/05\/How-to-Celebrate-World-Bicycle-Day-Garden-Planter-24x13.jpg 24w, https:\/\/seewhatgrows.org\/wp-content\/uploads\/2022\/05\/How-to-Celebrate-World-Bicycle-Day-Garden-Planter-36x20.jpg 36w, https:\/\/seewhatgrows.org\/wp-content\/uploads\/2022\/05\/How-to-Celebrate-World-Bicycle-Day-Garden-Planter-48x27.jpg 48w\" sizes=\"auto, (max-width: 900px) 100vw, 900px\" \/><\/figure><\/div>\n\n\n\n<p class=\"wp-block-paragraph\">Si vous \u00eates comme la plupart des foyers familiaux canadiens, il y a probablement un ou deux v\u00e9los dans le sous-sol, le garage, la remise ou le local de rangement qui n'ont pas vu la lumi\u00e8re du jour depuis que les petites roues ont \u00e9t\u00e9 retir\u00e9es. Au lieu de le laisser amasser encore plus poussi\u00e8re, donnez-lui une seconde vie en soutenant la vie v\u00e9g\u00e9tale dans votre cour et votre jardin.&nbsp;<\/p>\n\n\n\n<p class=\"wp-block-paragraph\">Attachez un panier au guidon et \u00e0 la banquette arri\u00e8re et placez-y une jardini\u00e8re dans chacun. Choisissez des plantes qui prosp\u00e8rent uniquement <strong>de 6 \u00e0 8 pouces de terre<\/strong>. Vous pouvez envisager des vari\u00e9t\u00e9s \u00e0 fleurs dot\u00e9es de propri\u00e9t\u00e9s m\u00e9dicinales telles que <strong>lavande<\/strong>, ou d'un certain nombre de l\u00e9gumes qui poussent \u00e9galement bien dans des pots peu profonds, y compris <strong>roquette<\/strong>, <strong>rapini<\/strong>, <strong>chou fris\u00e9<\/strong>, <strong>ail<\/strong>, <strong>oignons verts<\/strong>, <strong>cresson<\/strong>, et une vari\u00e9t\u00e9 de <strong>micro-pousses<\/strong>.<\/p>\n\n\n\n<p class=\"wp-block-paragraph\">Un autre avantage de recycler un v\u00e9lo dans le jardin est qu'il devient un <strong>pot de fleurs mobile<\/strong>. Pendant les intemp\u00e9ries, vous pouvez le d\u00e9placer dans un endroit abrit\u00e9 \u00e0 l'ext\u00e9rieur, ou le repositionner pour lui donner acc\u00e8s \u00e0 l'eau de pluie ou \u00e0 la lumi\u00e8re du soleil selon les besoins.<\/p>\n\n\n\n<h3 class=\"wp-block-heading\"><strong>Produire de l'\u00e9lectricit\u00e9 gr\u00e2ce au p\u00e9dalage<\/strong><\/h3>\n\n\n\n<p class=\"wp-block-paragraph\">C'est un projet inspirant qui enseignera \u00e0 tout le monde dans la famille l'ing\u00e9nierie et la production d'\u00e9nergie durable. Il faut l'admettre, il n'est ni faisable ni pratique de produire assez d'\u00e9lectricit\u00e9 pour alimenter votre maison en transformant un vieux v\u00e9lo en g\u00e9n\u00e9rateur \u00e0 \u00e9nergie humaine. Cependant, il peut produire assez d'\u00e9nergie pour alimenter une ampoule, des appareils mobiles, des ordinateurs portables et de petits appareils comme le rasoir \u00e9lectrique de papa. Tout compte fait, ce sera un projet scientifique amusant qui enthousiasmera vos enfants !<\/p>\n\n\n\n<div class=\"wp-block-image\"><figure class=\"aligncenter size-full\"><img loading=\"lazy\" decoding=\"async\" width=\"900\" height=\"319\" src=\"https:\/\/seewhatgrows.org\/wp-content\/uploads\/2022\/05\/How-to-Celebrate-World-Bicycle-Day-Bike-Generator.png\" alt=\"How to Celebrate World Bicycle Day\" class=\"wp-image-32837\" srcset=\"https:\/\/seewhatgrows.org\/wp-content\/uploads\/2022\/05\/How-to-Celebrate-World-Bicycle-Day-Bike-Generator.png 900w, https:\/\/seewhatgrows.org\/wp-content\/uploads\/2022\/05\/How-to-Celebrate-World-Bicycle-Day-Bike-Generator-300x106.png 300w, https:\/\/seewhatgrows.org\/wp-content\/uploads\/2022\/05\/How-to-Celebrate-World-Bicycle-Day-Bike-Generator-768x272.png 768w, https:\/\/seewhatgrows.org\/wp-content\/uploads\/2022\/05\/How-to-Celebrate-World-Bicycle-Day-Bike-Generator-24x9.png 24w, https:\/\/seewhatgrows.org\/wp-content\/uploads\/2022\/05\/How-to-Celebrate-World-Bicycle-Day-Bike-Generator-36x13.png 36w, https:\/\/seewhatgrows.org\/wp-content\/uploads\/2022\/05\/How-to-Celebrate-World-Bicycle-Day-Bike-Generator-48x17.png 48w\" sizes=\"auto, (max-width: 900px) 100vw, 900px\" \/><figcaption>image : Instructables<\/figcaption><\/figure><\/div>\n\n\n\n<p class=\"wp-block-paragraph\">Par o\u00f9 commencer ? La plupart des articles se trouvent dans le sous-m\u00eame, l'abri de jardin ou le garage d'o\u00f9 vous avez sorti le vieux v\u00e9lo. Le reste peut \u00eatre achet\u00e9 dans votre magasin local Home Depot, Canadian Tire ou Lowe's (etc.). <a href=\"https:\/\/www.instructables.com\/How-To-Build-A-Bicycle-Generator\/\">ce guide de bricolage pour fabriquer un g\u00e9n\u00e9rateur de v\u00e9lo<\/a>, qui d\u00e9taille tout ce dont vous avez besoin, ainsi que des \u00e9tapes faciles \u00e0 suivre pour cr\u00e9er un mod\u00e8le fonctionnel qui restera avec vos enfants pour la vie.<\/p>\n\n\n\n<p class=\"wp-block-paragraph\"><em>*Parents : Laissez les enfants se concentrer sur le v\u00e9lo et l'assemblage des blocs pendant que vous g\u00e9rez soigneusement la batterie et le c\u00e2blage. Ne vous inqui\u00e9tez pas, une fois l'engin construit, vous pourrez leur d\u00e9l\u00e9guer les heures de p\u00e9dalage.<\/em><\/p>\n\n\n\n<h3 class=\"wp-block-heading\"><strong>Recycler ce guide des exp\u00e9riences d'apprentissage en plein air \u00e0 v\u00e9lo<\/strong><\/h3>\n\n\n\n<div class=\"wp-block-image\"><figure class=\"aligncenter size-full\"><img loading=\"lazy\" decoding=\"async\" width=\"900\" height=\"418\" src=\"https:\/\/seewhatgrows.org\/wp-content\/uploads\/2022\/05\/How-to-Celebrate-World-Bike-Day-Outdoor-Learning.jpeg\" alt=\"\" class=\"wp-image-32839\" srcset=\"https:\/\/seewhatgrows.org\/wp-content\/uploads\/2022\/05\/How-to-Celebrate-World-Bike-Day-Outdoor-Learning.jpeg 900w, https:\/\/seewhatgrows.org\/wp-content\/uploads\/2022\/05\/How-to-Celebrate-World-Bike-Day-Outdoor-Learning-300x139.jpeg 300w, https:\/\/seewhatgrows.org\/wp-content\/uploads\/2022\/05\/How-to-Celebrate-World-Bike-Day-Outdoor-Learning-768x357.jpeg 768w, https:\/\/seewhatgrows.org\/wp-content\/uploads\/2022\/05\/How-to-Celebrate-World-Bike-Day-Outdoor-Learning-24x11.jpeg 24w, https:\/\/seewhatgrows.org\/wp-content\/uploads\/2022\/05\/How-to-Celebrate-World-Bike-Day-Outdoor-Learning-36x17.jpeg 36w, https:\/\/seewhatgrows.org\/wp-content\/uploads\/2022\/05\/How-to-Celebrate-World-Bike-Day-Outdoor-Learning-48x22.jpeg 48w\" sizes=\"auto, (max-width: 900px) 100vw, 900px\" \/><\/figure><\/div>\n\n\n\n<p class=\"wp-block-paragraph\">OK, nous trichons un peu avec le concept du recyclage sur ce coup-l\u00e0. Mais h\u00e9las, nous voulions revisiter <a href=\"https:\/\/seewhatgrows.org\/fr\/outdoor-learning-experiences-you-can-enjoy-with-your-kids-while-riding-a-bike\/\">un article que nous avons publi\u00e9<\/a> il y a quelques ann\u00e9es sur les exp\u00e9riences d'apprentissage en plein air que la famille peut appr\u00e9cier \u00e0 v\u00e9lo. Les activit\u00e9s comprennent une <strong>balade \u00e0 v\u00e9lo en chasse au tr\u00e9sor \u00e0 travers une r\u00e9serve \u00e9cologique locale<\/strong>, un<strong> visite des jardins partag\u00e9s \u00e0 deux roues<\/strong> dans votre r\u00e9gion, et une journ\u00e9e aventureuse dans une for\u00eat <strong>piste de VTT<\/strong> pr\u00e8s de chez vous. En savoir plus sur ces concepts d'apprentissage en plein air <a href=\"https:\/\/seewhatgrows.org\/fr\/outdoor-learning-experiences-you-can-enjoy-with-your-kids-while-riding-a-bike\/\">ici m\u00eame<\/a>.<\/p>\n\n\n\n<h3 class=\"has-text-align-center wp-block-heading\"><strong>~ Joyeuse Journ\u00e9e mondiale de la bicyclette ~<\/strong><\/h3>","protected":false},"excerpt":{"rendered":"<p>World Bicycle Day pedals onto your calendar on June 3rd of each year. Unlike internet-created celebrations such as Opposite Day or Chocolate Cake Day (sign us up!) World Bicycle Day is in fact a United Nations day of observance: &#8220;World Bicycle Day draws attention to the benefits of using the bicycle \u2014 a simple, affordable, [&hellip;]<\/p>\n","protected":false},"author":3,"featured_media":32841,"comment_status":"closed","ping_status":"closed","sticky":false,"template":"","format":"standard","meta":{"footnotes":""},"categories":[3],"tags":[739],"class_list":["post-32835","post","type-post","status-publish","format-standard","has-post-thumbnail","hentry","category-blogs","tag-how-to-celebrate-world-bicycle-day"],"yoast_head":"<!-- This site is optimized with the Yoast SEO plugin v28.4 - https:\/\/yoast.com\/product\/yoast-seo-wordpress\/ -->\n<title>How to Celebrate World Bicycle Day<\/title>\n<meta name=\"description\" content=\"3 rewarding ways to celebrate World Bicycle Day by repurposing and recycling, from the Plant a Seed &amp; See What Grows Foundation.\" \/>\n<meta name=\"robots\" content=\"index, follow, max-snippet:-1, max-image-preview:large, max-video-preview:-1\" \/>\n<link rel=\"canonical\" href=\"https:\/\/seewhatgrows.org\/fr\/how-to-celebrate-world-bicycle-day\/\" \/>\n<meta property=\"og:locale\" content=\"fr_CA\" \/>\n<meta property=\"og:type\" content=\"article\" \/>\n<meta property=\"og:title\" content=\"How to Celebrate World Bicycle Day\" \/>\n<meta property=\"og:description\" content=\"3 rewarding ways to celebrate World Bicycle Day by repurposing and recycling, from the Plant a Seed &amp; See What Grows Foundation.\" \/>\n<meta property=\"og:url\" content=\"https:\/\/seewhatgrows.org\/fr\/how-to-celebrate-world-bicycle-day\/\" \/>\n<meta property=\"og:site_name\" content=\"Connecting Communities to the Land\" \/>\n<meta property=\"article:published_time\" content=\"2022-05-16T20:16:44+00:00\" \/>\n<meta property=\"article:modified_time\" content=\"2022-05-16T20:16:48+00:00\" \/>\n<meta property=\"og:image\" content=\"https:\/\/seewhatgrows.org\/wp-content\/uploads\/2022\/05\/How-to-Celebrate-World-Bicycle-Day.jpg\" \/>\n\t<meta property=\"og:image:width\" content=\"1200\" \/>\n\t<meta property=\"og:image:height\" content=\"606\" \/>\n\t<meta property=\"og:image:type\" content=\"image\/jpeg\" \/>\n<meta name=\"author\" content=\"Dennis Charland\" \/>\n<meta name=\"twitter:label1\" content=\"\u00c9crit par\" \/>\n\t<meta name=\"twitter:data1\" content=\"Dennis Charland\" \/>\n\t<meta name=\"twitter:label2\" content=\"Estimation du temps de lecture\" \/>\n\t<meta name=\"twitter:data2\" content=\"4 minutes\" \/>\n<script type=\"application\/ld+json\" class=\"yoast-schema-graph\">{\"@context\":\"https:\\\/\\\/schema.org\",\"@graph\":[{\"@type\":\"Article\",\"@id\":\"https:\\\/\\\/seewhatgrows.org\\\/how-to-celebrate-world-bicycle-day\\\/#article\",\"isPartOf\":{\"@id\":\"https:\\\/\\\/seewhatgrows.org\\\/how-to-celebrate-world-bicycle-day\\\/\"},\"author\":{\"name\":\"Dennis Charland\",\"@id\":\"https:\\\/\\\/seewhatgrows.org\\\/#\\\/schema\\\/person\\\/b68aed2f630ae4c478c9855f63384764\"},\"headline\":\"How to Celebrate World Bicycle Day\",\"datePublished\":\"2022-05-16T20:16:44+00:00\",\"dateModified\":\"2022-05-16T20:16:48+00:00\",\"mainEntityOfPage\":{\"@id\":\"https:\\\/\\\/seewhatgrows.org\\\/how-to-celebrate-world-bicycle-day\\\/\"},\"wordCount\":621,\"publisher\":{\"@id\":\"https:\\\/\\\/seewhatgrows.org\\\/#organization\"},\"image\":{\"@id\":\"https:\\\/\\\/seewhatgrows.org\\\/how-to-celebrate-world-bicycle-day\\\/#primaryimage\"},\"thumbnailUrl\":\"https:\\\/\\\/seewhatgrows.org\\\/wp-content\\\/uploads\\\/2022\\\/05\\\/How-to-Celebrate-World-Bicycle-Day.jpg\",\"keywords\":[\"How to Celebrate World Bicycle Day\"],\"articleSection\":[\"Blogs\"],\"inLanguage\":\"fr-CA\"},{\"@type\":\"WebPage\",\"@id\":\"https:\\\/\\\/seewhatgrows.org\\\/how-to-celebrate-world-bicycle-day\\\/\",\"url\":\"https:\\\/\\\/seewhatgrows.org\\\/how-to-celebrate-world-bicycle-day\\\/\",\"name\":\"How to Celebrate World Bicycle Day\",\"isPartOf\":{\"@id\":\"https:\\\/\\\/seewhatgrows.org\\\/#website\"},\"primaryImageOfPage\":{\"@id\":\"https:\\\/\\\/seewhatgrows.org\\\/how-to-celebrate-world-bicycle-day\\\/#primaryimage\"},\"image\":{\"@id\":\"https:\\\/\\\/seewhatgrows.org\\\/how-to-celebrate-world-bicycle-day\\\/#primaryimage\"},\"thumbnailUrl\":\"https:\\\/\\\/seewhatgrows.org\\\/wp-content\\\/uploads\\\/2022\\\/05\\\/How-to-Celebrate-World-Bicycle-Day.jpg\",\"datePublished\":\"2022-05-16T20:16:44+00:00\",\"dateModified\":\"2022-05-16T20:16:48+00:00\",\"description\":\"3 rewarding ways to celebrate World Bicycle Day by repurposing and recycling, from the Plant a Seed & See What Grows Foundation.\",\"breadcrumb\":{\"@id\":\"https:\\\/\\\/seewhatgrows.org\\\/how-to-celebrate-world-bicycle-day\\\/#breadcrumb\"},\"inLanguage\":\"fr-CA\",\"potentialAction\":[{\"@type\":\"ReadAction\",\"target\":[\"https:\\\/\\\/seewhatgrows.org\\\/how-to-celebrate-world-bicycle-day\\\/\"]}]},{\"@type\":\"ImageObject\",\"inLanguage\":\"fr-CA\",\"@id\":\"https:\\\/\\\/seewhatgrows.org\\\/how-to-celebrate-world-bicycle-day\\\/#primaryimage\",\"url\":\"https:\\\/\\\/seewhatgrows.org\\\/wp-content\\\/uploads\\\/2022\\\/05\\\/How-to-Celebrate-World-Bicycle-Day.jpg\",\"contentUrl\":\"https:\\\/\\\/seewhatgrows.org\\\/wp-content\\\/uploads\\\/2022\\\/05\\\/How-to-Celebrate-World-Bicycle-Day.jpg\",\"width\":1200,\"height\":606,\"caption\":\"How to Celebrate World Bicycle Day\"},{\"@type\":\"BreadcrumbList\",\"@id\":\"https:\\\/\\\/seewhatgrows.org\\\/how-to-celebrate-world-bicycle-day\\\/#breadcrumb\",\"itemListElement\":[{\"@type\":\"ListItem\",\"position\":1,\"name\":\"Home\",\"item\":\"https:\\\/\\\/seewhatgrows.org\\\/\"},{\"@type\":\"ListItem\",\"position\":2,\"name\":\"How to Celebrate World Bicycle Day\"}]},{\"@type\":\"WebSite\",\"@id\":\"https:\\\/\\\/seewhatgrows.org\\\/#website\",\"url\":\"https:\\\/\\\/seewhatgrows.org\\\/\",\"name\":\"Connecting Communities to the Land\",\"description\":\"Growing healthier communities, one seed at a time with Plant a Seed &amp; See What Grows Foundation\",\"publisher\":{\"@id\":\"https:\\\/\\\/seewhatgrows.org\\\/#organization\"},\"potentialAction\":[{\"@type\":\"SearchAction\",\"target\":{\"@type\":\"EntryPoint\",\"urlTemplate\":\"https:\\\/\\\/seewhatgrows.org\\\/?s={search_term_string}\"},\"query-input\":{\"@type\":\"PropertyValueSpecification\",\"valueRequired\":true,\"valueName\":\"search_term_string\"}}],\"inLanguage\":\"fr-CA\"},{\"@type\":\"Organization\",\"@id\":\"https:\\\/\\\/seewhatgrows.org\\\/#organization\",\"name\":\"Connecting Communities to the Land\",\"url\":\"https:\\\/\\\/seewhatgrows.org\\\/\",\"logo\":{\"@type\":\"ImageObject\",\"inLanguage\":\"fr-CA\",\"@id\":\"https:\\\/\\\/seewhatgrows.org\\\/#\\\/schema\\\/logo\\\/image\\\/\",\"url\":\"https:\\\/\\\/seewhatgrows.org\\\/wp-content\\\/uploads\\\/2026\\\/06\\\/Plant-a-Seed-Logo.png\",\"contentUrl\":\"https:\\\/\\\/seewhatgrows.org\\\/wp-content\\\/uploads\\\/2026\\\/06\\\/Plant-a-Seed-Logo.png\",\"width\":600,\"height\":600,\"caption\":\"Connecting Communities to the Land\"},\"image\":{\"@id\":\"https:\\\/\\\/seewhatgrows.org\\\/#\\\/schema\\\/logo\\\/image\\\/\"}},{\"@type\":\"Person\",\"@id\":\"https:\\\/\\\/seewhatgrows.org\\\/#\\\/schema\\\/person\\\/b68aed2f630ae4c478c9855f63384764\",\"name\":\"Dennis Charland\",\"url\":\"https:\\\/\\\/seewhatgrows.org\\\/fr\\\/author\\\/dennis\\\/\"}]}<\/script>\n<!-- \/ Yoast SEO plugin. -->","yoast_head_json":{"title":"Comment c\u00e9l\u00e9brer la Journ\u00e9e mondiale de la bicyclette","description":"3 fa\u00e7ons enrichissantes de c\u00e9l\u00e9brer la Journ\u00e9e mondiale de la bicyclette en r\u00e9utilisant et en recyclant, de la part de la Fondation \u00ab Plante une graine et vois ce qui pousse \u00bb.","robots":{"index":"index","follow":"follow","max-snippet":"max-snippet:-1","max-image-preview":"max-image-preview:large","max-video-preview":"max-video-preview:-1"},"canonical":"https:\/\/seewhatgrows.org\/fr\/how-to-celebrate-world-bicycle-day\/","og_locale":"fr_CA","og_type":"article","og_title":"How to Celebrate World Bicycle Day","og_description":"3 rewarding ways to celebrate World Bicycle Day by repurposing and recycling, from the Plant a Seed & See What Grows Foundation.","og_url":"https:\/\/seewhatgrows.org\/fr\/how-to-celebrate-world-bicycle-day\/","og_site_name":"Connecting Communities to the Land","article_published_time":"2022-05-16T20:16:44+00:00","article_modified_time":"2022-05-16T20:16:48+00:00","og_image":[{"width":1200,"height":606,"url":"https:\/\/seewhatgrows.org\/wp-content\/uploads\/2022\/05\/How-to-Celebrate-World-Bicycle-Day.jpg","type":"image\/jpeg"}],"author":"Dennis Charland","twitter_misc":{"\u00c9crit par":"Dennis Charland","Estimation du temps de lecture":"4 minutes"},"schema":{"@context":"https:\/\/schema.org","@graph":[{"@type":"Article","@id":"https:\/\/seewhatgrows.org\/how-to-celebrate-world-bicycle-day\/#article","isPartOf":{"@id":"https:\/\/seewhatgrows.org\/how-to-celebrate-world-bicycle-day\/"},"author":{"name":"Dennis Charland","@id":"https:\/\/seewhatgrows.org\/#\/schema\/person\/b68aed2f630ae4c478c9855f63384764"},"headline":"How to Celebrate World Bicycle Day","datePublished":"2022-05-16T20:16:44+00:00","dateModified":"2022-05-16T20:16:48+00:00","mainEntityOfPage":{"@id":"https:\/\/seewhatgrows.org\/how-to-celebrate-world-bicycle-day\/"},"wordCount":621,"publisher":{"@id":"https:\/\/seewhatgrows.org\/#organization"},"image":{"@id":"https:\/\/seewhatgrows.org\/how-to-celebrate-world-bicycle-day\/#primaryimage"},"thumbnailUrl":"https:\/\/seewhatgrows.org\/wp-content\/uploads\/2022\/05\/How-to-Celebrate-World-Bicycle-Day.jpg","keywords":["How to Celebrate World Bicycle Day"],"articleSection":["Blogs"],"inLanguage":"fr-CA"},{"@type":"WebPage","@id":"https:\/\/seewhatgrows.org\/how-to-celebrate-world-bicycle-day\/","url":"https:\/\/seewhatgrows.org\/how-to-celebrate-world-bicycle-day\/","name":"Comment c\u00e9l\u00e9brer la Journ\u00e9e mondiale de la bicyclette","isPartOf":{"@id":"https:\/\/seewhatgrows.org\/#website"},"primaryImageOfPage":{"@id":"https:\/\/seewhatgrows.org\/how-to-celebrate-world-bicycle-day\/#primaryimage"},"image":{"@id":"https:\/\/seewhatgrows.org\/how-to-celebrate-world-bicycle-day\/#primaryimage"},"thumbnailUrl":"https:\/\/seewhatgrows.org\/wp-content\/uploads\/2022\/05\/How-to-Celebrate-World-Bicycle-Day.jpg","datePublished":"2022-05-16T20:16:44+00:00","dateModified":"2022-05-16T20:16:48+00:00","description":"3 fa\u00e7ons enrichissantes de c\u00e9l\u00e9brer la Journ\u00e9e mondiale de la bicyclette en r\u00e9utilisant et en recyclant, de la part de la Fondation \u00ab Plante une graine et vois ce qui pousse \u00bb.","breadcrumb":{"@id":"https:\/\/seewhatgrows.org\/how-to-celebrate-world-bicycle-day\/#breadcrumb"},"inLanguage":"fr-CA","potentialAction":[{"@type":"ReadAction","target":["https:\/\/seewhatgrows.org\/how-to-celebrate-world-bicycle-day\/"]}]},{"@type":"ImageObject","inLanguage":"fr-CA","@id":"https:\/\/seewhatgrows.org\/how-to-celebrate-world-bicycle-day\/#primaryimage","url":"https:\/\/seewhatgrows.org\/wp-content\/uploads\/2022\/05\/How-to-Celebrate-World-Bicycle-Day.jpg","contentUrl":"https:\/\/seewhatgrows.org\/wp-content\/uploads\/2022\/05\/How-to-Celebrate-World-Bicycle-Day.jpg","width":1200,"height":606,"caption":"How to Celebrate World Bicycle Day"},{"@type":"BreadcrumbList","@id":"https:\/\/seewhatgrows.org\/how-to-celebrate-world-bicycle-day\/#breadcrumb","itemListElement":[{"@type":"ListItem","position":1,"name":"Home","item":"https:\/\/seewhatgrows.org\/"},{"@type":"ListItem","position":2,"name":"How to Celebrate World Bicycle Day"}]},{"@type":"WebSite","@id":"https:\/\/seewhatgrows.org\/#website","url":"https:\/\/seewhatgrows.org\/","name":"Connecter les communaut\u00e9s \u00e0 la terre","description":"Cultiver des communaut\u00e9s plus saines, une graine \u00e0 la fois avec la Fondation Plant a Seed &amp; See What Grows","publisher":{"@id":"https:\/\/seewhatgrows.org\/#organization"},"potentialAction":[{"@type":"SearchAction","target":{"@type":"EntryPoint","urlTemplate":"https:\/\/seewhatgrows.org\/?s={search_term_string}"},"query-input":{"@type":"PropertyValueSpecification","valueRequired":true,"valueName":"search_term_string"}}],"inLanguage":"fr-CA"},{"@type":"Organization","@id":"https:\/\/seewhatgrows.org\/#organization","name":"Connecter les communaut\u00e9s \u00e0 la terre","url":"https:\/\/seewhatgrows.org\/","logo":{"@type":"ImageObject","inLanguage":"fr-CA","@id":"https:\/\/seewhatgrows.org\/#\/schema\/logo\/image\/","url":"https:\/\/seewhatgrows.org\/wp-content\/uploads\/2026\/06\/Plant-a-Seed-Logo.png","contentUrl":"https:\/\/seewhatgrows.org\/wp-content\/uploads\/2026\/06\/Plant-a-Seed-Logo.png","width":600,"height":600,"caption":"Connecting Communities to the Land"},"image":{"@id":"https:\/\/seewhatgrows.org\/#\/schema\/logo\/image\/"}},{"@type":"Person","@id":"https:\/\/seewhatgrows.org\/#\/schema\/person\/b68aed2f630ae4c478c9855f63384764","name":"Dennis Charland","url":"https:\/\/seewhatgrows.org\/fr\/author\/dennis\/"}]}},"_links":{"self":[{"href":"https:\/\/seewhatgrows.org\/fr\/wp-json\/wp\/v2\/posts\/32835","targetHints":{"allow":["GET"]}}],"collection":[{"href":"https:\/\/seewhatgrows.org\/fr\/wp-json\/wp\/v2\/posts"}],"about":[{"href":"https:\/\/seewhatgrows.org\/fr\/wp-json\/wp\/v2\/types\/post"}],"author":[{"embeddable":true,"href":"https:\/\/seewhatgrows.org\/fr\/wp-json\/wp\/v2\/users\/3"}],"replies":[{"embeddable":true,"href":"https:\/\/seewhatgrows.org\/fr\/wp-json\/wp\/v2\/comments?post=32835"}],"version-history":[{"count":0,"href":"https:\/\/seewhatgrows.org\/fr\/wp-json\/wp\/v2\/posts\/32835\/revisions"}],"wp:featuredmedia":[{"embeddable":true,"href":"https:\/\/seewhatgrows.org\/fr\/wp-json\/wp\/v2\/media\/32841"}],"wp:attachment":[{"href":"https:\/\/seewhatgrows.org\/fr\/wp-json\/wp\/v2\/media?parent=32835"}],"wp:term":[{"taxonomy":"category","embeddable":true,"href":"https:\/\/seewhatgrows.org\/fr\/wp-json\/wp\/v2\/categories?post=32835"},{"taxonomy":"post_tag","embeddable":true,"href":"https:\/\/seewhatgrows.org\/fr\/wp-json\/wp\/v2\/tags?post=32835"}],"curies":[{"name":"bien jou\u00e9","href":"https:\/\/api.w.org\/{rel}","templated":true}]}}