{"id":32626,"date":"2021-09-21T12:11:04","date_gmt":"2021-09-21T19:11:04","guid":{"rendered":"https:\/\/seewhatgrows.org\/?p=32626"},"modified":"2021-09-21T12:11:08","modified_gmt":"2021-09-21T19:11:08","slug":"how-to-celebrate-world-habitat-day-with-your-kids","status":"publish","type":"post","link":"https:\/\/seewhatgrows.org\/fr\/how-to-celebrate-world-habitat-day-with-your-kids\/","title":{"rendered":"Comment c\u00e9l\u00e9brer la Journ\u00e9e mondiale de l&#x27;habitat avec vos enfants"},"content":{"rendered":"<p class=\"wp-block-paragraph\">Les Nations Unies (ONU) ont instaur\u00e9 la Journ\u00e9e mondiale de l'habitat en 1985, et elle est c\u00e9l\u00e9br\u00e9e depuis lors le premier lundi d'octobre. L'objectif de cette Journ\u00e9e internationale de sensibilisation est de r\u00e9fl\u00e9chir \u00e0 l'\u00e9tat de nos habitats (nos espaces de vie) et au droit fondamental de tous \u00e0 un logement ad\u00e9quat. Elle nous rappelle \u00e9galement que nous avons la responsabilit\u00e9 inh\u00e9rente de fa\u00e7onner un avenir durable pour nos villes, nos villages et nos campagnes. Cela est aussi vrai pour le Canada que pour n'importe quel autre endroit dans le monde, et la seule fa\u00e7on de contribuer \u00e0 la protection des habitats de notre pays est d'apprendre \u00e0 nos enfants \u00e0 prendre les r\u00eanes pour devenir des membres responsables de leurs communaut\u00e9s. En r\u00e9ponse, notre Fondation aimerait partager quelques id\u00e9es sur la fa\u00e7on dont vous pouvez c\u00e9l\u00e9brer la Journ\u00e9e mondiale de l'habitat avec vos enfants et\/ou vos \u00e9l\u00e8ves.\u00a0<\/p>\n\n\n\n<h2 class=\"wp-block-heading\"><strong>Comment les enseignants et les parents peuvent c\u00e9l\u00e9brer la Journ\u00e9e mondiale de l'habitat avec leurs enfants<\/strong><\/h2>\n\n\n\n<!--more-->\n\n\n\n<h3 class=\"wp-block-heading\"><strong>Planifier des activit\u00e9s bas\u00e9es sur le th\u00e8me de l'ann\u00e9e en cours<\/strong><\/h3>\n\n\n\n<p class=\"wp-block-paragraph\">Un nouveau th\u00e8me est associ\u00e9 \u00e0 chaque Journ\u00e9e mondiale de l'habitat. Visitez le <a href=\"https:\/\/www.un.org\/en\/observances\/habitat-day\">Page de ressources de l'ONU<\/a> avec vos enfants pour d\u00e9couvrir quel est le th\u00e8me \u00e0 l'approche de celui-ci. Une fois que vous avez identifi\u00e9 le th\u00e8me, vous pouvez concevoir des activit\u00e9s autour de celui-ci.<\/p>\n\n\n\n<p class=\"wp-block-paragraph\">Par exemple, en 2021, le th\u00e8me de la Journ\u00e9e mondiale de l'habitat est le suivant :<\/p>\n\n\n\n<blockquote class=\"wp-block-quote is-layout-flow wp-block-quote-is-layout-flow\"><p><em>\u201cLe th\u00e8me de la Journ\u00e9e mondiale de l'habitat de cette ann\u00e9e est <\/em><strong><em>Acc\u00e9l\u00e9rer l'action urbaine pour un monde sans carbone<\/em><\/strong><em>. Le th\u00e8me reconna\u00eet que les villes sont responsables d'environ 70 pour cent des \u00e9missions mondiales de dioxyde de carbone, les transports, les b\u00e2timents, l'\u00e9nergie et la gestion des d\u00e9chets repr\u00e9sentant la majeure partie des \u00e9missions urbaines de gaz \u00e0 effet de serre. Les \u00e9v\u00e9nements et les activit\u00e9s de la Journ\u00e9e mondiale de l'habitat exploreront comment les gouvernements et les organisations nationaux, r\u00e9gionaux et locaux, les communaut\u00e9s, les institutions acad\u00e9miques, le secteur priv\u00e9 et toutes les parties prenantes concern\u00e9es peuvent travailler ensemble pour cr\u00e9er des villes et des bourgs durables, neutres en carbone et inclusifs. (ONU)<\/em><\/p><\/blockquote>\n\n\n\n<p class=\"wp-block-paragraph\">Ne laissez pas vos enfants se sentir submerg\u00e9s par l'appel \u00e0 l'action adress\u00e9 aux gouvernements, aux organisations et aux institutions, car m\u00eame une seule classe ou un seul foyer peut faire la diff\u00e9rence.\u00a0<\/p>\n\n\n\n<p class=\"wp-block-paragraph\">Que pouvez-vous faire ensemble pour soutenir le th\u00e8me visant \u00e0 acc\u00e9l\u00e9rer l'action urbaine pour un environnement sans carbone ? \u00c9tant donn\u00e9 que <strong>production alimentaire<\/strong> est <a href=\"https:\/\/ourworldindata.org\/food-choice-vs-eating-local\">responsable d'un quart<\/a> des \u00e9missions mondiales de gaz \u00e0 effet de serre, <strong>votre jardin, votre communaut\u00e9 et\/ou le jardin de votre \u00e9cole sont d'excellents endroits pour commencer<\/strong>. Vous n'en avez pas ? Alors vous avez d\u00e9j\u00e0 trouv\u00e9 l'activit\u00e9 que vous cherchez. Voir <a href=\"https:\/\/seewhatgrows.org\/fr\/start-school-garden-project-students\/\">notre guide pour cr\u00e9er un jardin scolaire<\/a> et <a href=\"https:\/\/seewhatgrows.org\/fr\/start-community-garden-neighborhood\/\">comment cr\u00e9er un jardin partag\u00e9<\/a>. Sinon, le blog de notre Fondation regorge de contenu utile sur la fa\u00e7on de cr\u00e9er, g\u00e9rer et entretenir un jardin susceptible de nourrir votre foyer ou votre communaut\u00e9 pour les ann\u00e9es, voire les g\u00e9n\u00e9rations, \u00e0 venir.&nbsp;<\/p>\n\n\n\n<p class=\"wp-block-paragraph\"><a href=\"https:\/\/seewhatgrows.org\/fr\/blog\/\">Parcourez les articles avec vos enfants<\/a> pour l'inspiration. Nous avons m\u00eame des guides qui traitent directement du surmontement des d\u00e9fis de l'urbanisation, tels que <a href=\"https:\/\/seewhatgrows.org\/fr\/how-to-introduce-pollinators-into-an-urban-environment\/\">comment introduire des pollinisateurs dans un environnement urbain<\/a>. De plus, veillez \u00e0 <a href=\"https:\/\/seewhatgrows.org\/fr\/tag\/english-at-home-activities\/\">t\u00e9l\u00e9chargez ces guides d'activit\u00e9s ludiques<\/a> Cela enseignera le jardinage \u00e0 vos enfants.<\/p>\n\n\n\n<h3 class=\"wp-block-heading\"><strong>Plantez la graine du changement chez les autres<\/strong><\/h3>\n\n\n\n<p class=\"wp-block-paragraph\">Comme nous l'avons affirm\u00e9, m\u00eame une seule classe ou un seul foyer peut faire la diff\u00e9rence. Cependant, laissez votre exemple briller afin que d'autres puissent voir ce que vous faites et \u00eatre inspir\u00e9s pour faire de m\u00eame. L'effet d'entra\u00eenement est n\u00e9cessaire pour cr\u00e9er des habitats prosp\u00e8res partout au Canada. Que pouvez-vous faire pour faire germer votre bon travail et le propager dans votre propre ville, village et, en fin de compte, \u00e0 travers tout le Canada ?<\/p>\n\n\n\n<p class=\"wp-block-paragraph\">Votre \u00e9cole et\/ou les membres de votre foyer auront des profils sur les r\u00e9seaux sociaux qui pourront servir de point de d\u00e9part. Connectez-vous \u00e0 des organismes nationaux et internationaux qui promeuvent la cr\u00e9ation d'habitats durables, y compris (mais sans s'y limiter) les suivants :<\/p>\n\n\n\n<ul class=\"wp-block-list\"><li>@seewhatgrows (<a href=\"https:\/\/www.facebook.com\/SeeWhatGrows\">Facebook<\/a>, <a href=\"https:\/\/twitter.com\/seewhatgrows\">Twitter<\/a>, et <a href=\"https:\/\/www.instagram.com\/seewhatgrows\/\">Instagram<\/a>)<\/li><li><a href=\"https:\/\/www.instagram.com\/unhabitat\/?hl=en\">@ONUHabitat<\/a><\/li><li><a href=\"https:\/\/www.instagram.com\/unclimatechange\/\">@UNclimatechange<\/a><\/li><\/ul>\n\n\n\n<p class=\"wp-block-paragraph\">Une fois connect\u00e9, partagez les activit\u00e9s et les t\u00e9moignages de vos enfants dans le cadre de la Journ\u00e9e mondiale de l\u2019habitat #, et identifiez les comptes de r\u00e9seaux sociaux mentionn\u00e9s ci-dessus, ainsi que vos amis, votre famille, vos coll\u00e8gues, les personnalit\u00e9s locales et les m\u00e9dias. Certains d\u2019entre eux relaieront le beau travail accompli par votre foyer ou votre classe. Pour en savoir plus sur la mani\u00e8re de faire conna\u00eetre vos projets de jardinage, <a href=\"http:\/\/www.apple.com\">cliquez ici<\/a>.<\/p>\n\n\n\n<hr class=\"wp-block-separator\"\/>\n\n\n\n<p class=\"wp-block-paragraph\">Enfin, nous souhaitons attirer votre attention sur l'un des moyens les plus efficaces de cr\u00e9er un monde durable dans lequel vos enfants pourront s'\u00e9panouir. Soutenez le travail de la fondation Plant a Seed &amp; See What Grows. Nous travaillons sans rel\u00e2che pour renforcer l'interconnexion des communaut\u00e9s avec la terre gr\u00e2ce \u00e0 <a href=\"https:\/\/seewhatgrows.org\/fr\/our-causes\/\">les causes<\/a> et des organisations que nous soutenons. En savoir plus sur <a href=\"https:\/\/seewhatgrows.org\/fr\/get-involved\/\">comment vous pouvez participer<\/a>.<\/p>","protected":false},"excerpt":{"rendered":"<p>The United Nations (UN) introduced World Habitat Day back in 1985, and it has been celebrated on the first Monday of October ever since. The intent of this International Day of Recognition is to reflect on the state of our habitats (our living spaces), and on the basic right of all to adequate housing. It [&hellip;]<\/p>\n","protected":false},"author":3,"featured_media":32628,"comment_status":"closed","ping_status":"closed","sticky":false,"template":"","format":"standard","meta":{"footnotes":""},"categories":[1],"tags":[715],"class_list":["post-32626","post","type-post","status-publish","format-standard","has-post-thumbnail","hentry","category-uncategorized","tag-world-habitat-day"],"yoast_head":"<!-- This site is optimized with the Yoast SEO plugin v28.4 - https:\/\/yoast.com\/product\/yoast-seo-wordpress\/ -->\n<title>How to Celebrate World Habitat Day With Your Kids<\/title>\n<meta name=\"description\" content=\"How teachers, parents, and caregivers can recognize World Habitat Day with their children, courtesy of Plant a Seed and See What Grows.\" \/>\n<meta name=\"robots\" content=\"index, follow, max-snippet:-1, max-image-preview:large, max-video-preview:-1\" \/>\n<link rel=\"canonical\" href=\"https:\/\/seewhatgrows.org\/fr\/how-to-celebrate-world-habitat-day-with-your-kids\/\" \/>\n<meta property=\"og:locale\" content=\"fr_CA\" \/>\n<meta property=\"og:type\" content=\"article\" \/>\n<meta property=\"og:title\" content=\"How to Celebrate World Habitat Day With Your Kids\" \/>\n<meta property=\"og:description\" content=\"How teachers, parents, and caregivers can recognize World Habitat Day with their children, courtesy of Plant a Seed and See What Grows.\" \/>\n<meta property=\"og:url\" content=\"https:\/\/seewhatgrows.org\/fr\/how-to-celebrate-world-habitat-day-with-your-kids\/\" \/>\n<meta property=\"og:site_name\" content=\"Connecting Communities to the Land\" \/>\n<meta property=\"article:published_time\" content=\"2021-09-21T19:11:04+00:00\" \/>\n<meta property=\"article:modified_time\" content=\"2021-09-21T19:11:08+00:00\" \/>\n<meta property=\"og:image\" content=\"https:\/\/seewhatgrows.org\/wp-content\/uploads\/2021\/09\/How-to-Celebrate-World-Habitat-Day-.png\" \/>\n\t<meta property=\"og:image:width\" content=\"1861\" \/>\n\t<meta property=\"og:image:height\" content=\"1154\" \/>\n\t<meta property=\"og:image:type\" content=\"image\/png\" \/>\n<meta name=\"author\" content=\"Dennis Charland\" \/>\n<meta name=\"twitter:label1\" content=\"\u00c9crit par\" \/>\n\t<meta name=\"twitter:data1\" content=\"Dennis Charland\" \/>\n\t<meta name=\"twitter:label2\" content=\"Estimation du temps de lecture\" \/>\n\t<meta name=\"twitter:data2\" content=\"4 minutes\" \/>\n<script type=\"application\/ld+json\" class=\"yoast-schema-graph\">{\"@context\":\"https:\\\/\\\/schema.org\",\"@graph\":[{\"@type\":\"Article\",\"@id\":\"https:\\\/\\\/seewhatgrows.org\\\/how-to-celebrate-world-habitat-day-with-your-kids\\\/#article\",\"isPartOf\":{\"@id\":\"https:\\\/\\\/seewhatgrows.org\\\/how-to-celebrate-world-habitat-day-with-your-kids\\\/\"},\"author\":{\"name\":\"Dennis Charland\",\"@id\":\"https:\\\/\\\/seewhatgrows.org\\\/#\\\/schema\\\/person\\\/b68aed2f630ae4c478c9855f63384764\"},\"headline\":\"How to Celebrate World Habitat Day With Your Kids\",\"datePublished\":\"2021-09-21T19:11:04+00:00\",\"dateModified\":\"2021-09-21T19:11:08+00:00\",\"mainEntityOfPage\":{\"@id\":\"https:\\\/\\\/seewhatgrows.org\\\/how-to-celebrate-world-habitat-day-with-your-kids\\\/\"},\"wordCount\":736,\"publisher\":{\"@id\":\"https:\\\/\\\/seewhatgrows.org\\\/#organization\"},\"image\":{\"@id\":\"https:\\\/\\\/seewhatgrows.org\\\/how-to-celebrate-world-habitat-day-with-your-kids\\\/#primaryimage\"},\"thumbnailUrl\":\"https:\\\/\\\/seewhatgrows.org\\\/wp-content\\\/uploads\\\/2021\\\/09\\\/How-to-Celebrate-World-Habitat-Day-.png\",\"keywords\":[\"World Habitat Day\"],\"articleSection\":[\"Uncategorized\"],\"inLanguage\":\"fr-CA\"},{\"@type\":\"WebPage\",\"@id\":\"https:\\\/\\\/seewhatgrows.org\\\/how-to-celebrate-world-habitat-day-with-your-kids\\\/\",\"url\":\"https:\\\/\\\/seewhatgrows.org\\\/how-to-celebrate-world-habitat-day-with-your-kids\\\/\",\"name\":\"How to Celebrate World Habitat Day With Your Kids\",\"isPartOf\":{\"@id\":\"https:\\\/\\\/seewhatgrows.org\\\/#website\"},\"primaryImageOfPage\":{\"@id\":\"https:\\\/\\\/seewhatgrows.org\\\/how-to-celebrate-world-habitat-day-with-your-kids\\\/#primaryimage\"},\"image\":{\"@id\":\"https:\\\/\\\/seewhatgrows.org\\\/how-to-celebrate-world-habitat-day-with-your-kids\\\/#primaryimage\"},\"thumbnailUrl\":\"https:\\\/\\\/seewhatgrows.org\\\/wp-content\\\/uploads\\\/2021\\\/09\\\/How-to-Celebrate-World-Habitat-Day-.png\",\"datePublished\":\"2021-09-21T19:11:04+00:00\",\"dateModified\":\"2021-09-21T19:11:08+00:00\",\"description\":\"How teachers, parents, and caregivers can recognize World Habitat Day with their children, courtesy of Plant a Seed and See What Grows.\",\"breadcrumb\":{\"@id\":\"https:\\\/\\\/seewhatgrows.org\\\/how-to-celebrate-world-habitat-day-with-your-kids\\\/#breadcrumb\"},\"inLanguage\":\"fr-CA\",\"potentialAction\":[{\"@type\":\"ReadAction\",\"target\":[\"https:\\\/\\\/seewhatgrows.org\\\/how-to-celebrate-world-habitat-day-with-your-kids\\\/\"]}]},{\"@type\":\"ImageObject\",\"inLanguage\":\"fr-CA\",\"@id\":\"https:\\\/\\\/seewhatgrows.org\\\/how-to-celebrate-world-habitat-day-with-your-kids\\\/#primaryimage\",\"url\":\"https:\\\/\\\/seewhatgrows.org\\\/wp-content\\\/uploads\\\/2021\\\/09\\\/How-to-Celebrate-World-Habitat-Day-.png\",\"contentUrl\":\"https:\\\/\\\/seewhatgrows.org\\\/wp-content\\\/uploads\\\/2021\\\/09\\\/How-to-Celebrate-World-Habitat-Day-.png\",\"width\":1861,\"height\":1154,\"caption\":\"How to Celebrate World Habitat Day\"},{\"@type\":\"BreadcrumbList\",\"@id\":\"https:\\\/\\\/seewhatgrows.org\\\/how-to-celebrate-world-habitat-day-with-your-kids\\\/#breadcrumb\",\"itemListElement\":[{\"@type\":\"ListItem\",\"position\":1,\"name\":\"Home\",\"item\":\"https:\\\/\\\/seewhatgrows.org\\\/\"},{\"@type\":\"ListItem\",\"position\":2,\"name\":\"How to Celebrate World Habitat Day With Your Kids\"}]},{\"@type\":\"WebSite\",\"@id\":\"https:\\\/\\\/seewhatgrows.org\\\/#website\",\"url\":\"https:\\\/\\\/seewhatgrows.org\\\/\",\"name\":\"Connecting Communities to the Land\",\"description\":\"Growing healthier communities, one seed at a time with Plant a Seed &amp; See What Grows Foundation\",\"publisher\":{\"@id\":\"https:\\\/\\\/seewhatgrows.org\\\/#organization\"},\"potentialAction\":[{\"@type\":\"SearchAction\",\"target\":{\"@type\":\"EntryPoint\",\"urlTemplate\":\"https:\\\/\\\/seewhatgrows.org\\\/?s={search_term_string}\"},\"query-input\":{\"@type\":\"PropertyValueSpecification\",\"valueRequired\":true,\"valueName\":\"search_term_string\"}}],\"inLanguage\":\"fr-CA\"},{\"@type\":\"Organization\",\"@id\":\"https:\\\/\\\/seewhatgrows.org\\\/#organization\",\"name\":\"Connecting Communities to the Land\",\"url\":\"https:\\\/\\\/seewhatgrows.org\\\/\",\"logo\":{\"@type\":\"ImageObject\",\"inLanguage\":\"fr-CA\",\"@id\":\"https:\\\/\\\/seewhatgrows.org\\\/#\\\/schema\\\/logo\\\/image\\\/\",\"url\":\"https:\\\/\\\/seewhatgrows.org\\\/wp-content\\\/uploads\\\/2026\\\/06\\\/Plant-a-Seed-Logo.png\",\"contentUrl\":\"https:\\\/\\\/seewhatgrows.org\\\/wp-content\\\/uploads\\\/2026\\\/06\\\/Plant-a-Seed-Logo.png\",\"width\":600,\"height\":600,\"caption\":\"Connecting Communities to the Land\"},\"image\":{\"@id\":\"https:\\\/\\\/seewhatgrows.org\\\/#\\\/schema\\\/logo\\\/image\\\/\"}},{\"@type\":\"Person\",\"@id\":\"https:\\\/\\\/seewhatgrows.org\\\/#\\\/schema\\\/person\\\/b68aed2f630ae4c478c9855f63384764\",\"name\":\"Dennis Charland\",\"url\":\"https:\\\/\\\/seewhatgrows.org\\\/fr\\\/author\\\/dennis\\\/\"}]}<\/script>\n<!-- \/ Yoast SEO plugin. -->","yoast_head_json":{"title":"Comment c\u00e9l\u00e9brer la Journ\u00e9e mondiale de l&#x27;habitat avec vos enfants","description":"Comment les enseignants, les parents et les soignants peuvent c\u00e9l\u00e9brer la Journ\u00e9e mondiale de l'habitat avec leurs enfants, une courtoisie de Plant a Seed and See What Grows.","robots":{"index":"index","follow":"follow","max-snippet":"max-snippet:-1","max-image-preview":"max-image-preview:large","max-video-preview":"max-video-preview:-1"},"canonical":"https:\/\/seewhatgrows.org\/fr\/how-to-celebrate-world-habitat-day-with-your-kids\/","og_locale":"fr_CA","og_type":"article","og_title":"How to Celebrate World Habitat Day With Your Kids","og_description":"How teachers, parents, and caregivers can recognize World Habitat Day with their children, courtesy of Plant a Seed and See What Grows.","og_url":"https:\/\/seewhatgrows.org\/fr\/how-to-celebrate-world-habitat-day-with-your-kids\/","og_site_name":"Connecting Communities to the Land","article_published_time":"2021-09-21T19:11:04+00:00","article_modified_time":"2021-09-21T19:11:08+00:00","og_image":[{"width":1861,"height":1154,"url":"https:\/\/seewhatgrows.org\/wp-content\/uploads\/2021\/09\/How-to-Celebrate-World-Habitat-Day-.png","type":"image\/png"}],"author":"Dennis Charland","twitter_misc":{"\u00c9crit par":"Dennis Charland","Estimation du temps de lecture":"4 minutes"},"schema":{"@context":"https:\/\/schema.org","@graph":[{"@type":"Article","@id":"https:\/\/seewhatgrows.org\/how-to-celebrate-world-habitat-day-with-your-kids\/#article","isPartOf":{"@id":"https:\/\/seewhatgrows.org\/how-to-celebrate-world-habitat-day-with-your-kids\/"},"author":{"name":"Dennis Charland","@id":"https:\/\/seewhatgrows.org\/#\/schema\/person\/b68aed2f630ae4c478c9855f63384764"},"headline":"How to Celebrate World Habitat Day With Your Kids","datePublished":"2021-09-21T19:11:04+00:00","dateModified":"2021-09-21T19:11:08+00:00","mainEntityOfPage":{"@id":"https:\/\/seewhatgrows.org\/how-to-celebrate-world-habitat-day-with-your-kids\/"},"wordCount":736,"publisher":{"@id":"https:\/\/seewhatgrows.org\/#organization"},"image":{"@id":"https:\/\/seewhatgrows.org\/how-to-celebrate-world-habitat-day-with-your-kids\/#primaryimage"},"thumbnailUrl":"https:\/\/seewhatgrows.org\/wp-content\/uploads\/2021\/09\/How-to-Celebrate-World-Habitat-Day-.png","keywords":["World Habitat Day"],"articleSection":["Uncategorized"],"inLanguage":"fr-CA"},{"@type":"WebPage","@id":"https:\/\/seewhatgrows.org\/how-to-celebrate-world-habitat-day-with-your-kids\/","url":"https:\/\/seewhatgrows.org\/how-to-celebrate-world-habitat-day-with-your-kids\/","name":"Comment c\u00e9l\u00e9brer la Journ\u00e9e mondiale de l&#x27;habitat avec vos enfants","isPartOf":{"@id":"https:\/\/seewhatgrows.org\/#website"},"primaryImageOfPage":{"@id":"https:\/\/seewhatgrows.org\/how-to-celebrate-world-habitat-day-with-your-kids\/#primaryimage"},"image":{"@id":"https:\/\/seewhatgrows.org\/how-to-celebrate-world-habitat-day-with-your-kids\/#primaryimage"},"thumbnailUrl":"https:\/\/seewhatgrows.org\/wp-content\/uploads\/2021\/09\/How-to-Celebrate-World-Habitat-Day-.png","datePublished":"2021-09-21T19:11:04+00:00","dateModified":"2021-09-21T19:11:08+00:00","description":"Comment les enseignants, les parents et les soignants peuvent c\u00e9l\u00e9brer la Journ\u00e9e mondiale de l'habitat avec leurs enfants, une courtoisie de Plant a Seed and See What Grows.","breadcrumb":{"@id":"https:\/\/seewhatgrows.org\/how-to-celebrate-world-habitat-day-with-your-kids\/#breadcrumb"},"inLanguage":"fr-CA","potentialAction":[{"@type":"ReadAction","target":["https:\/\/seewhatgrows.org\/how-to-celebrate-world-habitat-day-with-your-kids\/"]}]},{"@type":"ImageObject","inLanguage":"fr-CA","@id":"https:\/\/seewhatgrows.org\/how-to-celebrate-world-habitat-day-with-your-kids\/#primaryimage","url":"https:\/\/seewhatgrows.org\/wp-content\/uploads\/2021\/09\/How-to-Celebrate-World-Habitat-Day-.png","contentUrl":"https:\/\/seewhatgrows.org\/wp-content\/uploads\/2021\/09\/How-to-Celebrate-World-Habitat-Day-.png","width":1861,"height":1154,"caption":"How to Celebrate World Habitat Day"},{"@type":"BreadcrumbList","@id":"https:\/\/seewhatgrows.org\/how-to-celebrate-world-habitat-day-with-your-kids\/#breadcrumb","itemListElement":[{"@type":"ListItem","position":1,"name":"Home","item":"https:\/\/seewhatgrows.org\/"},{"@type":"ListItem","position":2,"name":"How to Celebrate World Habitat Day With Your Kids"}]},{"@type":"WebSite","@id":"https:\/\/seewhatgrows.org\/#website","url":"https:\/\/seewhatgrows.org\/","name":"Connecter les communaut\u00e9s \u00e0 la terre","description":"Cultiver des communaut\u00e9s plus saines, une graine \u00e0 la fois avec la Fondation Plant a Seed &amp; See What Grows","publisher":{"@id":"https:\/\/seewhatgrows.org\/#organization"},"potentialAction":[{"@type":"SearchAction","target":{"@type":"EntryPoint","urlTemplate":"https:\/\/seewhatgrows.org\/?s={search_term_string}"},"query-input":{"@type":"PropertyValueSpecification","valueRequired":true,"valueName":"search_term_string"}}],"inLanguage":"fr-CA"},{"@type":"Organization","@id":"https:\/\/seewhatgrows.org\/#organization","name":"Connecter les communaut\u00e9s \u00e0 la terre","url":"https:\/\/seewhatgrows.org\/","logo":{"@type":"ImageObject","inLanguage":"fr-CA","@id":"https:\/\/seewhatgrows.org\/#\/schema\/logo\/image\/","url":"https:\/\/seewhatgrows.org\/wp-content\/uploads\/2026\/06\/Plant-a-Seed-Logo.png","contentUrl":"https:\/\/seewhatgrows.org\/wp-content\/uploads\/2026\/06\/Plant-a-Seed-Logo.png","width":600,"height":600,"caption":"Connecting Communities to the Land"},"image":{"@id":"https:\/\/seewhatgrows.org\/#\/schema\/logo\/image\/"}},{"@type":"Person","@id":"https:\/\/seewhatgrows.org\/#\/schema\/person\/b68aed2f630ae4c478c9855f63384764","name":"Dennis Charland","url":"https:\/\/seewhatgrows.org\/fr\/author\/dennis\/"}]}},"_links":{"self":[{"href":"https:\/\/seewhatgrows.org\/fr\/wp-json\/wp\/v2\/posts\/32626","targetHints":{"allow":["GET"]}}],"collection":[{"href":"https:\/\/seewhatgrows.org\/fr\/wp-json\/wp\/v2\/posts"}],"about":[{"href":"https:\/\/seewhatgrows.org\/fr\/wp-json\/wp\/v2\/types\/post"}],"author":[{"embeddable":true,"href":"https:\/\/seewhatgrows.org\/fr\/wp-json\/wp\/v2\/users\/3"}],"replies":[{"embeddable":true,"href":"https:\/\/seewhatgrows.org\/fr\/wp-json\/wp\/v2\/comments?post=32626"}],"version-history":[{"count":0,"href":"https:\/\/seewhatgrows.org\/fr\/wp-json\/wp\/v2\/posts\/32626\/revisions"}],"wp:featuredmedia":[{"embeddable":true,"href":"https:\/\/seewhatgrows.org\/fr\/wp-json\/wp\/v2\/media\/32628"}],"wp:attachment":[{"href":"https:\/\/seewhatgrows.org\/fr\/wp-json\/wp\/v2\/media?parent=32626"}],"wp:term":[{"taxonomy":"category","embeddable":true,"href":"https:\/\/seewhatgrows.org\/fr\/wp-json\/wp\/v2\/categories?post=32626"},{"taxonomy":"post_tag","embeddable":true,"href":"https:\/\/seewhatgrows.org\/fr\/wp-json\/wp\/v2\/tags?post=32626"}],"curies":[{"name":"bien jou\u00e9","href":"https:\/\/api.w.org\/{rel}","templated":true}]}}