{"id":31375,"date":"2020-07-16T19:35:21","date_gmt":"2020-07-17T02:35:21","guid":{"rendered":"http:\/\/seewhatgrows.flywheelsites.com\/?p=31375"},"modified":"2020-07-16T19:35:25","modified_gmt":"2020-07-17T02:35:25","slug":"featured-funded-projects-on-the-horizon-for-2020-21","status":"publish","type":"post","link":"https:\/\/seewhatgrows.org\/fr\/featured-funded-projects-on-the-horizon-for-2020-21\/","title":{"rendered":"Projets financ\u00e9s en vedette \u00e0 l'horizon pour 2020-2021"},"content":{"rendered":"<p class=\"wp-block-paragraph\">Nous avons r\u00e9cemment partag\u00e9 une mise \u00e0 jour sur la Fondation <strong>Semences d\u2019inspiration<\/strong> <strong>(SOI)<\/strong> programme de ressources \u00e9ducatives qui, \u00e0 ce jour, a touch\u00e9 <a href=\"https:\/\/seewhatgrows.org\/fr\/seeds-of-inspiration-continue-to-grow-in-schools-across-canada\/\">pr\u00e8s de 100 000 \u00e9tudiants \u00e0 travers le Canada<\/a>. Bien que nous soyons extr\u00eamement fiers de notre \u00e9quipe et reconnaissants envers tous les partenaires qui ont contribu\u00e9 au succ\u00e8s de SOI, ce n'est que la partie \u00e9merg\u00e9e de l'iceberg par rapport \u00e0 ce que nous esp\u00e9rons accomplir au cours de l'ann\u00e9e \u00e0 venir avec nos autres <a href=\"https:\/\/seewhatgrows.org\/fr\/programs\/\">programmes financ\u00e9s<\/a>. Les germes (au sens figur\u00e9 comme au sens propre) de ces initiatives ont d\u00e9j\u00e0 \u00e9t\u00e9 sem\u00e9s et les projets prennent de l'ampleur en ce moment m\u00eame. Voici quelques-uns des faits saillants en cours cet \u00e9t\u00e9.<\/p>\n\n\n\n<h2 class=\"wp-block-heading\"><strong>Projets interg\u00e9n\u00e9rationnels et durables que la fondation Plant a Seed &amp; See What Grows aide \u00e0 d\u00e9velopper en 2020 et au-del\u00e0<\/strong><\/h2>\n\n\n\n<!--more-->\n\n\n\n<h3 class=\"wp-block-heading\"><strong>R\u00e9seau des a\u00een\u00e9s de Maple Ridge, Pitt Meadows et Katzie<\/strong> <strong>Jardin interg\u00e9n\u00e9rationnel, Maple Ridge, C.-B.<\/strong><\/h3>\n\n\n\n<figure class=\"wp-block-image size-large\"><img loading=\"lazy\" decoding=\"async\" width=\"640\" height=\"480\" src=\"https:\/\/seewhatgrows.org\/wp-content\/uploads\/2020\/07\/IMG_0482.jpg\" alt=\"\" class=\"wp-image-31399\" srcset=\"https:\/\/seewhatgrows.org\/wp-content\/uploads\/2020\/07\/IMG_0482.jpg 640w, https:\/\/seewhatgrows.org\/wp-content\/uploads\/2020\/07\/IMG_0482-300x225.jpg 300w, https:\/\/seewhatgrows.org\/wp-content\/uploads\/2020\/07\/IMG_0482-510x382.jpg 510w, https:\/\/seewhatgrows.org\/wp-content\/uploads\/2020\/07\/IMG_0482-24x18.jpg 24w, https:\/\/seewhatgrows.org\/wp-content\/uploads\/2020\/07\/IMG_0482-36x27.jpg 36w, https:\/\/seewhatgrows.org\/wp-content\/uploads\/2020\/07\/IMG_0482-48x36.jpg 48w\" sizes=\"auto, (max-width: 640px) 100vw, 640px\" \/><\/figure>\n\n\n\n<p class=\"wp-block-paragraph\">On entend beaucoup parler de ce que fait notre Fondation pour aider \u00e0 offrir des exp\u00e9riences d'apprentissage saines en plein air aux jeunes partout au Canada, mais nous nous engageons \u00e9galement aupr\u00e8s de toutes les tranches d'\u00e2ge de la communaut\u00e9. Notre objectif de cr\u00e9er un monde plus durable pour toutes les g\u00e9n\u00e9rations fait un bond en avant gr\u00e2ce \u00e0 notre implication actuelle dans le Jardin interg\u00e9n\u00e9rationnel de Maple Ridge. <a href=\"https:\/\/www.mapleridgenews.com\/community\/intergenerational-garden-in-maple-ridge-set-to-close-if-funding-not-found\/\">Apr\u00e8s avoir perdu son financement<\/a> Apr\u00e8s le retrait de leur principal bailleur de fonds, notre Fondation a \u00e9t\u00e9 sollicit\u00e9e pour apporter un soutien financier afin de permettre \u00e0 ce projet louable de se poursuivre. C\u2019est exactement ce que nous avons fait, en versant une contribution de $2 500 afin d\u2019aider cette association dirig\u00e9e par des seniors (et destin\u00e9e aux seniors), dont bon nombre sont de v\u00e9ritables experts en jardinage !<\/p>\n\n\n\n<p class=\"wp-block-paragraph\">Ce qui rend cette initiative si attrayante pour notre Fondation, c'est son aspect interg\u00e9n\u00e9rationnel. Depuis 2012, le programme du Jardin interg\u00e9n\u00e9rationnel offre aux a\u00een\u00e9s participants l'opportunit\u00e9 d'interagir avec les plus jeunes g\u00e9n\u00e9rations et de partager leurs connaissances et leurs comp\u00e9tences. Chaque ann\u00e9e, plus de 400 \u00e9l\u00e8ves du primaire et 15 \u00e0 20 a\u00een\u00e9s b\u00e9n\u00e9voles participent aux activit\u00e9s du jardin, ax\u00e9es sur la culture d'aliments nutritifs et sur l'ensemble du processus, de la graine \u00e0 l'assiette :<\/p>\n\n\n\n<blockquote class=\"wp-block-quote is-layout-flow wp-block-quote-is-layout-flow\"><p><em>\u201cCes interactions interg\u00e9n\u00e9rationnelles sont extr\u00eamement b\u00e9n\u00e9fiques pour les deux extr\u00e9mit\u00e9s du spectre d'\u00e2ge et constituent l'un des aspects d'une communaut\u00e9 saine. Le partage des connaissances est important pour encourager les nouvelles g\u00e9n\u00e9rations de jardiniers qui comprennent d'o\u00f9 vient leur nourriture et l'importance de cette durabilit\u00e9. Des classes de maternelle, des groupes d'instruction \u00e0 domicile, des usagers de la Ridge Meadows Association of Community Living et plusieurs organisations de jeunesse visitent et travaillent \u00e9galement r\u00e9guli\u00e8rement dans le jardin.<\/em><a href=\"http:\/\/seniors-network.ca\"><em>seniors-network.ca<\/em><\/a><em>)<\/em><\/p><\/blockquote>\n\n\n\n<figure class=\"wp-block-image size-large\"><img loading=\"lazy\" decoding=\"async\" width=\"480\" height=\"640\" src=\"https:\/\/seewhatgrows.org\/wp-content\/uploads\/2020\/07\/IMG_0499-rotated.jpg\" alt=\"\" class=\"wp-image-31401\" srcset=\"https:\/\/seewhatgrows.org\/wp-content\/uploads\/2020\/07\/IMG_0499-rotated.jpg 480w, https:\/\/seewhatgrows.org\/wp-content\/uploads\/2020\/07\/IMG_0499-225x300.jpg 225w, https:\/\/seewhatgrows.org\/wp-content\/uploads\/2020\/07\/IMG_0499-18x24.jpg 18w, https:\/\/seewhatgrows.org\/wp-content\/uploads\/2020\/07\/IMG_0499-27x36.jpg 27w, https:\/\/seewhatgrows.org\/wp-content\/uploads\/2020\/07\/IMG_0499-36x48.jpg 36w\" sizes=\"auto, (max-width: 480px) 100vw, 480px\" \/><figcaption>Le Jardin interg\u00e9n\u00e9rationnel dispose de carr\u00e9s de potager sp\u00e9cifiques pour les banques alimentaires.\r\n<\/figcaption><\/figure>\n\n\n\n<figure class=\"wp-block-image size-large\"><img loading=\"lazy\" decoding=\"async\" width=\"431\" height=\"601\" src=\"https:\/\/seewhatgrows.org\/wp-content\/uploads\/2020\/07\/IMG_0457.jpg\" alt=\"\" class=\"wp-image-31400\" srcset=\"https:\/\/seewhatgrows.org\/wp-content\/uploads\/2020\/07\/IMG_0457.jpg 431w, https:\/\/seewhatgrows.org\/wp-content\/uploads\/2020\/07\/IMG_0457-215x300.jpg 215w, https:\/\/seewhatgrows.org\/wp-content\/uploads\/2020\/07\/IMG_0457-17x24.jpg 17w, https:\/\/seewhatgrows.org\/wp-content\/uploads\/2020\/07\/IMG_0457-26x36.jpg 26w, https:\/\/seewhatgrows.org\/wp-content\/uploads\/2020\/07\/IMG_0457-34x48.jpg 34w\" sizes=\"auto, (max-width: 431px) 100vw, 431px\" \/><figcaption>Dennis Charland, directeur g\u00e9n\u00e9ral de la Fondation, a admir\u00e9 les parterres luxuriants du jardin communautaire.   \r\n<\/figcaption><\/figure>\n\n\n\n<p class=\"wp-block-paragraph\">Nous sommes tr\u00e8s heureux de voir les progr\u00e8s de ce programme se concr\u00e9tiser au fil des mois et des ann\u00e9es \u00e0 venir.<\/p>\n\n\n\n<h3 class=\"wp-block-heading\"><strong>Grow Calgary, Alberta<\/strong><\/h3>\n\n\n\n<div class=\"wp-block-image\"><figure class=\"aligncenter size-large\"><img loading=\"lazy\" decoding=\"async\" width=\"900\" height=\"433\" src=\"https:\/\/seewhatgrows.org\/wp-content\/uploads\/2020\/07\/Funded-Programs-PAS-2.jpg\" alt=\"Funded Programs PAS 2\" class=\"wp-image-31377\" srcset=\"https:\/\/seewhatgrows.org\/wp-content\/uploads\/2020\/07\/Funded-Programs-PAS-2.jpg 900w, https:\/\/seewhatgrows.org\/wp-content\/uploads\/2020\/07\/Funded-Programs-PAS-2-300x144.jpg 300w, https:\/\/seewhatgrows.org\/wp-content\/uploads\/2020\/07\/Funded-Programs-PAS-2-768x369.jpg 768w, https:\/\/seewhatgrows.org\/wp-content\/uploads\/2020\/07\/Funded-Programs-PAS-2-24x12.jpg 24w, https:\/\/seewhatgrows.org\/wp-content\/uploads\/2020\/07\/Funded-Programs-PAS-2-36x17.jpg 36w, https:\/\/seewhatgrows.org\/wp-content\/uploads\/2020\/07\/Funded-Programs-PAS-2-48x23.jpg 48w\" sizes=\"auto, (max-width: 900px) 100vw, 900px\" \/><\/figure><\/div>\n\n\n\n<p class=\"wp-block-paragraph\"><a href=\"https:\/\/www.growcalgary.ca\/\">Cultiver Calgary<\/a> est la plus grande ferme communautaire urbaine du Canada. Il s'agit d'un organisme sans but lucratif qui cultive des produits frais pour des organismes sociaux de Calgary, en Alberta, dot\u00e9s de programmes d'acc\u00e8s \u00e0 l'alimentation. En r\u00e9ponse \u00e0 <a href=\"https:\/\/www.instagram.com\/p\/CAEDjrghLjO\/?igshid=eeb2tnhxn13j\">leur appel aux dons<\/a> la fondation Plant a Seed &amp; See What Grows a fourni <a href=\"https:\/\/shop.seewhatgrows.flywheelstaging.com\/product\/seed-packs\/\">sachets de graines biologiques<\/a> \u00e0 Grow Calgary :<\/p>\n\n\n\n<blockquote class=\"wp-block-quote is-layout-flow wp-block-quote-is-layout-flow\"><p><em>\u201cGrow Calgary est extr\u00eamement reconnaissant d'avoir re\u00e7u un parrainage de la Fondation Plant A Seed &amp; See What Grows. Venus tout droit de la Colombie-Britannique, ils ont g\u00e9n\u00e9reusement exp\u00e9di\u00e9 40 paquets de graines biologiques, comprenant des haricots nains, de la laitue, des radis, des petits pois et de l'\u00e9chinac\u00e9e. Tous les produits r\u00e9colt\u00e9s seront donn\u00e9s directement \u00e0 des organismes d'aide alimentaire \u00e0 Calgary, qui viennent en aide \u00e0 nos communaut\u00e9s les plus vuln\u00e9rables. Merci de nous aider \u00e0 promouvoir un syst\u00e8me alimentaire plus durable ! (Chelsea Klinke, directrice g\u00e9n\u00e9rale, <a href=\"https:\/\/www.growcalgary.ca\/\">Cultiver Calgary<\/a>)<\/em><\/p><\/blockquote>\n\n\n\n<div class=\"wp-block-image\"><figure class=\"aligncenter size-large\"><img loading=\"lazy\" decoding=\"async\" width=\"900\" height=\"498\" src=\"https:\/\/seewhatgrows.org\/wp-content\/uploads\/2020\/07\/PlantaSeed-1.jpg\" alt=\"\" class=\"wp-image-31382\" srcset=\"https:\/\/seewhatgrows.org\/wp-content\/uploads\/2020\/07\/PlantaSeed-1.jpg 900w, https:\/\/seewhatgrows.org\/wp-content\/uploads\/2020\/07\/PlantaSeed-1-300x166.jpg 300w, https:\/\/seewhatgrows.org\/wp-content\/uploads\/2020\/07\/PlantaSeed-1-768x425.jpg 768w, https:\/\/seewhatgrows.org\/wp-content\/uploads\/2020\/07\/PlantaSeed-1-24x13.jpg 24w, https:\/\/seewhatgrows.org\/wp-content\/uploads\/2020\/07\/PlantaSeed-1-36x20.jpg 36w, https:\/\/seewhatgrows.org\/wp-content\/uploads\/2020\/07\/PlantaSeed-1-48x27.jpg 48w\" sizes=\"auto, (max-width: 900px) 100vw, 900px\" \/><\/figure><\/div>\n\n\n\n<p class=\"wp-block-paragraph\">Nous avons h\u00e2te de voir les fruits (euh... l\u00e9gumes) de ce programme financ\u00e9 \u00e0 l'approche de la prochaine r\u00e9colte !<\/p>\n\n\n\n<p class=\"wp-block-paragraph\"><strong><a href=\"https:\/\/www.kikinoschool.ca\/\">\u00c9cole de Kikino, AB<\/a><\/strong><\/p>\n\n\n\n<div class=\"wp-block-image\"><figure class=\"aligncenter size-large\"><img loading=\"lazy\" decoding=\"async\" width=\"604\" height=\"278\" src=\"https:\/\/seewhatgrows.org\/wp-content\/uploads\/2020\/07\/Funded-Programs-Kikino-School-1.jpg\" alt=\"\" class=\"wp-image-31379\" srcset=\"https:\/\/seewhatgrows.org\/wp-content\/uploads\/2020\/07\/Funded-Programs-Kikino-School-1.jpg 604w, https:\/\/seewhatgrows.org\/wp-content\/uploads\/2020\/07\/Funded-Programs-Kikino-School-1-300x138.jpg 300w, https:\/\/seewhatgrows.org\/wp-content\/uploads\/2020\/07\/Funded-Programs-Kikino-School-1-24x11.jpg 24w, https:\/\/seewhatgrows.org\/wp-content\/uploads\/2020\/07\/Funded-Programs-Kikino-School-1-36x17.jpg 36w, https:\/\/seewhatgrows.org\/wp-content\/uploads\/2020\/07\/Funded-Programs-Kikino-School-1-48x22.jpg 48w\" sizes=\"auto, (max-width: 604px) 100vw, 604px\" \/><\/figure><\/div>\n\n\n\n<p class=\"wp-block-paragraph\">\u00c0 l\u2019instar d\u2019un grand nombre d\u2019\u00e9coles \u00e0 travers le Canada, cet \u00e9tablissement situ\u00e9 au c\u0153ur de l\u2019Alberta (au nord-ouest d\u2019Edmonton) disposait d\u2019un programme de cantine destin\u00e9 \u00e0 lutter contre l\u2019ins\u00e9curit\u00e9 alimentaire dans les foyers ayant des enfants d\u2019\u00e2ge scolaire. Cependant, suite \u00e0 un manque de financement d\u00fb aux coupes budg\u00e9taires du gouvernement, Kikino a perdu son programme de cantine. Les cons\u00e9quences ont \u00e9t\u00e9 dramatiques, car environ 75% d&#x27;enfants de Kikino comptaient sur les collations et les d\u00e9jeuners fournis par l&#x27;\u00e9cole.&nbsp;&nbsp;<\/p>\n\n\n\n<p class=\"wp-block-paragraph\">Pour cr\u00e9er un programme plus durable, l'\u00e9cole a d\u00e9cid\u00e9 de d\u00e9velopper les initiatives de jardinage sur le terrain existantes. Elle a fait appel aux connaissances, aux comp\u00e9tences, \u00e0 l'enthousiasme et \u00e0 l'audace des enseignants et des \u00e9l\u00e8ves pour commencer \u00e0 cultiver des aliments qui pourraient \u00eatre servis dans le cadre de leur programme de repas scolaires. \u00c0 ce jour, ils ont acquis trois serres et disposent d'un espace pour un nouveau jardin. Pour se pr\u00e9parer \u00e0 la rentr\u00e9e scolaire \u00e0 venir, Kikino souhaite fournir des l\u00e9gumes frais d\u00e8s l'automne, lorsque les cours reprendront. Ils ont soumis une demande d'aide par l'interm\u00e9diaire de notre programme subventionn\u00e9, et notre Fondation a imm\u00e9diatement r\u00e9pondu en faisant don de sachets de graines biologiques pour l'ensemble de leurs 130 \u00e9l\u00e8ves et membres du personnel. Ce jardin scolaire et ce programme de repas constituent l'exemple parfait de ce que notre Fondation cherche \u00e0 accomplir d'une communaut\u00e9 \u00e0 l'autre \u00e0 travers le Canada. Nous sommes honor\u00e9s d'apporter notre aide !<\/p>\n\n\n\n<hr class=\"wp-block-separator\"\/>\n\n\n\n<p class=\"wp-block-paragraph\">En savoir plus <a href=\"https:\/\/seewhatgrows.org\/fr\/programs\/\">nos projets financ\u00e9s<\/a>, et si vous souhaitez vous impliquer en faisant don de votre temps, de vos talents et\/ou de vos ressources, <a href=\"https:\/\/seewhatgrows.org\/fr\/get-involved\/\">cliquez ici<\/a>.<\/p>","protected":false},"excerpt":{"rendered":"<p>We recently shared an update on the Foundation\u2019s Seeds of Inspiration (SOI) educational resources program which to date has reached nearly 100,000 students across Canada. While we\u2019re extremely proud of our team and grateful to all of the partners who have helped build the success of SOI, it\u2019s just the tip of the iceberg for [&hellip;]<\/p>\n","protected":false},"author":3,"featured_media":31383,"comment_status":"closed","ping_status":"closed","sticky":false,"template":"","format":"standard","meta":{"footnotes":""},"categories":[1],"tags":[],"class_list":["post-31375","post","type-post","status-publish","format-standard","has-post-thumbnail","hentry","category-uncategorized"],"yoast_head":"<!-- This site is optimized with the Yoast SEO plugin v28.4 - https:\/\/yoast.com\/product\/yoast-seo-wordpress\/ -->\n<title>Featured Funded Projects on the Horizon for 2020-21<\/title>\n<meta name=\"description\" content=\"Cross-generational and sustainable projects that the Plant a Seed &amp; See What Grows Foundation Is helping to grow in 2020 and beyond.\" \/>\n<meta name=\"robots\" content=\"index, follow, max-snippet:-1, max-image-preview:large, max-video-preview:-1\" \/>\n<link rel=\"canonical\" href=\"https:\/\/seewhatgrows.org\/fr\/featured-funded-projects-on-the-horizon-for-2020-21\/\" \/>\n<meta property=\"og:locale\" content=\"fr_CA\" \/>\n<meta property=\"og:type\" content=\"article\" \/>\n<meta property=\"og:title\" content=\"Featured Funded Projects on the Horizon for 2020-21\" \/>\n<meta property=\"og:description\" content=\"Cross-generational and sustainable projects that the Plant a Seed &amp; See What Grows Foundation Is helping to grow in 2020 and beyond.\" \/>\n<meta property=\"og:url\" content=\"https:\/\/seewhatgrows.org\/fr\/featured-funded-projects-on-the-horizon-for-2020-21\/\" \/>\n<meta property=\"og:site_name\" content=\"Connecting Communities to the Land\" \/>\n<meta property=\"article:published_time\" content=\"2020-07-17T02:35:21+00:00\" \/>\n<meta property=\"article:modified_time\" content=\"2020-07-17T02:35:25+00:00\" \/>\n<meta property=\"og:image\" content=\"https:\/\/seewhatgrows.org\/wp-content\/uploads\/2020\/07\/PlantASeedAndSeeWhatGrows.jpg\" \/>\n\t<meta property=\"og:image:width\" content=\"2200\" \/>\n\t<meta property=\"og:image:height\" content=\"1139\" \/>\n\t<meta property=\"og:image:type\" content=\"image\/jpeg\" \/>\n<meta name=\"author\" content=\"Dennis Charland\" \/>\n<meta name=\"twitter:label1\" content=\"\u00c9crit par\" \/>\n\t<meta name=\"twitter:data1\" content=\"Dennis Charland\" \/>\n\t<meta name=\"twitter:label2\" content=\"Estimation du temps de lecture\" \/>\n\t<meta name=\"twitter:data2\" content=\"4 minutes\" \/>\n<script type=\"application\/ld+json\" class=\"yoast-schema-graph\">{\"@context\":\"https:\\\/\\\/schema.org\",\"@graph\":[{\"@type\":\"Article\",\"@id\":\"https:\\\/\\\/seewhatgrows.org\\\/featured-funded-projects-on-the-horizon-for-2020-21\\\/#article\",\"isPartOf\":{\"@id\":\"https:\\\/\\\/seewhatgrows.org\\\/featured-funded-projects-on-the-horizon-for-2020-21\\\/\"},\"author\":{\"name\":\"Dennis Charland\",\"@id\":\"https:\\\/\\\/seewhatgrows.org\\\/#\\\/schema\\\/person\\\/b68aed2f630ae4c478c9855f63384764\"},\"headline\":\"Featured Funded Projects on the Horizon for 2020-21\",\"datePublished\":\"2020-07-17T02:35:21+00:00\",\"dateModified\":\"2020-07-17T02:35:25+00:00\",\"mainEntityOfPage\":{\"@id\":\"https:\\\/\\\/seewhatgrows.org\\\/featured-funded-projects-on-the-horizon-for-2020-21\\\/\"},\"wordCount\":816,\"publisher\":{\"@id\":\"https:\\\/\\\/seewhatgrows.org\\\/#organization\"},\"image\":{\"@id\":\"https:\\\/\\\/seewhatgrows.org\\\/featured-funded-projects-on-the-horizon-for-2020-21\\\/#primaryimage\"},\"thumbnailUrl\":\"https:\\\/\\\/seewhatgrows.org\\\/wp-content\\\/uploads\\\/2020\\\/07\\\/PlantASeedAndSeeWhatGrows.jpg\",\"articleSection\":[\"Uncategorized\"],\"inLanguage\":\"fr-CA\"},{\"@type\":\"WebPage\",\"@id\":\"https:\\\/\\\/seewhatgrows.org\\\/featured-funded-projects-on-the-horizon-for-2020-21\\\/\",\"url\":\"https:\\\/\\\/seewhatgrows.org\\\/featured-funded-projects-on-the-horizon-for-2020-21\\\/\",\"name\":\"Featured Funded Projects on the Horizon for 2020-21\",\"isPartOf\":{\"@id\":\"https:\\\/\\\/seewhatgrows.org\\\/#website\"},\"primaryImageOfPage\":{\"@id\":\"https:\\\/\\\/seewhatgrows.org\\\/featured-funded-projects-on-the-horizon-for-2020-21\\\/#primaryimage\"},\"image\":{\"@id\":\"https:\\\/\\\/seewhatgrows.org\\\/featured-funded-projects-on-the-horizon-for-2020-21\\\/#primaryimage\"},\"thumbnailUrl\":\"https:\\\/\\\/seewhatgrows.org\\\/wp-content\\\/uploads\\\/2020\\\/07\\\/PlantASeedAndSeeWhatGrows.jpg\",\"datePublished\":\"2020-07-17T02:35:21+00:00\",\"dateModified\":\"2020-07-17T02:35:25+00:00\",\"description\":\"Cross-generational and sustainable projects that the Plant a Seed & See What Grows Foundation Is helping to grow in 2020 and beyond.\",\"breadcrumb\":{\"@id\":\"https:\\\/\\\/seewhatgrows.org\\\/featured-funded-projects-on-the-horizon-for-2020-21\\\/#breadcrumb\"},\"inLanguage\":\"fr-CA\",\"potentialAction\":[{\"@type\":\"ReadAction\",\"target\":[\"https:\\\/\\\/seewhatgrows.org\\\/featured-funded-projects-on-the-horizon-for-2020-21\\\/\"]}]},{\"@type\":\"ImageObject\",\"inLanguage\":\"fr-CA\",\"@id\":\"https:\\\/\\\/seewhatgrows.org\\\/featured-funded-projects-on-the-horizon-for-2020-21\\\/#primaryimage\",\"url\":\"https:\\\/\\\/seewhatgrows.org\\\/wp-content\\\/uploads\\\/2020\\\/07\\\/PlantASeedAndSeeWhatGrows.jpg\",\"contentUrl\":\"https:\\\/\\\/seewhatgrows.org\\\/wp-content\\\/uploads\\\/2020\\\/07\\\/PlantASeedAndSeeWhatGrows.jpg\",\"width\":2200,\"height\":1139,\"caption\":\"Garden Programs Canada\"},{\"@type\":\"BreadcrumbList\",\"@id\":\"https:\\\/\\\/seewhatgrows.org\\\/featured-funded-projects-on-the-horizon-for-2020-21\\\/#breadcrumb\",\"itemListElement\":[{\"@type\":\"ListItem\",\"position\":1,\"name\":\"Home\",\"item\":\"https:\\\/\\\/seewhatgrows.org\\\/\"},{\"@type\":\"ListItem\",\"position\":2,\"name\":\"Featured Funded Projects on the Horizon for 2020-21\"}]},{\"@type\":\"WebSite\",\"@id\":\"https:\\\/\\\/seewhatgrows.org\\\/#website\",\"url\":\"https:\\\/\\\/seewhatgrows.org\\\/\",\"name\":\"Connecting Communities to the Land\",\"description\":\"Growing healthier communities, one seed at a time with Plant a Seed &amp; See What Grows Foundation\",\"publisher\":{\"@id\":\"https:\\\/\\\/seewhatgrows.org\\\/#organization\"},\"potentialAction\":[{\"@type\":\"SearchAction\",\"target\":{\"@type\":\"EntryPoint\",\"urlTemplate\":\"https:\\\/\\\/seewhatgrows.org\\\/?s={search_term_string}\"},\"query-input\":{\"@type\":\"PropertyValueSpecification\",\"valueRequired\":true,\"valueName\":\"search_term_string\"}}],\"inLanguage\":\"fr-CA\"},{\"@type\":\"Organization\",\"@id\":\"https:\\\/\\\/seewhatgrows.org\\\/#organization\",\"name\":\"Connecting Communities to the Land\",\"url\":\"https:\\\/\\\/seewhatgrows.org\\\/\",\"logo\":{\"@type\":\"ImageObject\",\"inLanguage\":\"fr-CA\",\"@id\":\"https:\\\/\\\/seewhatgrows.org\\\/#\\\/schema\\\/logo\\\/image\\\/\",\"url\":\"https:\\\/\\\/seewhatgrows.org\\\/wp-content\\\/uploads\\\/2026\\\/06\\\/Plant-a-Seed-Logo.png\",\"contentUrl\":\"https:\\\/\\\/seewhatgrows.org\\\/wp-content\\\/uploads\\\/2026\\\/06\\\/Plant-a-Seed-Logo.png\",\"width\":600,\"height\":600,\"caption\":\"Connecting Communities to the Land\"},\"image\":{\"@id\":\"https:\\\/\\\/seewhatgrows.org\\\/#\\\/schema\\\/logo\\\/image\\\/\"}},{\"@type\":\"Person\",\"@id\":\"https:\\\/\\\/seewhatgrows.org\\\/#\\\/schema\\\/person\\\/b68aed2f630ae4c478c9855f63384764\",\"name\":\"Dennis Charland\",\"url\":\"https:\\\/\\\/seewhatgrows.org\\\/fr\\\/author\\\/dennis\\\/\"}]}<\/script>\n<!-- \/ Yoast SEO plugin. -->","yoast_head_json":{"title":"Projets financ\u00e9s en vedette \u00e0 l'horizon pour 2020-2021","description":"Des projets interg\u00e9n\u00e9rationnels et durables que la Fondation Plante une graine et vois ce qui pousse contribue \u00e0 faire grandir en 2020 et au-del\u00e0.","robots":{"index":"index","follow":"follow","max-snippet":"max-snippet:-1","max-image-preview":"max-image-preview:large","max-video-preview":"max-video-preview:-1"},"canonical":"https:\/\/seewhatgrows.org\/fr\/featured-funded-projects-on-the-horizon-for-2020-21\/","og_locale":"fr_CA","og_type":"article","og_title":"Featured Funded Projects on the Horizon for 2020-21","og_description":"Cross-generational and sustainable projects that the Plant a Seed & See What Grows Foundation Is helping to grow in 2020 and beyond.","og_url":"https:\/\/seewhatgrows.org\/fr\/featured-funded-projects-on-the-horizon-for-2020-21\/","og_site_name":"Connecting Communities to the Land","article_published_time":"2020-07-17T02:35:21+00:00","article_modified_time":"2020-07-17T02:35:25+00:00","og_image":[{"width":2200,"height":1139,"url":"https:\/\/seewhatgrows.org\/wp-content\/uploads\/2020\/07\/PlantASeedAndSeeWhatGrows.jpg","type":"image\/jpeg"}],"author":"Dennis Charland","twitter_misc":{"\u00c9crit par":"Dennis Charland","Estimation du temps de lecture":"4 minutes"},"schema":{"@context":"https:\/\/schema.org","@graph":[{"@type":"Article","@id":"https:\/\/seewhatgrows.org\/featured-funded-projects-on-the-horizon-for-2020-21\/#article","isPartOf":{"@id":"https:\/\/seewhatgrows.org\/featured-funded-projects-on-the-horizon-for-2020-21\/"},"author":{"name":"Dennis Charland","@id":"https:\/\/seewhatgrows.org\/#\/schema\/person\/b68aed2f630ae4c478c9855f63384764"},"headline":"Featured Funded Projects on the Horizon for 2020-21","datePublished":"2020-07-17T02:35:21+00:00","dateModified":"2020-07-17T02:35:25+00:00","mainEntityOfPage":{"@id":"https:\/\/seewhatgrows.org\/featured-funded-projects-on-the-horizon-for-2020-21\/"},"wordCount":816,"publisher":{"@id":"https:\/\/seewhatgrows.org\/#organization"},"image":{"@id":"https:\/\/seewhatgrows.org\/featured-funded-projects-on-the-horizon-for-2020-21\/#primaryimage"},"thumbnailUrl":"https:\/\/seewhatgrows.org\/wp-content\/uploads\/2020\/07\/PlantASeedAndSeeWhatGrows.jpg","articleSection":["Uncategorized"],"inLanguage":"fr-CA"},{"@type":"WebPage","@id":"https:\/\/seewhatgrows.org\/featured-funded-projects-on-the-horizon-for-2020-21\/","url":"https:\/\/seewhatgrows.org\/featured-funded-projects-on-the-horizon-for-2020-21\/","name":"Projets financ\u00e9s en vedette \u00e0 l'horizon pour 2020-2021","isPartOf":{"@id":"https:\/\/seewhatgrows.org\/#website"},"primaryImageOfPage":{"@id":"https:\/\/seewhatgrows.org\/featured-funded-projects-on-the-horizon-for-2020-21\/#primaryimage"},"image":{"@id":"https:\/\/seewhatgrows.org\/featured-funded-projects-on-the-horizon-for-2020-21\/#primaryimage"},"thumbnailUrl":"https:\/\/seewhatgrows.org\/wp-content\/uploads\/2020\/07\/PlantASeedAndSeeWhatGrows.jpg","datePublished":"2020-07-17T02:35:21+00:00","dateModified":"2020-07-17T02:35:25+00:00","description":"Des projets interg\u00e9n\u00e9rationnels et durables que la Fondation Plante une graine et vois ce qui pousse contribue \u00e0 faire grandir en 2020 et au-del\u00e0.","breadcrumb":{"@id":"https:\/\/seewhatgrows.org\/featured-funded-projects-on-the-horizon-for-2020-21\/#breadcrumb"},"inLanguage":"fr-CA","potentialAction":[{"@type":"ReadAction","target":["https:\/\/seewhatgrows.org\/featured-funded-projects-on-the-horizon-for-2020-21\/"]}]},{"@type":"ImageObject","inLanguage":"fr-CA","@id":"https:\/\/seewhatgrows.org\/featured-funded-projects-on-the-horizon-for-2020-21\/#primaryimage","url":"https:\/\/seewhatgrows.org\/wp-content\/uploads\/2020\/07\/PlantASeedAndSeeWhatGrows.jpg","contentUrl":"https:\/\/seewhatgrows.org\/wp-content\/uploads\/2020\/07\/PlantASeedAndSeeWhatGrows.jpg","width":2200,"height":1139,"caption":"Garden Programs Canada"},{"@type":"BreadcrumbList","@id":"https:\/\/seewhatgrows.org\/featured-funded-projects-on-the-horizon-for-2020-21\/#breadcrumb","itemListElement":[{"@type":"ListItem","position":1,"name":"Home","item":"https:\/\/seewhatgrows.org\/"},{"@type":"ListItem","position":2,"name":"Featured Funded Projects on the Horizon for 2020-21"}]},{"@type":"WebSite","@id":"https:\/\/seewhatgrows.org\/#website","url":"https:\/\/seewhatgrows.org\/","name":"Connecter les communaut\u00e9s \u00e0 la terre","description":"Cultiver des communaut\u00e9s plus saines, une graine \u00e0 la fois avec la Fondation Plant a Seed &amp; See What Grows","publisher":{"@id":"https:\/\/seewhatgrows.org\/#organization"},"potentialAction":[{"@type":"SearchAction","target":{"@type":"EntryPoint","urlTemplate":"https:\/\/seewhatgrows.org\/?s={search_term_string}"},"query-input":{"@type":"PropertyValueSpecification","valueRequired":true,"valueName":"search_term_string"}}],"inLanguage":"fr-CA"},{"@type":"Organization","@id":"https:\/\/seewhatgrows.org\/#organization","name":"Connecter les communaut\u00e9s \u00e0 la terre","url":"https:\/\/seewhatgrows.org\/","logo":{"@type":"ImageObject","inLanguage":"fr-CA","@id":"https:\/\/seewhatgrows.org\/#\/schema\/logo\/image\/","url":"https:\/\/seewhatgrows.org\/wp-content\/uploads\/2026\/06\/Plant-a-Seed-Logo.png","contentUrl":"https:\/\/seewhatgrows.org\/wp-content\/uploads\/2026\/06\/Plant-a-Seed-Logo.png","width":600,"height":600,"caption":"Connecting Communities to the Land"},"image":{"@id":"https:\/\/seewhatgrows.org\/#\/schema\/logo\/image\/"}},{"@type":"Person","@id":"https:\/\/seewhatgrows.org\/#\/schema\/person\/b68aed2f630ae4c478c9855f63384764","name":"Dennis Charland","url":"https:\/\/seewhatgrows.org\/fr\/author\/dennis\/"}]}},"_links":{"self":[{"href":"https:\/\/seewhatgrows.org\/fr\/wp-json\/wp\/v2\/posts\/31375","targetHints":{"allow":["GET"]}}],"collection":[{"href":"https:\/\/seewhatgrows.org\/fr\/wp-json\/wp\/v2\/posts"}],"about":[{"href":"https:\/\/seewhatgrows.org\/fr\/wp-json\/wp\/v2\/types\/post"}],"author":[{"embeddable":true,"href":"https:\/\/seewhatgrows.org\/fr\/wp-json\/wp\/v2\/users\/3"}],"replies":[{"embeddable":true,"href":"https:\/\/seewhatgrows.org\/fr\/wp-json\/wp\/v2\/comments?post=31375"}],"version-history":[{"count":0,"href":"https:\/\/seewhatgrows.org\/fr\/wp-json\/wp\/v2\/posts\/31375\/revisions"}],"wp:featuredmedia":[{"embeddable":true,"href":"https:\/\/seewhatgrows.org\/fr\/wp-json\/wp\/v2\/media\/31383"}],"wp:attachment":[{"href":"https:\/\/seewhatgrows.org\/fr\/wp-json\/wp\/v2\/media?parent=31375"}],"wp:term":[{"taxonomy":"category","embeddable":true,"href":"https:\/\/seewhatgrows.org\/fr\/wp-json\/wp\/v2\/categories?post=31375"},{"taxonomy":"post_tag","embeddable":true,"href":"https:\/\/seewhatgrows.org\/fr\/wp-json\/wp\/v2\/tags?post=31375"}],"curies":[{"name":"bien jou\u00e9","href":"https:\/\/api.w.org\/{rel}","templated":true}]}}