{"id":30662,"date":"2019-09-03T16:58:26","date_gmt":"2019-09-03T23:58:26","guid":{"rendered":"http:\/\/seewhatgrows.flywheelsites.com\/?p=30662"},"modified":"2019-09-03T17:03:34","modified_gmt":"2019-09-04T00:03:34","slug":"celebrate-organic-week-2019","status":"publish","type":"post","link":"https:\/\/seewhatgrows.org\/fr\/celebrate-organic-week-2019\/","title":{"rendered":"Comment c\u00e9l\u00e9brer la Semaine du bio 2019"},"content":{"rendered":"<p>La Semaine nationale de l'agriculture biologique 2019 au Canada est \u00e0 nos portes et se d\u00e9roulera du 9 au 15 septembre. Pour les non-initi\u00e9s, cet \u00e9v\u00e9nement annuel est la plus grande c\u00e9l\u00e9bration d'aliments, d'agriculture et de produits biologiques au pays. C'est l'une des plus grandes c\u00e9l\u00e9brations de ce genre au monde et, \u00e9tant donn\u00e9 qu'il s'agit du 10e anniversaire de l'\u00e9v\u00e9nement, il s'appr\u00eate \u00e0 prendre de l'ampleur. Le moment est \u00e9galement id\u00e9al, car il co\u00efncide avec le d\u00e9but de la nouvelle ann\u00e9e scolaire partout au Canada. Aujourd'hui, nous allons examiner d'excellentes fa\u00e7ons de marquer cet \u00e9v\u00e9nement sp\u00e9cial avec vos \u00e9l\u00e8ves.<\/p>\n<h2><strong>3 fa\u00e7ons de c\u00e9l\u00e9brer la Semaine nationale de l'agriculture biologique au Canada avec vos \u00e9l\u00e8ves<\/strong><\/h2>\n<p><!--more--><\/p>\n<h3><strong>1. La sortie p\u00e9dagogique biologique ultime<\/strong><\/h3>\n<p>L'une des meilleures fa\u00e7ons de c\u00e9l\u00e9brer la Semaine de l'agriculture biologique est d'apprendre aux enfants comment ils (et leurs foyers) peuvent faire une diff\u00e9rence imm\u00e9diate et directe pour promouvoir un mode de vie durable chez eux et dans leur communaut\u00e9. Et cela commence par les courses !<\/p>\n<p>Organisez une exp\u00e9dition de courses bio avec votre classe et commencez par l'endroit que leur famille fr\u00e9quente probablement le plus : un <strong>\u00e9picerie traditionnelle<\/strong>. Arm\u00e9s d'une liste de courses d'aliments nutritifs et d'un caddie, emmenez vos \u00e9l\u00e8ves dans un voyage du rayon des produits frais jusqu'au rayon des surgel\u00e9s. Apprenez-leur \u00e0 identifier les diff\u00e9rences entre les produits biologiques et les autres. Comment leur apprenez-vous \u00e0 identifier la diff\u00e9rence entre les aliments biologiques et les autres ? Selon le <a href=\"https:\/\/organicweek.ca\/why-organic\/\">Le site web de la Semaine de l'agriculture biologique<\/a>, \u201c<em>Le logo \u201c Biologique Canada \u201d est la garantie pour le public que les produits ont \u00e9t\u00e9 cultiv\u00e9s et manipul\u00e9s conform\u00e9ment \u00e0 des proc\u00e9dures et \u00e0 des r\u00e8gles strictes. Le syst\u00e8me biologique est le syst\u00e8me alimentaire le plus r\u00e9glement\u00e9 et le plus surveill\u00e9 au Canada.\u201d<\/em> Vous pouvez \u00e9galement mentionner les diff\u00e9rences de couleur (pour les produits frais), de qualit\u00e9 et m\u00eame d'emballage (le cas \u00e9ch\u00e9ant). De plus, expliquez pourquoi certains articles peuvent \u00eatre plus chers en raison du co\u00fbt des aliments sains.&nbsp;<\/p>\n<p>Ensuite, visitez un lieu local <strong>distributeur bio<\/strong>. Ils verront et exp\u00e9rimenteront la diff\u00e9rence par rapport au cadre d'une \u00e9picerie traditionnelle et seront expos\u00e9s \u00e0 un nombre et \u00e0 une vari\u00e9t\u00e9 bien plus grands de produits biologiques. Ils apprendront rapidement que le concept peut \u00eatre appliqu\u00e9 aux produits de sant\u00e9 et de beaut\u00e9, aux produits de nettoyage, aux v\u00eatements et textiles, aux produits en papier et bien plus encore.<\/p>\n<p>Apr\u00e8s que leurs jeunes esprits ont \u00e9t\u00e9 \u00e9poustoufl\u00e9s par les nouvelles (et plus saines) possibilit\u00e9s, il est temps de les emmener dans un local <strong>march\u00e9 de producteurs<\/strong>. Il n'en manquera pas dans votre r\u00e9gion pendant la Semaine de l'agriculture biologique. Au march\u00e9, ils verront un lien plus direct entre les jardins et fermes biologiques et la fa\u00e7on dont la nourriture parvient au consommateur final. Ils seront t\u00e9moins du processus de la graine \u00e0 la table en action et pourront s'entretenir avec les propri\u00e9taires de jardins et de fermes ainsi qu'avec des b\u00e9n\u00e9voles qui seront plus que ravis de r\u00e9pondre aux questions. Assurez-vous que vos \u00e9l\u00e8ves pr\u00e9parent une liste de questions \u00e0 l'avance.<\/p>\n<p>Nous concluons cette id\u00e9e par une citation succincte d'une militante pour le climat et conf\u00e9renci\u00e8re qui est \u00e9galement une amie de la Fondation, <a href=\"http:\/\/facebook.com\/facesofclimate\">Asha Mior<\/a>:<\/p>\n<blockquote>\n<figure id=\"attachment_30672\" aria-describedby=\"caption-attachment-30672\" style=\"width: 256px\" class=\"wp-caption aligncenter\"><img loading=\"lazy\" decoding=\"async\" class=\"wp-image-30672\" src=\"https:\/\/seewhatgrows.org\/wp-content\/uploads\/2019\/08\/Asha-Mior-headshot-2019-280x300.jpg\" alt=\"\" width=\"256\" height=\"274\" srcset=\"https:\/\/seewhatgrows.org\/wp-content\/uploads\/2019\/08\/Asha-Mior-headshot-2019-280x300.jpg 280w, https:\/\/seewhatgrows.org\/wp-content\/uploads\/2019\/08\/Asha-Mior-headshot-2019-768x824.jpg 768w, https:\/\/seewhatgrows.org\/wp-content\/uploads\/2019\/08\/Asha-Mior-headshot-2019-955x1024.jpg 955w, https:\/\/seewhatgrows.org\/wp-content\/uploads\/2019\/08\/Asha-Mior-headshot-2019-1080x1158.jpg 1080w, https:\/\/seewhatgrows.org\/wp-content\/uploads\/2019\/08\/Asha-Mior-headshot-2019-22x24.jpg 22w, https:\/\/seewhatgrows.org\/wp-content\/uploads\/2019\/08\/Asha-Mior-headshot-2019-34x36.jpg 34w, https:\/\/seewhatgrows.org\/wp-content\/uploads\/2019\/08\/Asha-Mior-headshot-2019-45x48.jpg 45w\" sizes=\"auto, (max-width: 256px) 100vw, 256px\" \/><figcaption id=\"caption-attachment-30672\" class=\"wp-caption-text\">Asha Mior, adolescente militante pour le climat et conf\u00e9renci\u00e8re. Suivez-la sur Twitter&nbsp;<em><a href=\"http:\/\/twitter.com\/ashafortheworld\">@ashafortheworld<\/a><\/em><\/figcaption><\/figure><\/blockquote>\n<blockquote><p><em>\u201cLes aliments biologiques sont cultiv\u00e9s sans pesticides tels que <a href=\"https:\/\/en.wikipedia.org\/wiki\/Neonicotinoid\">n\u00e9onicotino\u00efdes<\/a>. Montrez que vous ne soutiendrez pas l'utilisation de <a href=\"https:\/\/en.wikipedia.org\/wiki\/Neonicotinoid\">n\u00e9onicotino\u00efdes<\/a> en vous effor\u00e7ant de consommer des produits biologiques aussi souvent que possible. Vous pouvez acheter des produits biologiques dans de nombreuses \u00e9piceries, ou m\u00eame cultiver les v\u00f4tres ! Assurez-vous de visiter votre jardinerie locale pour d\u00e9couvrir leur s\u00e9lection de graines biologiques.<a href=\"https:\/\/seewhatgrows.org\/fr\/time-bee-aware\/\">Crise des abeilles \u2013 Il est temps d'ouvrir les yeux<\/a>)<\/em><\/p><\/blockquote>\n<h3><strong>2. Visiter une ferme<\/strong><\/h3>\n<p>Bien qu'une excursion dans un commerce de d\u00e9tail biologique soit formidable, allez plus loin en emmenant vos \u00e9l\u00e8ves visiter une ferme locale. Une ferme est l'endroit o\u00f9 le processus de la graine \u00e0 l'assiette commence, et partout au Canada, il existe des programmes sur place qui accueillent les \u00e9l\u00e8ves pour venir explorer et interagir avec les agriculteurs, les cultures et le b\u00e9tail. Comme le montrent les donn\u00e9es <a href=\"https:\/\/seewhatgrows.org\/fr\/key-benefits-outdoor-learning-education-children-teens\/\">prouver les bienfaits des exp\u00e9riences d'apprentissage en plein air<\/a> augmente, tout comme l'acc\u00e8s \u00e0 ces programmes. Renseignez-vous sur la disponibilit\u00e9 des visites de fermes dans votre r\u00e9gion, planifiez une visite de classe et d\u00e9couvrez <a href=\"https:\/\/seewhatgrows.org\/fr\/more-farm-visits-on-the-horizon-for-the-new-school-year\/\">comment la Fondation soutient les visites \u00e0 la ferme<\/a> pour les \u00e9tudiants de tout le Canada en 2019-2020.<\/p>\n<h3><strong>3. Cultiver un jardin scolaire<\/strong><\/h3>\n<p>Visiter les \u00e9picentres de la vie biologique (march\u00e9s et fermes) est une chose, mais si vous voulez vraiment faire participer les \u00e9l\u00e8ves, impliquez-les dans la cr\u00e9ation de leur propre jardin, parcelle par parcelle. Quoi de mieux que dans l'enceinte de l'\u00e9cole, o\u00f9 ils peuvent travailler au jardin chaque semaine et r\u00e9colter directement les fruits (et l\u00e9gumes) de leur labeur ? D\u00e9couvrez notre <a href=\"https:\/\/seewhatgrows.org\/fr\/start-school-garden-project-students\/\">Guide en 5 \u00e9tapes pour cr\u00e9er un jardin scolaire<\/a>&nbsp;et commencez cette Semaine Bio. Si vous en avez d\u00e9j\u00e0 un, profitez de cette semaine de c\u00e9l\u00e9bration nationale pour agrandir votre jardin, <strong>l'int\u00e9gration de nouvelles cultures<\/strong>. Inclure <strong>ceux qui prosp\u00e9reront en automne et en hiver<\/strong> pour venir afin que le jardin devienne un espace d'apprentissage ext\u00e9rieur quatre saisons. Consultez notre liste de <a href=\"https:\/\/seewhatgrows.org\/fr\/best-plants-vegetables-to-grow-in-cold-weather-for-your-urban-garden\/\">meilleures plantes et l\u00e9gumes \u00e0 cultiver par temps froid<\/a>.<\/p>\n<hr \/>\n<p>Pour en savoir plus sur la Semaine de l'agriculture biologique, y compris les \u00e9v\u00e9nements locaux et les endroits o\u00f9 trouver des d\u00e9taillants de produits biologiques, nous vous encourageons \u00e0 <a href=\"https:\/\/organicweek.ca\" target=\"_blank\" rel=\"noopener\">visitez le site officiel<\/a>. Souhaitez-vous en savoir plus sur le travail de la Fondation ? Veuillez visiter notre <a href=\"https:\/\/seewhatgrows.org\/fr\/programs\/\">Page des programmes financ\u00e9s<\/a>. Il existe de nombreuses fa\u00e7ons de vous impliquer aupr\u00e8s de la fondation \u00ab Plant a Seed &amp; See What Grows \u00bb : vous pouvez consulter notre&nbsp;<strong><a href=\"https:\/\/seewhatgrows.org\/fr\/get-involved\/\">Participez<\/a><\/strong> page,&nbsp;<strong><a href=\"https:\/\/www.classy.org\/campaign\/create-a-garden-inspire-a-generation-creatagarden17\/c104179\">Aidez \u00e0 collecter des fonds<\/a><\/strong>, ou&nbsp;<strong><a href=\"https:\/\/www.classy.org\/give\/63857\/#!\/donation\/checkout\">Faites un don maintenant<\/a><\/strong>.<\/p>","protected":false},"excerpt":{"rendered":"<p>Canada&#8217;s National Organic Week 2019 is upon us, running from September 9-15. For the uninitiated, the annual affair is the&nbsp;largest celebration of organic food, farming and products across the country. It&#8217;s one of the biggest celebrations of its kind in the world and given that it&#8217;s the event&#8217;s 10th anniversary it&#8217;s about to get bigger. [&hellip;]<\/p>\n","protected":false},"author":3,"featured_media":30665,"comment_status":"closed","ping_status":"closed","sticky":false,"template":"","format":"standard","meta":{"footnotes":""},"categories":[3,1],"tags":[658,659],"class_list":["post-30662","post","type-post","status-publish","format-standard","has-post-thumbnail","hentry","category-blogs","category-uncategorized","tag-how-to-celebrate-organic-week","tag-national-organic-week"],"yoast_head":"<!-- This site is optimized with the Yoast SEO plugin v28.4 - https:\/\/yoast.com\/product\/yoast-seo-wordpress\/ -->\n<title>How to Celebrate Organic Week<\/title>\n<meta name=\"description\" content=\"3 ways to celebrate Canada&#039;s National Organic Week with your students, courtesy of the Plant a Seed and See What Grows Foundation.\" \/>\n<meta name=\"robots\" content=\"index, follow, max-snippet:-1, max-image-preview:large, max-video-preview:-1\" \/>\n<link rel=\"canonical\" href=\"https:\/\/seewhatgrows.org\/fr\/celebrate-organic-week-2019\/\" \/>\n<meta property=\"og:locale\" content=\"fr_CA\" \/>\n<meta property=\"og:type\" content=\"article\" \/>\n<meta property=\"og:title\" content=\"How to Celebrate Organic Week\" \/>\n<meta property=\"og:description\" content=\"3 ways to celebrate Canada&#039;s National Organic Week with your students, courtesy of the Plant a Seed and See What Grows Foundation.\" \/>\n<meta property=\"og:url\" content=\"https:\/\/seewhatgrows.org\/fr\/celebrate-organic-week-2019\/\" \/>\n<meta property=\"og:site_name\" content=\"Connecting Communities to the Land\" \/>\n<meta property=\"article:published_time\" content=\"2019-09-03T23:58:26+00:00\" \/>\n<meta property=\"article:modified_time\" content=\"2019-09-04T00:03:34+00:00\" \/>\n<meta property=\"og:image\" content=\"https:\/\/seewhatgrows.org\/wp-content\/uploads\/2019\/08\/How-to-Celebrate-Organic-Week.jpg\" \/>\n\t<meta property=\"og:image:width\" content=\"2200\" \/>\n\t<meta property=\"og:image:height\" content=\"1238\" \/>\n\t<meta property=\"og:image:type\" content=\"image\/jpeg\" \/>\n<meta name=\"author\" content=\"Dennis Charland\" \/>\n<meta name=\"twitter:label1\" content=\"\u00c9crit par\" \/>\n\t<meta name=\"twitter:data1\" content=\"Dennis Charland\" \/>\n\t<meta name=\"twitter:label2\" content=\"Estimation du temps de lecture\" \/>\n\t<meta name=\"twitter:data2\" content=\"4 minutes\" \/>\n<script type=\"application\/ld+json\" class=\"yoast-schema-graph\">{\"@context\":\"https:\\\/\\\/schema.org\",\"@graph\":[{\"@type\":\"Article\",\"@id\":\"https:\\\/\\\/seewhatgrows.org\\\/celebrate-organic-week-2019\\\/#article\",\"isPartOf\":{\"@id\":\"https:\\\/\\\/seewhatgrows.org\\\/celebrate-organic-week-2019\\\/\"},\"author\":{\"name\":\"Dennis Charland\",\"@id\":\"https:\\\/\\\/seewhatgrows.org\\\/#\\\/schema\\\/person\\\/b68aed2f630ae4c478c9855f63384764\"},\"headline\":\"How to Celebrate Organic Week 2019\",\"datePublished\":\"2019-09-03T23:58:26+00:00\",\"dateModified\":\"2019-09-04T00:03:34+00:00\",\"mainEntityOfPage\":{\"@id\":\"https:\\\/\\\/seewhatgrows.org\\\/celebrate-organic-week-2019\\\/\"},\"wordCount\":906,\"publisher\":{\"@id\":\"https:\\\/\\\/seewhatgrows.org\\\/#organization\"},\"image\":{\"@id\":\"https:\\\/\\\/seewhatgrows.org\\\/celebrate-organic-week-2019\\\/#primaryimage\"},\"thumbnailUrl\":\"https:\\\/\\\/seewhatgrows.org\\\/wp-content\\\/uploads\\\/2019\\\/08\\\/How-to-Celebrate-Organic-Week.jpg\",\"keywords\":[\"How to Celebrate Organic Week\",\"National Organic Week\"],\"articleSection\":[\"Blogs\",\"Uncategorized\"],\"inLanguage\":\"fr-CA\"},{\"@type\":\"WebPage\",\"@id\":\"https:\\\/\\\/seewhatgrows.org\\\/celebrate-organic-week-2019\\\/\",\"url\":\"https:\\\/\\\/seewhatgrows.org\\\/celebrate-organic-week-2019\\\/\",\"name\":\"How to Celebrate Organic Week\",\"isPartOf\":{\"@id\":\"https:\\\/\\\/seewhatgrows.org\\\/#website\"},\"primaryImageOfPage\":{\"@id\":\"https:\\\/\\\/seewhatgrows.org\\\/celebrate-organic-week-2019\\\/#primaryimage\"},\"image\":{\"@id\":\"https:\\\/\\\/seewhatgrows.org\\\/celebrate-organic-week-2019\\\/#primaryimage\"},\"thumbnailUrl\":\"https:\\\/\\\/seewhatgrows.org\\\/wp-content\\\/uploads\\\/2019\\\/08\\\/How-to-Celebrate-Organic-Week.jpg\",\"datePublished\":\"2019-09-03T23:58:26+00:00\",\"dateModified\":\"2019-09-04T00:03:34+00:00\",\"description\":\"3 ways to celebrate Canada's National Organic Week with your students, courtesy of the Plant a Seed and See What Grows Foundation.\",\"breadcrumb\":{\"@id\":\"https:\\\/\\\/seewhatgrows.org\\\/celebrate-organic-week-2019\\\/#breadcrumb\"},\"inLanguage\":\"fr-CA\",\"potentialAction\":[{\"@type\":\"ReadAction\",\"target\":[\"https:\\\/\\\/seewhatgrows.org\\\/celebrate-organic-week-2019\\\/\"]}]},{\"@type\":\"ImageObject\",\"inLanguage\":\"fr-CA\",\"@id\":\"https:\\\/\\\/seewhatgrows.org\\\/celebrate-organic-week-2019\\\/#primaryimage\",\"url\":\"https:\\\/\\\/seewhatgrows.org\\\/wp-content\\\/uploads\\\/2019\\\/08\\\/How-to-Celebrate-Organic-Week.jpg\",\"contentUrl\":\"https:\\\/\\\/seewhatgrows.org\\\/wp-content\\\/uploads\\\/2019\\\/08\\\/How-to-Celebrate-Organic-Week.jpg\",\"width\":2200,\"height\":1238,\"caption\":\"How to Celebrate Organic Week\"},{\"@type\":\"BreadcrumbList\",\"@id\":\"https:\\\/\\\/seewhatgrows.org\\\/celebrate-organic-week-2019\\\/#breadcrumb\",\"itemListElement\":[{\"@type\":\"ListItem\",\"position\":1,\"name\":\"Home\",\"item\":\"https:\\\/\\\/seewhatgrows.org\\\/\"},{\"@type\":\"ListItem\",\"position\":2,\"name\":\"How to Celebrate Organic Week 2019\"}]},{\"@type\":\"WebSite\",\"@id\":\"https:\\\/\\\/seewhatgrows.org\\\/#website\",\"url\":\"https:\\\/\\\/seewhatgrows.org\\\/\",\"name\":\"Connecting Communities to the Land\",\"description\":\"Growing healthier communities, one seed at a time with Plant a Seed &amp; See What Grows Foundation\",\"publisher\":{\"@id\":\"https:\\\/\\\/seewhatgrows.org\\\/#organization\"},\"potentialAction\":[{\"@type\":\"SearchAction\",\"target\":{\"@type\":\"EntryPoint\",\"urlTemplate\":\"https:\\\/\\\/seewhatgrows.org\\\/?s={search_term_string}\"},\"query-input\":{\"@type\":\"PropertyValueSpecification\",\"valueRequired\":true,\"valueName\":\"search_term_string\"}}],\"inLanguage\":\"fr-CA\"},{\"@type\":\"Organization\",\"@id\":\"https:\\\/\\\/seewhatgrows.org\\\/#organization\",\"name\":\"Connecting Communities to the Land\",\"url\":\"https:\\\/\\\/seewhatgrows.org\\\/\",\"logo\":{\"@type\":\"ImageObject\",\"inLanguage\":\"fr-CA\",\"@id\":\"https:\\\/\\\/seewhatgrows.org\\\/#\\\/schema\\\/logo\\\/image\\\/\",\"url\":\"https:\\\/\\\/seewhatgrows.org\\\/wp-content\\\/uploads\\\/2026\\\/06\\\/Plant-a-Seed-Logo.png\",\"contentUrl\":\"https:\\\/\\\/seewhatgrows.org\\\/wp-content\\\/uploads\\\/2026\\\/06\\\/Plant-a-Seed-Logo.png\",\"width\":600,\"height\":600,\"caption\":\"Connecting Communities to the Land\"},\"image\":{\"@id\":\"https:\\\/\\\/seewhatgrows.org\\\/#\\\/schema\\\/logo\\\/image\\\/\"}},{\"@type\":\"Person\",\"@id\":\"https:\\\/\\\/seewhatgrows.org\\\/#\\\/schema\\\/person\\\/b68aed2f630ae4c478c9855f63384764\",\"name\":\"Dennis Charland\",\"url\":\"https:\\\/\\\/seewhatgrows.org\\\/fr\\\/author\\\/dennis\\\/\"}]}<\/script>\n<!-- \/ Yoast SEO plugin. -->","yoast_head_json":{"title":"Comment c\u00e9l\u00e9brer la Semaine de l'agriculture biologique","description":"3 fa\u00e7ons de c\u00e9l\u00e9brer la Semaine nationale de l'agriculture biologique du Canada avec vos \u00e9l\u00e8ves, gracieuset\u00e9 de la Fondation Plante une graine et vois ce qui pousse.","robots":{"index":"index","follow":"follow","max-snippet":"max-snippet:-1","max-image-preview":"max-image-preview:large","max-video-preview":"max-video-preview:-1"},"canonical":"https:\/\/seewhatgrows.org\/fr\/celebrate-organic-week-2019\/","og_locale":"fr_CA","og_type":"article","og_title":"How to Celebrate Organic Week","og_description":"3 ways to celebrate Canada's National Organic Week with your students, courtesy of the Plant a Seed and See What Grows Foundation.","og_url":"https:\/\/seewhatgrows.org\/fr\/celebrate-organic-week-2019\/","og_site_name":"Connecting Communities to the Land","article_published_time":"2019-09-03T23:58:26+00:00","article_modified_time":"2019-09-04T00:03:34+00:00","og_image":[{"width":2200,"height":1238,"url":"https:\/\/seewhatgrows.org\/wp-content\/uploads\/2019\/08\/How-to-Celebrate-Organic-Week.jpg","type":"image\/jpeg"}],"author":"Dennis Charland","twitter_misc":{"\u00c9crit par":"Dennis Charland","Estimation du temps de lecture":"4 minutes"},"schema":{"@context":"https:\/\/schema.org","@graph":[{"@type":"Article","@id":"https:\/\/seewhatgrows.org\/celebrate-organic-week-2019\/#article","isPartOf":{"@id":"https:\/\/seewhatgrows.org\/celebrate-organic-week-2019\/"},"author":{"name":"Dennis Charland","@id":"https:\/\/seewhatgrows.org\/#\/schema\/person\/b68aed2f630ae4c478c9855f63384764"},"headline":"How to Celebrate Organic Week 2019","datePublished":"2019-09-03T23:58:26+00:00","dateModified":"2019-09-04T00:03:34+00:00","mainEntityOfPage":{"@id":"https:\/\/seewhatgrows.org\/celebrate-organic-week-2019\/"},"wordCount":906,"publisher":{"@id":"https:\/\/seewhatgrows.org\/#organization"},"image":{"@id":"https:\/\/seewhatgrows.org\/celebrate-organic-week-2019\/#primaryimage"},"thumbnailUrl":"https:\/\/seewhatgrows.org\/wp-content\/uploads\/2019\/08\/How-to-Celebrate-Organic-Week.jpg","keywords":["How to Celebrate Organic Week","National Organic Week"],"articleSection":["Blogs","Uncategorized"],"inLanguage":"fr-CA"},{"@type":"WebPage","@id":"https:\/\/seewhatgrows.org\/celebrate-organic-week-2019\/","url":"https:\/\/seewhatgrows.org\/celebrate-organic-week-2019\/","name":"Comment c\u00e9l\u00e9brer la Semaine de l'agriculture biologique","isPartOf":{"@id":"https:\/\/seewhatgrows.org\/#website"},"primaryImageOfPage":{"@id":"https:\/\/seewhatgrows.org\/celebrate-organic-week-2019\/#primaryimage"},"image":{"@id":"https:\/\/seewhatgrows.org\/celebrate-organic-week-2019\/#primaryimage"},"thumbnailUrl":"https:\/\/seewhatgrows.org\/wp-content\/uploads\/2019\/08\/How-to-Celebrate-Organic-Week.jpg","datePublished":"2019-09-03T23:58:26+00:00","dateModified":"2019-09-04T00:03:34+00:00","description":"3 fa\u00e7ons de c\u00e9l\u00e9brer la Semaine nationale de l'agriculture biologique du Canada avec vos \u00e9l\u00e8ves, gracieuset\u00e9 de la Fondation Plante une graine et vois ce qui pousse.","breadcrumb":{"@id":"https:\/\/seewhatgrows.org\/celebrate-organic-week-2019\/#breadcrumb"},"inLanguage":"fr-CA","potentialAction":[{"@type":"ReadAction","target":["https:\/\/seewhatgrows.org\/celebrate-organic-week-2019\/"]}]},{"@type":"ImageObject","inLanguage":"fr-CA","@id":"https:\/\/seewhatgrows.org\/celebrate-organic-week-2019\/#primaryimage","url":"https:\/\/seewhatgrows.org\/wp-content\/uploads\/2019\/08\/How-to-Celebrate-Organic-Week.jpg","contentUrl":"https:\/\/seewhatgrows.org\/wp-content\/uploads\/2019\/08\/How-to-Celebrate-Organic-Week.jpg","width":2200,"height":1238,"caption":"How to Celebrate Organic Week"},{"@type":"BreadcrumbList","@id":"https:\/\/seewhatgrows.org\/celebrate-organic-week-2019\/#breadcrumb","itemListElement":[{"@type":"ListItem","position":1,"name":"Home","item":"https:\/\/seewhatgrows.org\/"},{"@type":"ListItem","position":2,"name":"How to Celebrate Organic Week 2019"}]},{"@type":"WebSite","@id":"https:\/\/seewhatgrows.org\/#website","url":"https:\/\/seewhatgrows.org\/","name":"Connecter les communaut\u00e9s \u00e0 la terre","description":"Cultiver des communaut\u00e9s plus saines, une graine \u00e0 la fois avec la Fondation Plant a Seed &amp; See What Grows","publisher":{"@id":"https:\/\/seewhatgrows.org\/#organization"},"potentialAction":[{"@type":"SearchAction","target":{"@type":"EntryPoint","urlTemplate":"https:\/\/seewhatgrows.org\/?s={search_term_string}"},"query-input":{"@type":"PropertyValueSpecification","valueRequired":true,"valueName":"search_term_string"}}],"inLanguage":"fr-CA"},{"@type":"Organization","@id":"https:\/\/seewhatgrows.org\/#organization","name":"Connecter les communaut\u00e9s \u00e0 la terre","url":"https:\/\/seewhatgrows.org\/","logo":{"@type":"ImageObject","inLanguage":"fr-CA","@id":"https:\/\/seewhatgrows.org\/#\/schema\/logo\/image\/","url":"https:\/\/seewhatgrows.org\/wp-content\/uploads\/2026\/06\/Plant-a-Seed-Logo.png","contentUrl":"https:\/\/seewhatgrows.org\/wp-content\/uploads\/2026\/06\/Plant-a-Seed-Logo.png","width":600,"height":600,"caption":"Connecting Communities to the Land"},"image":{"@id":"https:\/\/seewhatgrows.org\/#\/schema\/logo\/image\/"}},{"@type":"Person","@id":"https:\/\/seewhatgrows.org\/#\/schema\/person\/b68aed2f630ae4c478c9855f63384764","name":"Dennis Charland","url":"https:\/\/seewhatgrows.org\/fr\/author\/dennis\/"}]}},"_links":{"self":[{"href":"https:\/\/seewhatgrows.org\/fr\/wp-json\/wp\/v2\/posts\/30662","targetHints":{"allow":["GET"]}}],"collection":[{"href":"https:\/\/seewhatgrows.org\/fr\/wp-json\/wp\/v2\/posts"}],"about":[{"href":"https:\/\/seewhatgrows.org\/fr\/wp-json\/wp\/v2\/types\/post"}],"author":[{"embeddable":true,"href":"https:\/\/seewhatgrows.org\/fr\/wp-json\/wp\/v2\/users\/3"}],"replies":[{"embeddable":true,"href":"https:\/\/seewhatgrows.org\/fr\/wp-json\/wp\/v2\/comments?post=30662"}],"version-history":[{"count":0,"href":"https:\/\/seewhatgrows.org\/fr\/wp-json\/wp\/v2\/posts\/30662\/revisions"}],"wp:featuredmedia":[{"embeddable":true,"href":"https:\/\/seewhatgrows.org\/fr\/wp-json\/wp\/v2\/media\/30665"}],"wp:attachment":[{"href":"https:\/\/seewhatgrows.org\/fr\/wp-json\/wp\/v2\/media?parent=30662"}],"wp:term":[{"taxonomy":"category","embeddable":true,"href":"https:\/\/seewhatgrows.org\/fr\/wp-json\/wp\/v2\/categories?post=30662"},{"taxonomy":"post_tag","embeddable":true,"href":"https:\/\/seewhatgrows.org\/fr\/wp-json\/wp\/v2\/tags?post=30662"}],"curies":[{"name":"bien jou\u00e9","href":"https:\/\/api.w.org\/{rel}","templated":true}]}}