{"id":28640,"date":"2017-09-26T11:16:40","date_gmt":"2017-09-26T18:16:40","guid":{"rendered":"http:\/\/seewhatgrows.flywheelsites.com\/?p=28640"},"modified":"2017-09-26T11:16:40","modified_gmt":"2017-09-26T18:16:40","slug":"international-days-to-get-kids-outdoors-and-learning-this-autumnwinter","status":"publish","type":"post","link":"https:\/\/seewhatgrows.org\/fr\/international-days-to-get-kids-outdoors-and-learning-this-autumnwinter\/","title":{"rendered":"Journ\u00e9es internationales pour inspirer l'\u00e9ducation en plein air (pour les enfants) cet automne\/hiver"},"content":{"rendered":"<p style=\"text-align: center;\"><img loading=\"lazy\" decoding=\"async\" class=\"aligncenter wp-image-28659\" src=\"https:\/\/seewhatgrows.org\/wp-content\/uploads\/2017\/09\/International-Days-2017-Outdoor-Learning-1-1024x631.jpg\" alt=\"International Days of Celebration 2017\" width=\"640\" height=\"394\" srcset=\"https:\/\/seewhatgrows.org\/wp-content\/uploads\/2017\/09\/International-Days-2017-Outdoor-Learning-1-1024x631.jpg 1024w, https:\/\/seewhatgrows.org\/wp-content\/uploads\/2017\/09\/International-Days-2017-Outdoor-Learning-1-300x185.jpg 300w, https:\/\/seewhatgrows.org\/wp-content\/uploads\/2017\/09\/International-Days-2017-Outdoor-Learning-1-768x473.jpg 768w, https:\/\/seewhatgrows.org\/wp-content\/uploads\/2017\/09\/International-Days-2017-Outdoor-Learning-1-1080x666.jpg 1080w, https:\/\/seewhatgrows.org\/wp-content\/uploads\/2017\/09\/International-Days-2017-Outdoor-Learning-1-24x15.jpg 24w, https:\/\/seewhatgrows.org\/wp-content\/uploads\/2017\/09\/International-Days-2017-Outdoor-Learning-1-36x22.jpg 36w, https:\/\/seewhatgrows.org\/wp-content\/uploads\/2017\/09\/International-Days-2017-Outdoor-Learning-1-48x30.jpg 48w, https:\/\/seewhatgrows.org\/wp-content\/uploads\/2017\/09\/International-Days-2017-Outdoor-Learning-1.jpg 1892w\" sizes=\"auto, (max-width: 640px) 100vw, 640px\" \/><\/p>\n<p>Ce 16 septembre dernier \u00e9tait <strong>Nettoyage international des c\u00f4tes<\/strong> jour, un \u00e9v\u00e9nement mondial lanc\u00e9 par <strong>Ocean Conservancy<\/strong>, un fervent partisan de la gestion des oc\u00e9ans \u00e0 travers la plan\u00e8te.<\/p>\n<p>De nombreuses familles canadiennes se sont inspir\u00e9es de l'\u00e9v\u00e9nement pour emmener les enfants dehors et participer au nettoyage d'une plage, mais beaucoup ont rat\u00e9 l'occasion faute d'avoir \u00e9t\u00e9 inform\u00e9es. Si vous avez suivi <a href=\"https:\/\/www.facebook.com\/Plant-A-Seed-Foundation-264903080380435\/?hc_ref=ARRWWscnpCq_LlbwQfMBxnKAs0nygkejnBI3Z9ObjO7_UcttT36G_psGjcKFsvCmE4Q\">notre page Facebook<\/a>, vous avez peut-\u00eatre eu vent de l'\u00e9v\u00e9nement \u00e0 temps pour en profiter, mais nous avons pens\u00e9 qu'il \u00e9tait bon de partager une liste des prochaines journ\u00e9es internationales de comm\u00e9moration pour le reste de l'ann\u00e9e 2017.<\/p>\n<p>Vous pouvez utiliser cette liste pour enseigner \u00e0 vos enfants ou \u00e9l\u00e8ves l'interd\u00e9pendance du monde qui les entoure, et planifier des activit\u00e9s pour chacun afin de leur offrir de pr\u00e9cieux moments d'apprentissage en plein air. Pr\u00e9parez-vous \u00e0 marquer vos calendriers !<\/p>\n<h2>Journ\u00e9es internationales de reconnaissance pour le lancement d'exp\u00e9riences d'apprentissage en plein air cet automne\/hiver 2017<\/h2>\n<p><!--more--><\/p>\n<p><strong>Journ\u00e9e mondiale de l'habitat \u2013 2 octobre 2017<\/strong><\/p>\n<p>L'Assembl\u00e9e g\u00e9n\u00e9rale des Nations Unies a d\u00e9sign\u00e9 le premier lundi d'octobre de chaque ann\u00e9e comme la Journ\u00e9e mondiale de l'habitat. La campagne vise \u00e0 sensibiliser le public \u00e0 la n\u00e9cessit\u00e9 de logements abordables pour tous dans les zones urbaines, les villes et les agglom\u00e9rations, y compris au Canada.<\/p>\n<p>Cette journ\u00e9e offre l'opportunit\u00e9 de faire du b\u00e9n\u00e9volat dans une organisation partageant les m\u00eames objectifs, telle que Habitat for Humanity. Les sections locales d'Habitat for Humanity cr\u00e9ent des moyens <a href=\"https:\/\/www.habitat.org\/stories\/how-can-kids-help-habitat\">pour que les plus jeunes b\u00e9n\u00e9voles s'impliquent<\/a> dans leur communaut\u00e9 locale, notamment par le biais de collectes de fonds, de campagnes de recyclage et d'autres initiatives visant \u00e0 soutenir des projets de logements abordables dans leur ville. Et que diriez-vous <strong>cr\u00e9er un jardin communautaire<\/strong> sur ou \u00e0 proximit\u00e9 du site d'un nouveau projet de construction de logements ? Une telle initiative pourrait contribuer \u00e0 lutter contre l'ins\u00e9curit\u00e9 alimentaire, une \u00e9pid\u00e9mie \u00e9troitement li\u00e9e \u00e0 la pauvret\u00e9.<\/p>\n<p>Profitez de cette journ\u00e9e comme motivation pour entrer en contact avec un chapitre local canadien pr\u00e8s de chez vous., <a href=\"https:\/\/www.habitat.ca\/local-habitat-directory.php\">en utilisant cette carte interactive<\/a> comme votre guide.<\/p>\n<p><strong>Journ\u00e9e mondiale de l'alimentation \u2013 16 octobre 2017<\/strong><\/p>\n<p>Quel meilleur jour pour enseigner \u00e0 vos enfants <a href=\"https:\/\/seewhatgrows.org\/fr\/link-household-food-insecurity-health-care-costs-canada\/\">l'ins\u00e9curit\u00e9 alimentaire au Canada<\/a>? Promue par l'Organisation des Nations Unies pour l'alimentation et l'agriculture, cette journ\u00e9e reconna\u00eet que cultiver de mani\u00e8re durable implique d'adopter des pratiques qui produisent plus avec moins sur une m\u00eame parcelle de terre et utilisent les ressources naturelles avec sagesse. Un exemple concret se trouve dans un jardin communautaire ou une ferme urbaine pr\u00e8s de chez vous ou de votre \u00e9cole. Faites du b\u00e9n\u00e9volat avec vos enfants ou vos \u00e9l\u00e8ves le 16 octobre prochain, o\u00f9 ils pourront assister \u00e0 la r\u00e9colte et apprendre \u00e0 pr\u00e9parer le jardin ou la ferme. <a href=\"https:\/\/seewhatgrows.org\/fr\/how-to-prepare-your-community-garden-for-autumn\/\">pour la saison automne\/hiver et de plantation<\/a> En avant.&nbsp;<\/p>\n<p><strong>Journ\u00e9e universelle des enfants \u2013 20 novembre 2017<\/strong><\/p>\n<p>Cette journ\u00e9e offre aux foyers et aux salles de classe l'occasion de suivre l'intention de l'ONU de fournir \u201c<em>un point de d\u00e9part inspirant pour d\u00e9fendre, promouvoir et c\u00e9l\u00e9brer les droits des enfants, se traduisant par des dialogues et des actions qui b\u00e2tiront un monde meilleur pour les enfants<\/em>\u201c.<\/p>\n<p>Comment les Canadiens peuvent-ils avoir un r\u00e9el impact en cette journ\u00e9e ? Bien qu'il y ait des occasions de promouvoir le bien-\u00eatre des enfants dans chaque communaut\u00e9 locale, vous pouvez vous impliquer dans <a href=\"https:\/\/seewhatgrows.org\/fr\/get-involved\/\">l'une de ces initiatives<\/a>&nbsp;rendu possible par la fondation Plant a Seed &amp; See What Grows. Vous pouvez offrir vos talents \u00e0 l'une des nombreuses exp\u00e9riences en plein air (pour les enfants) \u00e0 travers le pays et bien plus encore.<\/p>\n<p><strong>Journ\u00e9e internationale des personnes handicap\u00e9es \u2013 3 d\u00e9cembre 2017<\/strong><\/p>\n<p>Depuis 25 ans, la Journ\u00e9e internationale des personnes handicap\u00e9es de l'ONU est c\u00e9l\u00e9br\u00e9e chaque ann\u00e9e le 3 d\u00e9cembre dans le monde entier. Utilisez cette journ\u00e9e comme une motivation pour enseigner \u00e0 vos enfants ou \u00e9l\u00e8ves l'acceptation et la compr\u00e9hension de leurs camarades de classe et des enfants de la communaut\u00e9 vivant avec un handicap. Associez cela \u00e0 une exp\u00e9rience d'apprentissage en plein air en participant \u00e0 une activit\u00e9 qui cr\u00e9e un monde ext\u00e9rieur plus accessible. Par exemple, notre Fondation a fourni une <a href=\"https:\/\/seewhatgrows.org\/fr\/make-community-garden-accessible\/\">tutoriel \u00e9tape par \u00e9tape<\/a> sur la mani\u00e8re de rendre un jardin communautaire ou une ferme urbaine plus accessible. De plus, nous avons fourni d'excellentes id\u00e9es d'activit\u00e9s d'apprentissage en plein air. <a href=\"https:\/\/seewhatgrows.org\/fr\/outdoor-learning-experiences-for-kids-with-disabilities\/\">pour les enfants vivant avec un handicap<\/a>.<\/p>\n<p><strong>Journ\u00e9e mondiale des sols \u2013 5 d\u00e9cembre 2017<\/strong><\/p>\n<p>Cette journ\u00e9e se pr\u00eate particuli\u00e8rement au concept d'apprentissage en plein air. Consid\u00e9rez l'intention :<\/p>\n<blockquote>\n<p style=\"text-align: center;\">\u201c \u00c0 l'occasion de la Journ\u00e9e mondiale des sols, j'appelle \u00e0 accorder une plus grande attention aux probl\u00e8mes urgents qui touchent les sols, notamment le changement climatique, la r\u00e9sistance aux antimicrobiens, les maladies transmises par le sol, la contamination, la nutrition et la sant\u00e9 humaine. \u201d&nbsp;<cite>Secr\u00e9taire g\u00e9n\u00e9ral de l'ONU, Ban Ki-moon<\/cite><\/p>\n<\/blockquote>\n<p>Enseignez \u00e0 vos enfants l'importance du sol et de son r\u00f4le dans la culture des plantes pour se nourrir et le concept de la graine \u00e0 l'assiette. Une fois que vous aurez abord\u00e9 les bases de la sant\u00e9 des sols, r\u00e9unissez tout le monde pour une lecture du <strong>S\u00e8me et vois ce qui adviendra<\/strong> livre, suivi d'une lecture de <strong>Que feras-tu de ta r\u00e9colte ?<\/strong> (<a href=\"https:\/\/seewhatgrows.org\/fr\/plant-a-seed-see-what-grows-childrens-book\/\">disponible ici<\/a>), qui les inciteront tous deux \u00e0 sortir imm\u00e9diatement pour commencer \u00e0 planter. Vous n'avez pas actuellement de jardin propice aux plantations en automne\/hiver au Canada ? <a href=\"https:\/\/seewhatgrows.org\/fr\/best-plants-vegetables-to-grow-in-cold-weather-for-your-urban-garden\/\">Consid\u00e9rez ces plantes qui<\/a>.<\/p>\n<p><strong>Journ\u00e9e internationale de la montagne \u2013 11 d\u00e9cembre 2017<\/strong><\/p>\n<p>Cette journ\u00e9e est n\u00e9e de la reconnaissance du fait que les montagnes couvrent environ 22 pour cent de la surface terrestre de la Terre et <a href=\"http:\/\/www.un.org\/en\/events\/mountainday\/\">jouer un r\u00f4le essentiel<\/a> en faisant progresser la plan\u00e8te vers une croissance \u00e9conomique durable. Les montagnes procurent subsistance et bien-\u00eatre \u00e0 bien plus de 900 millions de personnes (13 pour cent de la population mondiale), mais profitent \u00e9galement indirectement \u00e0 des milliards d'autres qui r\u00e9sident en aval.&nbsp;<\/p>\n<p>C'est une journ\u00e9e qui peut inspirer des explorations amusantes aux enfants et qui constitue une occasion id\u00e9ale pour faire une sortie \u00e9ducative sur le terrain, comprenant des ateliers en plein air sur la faune et la flore de montagne ainsi que sur l'impact des montagnes sur les r\u00e9seaux hydrographiques locaux. Assurez-vous simplement de bien vous couvrir, nous sommes en d\u00e9cembre au Canada apr\u00e8s tout !&nbsp;<\/p>\n<hr \/>\n<p>Restez \u00e0 l'\u00e9coute alors que nous poursuivons cette s\u00e9rie, saison apr\u00e8s saison, et assurez-vous de suivre notre Fondation sur&nbsp;<a href=\"https:\/\/www.facebook.com\/Plant-A-Seed-Foundation-264903080380435\/timeline\/\">Facebook<\/a>,&nbsp;<a href=\"https:\/\/twitter.com\/seewhatgrows\">Twitter<\/a>, et\/ou&nbsp;<a href=\"https:\/\/plus.google.com\/+SeewhatgrowsOrg\/posts\">Google+<\/a>&nbsp;pour des mises \u00e0 jour sur les jours sp\u00e9ciaux et autres \u00e9v\u00e9nements que vous pouvez utiliser comme source d'inspiration pour emmener vos enfants dans une aventure d'apprentissage en plein air.<\/p>","protected":false},"excerpt":{"rendered":"<p>This past September 16 was International Coastal Cleanup day, a global event started by Ocean Conservancy, a staunch supporter of marine stewardship across the planet. Many Canadian families used the event as inspiration to take the kids outside and partake in a beach cleanup, however, many missed out on the opportunity because they were not [&hellip;]<\/p>\n","protected":false},"author":3,"featured_media":28659,"comment_status":"closed","ping_status":"closed","sticky":false,"template":"","format":"standard","meta":{"footnotes":""},"categories":[3],"tags":[527,83,193],"class_list":["post-28640","post","type-post","status-publish","format-standard","has-post-thumbnail","hentry","category-blogs","tag-international-days-2017","tag-outdoor-learning-experiences","tag-outside-education-for-kids"],"yoast_head":"<!-- This site is optimized with the Yoast SEO plugin v28.4 - https:\/\/yoast.com\/product\/yoast-seo-wordpress\/ -->\n<title>International Days to Inspire Outdoor Education this Autumn\/Winter 2017<\/title>\n<meta name=\"description\" content=\"International days of recognition to launch outdoor learning experiences for kids this autumn and winter of 2017, from Plant a Seed and See What Grows.\" \/>\n<meta name=\"robots\" content=\"index, follow, max-snippet:-1, max-image-preview:large, max-video-preview:-1\" \/>\n<link rel=\"canonical\" href=\"https:\/\/seewhatgrows.org\/fr\/international-days-to-get-kids-outdoors-and-learning-this-autumnwinter\/\" \/>\n<meta property=\"og:locale\" content=\"fr_CA\" \/>\n<meta property=\"og:type\" content=\"article\" \/>\n<meta property=\"og:title\" content=\"International Days to Inspire Outdoor Education this Autumn\/Winter 2017\" \/>\n<meta property=\"og:description\" content=\"International days of recognition to launch outdoor learning experiences for kids this autumn and winter of 2017, from Plant a Seed and See What Grows.\" \/>\n<meta property=\"og:url\" content=\"https:\/\/seewhatgrows.org\/fr\/international-days-to-get-kids-outdoors-and-learning-this-autumnwinter\/\" \/>\n<meta property=\"og:site_name\" content=\"Connecting Communities to the Land\" \/>\n<meta property=\"article:published_time\" content=\"2017-09-26T18:16:40+00:00\" \/>\n<meta property=\"og:image\" content=\"https:\/\/seewhatgrows.org\/wp-content\/uploads\/2017\/09\/International-Days-2017-Outdoor-Learning-1.jpg\" \/>\n\t<meta property=\"og:image:width\" content=\"1892\" \/>\n\t<meta property=\"og:image:height\" content=\"1166\" \/>\n\t<meta property=\"og:image:type\" content=\"image\/jpeg\" \/>\n<meta name=\"author\" content=\"Dennis Charland\" \/>\n<meta name=\"twitter:label1\" content=\"\u00c9crit par\" \/>\n\t<meta name=\"twitter:data1\" content=\"Dennis Charland\" \/>\n\t<meta name=\"twitter:label2\" content=\"Estimation du temps de lecture\" \/>\n\t<meta name=\"twitter:data2\" content=\"5 minutes\" \/>\n<script type=\"application\/ld+json\" class=\"yoast-schema-graph\">{\"@context\":\"https:\\\/\\\/schema.org\",\"@graph\":[{\"@type\":\"Article\",\"@id\":\"https:\\\/\\\/seewhatgrows.org\\\/international-days-to-get-kids-outdoors-and-learning-this-autumnwinter\\\/#article\",\"isPartOf\":{\"@id\":\"https:\\\/\\\/seewhatgrows.org\\\/international-days-to-get-kids-outdoors-and-learning-this-autumnwinter\\\/\"},\"author\":{\"name\":\"Dennis Charland\",\"@id\":\"https:\\\/\\\/seewhatgrows.org\\\/#\\\/schema\\\/person\\\/b68aed2f630ae4c478c9855f63384764\"},\"headline\":\"International Days to Inspire Outdoor Education (for Kids) this Autumn\\\/Winter\",\"datePublished\":\"2017-09-26T18:16:40+00:00\",\"mainEntityOfPage\":{\"@id\":\"https:\\\/\\\/seewhatgrows.org\\\/international-days-to-get-kids-outdoors-and-learning-this-autumnwinter\\\/\"},\"wordCount\":964,\"publisher\":{\"@id\":\"https:\\\/\\\/seewhatgrows.org\\\/#organization\"},\"image\":{\"@id\":\"https:\\\/\\\/seewhatgrows.org\\\/international-days-to-get-kids-outdoors-and-learning-this-autumnwinter\\\/#primaryimage\"},\"thumbnailUrl\":\"https:\\\/\\\/seewhatgrows.org\\\/wp-content\\\/uploads\\\/2017\\\/09\\\/International-Days-2017-Outdoor-Learning-1.jpg\",\"keywords\":[\"International Days 2017\",\"Outdoor Learning Experiences\",\"Outside Education for Kids\"],\"articleSection\":[\"Blogs\"],\"inLanguage\":\"fr-CA\"},{\"@type\":\"WebPage\",\"@id\":\"https:\\\/\\\/seewhatgrows.org\\\/international-days-to-get-kids-outdoors-and-learning-this-autumnwinter\\\/\",\"url\":\"https:\\\/\\\/seewhatgrows.org\\\/international-days-to-get-kids-outdoors-and-learning-this-autumnwinter\\\/\",\"name\":\"International Days to Inspire Outdoor Education this Autumn\\\/Winter 2017\",\"isPartOf\":{\"@id\":\"https:\\\/\\\/seewhatgrows.org\\\/#website\"},\"primaryImageOfPage\":{\"@id\":\"https:\\\/\\\/seewhatgrows.org\\\/international-days-to-get-kids-outdoors-and-learning-this-autumnwinter\\\/#primaryimage\"},\"image\":{\"@id\":\"https:\\\/\\\/seewhatgrows.org\\\/international-days-to-get-kids-outdoors-and-learning-this-autumnwinter\\\/#primaryimage\"},\"thumbnailUrl\":\"https:\\\/\\\/seewhatgrows.org\\\/wp-content\\\/uploads\\\/2017\\\/09\\\/International-Days-2017-Outdoor-Learning-1.jpg\",\"datePublished\":\"2017-09-26T18:16:40+00:00\",\"description\":\"International days of recognition to launch outdoor learning experiences for kids this autumn and winter of 2017, from Plant a Seed and See What Grows.\",\"breadcrumb\":{\"@id\":\"https:\\\/\\\/seewhatgrows.org\\\/international-days-to-get-kids-outdoors-and-learning-this-autumnwinter\\\/#breadcrumb\"},\"inLanguage\":\"fr-CA\",\"potentialAction\":[{\"@type\":\"ReadAction\",\"target\":[\"https:\\\/\\\/seewhatgrows.org\\\/international-days-to-get-kids-outdoors-and-learning-this-autumnwinter\\\/\"]}]},{\"@type\":\"ImageObject\",\"inLanguage\":\"fr-CA\",\"@id\":\"https:\\\/\\\/seewhatgrows.org\\\/international-days-to-get-kids-outdoors-and-learning-this-autumnwinter\\\/#primaryimage\",\"url\":\"https:\\\/\\\/seewhatgrows.org\\\/wp-content\\\/uploads\\\/2017\\\/09\\\/International-Days-2017-Outdoor-Learning-1.jpg\",\"contentUrl\":\"https:\\\/\\\/seewhatgrows.org\\\/wp-content\\\/uploads\\\/2017\\\/09\\\/International-Days-2017-Outdoor-Learning-1.jpg\",\"width\":1892,\"height\":1166,\"caption\":\"International Days of Celebration 2017\"},{\"@type\":\"BreadcrumbList\",\"@id\":\"https:\\\/\\\/seewhatgrows.org\\\/international-days-to-get-kids-outdoors-and-learning-this-autumnwinter\\\/#breadcrumb\",\"itemListElement\":[{\"@type\":\"ListItem\",\"position\":1,\"name\":\"Home\",\"item\":\"https:\\\/\\\/seewhatgrows.org\\\/\"},{\"@type\":\"ListItem\",\"position\":2,\"name\":\"International Days to Inspire Outdoor Education (for Kids) this Autumn\\\/Winter\"}]},{\"@type\":\"WebSite\",\"@id\":\"https:\\\/\\\/seewhatgrows.org\\\/#website\",\"url\":\"https:\\\/\\\/seewhatgrows.org\\\/\",\"name\":\"Connecting Communities to the Land\",\"description\":\"Growing healthier communities, one seed at a time with Plant a Seed &amp; See What Grows Foundation\",\"publisher\":{\"@id\":\"https:\\\/\\\/seewhatgrows.org\\\/#organization\"},\"potentialAction\":[{\"@type\":\"SearchAction\",\"target\":{\"@type\":\"EntryPoint\",\"urlTemplate\":\"https:\\\/\\\/seewhatgrows.org\\\/?s={search_term_string}\"},\"query-input\":{\"@type\":\"PropertyValueSpecification\",\"valueRequired\":true,\"valueName\":\"search_term_string\"}}],\"inLanguage\":\"fr-CA\"},{\"@type\":\"Organization\",\"@id\":\"https:\\\/\\\/seewhatgrows.org\\\/#organization\",\"name\":\"Connecting Communities to the Land\",\"url\":\"https:\\\/\\\/seewhatgrows.org\\\/\",\"logo\":{\"@type\":\"ImageObject\",\"inLanguage\":\"fr-CA\",\"@id\":\"https:\\\/\\\/seewhatgrows.org\\\/#\\\/schema\\\/logo\\\/image\\\/\",\"url\":\"https:\\\/\\\/seewhatgrows.org\\\/wp-content\\\/uploads\\\/2026\\\/06\\\/Plant-a-Seed-Logo.png\",\"contentUrl\":\"https:\\\/\\\/seewhatgrows.org\\\/wp-content\\\/uploads\\\/2026\\\/06\\\/Plant-a-Seed-Logo.png\",\"width\":600,\"height\":600,\"caption\":\"Connecting Communities to the Land\"},\"image\":{\"@id\":\"https:\\\/\\\/seewhatgrows.org\\\/#\\\/schema\\\/logo\\\/image\\\/\"}},{\"@type\":\"Person\",\"@id\":\"https:\\\/\\\/seewhatgrows.org\\\/#\\\/schema\\\/person\\\/b68aed2f630ae4c478c9855f63384764\",\"name\":\"Dennis Charland\",\"url\":\"https:\\\/\\\/seewhatgrows.org\\\/fr\\\/author\\\/dennis\\\/\"}]}<\/script>\n<!-- \/ Yoast SEO plugin. -->","yoast_head_json":{"title":"Journ\u00e9es internationales pour inspirer l'\u00e9ducation en plein air cet automne\/hiver 2017","description":"Journ\u00e9es internationales de reconnaissance pour lancer des exp\u00e9riences d'apprentissage en plein air pour les enfants cet automne et cet hiver 2017, de Plant a Seed and See What Grows.","robots":{"index":"index","follow":"follow","max-snippet":"max-snippet:-1","max-image-preview":"max-image-preview:large","max-video-preview":"max-video-preview:-1"},"canonical":"https:\/\/seewhatgrows.org\/fr\/international-days-to-get-kids-outdoors-and-learning-this-autumnwinter\/","og_locale":"fr_CA","og_type":"article","og_title":"International Days to Inspire Outdoor Education this Autumn\/Winter 2017","og_description":"International days of recognition to launch outdoor learning experiences for kids this autumn and winter of 2017, from Plant a Seed and See What Grows.","og_url":"https:\/\/seewhatgrows.org\/fr\/international-days-to-get-kids-outdoors-and-learning-this-autumnwinter\/","og_site_name":"Connecting Communities to the Land","article_published_time":"2017-09-26T18:16:40+00:00","og_image":[{"width":1892,"height":1166,"url":"https:\/\/seewhatgrows.org\/wp-content\/uploads\/2017\/09\/International-Days-2017-Outdoor-Learning-1.jpg","type":"image\/jpeg"}],"author":"Dennis Charland","twitter_misc":{"\u00c9crit par":"Dennis Charland","Estimation du temps de lecture":"5 minutes"},"schema":{"@context":"https:\/\/schema.org","@graph":[{"@type":"Article","@id":"https:\/\/seewhatgrows.org\/international-days-to-get-kids-outdoors-and-learning-this-autumnwinter\/#article","isPartOf":{"@id":"https:\/\/seewhatgrows.org\/international-days-to-get-kids-outdoors-and-learning-this-autumnwinter\/"},"author":{"name":"Dennis Charland","@id":"https:\/\/seewhatgrows.org\/#\/schema\/person\/b68aed2f630ae4c478c9855f63384764"},"headline":"International Days to Inspire Outdoor Education (for Kids) this Autumn\/Winter","datePublished":"2017-09-26T18:16:40+00:00","mainEntityOfPage":{"@id":"https:\/\/seewhatgrows.org\/international-days-to-get-kids-outdoors-and-learning-this-autumnwinter\/"},"wordCount":964,"publisher":{"@id":"https:\/\/seewhatgrows.org\/#organization"},"image":{"@id":"https:\/\/seewhatgrows.org\/international-days-to-get-kids-outdoors-and-learning-this-autumnwinter\/#primaryimage"},"thumbnailUrl":"https:\/\/seewhatgrows.org\/wp-content\/uploads\/2017\/09\/International-Days-2017-Outdoor-Learning-1.jpg","keywords":["International Days 2017","Outdoor Learning Experiences","Outside Education for Kids"],"articleSection":["Blogs"],"inLanguage":"fr-CA"},{"@type":"WebPage","@id":"https:\/\/seewhatgrows.org\/international-days-to-get-kids-outdoors-and-learning-this-autumnwinter\/","url":"https:\/\/seewhatgrows.org\/international-days-to-get-kids-outdoors-and-learning-this-autumnwinter\/","name":"Journ\u00e9es internationales pour inspirer l'\u00e9ducation en plein air cet automne\/hiver 2017","isPartOf":{"@id":"https:\/\/seewhatgrows.org\/#website"},"primaryImageOfPage":{"@id":"https:\/\/seewhatgrows.org\/international-days-to-get-kids-outdoors-and-learning-this-autumnwinter\/#primaryimage"},"image":{"@id":"https:\/\/seewhatgrows.org\/international-days-to-get-kids-outdoors-and-learning-this-autumnwinter\/#primaryimage"},"thumbnailUrl":"https:\/\/seewhatgrows.org\/wp-content\/uploads\/2017\/09\/International-Days-2017-Outdoor-Learning-1.jpg","datePublished":"2017-09-26T18:16:40+00:00","description":"Journ\u00e9es internationales de reconnaissance pour lancer des exp\u00e9riences d'apprentissage en plein air pour les enfants cet automne et cet hiver 2017, de Plant a Seed and See What Grows.","breadcrumb":{"@id":"https:\/\/seewhatgrows.org\/international-days-to-get-kids-outdoors-and-learning-this-autumnwinter\/#breadcrumb"},"inLanguage":"fr-CA","potentialAction":[{"@type":"ReadAction","target":["https:\/\/seewhatgrows.org\/international-days-to-get-kids-outdoors-and-learning-this-autumnwinter\/"]}]},{"@type":"ImageObject","inLanguage":"fr-CA","@id":"https:\/\/seewhatgrows.org\/international-days-to-get-kids-outdoors-and-learning-this-autumnwinter\/#primaryimage","url":"https:\/\/seewhatgrows.org\/wp-content\/uploads\/2017\/09\/International-Days-2017-Outdoor-Learning-1.jpg","contentUrl":"https:\/\/seewhatgrows.org\/wp-content\/uploads\/2017\/09\/International-Days-2017-Outdoor-Learning-1.jpg","width":1892,"height":1166,"caption":"International Days of Celebration 2017"},{"@type":"BreadcrumbList","@id":"https:\/\/seewhatgrows.org\/international-days-to-get-kids-outdoors-and-learning-this-autumnwinter\/#breadcrumb","itemListElement":[{"@type":"ListItem","position":1,"name":"Home","item":"https:\/\/seewhatgrows.org\/"},{"@type":"ListItem","position":2,"name":"International Days to Inspire Outdoor Education (for Kids) this Autumn\/Winter"}]},{"@type":"WebSite","@id":"https:\/\/seewhatgrows.org\/#website","url":"https:\/\/seewhatgrows.org\/","name":"Connecter les communaut\u00e9s \u00e0 la terre","description":"Cultiver des communaut\u00e9s plus saines, une graine \u00e0 la fois avec la Fondation Plant a Seed &amp; See What Grows","publisher":{"@id":"https:\/\/seewhatgrows.org\/#organization"},"potentialAction":[{"@type":"SearchAction","target":{"@type":"EntryPoint","urlTemplate":"https:\/\/seewhatgrows.org\/?s={search_term_string}"},"query-input":{"@type":"PropertyValueSpecification","valueRequired":true,"valueName":"search_term_string"}}],"inLanguage":"fr-CA"},{"@type":"Organization","@id":"https:\/\/seewhatgrows.org\/#organization","name":"Connecter les communaut\u00e9s \u00e0 la terre","url":"https:\/\/seewhatgrows.org\/","logo":{"@type":"ImageObject","inLanguage":"fr-CA","@id":"https:\/\/seewhatgrows.org\/#\/schema\/logo\/image\/","url":"https:\/\/seewhatgrows.org\/wp-content\/uploads\/2026\/06\/Plant-a-Seed-Logo.png","contentUrl":"https:\/\/seewhatgrows.org\/wp-content\/uploads\/2026\/06\/Plant-a-Seed-Logo.png","width":600,"height":600,"caption":"Connecting Communities to the Land"},"image":{"@id":"https:\/\/seewhatgrows.org\/#\/schema\/logo\/image\/"}},{"@type":"Person","@id":"https:\/\/seewhatgrows.org\/#\/schema\/person\/b68aed2f630ae4c478c9855f63384764","name":"Dennis Charland","url":"https:\/\/seewhatgrows.org\/fr\/author\/dennis\/"}]}},"_links":{"self":[{"href":"https:\/\/seewhatgrows.org\/fr\/wp-json\/wp\/v2\/posts\/28640","targetHints":{"allow":["GET"]}}],"collection":[{"href":"https:\/\/seewhatgrows.org\/fr\/wp-json\/wp\/v2\/posts"}],"about":[{"href":"https:\/\/seewhatgrows.org\/fr\/wp-json\/wp\/v2\/types\/post"}],"author":[{"embeddable":true,"href":"https:\/\/seewhatgrows.org\/fr\/wp-json\/wp\/v2\/users\/3"}],"replies":[{"embeddable":true,"href":"https:\/\/seewhatgrows.org\/fr\/wp-json\/wp\/v2\/comments?post=28640"}],"version-history":[{"count":0,"href":"https:\/\/seewhatgrows.org\/fr\/wp-json\/wp\/v2\/posts\/28640\/revisions"}],"wp:featuredmedia":[{"embeddable":true,"href":"https:\/\/seewhatgrows.org\/fr\/wp-json\/wp\/v2\/media\/28659"}],"wp:attachment":[{"href":"https:\/\/seewhatgrows.org\/fr\/wp-json\/wp\/v2\/media?parent=28640"}],"wp:term":[{"taxonomy":"category","embeddable":true,"href":"https:\/\/seewhatgrows.org\/fr\/wp-json\/wp\/v2\/categories?post=28640"},{"taxonomy":"post_tag","embeddable":true,"href":"https:\/\/seewhatgrows.org\/fr\/wp-json\/wp\/v2\/tags?post=28640"}],"curies":[{"name":"bien jou\u00e9","href":"https:\/\/api.w.org\/{rel}","templated":true}]}}