{"id":2305,"date":"2016-01-12T15:33:23","date_gmt":"2016-01-12T23:33:23","guid":{"rendered":"http:\/\/seewhatgrows.flywheelsites.com\/?p=2305"},"modified":"2016-01-12T20:17:07","modified_gmt":"2016-01-13T04:17:07","slug":"2016-gala-event-in-support-of-foundation-at-vancouvers-fairmont-waterfront-hotel","status":"publish","type":"post","link":"https:\/\/seewhatgrows.org\/fr\/2016-gala-event-in-support-of-foundation-at-vancouvers-fairmont-waterfront-hotel\/","title":{"rendered":"Soir\u00e9e de gala 2016 au profit de la Fondation \u00e0 l'h\u00f4tel Fairmont Waterfront de Vancouver"},"content":{"rendered":"<p style=\"text-align: center;\"><img loading=\"lazy\" decoding=\"async\" class=\"aligncenter wp-image-2308\" src=\"https:\/\/seewhatgrows.org\/wp-content\/uploads\/2015\/12\/foundation-gala-events-vancouver-2016-1024x458.jpg\" alt=\"Foundation Gala in Vancouver 2016\" width=\"640\" height=\"286\" srcset=\"https:\/\/seewhatgrows.org\/wp-content\/uploads\/2015\/12\/foundation-gala-events-vancouver-2016-1024x458.jpg 1024w, https:\/\/seewhatgrows.org\/wp-content\/uploads\/2015\/12\/foundation-gala-events-vancouver-2016-300x134.jpg 300w, https:\/\/seewhatgrows.org\/wp-content\/uploads\/2015\/12\/foundation-gala-events-vancouver-2016.jpg 1432w\" sizes=\"auto, (max-width: 640px) 100vw, 640px\" \/><\/p>\n<p>La Fondation Plant a Seed &amp; See What Grows est fi\u00e8re de pr\u00e9senter le gala de collecte de fonds de l'ann\u00e9e. Le vendredi 5 f\u00e9vrier 2016, des personnalit\u00e9s locales, des professionnels et des membres de la haute soci\u00e9t\u00e9 passionn\u00e9s par l'engagement communautaire seront pr\u00e9sents \u00e0 l'h\u00f4tel Fairmont Waterfront de Vancouver pour une soir\u00e9e plac\u00e9e sous le signe des grands vins, de la gastronomie et du divertissement. Lisez la suite pour en savoir plus sur cet \u00e9v\u00e9nement incontournable de la saison.<\/p>\n<h2>Pourquoi la soir\u00e9e de gala de notre fondation sera l'\u00e9v\u00e9nement phare de l'ann\u00e9e<\/h2>\n<p><!--more--><\/p>\n<p><strong>Un emplacement exquis<\/strong><\/p>\n<p>L'h\u00f4tel Fairmont Waterfront constitue l'endroit id\u00e9al pour le gala. Sa somptueuse salle de bal offre un cadre f\u00e9erique au centre-ville de Vancouver, tandis que le port et les lumi\u00e8res nocturnes de la rive nord servent de toile de fond. D\u00e8s votre arriv\u00e9e et votre entr\u00e9e dans l'h\u00f4tel, vous saurez que vous vous appr\u00eatez \u00e0 vivre une soir\u00e9e m\u00e9morable.<\/p>\n<p><strong>Cocktails et exp\u00e9rience gastronomique en 3 services<\/strong><\/p>\n<p>La soir\u00e9e d\u00e9butera par des cocktails et des moments de convivialit\u00e9, tandis que votre h\u00f4te vous guidera, vous et vos invit\u00e9s, vers un d\u00eener de 3 plats pr\u00e9par\u00e9 avec soin. Le menu, minutieusement s\u00e9lectionn\u00e9, vous offrira une d\u00e9licieuse exp\u00e9rience culinaire et vous fera applaudir notre chef ex\u00e9cutif.<\/p>\n<p><strong>Une vente aux ench\u00e8res en direct<\/strong><\/p>\n<p><img loading=\"lazy\" decoding=\"async\" class=\"aligncenter wp-image-2310\" src=\"https:\/\/seewhatgrows.org\/wp-content\/uploads\/2015\/12\/Foundation-Gala-Event-Vancouver-2016-1024x504.jpg\" alt=\"Gala Event in Vancouver 2016\" width=\"640\" height=\"315\" srcset=\"https:\/\/seewhatgrows.org\/wp-content\/uploads\/2015\/12\/Foundation-Gala-Event-Vancouver-2016-1024x504.jpg 1024w, https:\/\/seewhatgrows.org\/wp-content\/uploads\/2015\/12\/Foundation-Gala-Event-Vancouver-2016-300x148.jpg 300w, https:\/\/seewhatgrows.org\/wp-content\/uploads\/2015\/12\/Foundation-Gala-Event-Vancouver-2016.jpg 1940w\" sizes=\"auto, (max-width: 640px) 100vw, 640px\" \/><\/p>\n<p>Vivez l'enthousiasme d'une ench\u00e8re en direct. Au programme : une collection exclusive de vins rares et magnifiques, des cadeaux inspir\u00e9s et des voyages pour emmener le gagnant (vous !) et son accompagnateur s'\u00e9vader en toute libert\u00e9.<\/p>\n<p><strong>Une ench\u00e8re silencieuse<\/strong><\/p>\n<p>Le gala propose \u00e9galement une vente aux ench\u00e8res silencieuse amusante. Des articles passionnants seront expos\u00e9s, disponibles pour \u00eatre consult\u00e9s depuis votre tablette ou sur une table de pr\u00e9sentation au d\u00e9but de la soir\u00e9e. La vente aux ench\u00e8res silencieuse offrira quelque chose pour tout le monde, de sorte que, quels que soient vos go\u00fbts, vous repartirez certainement du gala avec un v\u00e9ritable tr\u00e9sor.<\/p>\n<p><strong>Il y aura des ukul\u00e9l\u00e9s !<\/strong><\/p>\n<p style=\"text-align: center;\"><img loading=\"lazy\" decoding=\"async\" class=\"aligncenter wp-image-2312\" src=\"https:\/\/seewhatgrows.org\/wp-content\/uploads\/2015\/12\/Screen-Shot-2015-12-19-at-12.23.45-PM-1024x471.png\" alt=\"Foundation Gala in Vancouver 2016\" width=\"640\" height=\"294\" srcset=\"https:\/\/seewhatgrows.org\/wp-content\/uploads\/2015\/12\/Screen-Shot-2015-12-19-at-12.23.45-PM-1024x471.png 1024w, https:\/\/seewhatgrows.org\/wp-content\/uploads\/2015\/12\/Screen-Shot-2015-12-19-at-12.23.45-PM-300x138.png 300w\" sizes=\"auto, (max-width: 640px) 100vw, 640px\" \/><\/p>\n<p>Le gala sera un \u00e9v\u00e9nement prestigieux, agr\u00e9ment\u00e9 de vins fins, d'un d\u00eener et d'une tenue de ville d\u00e9contract\u00e9e, mais cela n'exclut pas un divertissement bon enfant sur la sc\u00e8ne de la salle de bal. Y a-t-il un instrument qui soit plus amusant qu'un ukul\u00e9l\u00e9 ? Certainement pas. Les participants auront droit \u00e0 un spectacle acoustique magique offert par le\u00a0<strong>Ensemble de ukul\u00e9l\u00e9 de Langley\u00a0<\/strong>alors n'h\u00e9sitez pas \u00e0 glisser discr\u00e8tement un <em>chemise hawa\u00efenne<\/em> sous votre costume ou votre robe de bal. Le divertissement ne s'arr\u00eate pas l\u00e0. Votre charmante soir\u00e9e est \u00e9galement rythm\u00e9e par des prestations d'autres musiciens accomplis de la r\u00e9gion m\u00e9tropolitaine de Vancouver. Le talent et la gr\u00e2ce combin\u00e9s de l'un et des autres vous enchanteront, vous et vos invit\u00e9s. Pr\u00e9parez-vous \u00e0 en prendre plein les yeux.<\/p>\n<p><strong>C'est pour les enfants<\/strong><\/p>\n<p style=\"text-align: center;\"><img loading=\"lazy\" decoding=\"async\" class=\"aligncenter wp-image-2398\" src=\"https:\/\/seewhatgrows.org\/wp-content\/uploads\/2016\/01\/see_what_grows-1024x534.jpg\" alt=\"see_what_grows\" width=\"640\" height=\"334\" srcset=\"https:\/\/seewhatgrows.org\/wp-content\/uploads\/2016\/01\/see_what_grows-1024x534.jpg 1024w, https:\/\/seewhatgrows.org\/wp-content\/uploads\/2016\/01\/see_what_grows-300x156.jpg 300w, https:\/\/seewhatgrows.org\/wp-content\/uploads\/2016\/01\/see_what_grows.jpg 1400w\" sizes=\"auto, (max-width: 640px) 100vw, 640px\" \/><\/p>\n<p>Plus important encore, la soir\u00e9e est enti\u00e8rement consacr\u00e9e aux enfants de nos communaut\u00e9s. Les fonds recueillis lors du gala vont directement \u00e0\u00a0<a href=\"https:\/\/seewhatgrows.org\/fr\/our-causes\/\">les causes de la Fondation<\/a>\u00a0qui servent \u00e0 inspirer les enfants \u00e0 r\u00e9aliser leurs r\u00eaves et \u00e0 atteindre leur plein potentiel. Ces objectifs sont atteints gr\u00e2ce \u00e0 <a href=\"https:\/\/seewhatgrows.org\/fr\/our-causes\/community-gardens-seed-preservation\/\">jardinage scolaire et communautaire<\/a>,\u00a0<a href=\"https:\/\/seewhatgrows.org\/fr\/our-causes\/outdoor-learning-experiences\/\">visites \u00e0 la ferme et autres<\/a> des exp\u00e9riences d&#x27;apprentissage en plein air. Nous cultivons ainsi nos liens les uns avec les autres, avec notre alimentation, notre territoire et nos communaut\u00e9s.<\/p>\n<p>Le gala ne serait pas possible sans le soutien de <a href=\"http:\/\/naturalfactors.com\/\">Natural Factors<\/a>\u00ae,<a href=\"http:\/\/www.cwilson.com\/\"> Clark Wilson LLP<\/a>, <a href=\"http:\/\/www.bulmerinvestmentgroup.com\/\">Bulmer Investment Group<\/a>, <a href=\"http:\/\/www.kpmg.ca\">KPMG<\/a>, <a href=\"http:\/\/www.enzymotec.com\">Enzymotec Ltd.<\/a>, <a href=\"http:\/\/www.dsm.com\/corporate\/home.html\">DSM Nutritional Products<\/a>, <a href=\"http:\/\/www.mathewsdinsdale.com\/\">Mathews Dinsdale &amp; Clark LLP<\/a>\u00a0et vous.<\/p>\n<p>Pour vous inscrire et obtenir plus d'informations sur le gala de notre Fondation le 5 f\u00e9vrier, nous vous invitons \u00e0 visiter la page de l'\u00e9v\u00e9nement <a href=\"https:\/\/seewhatgrows.org\/fr\/inspiring-children\/\">ici<\/a>. Nous vous remercions de votre soutien et nous r\u00e9jouissons de vous y voir.<\/p>","protected":false},"excerpt":{"rendered":"<p>The Plant a Seed &amp; See What Grows Foundation is proud to present\u00a0the fundraising gala affair of the year.\u00a0On Friday February 5 2016 local figures, professionals, and socialites with a passion for giving back to the community will be in attendance\u00a0at Vancouver&#8217;s Fairmont Waterfront Hotel for an evening of fine wine, dining, and entertainment. Read [&hellip;]<\/p>\n","protected":false},"author":3,"featured_media":0,"comment_status":"closed","ping_status":"closed","sticky":false,"template":"","format":"standard","meta":{"footnotes":""},"categories":[1],"tags":[121,123,120,122,124],"class_list":["post-2305","post","type-post","status-publish","format-standard","hentry","category-uncategorized","tag-charitable-events-in-vancouver-2016","tag-fairmont-waterfront-hotel-gala-2016","tag-foundation-events-vancouver-2016","tag-gala-events-vancouver-2016","tag-silent-auction-gala-vancouver"],"yoast_head":"<!-- This site is optimized with the Yoast SEO plugin v28.4 - https:\/\/yoast.com\/product\/yoast-seo-wordpress\/ -->\n<title>2016 Foundation Gala Event - Vancouver\u00a0Fairmont Waterfront<\/title>\n<meta name=\"description\" content=\"Reasons why our Foundation&#039;s February 6 2016 gala evening at Fairmont Waterfront Hotel Vancouver will be a highlight of the year. Learn more here.\" \/>\n<meta name=\"robots\" content=\"index, follow, max-snippet:-1, max-image-preview:large, max-video-preview:-1\" \/>\n<link rel=\"canonical\" href=\"https:\/\/seewhatgrows.org\/fr\/2016-gala-event-in-support-of-foundation-at-vancouvers-fairmont-waterfront-hotel\/\" \/>\n<meta property=\"og:locale\" content=\"fr_CA\" \/>\n<meta property=\"og:type\" content=\"article\" \/>\n<meta property=\"og:title\" content=\"2016 Foundation Gala Event - Vancouver\u00a0Fairmont Waterfront\" \/>\n<meta property=\"og:description\" content=\"Reasons why our Foundation&#039;s February 6 2016 gala evening at Fairmont Waterfront Hotel Vancouver will be a highlight of the year. Learn more here.\" \/>\n<meta property=\"og:url\" content=\"https:\/\/seewhatgrows.org\/fr\/2016-gala-event-in-support-of-foundation-at-vancouvers-fairmont-waterfront-hotel\/\" \/>\n<meta property=\"og:site_name\" content=\"Connecting Communities to the Land\" \/>\n<meta property=\"article:published_time\" content=\"2016-01-12T23:33:23+00:00\" \/>\n<meta property=\"article:modified_time\" content=\"2016-01-13T04:17:07+00:00\" \/>\n<meta property=\"og:image\" content=\"https:\/\/seewhatgrows.org\/wp-content\/uploads\/2015\/12\/foundation-gala-events-vancouver-2016-1024x458.jpg\" \/>\n<meta name=\"author\" content=\"Dennis Charland\" \/>\n<meta name=\"twitter:label1\" content=\"\u00c9crit par\" \/>\n\t<meta name=\"twitter:data1\" content=\"Dennis Charland\" \/>\n\t<meta name=\"twitter:label2\" content=\"Estimation du temps de lecture\" \/>\n\t<meta name=\"twitter:data2\" content=\"3 minutes\" \/>\n<script type=\"application\/ld+json\" class=\"yoast-schema-graph\">{\"@context\":\"https:\\\/\\\/schema.org\",\"@graph\":[{\"@type\":\"Article\",\"@id\":\"https:\\\/\\\/seewhatgrows.org\\\/2016-gala-event-in-support-of-foundation-at-vancouvers-fairmont-waterfront-hotel\\\/#article\",\"isPartOf\":{\"@id\":\"https:\\\/\\\/seewhatgrows.org\\\/2016-gala-event-in-support-of-foundation-at-vancouvers-fairmont-waterfront-hotel\\\/\"},\"author\":{\"name\":\"Dennis Charland\",\"@id\":\"https:\\\/\\\/seewhatgrows.org\\\/#\\\/schema\\\/person\\\/b68aed2f630ae4c478c9855f63384764\"},\"headline\":\"2016 Gala Event in Support of Foundation at Vancouver\u2019s Fairmont Waterfront Hotel\",\"datePublished\":\"2016-01-12T23:33:23+00:00\",\"dateModified\":\"2016-01-13T04:17:07+00:00\",\"mainEntityOfPage\":{\"@id\":\"https:\\\/\\\/seewhatgrows.org\\\/2016-gala-event-in-support-of-foundation-at-vancouvers-fairmont-waterfront-hotel\\\/\"},\"wordCount\":549,\"publisher\":{\"@id\":\"https:\\\/\\\/seewhatgrows.org\\\/#organization\"},\"image\":{\"@id\":\"https:\\\/\\\/seewhatgrows.org\\\/2016-gala-event-in-support-of-foundation-at-vancouvers-fairmont-waterfront-hotel\\\/#primaryimage\"},\"thumbnailUrl\":\"https:\\\/\\\/seewhatgrows.org\\\/wp-content\\\/uploads\\\/2015\\\/12\\\/foundation-gala-events-vancouver-2016-1024x458.jpg\",\"keywords\":[\"Charitable Events in Vancouver 2016\",\"Fairmont Waterfront Hotel Gala 2016\",\"Foundation Events Vancouver 2016\",\"Gala Events Vancouver 2016\",\"Silent Auction Gala Vancouver\"],\"articleSection\":[\"Uncategorized\"],\"inLanguage\":\"fr-CA\"},{\"@type\":\"WebPage\",\"@id\":\"https:\\\/\\\/seewhatgrows.org\\\/2016-gala-event-in-support-of-foundation-at-vancouvers-fairmont-waterfront-hotel\\\/\",\"url\":\"https:\\\/\\\/seewhatgrows.org\\\/2016-gala-event-in-support-of-foundation-at-vancouvers-fairmont-waterfront-hotel\\\/\",\"name\":\"2016 Foundation Gala Event - Vancouver\u00a0Fairmont Waterfront\",\"isPartOf\":{\"@id\":\"https:\\\/\\\/seewhatgrows.org\\\/#website\"},\"primaryImageOfPage\":{\"@id\":\"https:\\\/\\\/seewhatgrows.org\\\/2016-gala-event-in-support-of-foundation-at-vancouvers-fairmont-waterfront-hotel\\\/#primaryimage\"},\"image\":{\"@id\":\"https:\\\/\\\/seewhatgrows.org\\\/2016-gala-event-in-support-of-foundation-at-vancouvers-fairmont-waterfront-hotel\\\/#primaryimage\"},\"thumbnailUrl\":\"https:\\\/\\\/seewhatgrows.org\\\/wp-content\\\/uploads\\\/2015\\\/12\\\/foundation-gala-events-vancouver-2016-1024x458.jpg\",\"datePublished\":\"2016-01-12T23:33:23+00:00\",\"dateModified\":\"2016-01-13T04:17:07+00:00\",\"description\":\"Reasons why our Foundation's February 6 2016 gala evening at Fairmont Waterfront Hotel Vancouver will be a highlight of the year. Learn more here.\",\"breadcrumb\":{\"@id\":\"https:\\\/\\\/seewhatgrows.org\\\/2016-gala-event-in-support-of-foundation-at-vancouvers-fairmont-waterfront-hotel\\\/#breadcrumb\"},\"inLanguage\":\"fr-CA\",\"potentialAction\":[{\"@type\":\"ReadAction\",\"target\":[\"https:\\\/\\\/seewhatgrows.org\\\/2016-gala-event-in-support-of-foundation-at-vancouvers-fairmont-waterfront-hotel\\\/\"]}]},{\"@type\":\"ImageObject\",\"inLanguage\":\"fr-CA\",\"@id\":\"https:\\\/\\\/seewhatgrows.org\\\/2016-gala-event-in-support-of-foundation-at-vancouvers-fairmont-waterfront-hotel\\\/#primaryimage\",\"url\":\"https:\\\/\\\/seewhatgrows.org\\\/wp-content\\\/uploads\\\/2015\\\/12\\\/foundation-gala-events-vancouver-2016-1024x458.jpg\",\"contentUrl\":\"https:\\\/\\\/seewhatgrows.org\\\/wp-content\\\/uploads\\\/2015\\\/12\\\/foundation-gala-events-vancouver-2016-1024x458.jpg\"},{\"@type\":\"BreadcrumbList\",\"@id\":\"https:\\\/\\\/seewhatgrows.org\\\/2016-gala-event-in-support-of-foundation-at-vancouvers-fairmont-waterfront-hotel\\\/#breadcrumb\",\"itemListElement\":[{\"@type\":\"ListItem\",\"position\":1,\"name\":\"Home\",\"item\":\"https:\\\/\\\/seewhatgrows.org\\\/\"},{\"@type\":\"ListItem\",\"position\":2,\"name\":\"2016 Gala Event in Support of Foundation at Vancouver\u2019s Fairmont Waterfront Hotel\"}]},{\"@type\":\"WebSite\",\"@id\":\"https:\\\/\\\/seewhatgrows.org\\\/#website\",\"url\":\"https:\\\/\\\/seewhatgrows.org\\\/\",\"name\":\"Connecting Communities to the Land\",\"description\":\"Growing healthier communities, one seed at a time with Plant a Seed &amp; See What Grows Foundation\",\"publisher\":{\"@id\":\"https:\\\/\\\/seewhatgrows.org\\\/#organization\"},\"potentialAction\":[{\"@type\":\"SearchAction\",\"target\":{\"@type\":\"EntryPoint\",\"urlTemplate\":\"https:\\\/\\\/seewhatgrows.org\\\/?s={search_term_string}\"},\"query-input\":{\"@type\":\"PropertyValueSpecification\",\"valueRequired\":true,\"valueName\":\"search_term_string\"}}],\"inLanguage\":\"fr-CA\"},{\"@type\":\"Organization\",\"@id\":\"https:\\\/\\\/seewhatgrows.org\\\/#organization\",\"name\":\"Connecting Communities to the Land\",\"url\":\"https:\\\/\\\/seewhatgrows.org\\\/\",\"logo\":{\"@type\":\"ImageObject\",\"inLanguage\":\"fr-CA\",\"@id\":\"https:\\\/\\\/seewhatgrows.org\\\/#\\\/schema\\\/logo\\\/image\\\/\",\"url\":\"https:\\\/\\\/seewhatgrows.org\\\/wp-content\\\/uploads\\\/2026\\\/06\\\/Plant-a-Seed-Logo.png\",\"contentUrl\":\"https:\\\/\\\/seewhatgrows.org\\\/wp-content\\\/uploads\\\/2026\\\/06\\\/Plant-a-Seed-Logo.png\",\"width\":600,\"height\":600,\"caption\":\"Connecting Communities to the Land\"},\"image\":{\"@id\":\"https:\\\/\\\/seewhatgrows.org\\\/#\\\/schema\\\/logo\\\/image\\\/\"}},{\"@type\":\"Person\",\"@id\":\"https:\\\/\\\/seewhatgrows.org\\\/#\\\/schema\\\/person\\\/b68aed2f630ae4c478c9855f63384764\",\"name\":\"Dennis Charland\",\"url\":\"https:\\\/\\\/seewhatgrows.org\\\/fr\\\/author\\\/dennis\\\/\"}]}<\/script>\n<!-- \/ Yoast SEO plugin. -->","yoast_head_json":{"title":"\u00c9v\u00e9nement du gala de la Fondation 2016 - Vancouver Fairmont Waterfront","description":"Raisons pour lesquelles la soir\u00e9e de gala de notre Fondation du 6 f\u00e9vrier 2016 \u00e0 l'h\u00f4tel Fairmont Waterfront de Vancouver sera l'un des temps forts de l'ann\u00e9e. En savoir plus ici.","robots":{"index":"index","follow":"follow","max-snippet":"max-snippet:-1","max-image-preview":"max-image-preview:large","max-video-preview":"max-video-preview:-1"},"canonical":"https:\/\/seewhatgrows.org\/fr\/2016-gala-event-in-support-of-foundation-at-vancouvers-fairmont-waterfront-hotel\/","og_locale":"fr_CA","og_type":"article","og_title":"2016 Foundation Gala Event - Vancouver\u00a0Fairmont Waterfront","og_description":"Reasons why our Foundation's February 6 2016 gala evening at Fairmont Waterfront Hotel Vancouver will be a highlight of the year. Learn more here.","og_url":"https:\/\/seewhatgrows.org\/fr\/2016-gala-event-in-support-of-foundation-at-vancouvers-fairmont-waterfront-hotel\/","og_site_name":"Connecting Communities to the Land","article_published_time":"2016-01-12T23:33:23+00:00","article_modified_time":"2016-01-13T04:17:07+00:00","og_image":[{"url":"https:\/\/seewhatgrows.org\/wp-content\/uploads\/2015\/12\/foundation-gala-events-vancouver-2016-1024x458.jpg","type":"","width":"","height":""}],"author":"Dennis Charland","twitter_misc":{"\u00c9crit par":"Dennis Charland","Estimation du temps de lecture":"3 minutes"},"schema":{"@context":"https:\/\/schema.org","@graph":[{"@type":"Article","@id":"https:\/\/seewhatgrows.org\/2016-gala-event-in-support-of-foundation-at-vancouvers-fairmont-waterfront-hotel\/#article","isPartOf":{"@id":"https:\/\/seewhatgrows.org\/2016-gala-event-in-support-of-foundation-at-vancouvers-fairmont-waterfront-hotel\/"},"author":{"name":"Dennis Charland","@id":"https:\/\/seewhatgrows.org\/#\/schema\/person\/b68aed2f630ae4c478c9855f63384764"},"headline":"2016 Gala Event in Support of Foundation at Vancouver\u2019s Fairmont Waterfront Hotel","datePublished":"2016-01-12T23:33:23+00:00","dateModified":"2016-01-13T04:17:07+00:00","mainEntityOfPage":{"@id":"https:\/\/seewhatgrows.org\/2016-gala-event-in-support-of-foundation-at-vancouvers-fairmont-waterfront-hotel\/"},"wordCount":549,"publisher":{"@id":"https:\/\/seewhatgrows.org\/#organization"},"image":{"@id":"https:\/\/seewhatgrows.org\/2016-gala-event-in-support-of-foundation-at-vancouvers-fairmont-waterfront-hotel\/#primaryimage"},"thumbnailUrl":"https:\/\/seewhatgrows.org\/wp-content\/uploads\/2015\/12\/foundation-gala-events-vancouver-2016-1024x458.jpg","keywords":["Charitable Events in Vancouver 2016","Fairmont Waterfront Hotel Gala 2016","Foundation Events Vancouver 2016","Gala Events Vancouver 2016","Silent Auction Gala Vancouver"],"articleSection":["Uncategorized"],"inLanguage":"fr-CA"},{"@type":"WebPage","@id":"https:\/\/seewhatgrows.org\/2016-gala-event-in-support-of-foundation-at-vancouvers-fairmont-waterfront-hotel\/","url":"https:\/\/seewhatgrows.org\/2016-gala-event-in-support-of-foundation-at-vancouvers-fairmont-waterfront-hotel\/","name":"\u00c9v\u00e9nement du gala de la Fondation 2016 - Vancouver Fairmont Waterfront","isPartOf":{"@id":"https:\/\/seewhatgrows.org\/#website"},"primaryImageOfPage":{"@id":"https:\/\/seewhatgrows.org\/2016-gala-event-in-support-of-foundation-at-vancouvers-fairmont-waterfront-hotel\/#primaryimage"},"image":{"@id":"https:\/\/seewhatgrows.org\/2016-gala-event-in-support-of-foundation-at-vancouvers-fairmont-waterfront-hotel\/#primaryimage"},"thumbnailUrl":"https:\/\/seewhatgrows.org\/wp-content\/uploads\/2015\/12\/foundation-gala-events-vancouver-2016-1024x458.jpg","datePublished":"2016-01-12T23:33:23+00:00","dateModified":"2016-01-13T04:17:07+00:00","description":"Raisons pour lesquelles la soir\u00e9e de gala de notre Fondation du 6 f\u00e9vrier 2016 \u00e0 l'h\u00f4tel Fairmont Waterfront de Vancouver sera l'un des temps forts de l'ann\u00e9e. En savoir plus ici.","breadcrumb":{"@id":"https:\/\/seewhatgrows.org\/2016-gala-event-in-support-of-foundation-at-vancouvers-fairmont-waterfront-hotel\/#breadcrumb"},"inLanguage":"fr-CA","potentialAction":[{"@type":"ReadAction","target":["https:\/\/seewhatgrows.org\/2016-gala-event-in-support-of-foundation-at-vancouvers-fairmont-waterfront-hotel\/"]}]},{"@type":"ImageObject","inLanguage":"fr-CA","@id":"https:\/\/seewhatgrows.org\/2016-gala-event-in-support-of-foundation-at-vancouvers-fairmont-waterfront-hotel\/#primaryimage","url":"https:\/\/seewhatgrows.org\/wp-content\/uploads\/2015\/12\/foundation-gala-events-vancouver-2016-1024x458.jpg","contentUrl":"https:\/\/seewhatgrows.org\/wp-content\/uploads\/2015\/12\/foundation-gala-events-vancouver-2016-1024x458.jpg"},{"@type":"BreadcrumbList","@id":"https:\/\/seewhatgrows.org\/2016-gala-event-in-support-of-foundation-at-vancouvers-fairmont-waterfront-hotel\/#breadcrumb","itemListElement":[{"@type":"ListItem","position":1,"name":"Home","item":"https:\/\/seewhatgrows.org\/"},{"@type":"ListItem","position":2,"name":"2016 Gala Event in Support of Foundation at Vancouver\u2019s Fairmont Waterfront Hotel"}]},{"@type":"WebSite","@id":"https:\/\/seewhatgrows.org\/#website","url":"https:\/\/seewhatgrows.org\/","name":"Connecter les communaut\u00e9s \u00e0 la terre","description":"Cultiver des communaut\u00e9s plus saines, une graine \u00e0 la fois avec la Fondation Plant a Seed &amp; See What Grows","publisher":{"@id":"https:\/\/seewhatgrows.org\/#organization"},"potentialAction":[{"@type":"SearchAction","target":{"@type":"EntryPoint","urlTemplate":"https:\/\/seewhatgrows.org\/?s={search_term_string}"},"query-input":{"@type":"PropertyValueSpecification","valueRequired":true,"valueName":"search_term_string"}}],"inLanguage":"fr-CA"},{"@type":"Organization","@id":"https:\/\/seewhatgrows.org\/#organization","name":"Connecter les communaut\u00e9s \u00e0 la terre","url":"https:\/\/seewhatgrows.org\/","logo":{"@type":"ImageObject","inLanguage":"fr-CA","@id":"https:\/\/seewhatgrows.org\/#\/schema\/logo\/image\/","url":"https:\/\/seewhatgrows.org\/wp-content\/uploads\/2026\/06\/Plant-a-Seed-Logo.png","contentUrl":"https:\/\/seewhatgrows.org\/wp-content\/uploads\/2026\/06\/Plant-a-Seed-Logo.png","width":600,"height":600,"caption":"Connecting Communities to the Land"},"image":{"@id":"https:\/\/seewhatgrows.org\/#\/schema\/logo\/image\/"}},{"@type":"Person","@id":"https:\/\/seewhatgrows.org\/#\/schema\/person\/b68aed2f630ae4c478c9855f63384764","name":"Dennis Charland","url":"https:\/\/seewhatgrows.org\/fr\/author\/dennis\/"}]}},"_links":{"self":[{"href":"https:\/\/seewhatgrows.org\/fr\/wp-json\/wp\/v2\/posts\/2305","targetHints":{"allow":["GET"]}}],"collection":[{"href":"https:\/\/seewhatgrows.org\/fr\/wp-json\/wp\/v2\/posts"}],"about":[{"href":"https:\/\/seewhatgrows.org\/fr\/wp-json\/wp\/v2\/types\/post"}],"author":[{"embeddable":true,"href":"https:\/\/seewhatgrows.org\/fr\/wp-json\/wp\/v2\/users\/3"}],"replies":[{"embeddable":true,"href":"https:\/\/seewhatgrows.org\/fr\/wp-json\/wp\/v2\/comments?post=2305"}],"version-history":[{"count":0,"href":"https:\/\/seewhatgrows.org\/fr\/wp-json\/wp\/v2\/posts\/2305\/revisions"}],"wp:attachment":[{"href":"https:\/\/seewhatgrows.org\/fr\/wp-json\/wp\/v2\/media?parent=2305"}],"wp:term":[{"taxonomy":"category","embeddable":true,"href":"https:\/\/seewhatgrows.org\/fr\/wp-json\/wp\/v2\/categories?post=2305"},{"taxonomy":"post_tag","embeddable":true,"href":"https:\/\/seewhatgrows.org\/fr\/wp-json\/wp\/v2\/tags?post=2305"}],"curies":[{"name":"bien jou\u00e9","href":"https:\/\/api.w.org\/{rel}","templated":true}]}}