{"id":2056,"date":"2015-10-28T08:29:25","date_gmt":"2015-10-28T15:29:25","guid":{"rendered":"http:\/\/seewhatgrows.flywheelsites.com\/?p=2056"},"modified":"2015-10-28T08:29:25","modified_gmt":"2015-10-28T15:29:25","slug":"7-tips-to-starting-a-daycare-preschool-garden","status":"publish","type":"post","link":"https:\/\/seewhatgrows.org\/fr\/7-tips-to-starting-a-daycare-preschool-garden\/","title":{"rendered":"7 conseils pour cr\u00e9er un jardin de garderie \/ \u00e9cole maternelle"},"content":{"rendered":"<p style=\"text-align: center;\"><img loading=\"lazy\" decoding=\"async\" class=\"aligncenter wp-image-2058\" src=\"https:\/\/seewhatgrows.org\/wp-content\/uploads\/2015\/10\/Preschool-Daycare-Garden-1-1024x625.jpg\" alt=\"Preschool and Daycare Gardening\" width=\"640\" height=\"391\" srcset=\"https:\/\/seewhatgrows.org\/wp-content\/uploads\/2015\/10\/Preschool-Daycare-Garden-1-1024x625.jpg 1024w, https:\/\/seewhatgrows.org\/wp-content\/uploads\/2015\/10\/Preschool-Daycare-Garden-1-300x183.jpg 300w\" sizes=\"auto, (max-width: 640px) 100vw, 640px\" \/><\/p>\n<p>Les jardins communautaires b\u00e9n\u00e9ficient d'une forte couverture m\u00e9diatique, qu'ils concernent les personnes \u00e2g\u00e9es, les adultes, les \u00e9tudiants ou les adolescents. De nombreuses informations sont \u00e9galement \u00e0 la disposition de ces publics pour savoir comment g\u00e9rer des projets de jardinage urbain. Cependant, en ce qui concerne les enfants d'\u00e2ge pr\u00e9scolaire et ceux accueillis en garderie, ce contenu est beaucoup moins accessible. C'est cette situation que notre fondation esp\u00e8re changer.<\/p>\n<p>Initier les enfants d'\u00e2ge pr\u00e9scolaire (de 3 \u00e0 5 ans) au concept de l'agriculture urbaine et communautaire est l'une des \u00e9tapes les plus importantes que votre projet puisse franchir pour assurer sa p\u00e9rennit\u00e9. Captez leur attention, enseign\u00e9es-leur de pr\u00e9cieuses comp\u00e9tences et encouragez-les \u00e0 bien travailler avec les autres pour leur inculquer un sentiment d'accomplissement et d'interconnexion qu'aucune autre activit\u00e9 ne peut leur offrir.<\/p>\n<h2>Comment cr\u00e9er un jardin communautaire dans votre garderie ou \u00e9cole maternelle<\/h2>\n<p><!--more--><\/p>\n<p><strong>1. Obtenir l'approbation des parents<\/strong><\/p>\n<p>Avant de mettre en place un programme de jardinage pr\u00e9scolaire, obtenez l'approbation des parents. Pr\u00e9sentez-leur toutes les informations qu'ils souhaitent conna\u00eetre, en abordant la s\u00e9curit\u00e9 au jardin et le niveau d'implication de chaque enfant selon les diff\u00e9rents \u00e2ges. Une fois le projet en place, les nouveaux parents pour chaque p\u00e9riode ult\u00e9rieure devront \u00eatre inform\u00e9s lors des s\u00e9ances d'information sur les admissions anticip\u00e9es.<\/p>\n<p><strong>2. Obtenir les permis appropri\u00e9s<\/strong><\/p>\n<p>Une fois que les parents ont donn\u00e9 leur feu vert, vous devez obtenir l'approbation de tous les organismes de r\u00e9glementation (municipalit\u00e9, commissions scolaires, etc.) dont d\u00e9pend votre \u00e9cole maternelle ou votre garderie. La derni\u00e8re chose que vous souhaitez est de susciter l'enthousiasme des enfants pour un projet de jardin non autoris\u00e9, pour ensuite devoir tout d\u00e9monter parce que les formalit\u00e9s administratives n'ont pas \u00e9t\u00e9 remplies et approuv\u00e9es.<\/p>\n<p><strong>3. Solliciter le soutien des organisations locales<\/strong><\/p>\n<p>Un projet de jardin communautaire r\u00e9ussi d\u00e9pend du soutien de la communaut\u00e9 locale, y compris des entreprises et des organisations. S'il s'agit d'un programme de jardinage urbain pour les enfants de 3 \u00e0 5 ans, vous ne trouverez pas beaucoup de magasins de bricolage et de jardinage qui rejetteront votre demande de quelques graines et sacs de terre en signe de soutien. Si vous n'avez pas d'exp\u00e9rience dans la recherche de parrainage, ces <a href=\"https:\/\/seewhatgrows.org\/fr\/spread-word-community-garden-get-support\/\">conseils pour faire connaitre votre jardin communautaire<\/a> aidera.<\/p>\n<p><strong>4. La s\u00e9curit\u00e9 avant tout<\/strong><\/p>\n<p>Le jardinage communautaire est une activit\u00e9 s\u00fbre qui pr\u00e9sente moins de dangers que la plupart des aires de jeux pour enfants d'\u00e2ge pr\u00e9scolaire. Cependant, vous devez faire preuve d'une extr\u00eame prudence lorsqu'il s'agit des tout-petits. Soyez conscient de tous les risques potentiels pour la sant\u00e9 de vos petits jardiniers et pr\u00e9parez-vous \u00e0 y faire face. Assurez-vous qu'ils portent <strong>chaussures et v\u00eatements appropri\u00e9s<\/strong>, y compris le jardinage protecteur <strong>gants et lunettes de protection<\/strong>. Utiliser<strong> outils de jardinage pour enfants<\/strong>, sans ar\u00eates vives ni pointes, et assurez-vous qu'ils sont propres, lisses et exempts de rouille. De plus, tout ce qui est utilis\u00e9 pour traiter le sol doit \u00eatre <strong>100% biologique<\/strong> dans la nature. Selon la p\u00e9riode de l'ann\u00e9e, des insectes peuvent \u00eatre pr\u00e9sents. Vous voudrez peut-\u00eatre envisager de conserver un stock de <strong>r\u00e9pulsif \u00e0 insectes bio<\/strong> pour les jeunes enfants sur place. Renseignez-vous \u00e9galement pour savoir si un enfant dans votre classe ou votre garderie a un <strong>allergie<\/strong> aux plantes futures de votre jardin. Bien qu'il s'agisse d'un allerg\u00e8ne rare, il est peut-\u00eatre pr\u00e9f\u00e9rable d'\u00e9viter de planter des fraises, qui poss\u00e8dent des propri\u00e9t\u00e9s similaires \u00e0 l'allerg\u00e8ne pr\u00e9sent dans le pollen de bouleau. N'oubliez pas que vous devez planifier non seulement pour votre groupe d'enfants de l'ann\u00e9e en cours, mais pour toutes les ann\u00e9es \u00e0 venir.<\/p>\n<p><strong>5. Grouper les jardiniers et les \u201c devoirs \u201d par \u00e2ge<\/strong><\/p>\n<p>Il y a une grande diff\u00e9rence d'aptitudes en ce qui concerne la tranche d'\u00e2ge de la garderie et de l'\u00e9cole maternelle. Groupez les enfants par tranche d'\u00e2ge et d\u00e9l\u00e9guez la participation en cons\u00e9quence. Les enfants de 4 \u00e0 5 ans seront des jardiniers actifs et sont capables de recevoir des instructions sur la fa\u00e7on de planter des graines et de s'occuper du jardin. Les enfants de 3 ans, malgr\u00e9 leur capacit\u00e9 impressionnante \u00e0 retenir de nouvelles informations, ne seront pas tout \u00e0 fait pr\u00eats \u00e0 assumer des responsabilit\u00e9s. Ces derniers peuvent tout de m\u00eame participer en apprenant le nom des fruits et l\u00e9gumes du jardin, en retournant la terre sous votre surveillance, et en apprenant \u00e0 se d\u00e9placer dans le jardin sans nuire \u00e0 la croissance. Lorsque leurs a\u00een\u00e9s passeront \u00e0 la grande section un an plus tard, ils deviendront les experts !<\/p>\n<p><strong>6. Apprenez aux tout-petits les bonnes mani\u00e8res au jardin avant qu'ils ne fassent leurs premiers pas<\/strong><\/p>\n<p>Apprendre aux enfants de la garderie et de la maternelle comment se comporter dans un jardin <em>avant<\/em> o\u00f9 ils mettent les pieds est tr\u00e8s important. Non seulement ils doivent savoir comment manipuler les outils et les mat\u00e9riaux, mais ils doivent aussi savoir o\u00f9 ils peuvent et ne peuvent pas marcher. L'une des le\u00e7ons les plus difficiles est de s'assurer qu'ils comprennent que personne ne doit manger du jardin sans permission \u2013 toute une t\u00e2che lorsqu'on cultive des fruits et des l\u00e9gumes app\u00e9tissants !<\/p>\n<p><strong>7. Cr\u00e9ez un petit jardin mais \u00e9volutif<\/strong><\/p>\n<p>Essayez de ne pas br\u00fbler les \u00e9tapes lorsque vous cr\u00e9ez un jardin pour garderie ou \u00e9cole maternelle. Commencez petit, en cultivant seulement quelques fruits et l\u00e9gumes qui s'adaptent bien \u00e0 votre climat. L'exp\u00e9rience se veut \u00e9ducative mais <em>amusant<\/em>, ainsi, commencer par une petite parcelle permettra d'\u00e9viter les difficult\u00e9s rencontr\u00e9es par les grands jardins. Cela \u00e9tant dit, vous voulez laisser de la place pour une croissance durable. R\u00e9servez suffisamment de terrain pour vous permettre d'\u00e9tendre le programme, en ajoutant quelque chose de nouveau \u00e0 votre jeune jardin \u00e0 chaque saison qui passe.<\/p>\n<p>Avez-vous d'autres suggestions pour d\u00e9marrer ou g\u00e9rer un projet de jardinage pour de jeunes enfants ? Avez-vous une r\u00e9ussite que vous aimeriez partager ? Suivez notre Fondation\u00a0<a href=\"https:\/\/www.facebook.com\/Plant-A-Seed-Foundation-264903080380435\/timeline\/\">Facebook<\/a>,\u00a0<a href=\"https:\/\/twitter.com\/seewhatgrows\">Twitter<\/a>, et\/ou\u00a0<a href=\"https:\/\/plus.google.com\/+SeewhatgrowsOrg\/posts\">Google+<\/a>\u00a0et tenez-nous inform\u00e9s.<\/p>\n<p>&nbsp;<\/p>\n<p>&nbsp;<\/p>\n<p>&nbsp;<\/p>","protected":false},"excerpt":{"rendered":"<p>There is a lot of media attention surrounding community gardening as it applies to seniors, adults, college students, and adolescents alike. There is also a lot of information available to these parties on how to manage urban gardening projects. However, when it comes to preschool and daycare aged levels this content is not as readily [&hellip;]<\/p>\n","protected":false},"author":3,"featured_media":0,"comment_status":"closed","ping_status":"closed","sticky":false,"template":"","format":"standard","meta":{"footnotes":""},"categories":[3],"tags":[106,108,105,107],"class_list":["post-2056","post","type-post","status-publish","format-standard","hentry","category-blogs","tag-daycare-gardening","tag-getting-children-interested-in-gardening","tag-how-to-start-a-preschool-garden","tag-organic-gardening-for-kids"],"yoast_head":"<!-- This site is optimized with the Yoast SEO plugin v28.4 - https:\/\/yoast.com\/product\/yoast-seo-wordpress\/ -->\n<title>7 Tips to Starting a Daycare \/ Preschool Garden<\/title>\n<meta name=\"description\" content=\"How to Start a Community Garden in Your Daycare or Preschool, Courtesy of the Plant a Seed and See What Grows Foundation.\" \/>\n<meta name=\"robots\" content=\"index, follow, max-snippet:-1, max-image-preview:large, max-video-preview:-1\" \/>\n<link rel=\"canonical\" href=\"https:\/\/seewhatgrows.org\/fr\/7-tips-to-starting-a-daycare-preschool-garden\/\" \/>\n<meta property=\"og:locale\" content=\"fr_CA\" \/>\n<meta property=\"og:type\" content=\"article\" \/>\n<meta property=\"og:title\" content=\"7 Tips to Starting a Daycare \/ Preschool Garden\" \/>\n<meta property=\"og:description\" content=\"How to Start a Community Garden in Your Daycare or Preschool, Courtesy of the Plant a Seed and See What Grows Foundation.\" \/>\n<meta property=\"og:url\" content=\"https:\/\/seewhatgrows.org\/fr\/7-tips-to-starting-a-daycare-preschool-garden\/\" \/>\n<meta property=\"og:site_name\" content=\"Connecting Communities to the Land\" \/>\n<meta property=\"article:published_time\" content=\"2015-10-28T15:29:25+00:00\" \/>\n<meta property=\"og:image\" content=\"https:\/\/seewhatgrows.org\/wp-content\/uploads\/2015\/10\/Preschool-Daycare-Garden-1-1024x625.jpg\" \/>\n<meta name=\"author\" content=\"Dennis Charland\" \/>\n<meta name=\"twitter:label1\" content=\"\u00c9crit par\" \/>\n\t<meta name=\"twitter:data1\" content=\"Dennis Charland\" \/>\n\t<meta name=\"twitter:label2\" content=\"Estimation du temps de lecture\" \/>\n\t<meta name=\"twitter:data2\" content=\"4 minutes\" \/>\n<script type=\"application\/ld+json\" class=\"yoast-schema-graph\">{\"@context\":\"https:\\\/\\\/schema.org\",\"@graph\":[{\"@type\":\"Article\",\"@id\":\"https:\\\/\\\/seewhatgrows.org\\\/7-tips-to-starting-a-daycare-preschool-garden\\\/#article\",\"isPartOf\":{\"@id\":\"https:\\\/\\\/seewhatgrows.org\\\/7-tips-to-starting-a-daycare-preschool-garden\\\/\"},\"author\":{\"name\":\"Dennis Charland\",\"@id\":\"https:\\\/\\\/seewhatgrows.org\\\/#\\\/schema\\\/person\\\/b68aed2f630ae4c478c9855f63384764\"},\"headline\":\"7 Tips to Starting a Daycare \\\/ Preschool Garden\",\"datePublished\":\"2015-10-28T15:29:25+00:00\",\"mainEntityOfPage\":{\"@id\":\"https:\\\/\\\/seewhatgrows.org\\\/7-tips-to-starting-a-daycare-preschool-garden\\\/\"},\"wordCount\":887,\"publisher\":{\"@id\":\"https:\\\/\\\/seewhatgrows.org\\\/#organization\"},\"image\":{\"@id\":\"https:\\\/\\\/seewhatgrows.org\\\/7-tips-to-starting-a-daycare-preschool-garden\\\/#primaryimage\"},\"thumbnailUrl\":\"https:\\\/\\\/seewhatgrows.org\\\/wp-content\\\/uploads\\\/2015\\\/10\\\/Preschool-Daycare-Garden-1-1024x625.jpg\",\"keywords\":[\"Daycare Gardening\",\"Getting Children Interested in Gardening\",\"How to Start a Preschool Garden\",\"Organic Gardening for Kids\"],\"articleSection\":[\"Blogs\"],\"inLanguage\":\"fr-CA\"},{\"@type\":\"WebPage\",\"@id\":\"https:\\\/\\\/seewhatgrows.org\\\/7-tips-to-starting-a-daycare-preschool-garden\\\/\",\"url\":\"https:\\\/\\\/seewhatgrows.org\\\/7-tips-to-starting-a-daycare-preschool-garden\\\/\",\"name\":\"7 Tips to Starting a Daycare \\\/ Preschool Garden\",\"isPartOf\":{\"@id\":\"https:\\\/\\\/seewhatgrows.org\\\/#website\"},\"primaryImageOfPage\":{\"@id\":\"https:\\\/\\\/seewhatgrows.org\\\/7-tips-to-starting-a-daycare-preschool-garden\\\/#primaryimage\"},\"image\":{\"@id\":\"https:\\\/\\\/seewhatgrows.org\\\/7-tips-to-starting-a-daycare-preschool-garden\\\/#primaryimage\"},\"thumbnailUrl\":\"https:\\\/\\\/seewhatgrows.org\\\/wp-content\\\/uploads\\\/2015\\\/10\\\/Preschool-Daycare-Garden-1-1024x625.jpg\",\"datePublished\":\"2015-10-28T15:29:25+00:00\",\"description\":\"How to Start a Community Garden in Your Daycare or Preschool, Courtesy of the Plant a Seed and See What Grows Foundation.\",\"breadcrumb\":{\"@id\":\"https:\\\/\\\/seewhatgrows.org\\\/7-tips-to-starting-a-daycare-preschool-garden\\\/#breadcrumb\"},\"inLanguage\":\"fr-CA\",\"potentialAction\":[{\"@type\":\"ReadAction\",\"target\":[\"https:\\\/\\\/seewhatgrows.org\\\/7-tips-to-starting-a-daycare-preschool-garden\\\/\"]}]},{\"@type\":\"ImageObject\",\"inLanguage\":\"fr-CA\",\"@id\":\"https:\\\/\\\/seewhatgrows.org\\\/7-tips-to-starting-a-daycare-preschool-garden\\\/#primaryimage\",\"url\":\"https:\\\/\\\/seewhatgrows.org\\\/wp-content\\\/uploads\\\/2015\\\/10\\\/Preschool-Daycare-Garden-1-1024x625.jpg\",\"contentUrl\":\"https:\\\/\\\/seewhatgrows.org\\\/wp-content\\\/uploads\\\/2015\\\/10\\\/Preschool-Daycare-Garden-1-1024x625.jpg\"},{\"@type\":\"BreadcrumbList\",\"@id\":\"https:\\\/\\\/seewhatgrows.org\\\/7-tips-to-starting-a-daycare-preschool-garden\\\/#breadcrumb\",\"itemListElement\":[{\"@type\":\"ListItem\",\"position\":1,\"name\":\"Home\",\"item\":\"https:\\\/\\\/seewhatgrows.org\\\/\"},{\"@type\":\"ListItem\",\"position\":2,\"name\":\"7 Tips to Starting a Daycare \\\/ Preschool Garden\"}]},{\"@type\":\"WebSite\",\"@id\":\"https:\\\/\\\/seewhatgrows.org\\\/#website\",\"url\":\"https:\\\/\\\/seewhatgrows.org\\\/\",\"name\":\"Connecting Communities to the Land\",\"description\":\"Growing healthier communities, one seed at a time with Plant a Seed &amp; See What Grows Foundation\",\"publisher\":{\"@id\":\"https:\\\/\\\/seewhatgrows.org\\\/#organization\"},\"potentialAction\":[{\"@type\":\"SearchAction\",\"target\":{\"@type\":\"EntryPoint\",\"urlTemplate\":\"https:\\\/\\\/seewhatgrows.org\\\/?s={search_term_string}\"},\"query-input\":{\"@type\":\"PropertyValueSpecification\",\"valueRequired\":true,\"valueName\":\"search_term_string\"}}],\"inLanguage\":\"fr-CA\"},{\"@type\":\"Organization\",\"@id\":\"https:\\\/\\\/seewhatgrows.org\\\/#organization\",\"name\":\"Connecting Communities to the Land\",\"url\":\"https:\\\/\\\/seewhatgrows.org\\\/\",\"logo\":{\"@type\":\"ImageObject\",\"inLanguage\":\"fr-CA\",\"@id\":\"https:\\\/\\\/seewhatgrows.org\\\/#\\\/schema\\\/logo\\\/image\\\/\",\"url\":\"https:\\\/\\\/seewhatgrows.org\\\/wp-content\\\/uploads\\\/2026\\\/06\\\/Plant-a-Seed-Logo.png\",\"contentUrl\":\"https:\\\/\\\/seewhatgrows.org\\\/wp-content\\\/uploads\\\/2026\\\/06\\\/Plant-a-Seed-Logo.png\",\"width\":600,\"height\":600,\"caption\":\"Connecting Communities to the Land\"},\"image\":{\"@id\":\"https:\\\/\\\/seewhatgrows.org\\\/#\\\/schema\\\/logo\\\/image\\\/\"}},{\"@type\":\"Person\",\"@id\":\"https:\\\/\\\/seewhatgrows.org\\\/#\\\/schema\\\/person\\\/b68aed2f630ae4c478c9855f63384764\",\"name\":\"Dennis Charland\",\"url\":\"https:\\\/\\\/seewhatgrows.org\\\/fr\\\/author\\\/dennis\\\/\"}]}<\/script>\n<!-- \/ Yoast SEO plugin. -->","yoast_head_json":{"title":"7 conseils pour cr\u00e9er un jardin de garderie \/ \u00e9cole maternelle","description":"Comment cr\u00e9er un jardin communautaire dans votre garderie ou votre \u00e9cole maternelle, grusetie de la Fondation Plantez une graine et voyez ce qui pousse.","robots":{"index":"index","follow":"follow","max-snippet":"max-snippet:-1","max-image-preview":"max-image-preview:large","max-video-preview":"max-video-preview:-1"},"canonical":"https:\/\/seewhatgrows.org\/fr\/7-tips-to-starting-a-daycare-preschool-garden\/","og_locale":"fr_CA","og_type":"article","og_title":"7 Tips to Starting a Daycare \/ Preschool Garden","og_description":"How to Start a Community Garden in Your Daycare or Preschool, Courtesy of the Plant a Seed and See What Grows Foundation.","og_url":"https:\/\/seewhatgrows.org\/fr\/7-tips-to-starting-a-daycare-preschool-garden\/","og_site_name":"Connecting Communities to the Land","article_published_time":"2015-10-28T15:29:25+00:00","og_image":[{"url":"https:\/\/seewhatgrows.org\/wp-content\/uploads\/2015\/10\/Preschool-Daycare-Garden-1-1024x625.jpg","type":"","width":"","height":""}],"author":"Dennis Charland","twitter_misc":{"\u00c9crit par":"Dennis Charland","Estimation du temps de lecture":"4 minutes"},"schema":{"@context":"https:\/\/schema.org","@graph":[{"@type":"Article","@id":"https:\/\/seewhatgrows.org\/7-tips-to-starting-a-daycare-preschool-garden\/#article","isPartOf":{"@id":"https:\/\/seewhatgrows.org\/7-tips-to-starting-a-daycare-preschool-garden\/"},"author":{"name":"Dennis Charland","@id":"https:\/\/seewhatgrows.org\/#\/schema\/person\/b68aed2f630ae4c478c9855f63384764"},"headline":"7 Tips to Starting a Daycare \/ Preschool Garden","datePublished":"2015-10-28T15:29:25+00:00","mainEntityOfPage":{"@id":"https:\/\/seewhatgrows.org\/7-tips-to-starting-a-daycare-preschool-garden\/"},"wordCount":887,"publisher":{"@id":"https:\/\/seewhatgrows.org\/#organization"},"image":{"@id":"https:\/\/seewhatgrows.org\/7-tips-to-starting-a-daycare-preschool-garden\/#primaryimage"},"thumbnailUrl":"https:\/\/seewhatgrows.org\/wp-content\/uploads\/2015\/10\/Preschool-Daycare-Garden-1-1024x625.jpg","keywords":["Daycare Gardening","Getting Children Interested in Gardening","How to Start a Preschool Garden","Organic Gardening for Kids"],"articleSection":["Blogs"],"inLanguage":"fr-CA"},{"@type":"WebPage","@id":"https:\/\/seewhatgrows.org\/7-tips-to-starting-a-daycare-preschool-garden\/","url":"https:\/\/seewhatgrows.org\/7-tips-to-starting-a-daycare-preschool-garden\/","name":"7 conseils pour cr\u00e9er un jardin de garderie \/ \u00e9cole maternelle","isPartOf":{"@id":"https:\/\/seewhatgrows.org\/#website"},"primaryImageOfPage":{"@id":"https:\/\/seewhatgrows.org\/7-tips-to-starting-a-daycare-preschool-garden\/#primaryimage"},"image":{"@id":"https:\/\/seewhatgrows.org\/7-tips-to-starting-a-daycare-preschool-garden\/#primaryimage"},"thumbnailUrl":"https:\/\/seewhatgrows.org\/wp-content\/uploads\/2015\/10\/Preschool-Daycare-Garden-1-1024x625.jpg","datePublished":"2015-10-28T15:29:25+00:00","description":"Comment cr\u00e9er un jardin communautaire dans votre garderie ou votre \u00e9cole maternelle, grusetie de la Fondation Plantez une graine et voyez ce qui pousse.","breadcrumb":{"@id":"https:\/\/seewhatgrows.org\/7-tips-to-starting-a-daycare-preschool-garden\/#breadcrumb"},"inLanguage":"fr-CA","potentialAction":[{"@type":"ReadAction","target":["https:\/\/seewhatgrows.org\/7-tips-to-starting-a-daycare-preschool-garden\/"]}]},{"@type":"ImageObject","inLanguage":"fr-CA","@id":"https:\/\/seewhatgrows.org\/7-tips-to-starting-a-daycare-preschool-garden\/#primaryimage","url":"https:\/\/seewhatgrows.org\/wp-content\/uploads\/2015\/10\/Preschool-Daycare-Garden-1-1024x625.jpg","contentUrl":"https:\/\/seewhatgrows.org\/wp-content\/uploads\/2015\/10\/Preschool-Daycare-Garden-1-1024x625.jpg"},{"@type":"BreadcrumbList","@id":"https:\/\/seewhatgrows.org\/7-tips-to-starting-a-daycare-preschool-garden\/#breadcrumb","itemListElement":[{"@type":"ListItem","position":1,"name":"Home","item":"https:\/\/seewhatgrows.org\/"},{"@type":"ListItem","position":2,"name":"7 Tips to Starting a Daycare \/ Preschool Garden"}]},{"@type":"WebSite","@id":"https:\/\/seewhatgrows.org\/#website","url":"https:\/\/seewhatgrows.org\/","name":"Connecter les communaut\u00e9s \u00e0 la terre","description":"Cultiver des communaut\u00e9s plus saines, une graine \u00e0 la fois avec la Fondation Plant a Seed &amp; See What Grows","publisher":{"@id":"https:\/\/seewhatgrows.org\/#organization"},"potentialAction":[{"@type":"SearchAction","target":{"@type":"EntryPoint","urlTemplate":"https:\/\/seewhatgrows.org\/?s={search_term_string}"},"query-input":{"@type":"PropertyValueSpecification","valueRequired":true,"valueName":"search_term_string"}}],"inLanguage":"fr-CA"},{"@type":"Organization","@id":"https:\/\/seewhatgrows.org\/#organization","name":"Connecter les communaut\u00e9s \u00e0 la terre","url":"https:\/\/seewhatgrows.org\/","logo":{"@type":"ImageObject","inLanguage":"fr-CA","@id":"https:\/\/seewhatgrows.org\/#\/schema\/logo\/image\/","url":"https:\/\/seewhatgrows.org\/wp-content\/uploads\/2026\/06\/Plant-a-Seed-Logo.png","contentUrl":"https:\/\/seewhatgrows.org\/wp-content\/uploads\/2026\/06\/Plant-a-Seed-Logo.png","width":600,"height":600,"caption":"Connecting Communities to the Land"},"image":{"@id":"https:\/\/seewhatgrows.org\/#\/schema\/logo\/image\/"}},{"@type":"Person","@id":"https:\/\/seewhatgrows.org\/#\/schema\/person\/b68aed2f630ae4c478c9855f63384764","name":"Dennis Charland","url":"https:\/\/seewhatgrows.org\/fr\/author\/dennis\/"}]}},"_links":{"self":[{"href":"https:\/\/seewhatgrows.org\/fr\/wp-json\/wp\/v2\/posts\/2056","targetHints":{"allow":["GET"]}}],"collection":[{"href":"https:\/\/seewhatgrows.org\/fr\/wp-json\/wp\/v2\/posts"}],"about":[{"href":"https:\/\/seewhatgrows.org\/fr\/wp-json\/wp\/v2\/types\/post"}],"author":[{"embeddable":true,"href":"https:\/\/seewhatgrows.org\/fr\/wp-json\/wp\/v2\/users\/3"}],"replies":[{"embeddable":true,"href":"https:\/\/seewhatgrows.org\/fr\/wp-json\/wp\/v2\/comments?post=2056"}],"version-history":[{"count":0,"href":"https:\/\/seewhatgrows.org\/fr\/wp-json\/wp\/v2\/posts\/2056\/revisions"}],"wp:attachment":[{"href":"https:\/\/seewhatgrows.org\/fr\/wp-json\/wp\/v2\/media?parent=2056"}],"wp:term":[{"taxonomy":"category","embeddable":true,"href":"https:\/\/seewhatgrows.org\/fr\/wp-json\/wp\/v2\/categories?post=2056"},{"taxonomy":"post_tag","embeddable":true,"href":"https:\/\/seewhatgrows.org\/fr\/wp-json\/wp\/v2\/tags?post=2056"}],"curies":[{"name":"bien jou\u00e9","href":"https:\/\/api.w.org\/{rel}","templated":true}]}}